{"id":575,"date":"2012-03-08T00:00:00","date_gmt":"2012-03-08T00:00:00","guid":{"rendered":"http:\/\/psol50.org.br\/arquivo\/2012\/03\/08\/nestle-e-denunciada-na-suica-por-morte-de-sindicalista-na-colombia\/"},"modified":"2012-03-08T00:00:00","modified_gmt":"2012-03-08T00:00:00","slug":"nestle-e-denunciada-na-suica-por-morte-de-sindicalista-na-colombia","status":"publish","type":"post","link":"https:\/\/psol50.org.br\/nestle-e-denunciada-na-suica-por-morte-de-sindicalista-na-colombia\/","title":{"rendered":"Nestl\u00e9 \u00e9 denunciada na Su\u00ed\u00e7a por morte de sindicalista na Col\u00f4mbia"},"content":{"rendered":"<div style=\"text-align: justify\"><img loading=\"lazy\" decoding=\"async\" class=\"alignleft\" src=\"http:\/\/www.intersindical.inf.br\/admin\/imagens\/romero.jpg\" alt=\"\" width=\"300\" height=\"225\" \/>European Center for Constitutional and Human Rights (ECCHR \u2013 Centro Europeu de Direitos Humanos) e o Sindicato Nacional de Trabajadores de la Industria de Alimentos (Sinaltrainal \u2013 da Col\u00f4mbia) apresentaram uma den\u00fancia contra a Nestl\u00e9 S.A. e v\u00e1rios de seus diretores executivos por responsabilidade no homic\u00eddio de Luciano Romero (foto acima), em 2005.<\/div>\n<div style=\"text-align: justify\">A den\u00fancia \u00e9 por imprudente omiss\u00e3o na tomada de medidas preventivas para que a morte n\u00e3o viesse a ocorrer e foi protocolada ontem (06 de mar\u00e7o de 2012), em Zurich\/Su\u00ed\u00e7a.<\/div>\n<div style=\"text-align: justify\">\u00c9 a primeira vez que na Su\u00ed\u00e7a se pede a responsabiliza\u00e7\u00e3o penal de uma empresa por atos cometidos em outros pa\u00edses. A Nestl\u00e9 (Soci\u00e9t\u00e9 des Produits Nestl\u00e9 S.A.) tem sua matriz na Su\u00ed\u00e7a.<\/div>\n<div style=\"text-align: justify\"><strong>A hist\u00f3ria<\/strong><\/div>\n<div style=\"text-align: justify\"><a href=\"http:\/\/psol50.org.br\/blog\/2012\/03\/08\/nestle-e-denunciada-na-suica-por-morte-de-sindicalista-na-colombia\/assassinanestle\/\" rel=\"attachment wp-att-14208\"><img loading=\"lazy\" decoding=\"async\" class=\"aligncenter size-full wp-image-14208\" src=\"http:\/\/psol50.org.br\/files\/2012\/03\/AssassinaNestle.jpg\" alt=\"\" width=\"300\" height=\"153\" \/><\/a><\/div>\n<div style=\"text-align: justify\">Banner produzido pelo Sinaltrainal com den\u00fancias contra a Nestl\u00e9<\/div>\n<div style=\"text-align: justify\">Na Col\u00f4mbia existe um conflito armado em que sindicalistas e movimentos sociais e populares s\u00e3o sistematicamente perseguidos. Luciano Romero foi assassinado em 10 de setembro de 2005 em Valledupar, a noroeste da Col\u00f4mbia, por for\u00e7as paramilitares, com 50 facadas. Romero trabalhou durante anos na filial colombiana da Nestl\u00e9, Cicolac. Na a\u00e7\u00e3o agora movida, a multinacional e seus executivos s\u00e3o acusados de omiss\u00e3o na tomada de medidas preventivas que poderiam impedir o assassinato.<\/div>\n<div style=\"text-align: justify\">Romero foi amea\u00e7ado de morte por v\u00e1rias vezes, depois que os executivos colombianos da Nestl\u00e9 o acusaram falsamente de pertencer \u00e0 guerrilha. O ex-chefe paramilitar (grupamento armado mercen\u00e1rio) Salvatore Mancuso afirmou que a Nestl\u00e9, Cicolat havia feito pagamentos para sua unidade paramilitar. A dire\u00e7\u00e3o da multinacional, na Su\u00ed\u00e7a, sabia da conduta indevida de seus representantes na Col\u00f4mbia e estava ciente das amea\u00e7as aos sindicalistas na regi\u00e3o, mas ficou omissa em rela\u00e7\u00e3o a isso.<\/div>\n<div style=\"text-align: justify\"><strong>Dossi\u00ea<\/strong><\/div>\n<div style=\"text-align: justify\"><strong><br \/>\n<\/strong><\/div>\n<div style=\"text-align: justify\">O ECCHR e o Sinaltrainal protocolaram na justi\u00e7a Su\u00ed\u00e7a um documento com cerca de 100 p\u00e1ginas. Esta \u00e9 a primeira vez que uma responsabilidade penal \u00e9 exigida sobre uma empresa. O artigo 102 do C\u00f3digo Penal Su\u00ed\u00e7o prev\u00ea a responsabilidade penal de empresas desde 2003, mas desde ent\u00e3o tem sido pouco aplicado.<\/div>\n<div style=\"text-align: justify\">\u201cPara n\u00f3s, essa afirma\u00e7\u00e3o \u00e9 um raio de luz. Independentemente do resultado do processo, a investiga\u00e7\u00e3o vai nos ajudar a encontrar a verdade e a justi\u00e7a para o assassinato de Luciano Romero, uma morte anunciada, como muitos na Col\u00f4mbia\u201c, diz Leonardo Jaimes, advogado da v\u00edtima.<\/div>\n<div style=\"text-align: justify\">Wolfgang Kaleck, secret\u00e1rio geral da ECCHR disse que \u201cEste caso, que \u00e9 um precedente no direito penal em mat\u00e9ria de responsabilidade corporativa em zonas de conflito, fornecer\u00e1 \u00e0s empresas que operam no exterior informa\u00e7\u00f5es importantes sobre como gerenciar riscos e tamb\u00e9m incentivar sindicatos ao redor do mundo a usarem os tribunais para defender os seus direitos&#8221;.<\/div>\n<div style=\"text-align: justify\"><strong>O Unificados<\/strong><\/div>\n<div style=\"text-align: justify\"><strong><br \/>\n<\/strong><\/div>\n<div style=\"text-align: justify\">O Sindicato Qu\u00edmicos Unificados e o Sinaltrainal integram uma rede de solidariedade internacional, que tem como objetivo fazer ampliar as den\u00fancias contra arbitrariedades cometidas por empresas multinacionais a redor do mundo, bem como de a\u00e7\u00f5es na defesa dos interesses da classe trabalhadora internacional. Integram a rede, al\u00e9m de entidades de direitos humanos, sindicalistas brasileiros, colombianos, alem\u00e3es, su\u00ed\u00e7os, venezuelanos, argentinos, franceses, norte-americanos e alem\u00e3es, entre outros.<\/div>\n<div style=\"text-align: justify\"><strong><a title=\"\" href=\"http:\/\/tr.delivery.whservidor.com\/index.dma\/DmaClick?12244,20,6187,87,1a9f80cef89c9623989d8b5f29dcdca1,aHR0cDovL3d3dy5xdWltaWNvc3VuaWZpY2Fkb3MuY29tLmJyL2xkY21zLWNvbnRldWRvL3BsdWdpbnMvZG93bmxvYWQtbW9uaXRvci9kb3dubG9hZC5waHA\/aWQ9Mzc=\" target=\"\" rel=\"noopener\">ACESSE AQUI<\/a><\/strong> para ler \u2013 e imprimir \u2013 na \u00edntegra o documento de acusa\u00e7\u00e3o<\/div>\n<div style=\"text-align: justify\"><strong><a title=\"\" href=\"http:\/\/tr.delivery.whservidor.com\/index.dma\/DmaClick?12244,20,6187,88,1a9f80cef89c9623989d8b5f29dcdca1,aHR0cDovL3d3dy5lY2Noci5kZS9pbmRleC5waHAvSG9tZV9lcy5odG1s\" target=\"\" rel=\"noopener\">ACESSE AQUI<\/a><\/strong> para ir ao site do European Center for Constitutional and Human Rights (ECCHR)<\/div>\n<div style=\"text-align: justify\"><strong><a title=\"\" href=\"http:\/\/tr.delivery.whservidor.com\/index.dma\/DmaClick?12244,20,6187,89,1a9f80cef89c9623989d8b5f29dcdca1,aHR0cDovL3d3dy5zaW5hbHRyYWluYWwub3JnLw==\" target=\"\" rel=\"noopener\">ACESSE AQUI<\/a><\/strong> para visitar o site do Sinaltrainal<\/div>\n<div style=\"text-align: justify\"><a href=\"http:\/\/www.intersindical.inf.br\/noticias_det.php?id=602\"><strong>*Fonte: Intersindical e Sindicato Nacional de Trabajadores de la Industria de Alimentos (Sinaltrainal \u2013 da Col\u00f4mbia)<\/strong> <\/a><\/div>\n","protected":false},"excerpt":{"rendered":"<p>European Center for Constitutional and Human Rights (ECCHR \u2013 Centro Europeu de Direitos Humanos) e o Sindicato Nacional de Trabajadores de la Industria de Alimentos (Sinaltrainal \u2013 da Col\u00f4mbia) apresentaram uma den\u00fancia contra a Nestl\u00e9 S.A. e v\u00e1rios de seus diretores executivos por responsabilidade no homic\u00eddio de Luciano Romero (foto acima), em 2005. A den\u00fancia [&hellip;]<\/p>\n","protected":false},"author":2,"featured_media":0,"comment_status":"open","ping_status":"open","sticky":false,"template":"","format":"standard","meta":{"_acf_changed":false,"footnotes":""},"categories":[4766],"tags":[],"class_list":{"0":"post-575","1":"post","2":"type-post","3":"status-publish","4":"format-standard","6":"category-arquivo"},"acf":[],"yoast_head":"<!-- This site is optimized with the Yoast SEO plugin v26.5 - https:\/\/yoast.com\/wordpress\/plugins\/seo\/ -->\n<title>Nestl\u00e9 \u00e9 denunciada na Su\u00ed\u00e7a por morte de sindicalista na Col\u00f4mbia - PSOL 50<\/title>\n<meta name=\"robots\" content=\"index, follow, max-snippet:-1, max-image-preview:large, max-video-preview:-1\" \/>\n<link rel=\"canonical\" href=\"https:\/\/psol50.org.br\/nestle-e-denunciada-na-suica-por-morte-de-sindicalista-na-colombia\/\" \/>\n<meta property=\"og:locale\" content=\"pt_BR\" \/>\n<meta property=\"og:type\" content=\"article\" \/>\n<meta property=\"og:title\" content=\"Nestl\u00e9 \u00e9 denunciada na Su\u00ed\u00e7a por morte de sindicalista na Col\u00f4mbia - PSOL 50\" \/>\n<meta property=\"og:description\" content=\"European Center for Constitutional and Human Rights (ECCHR \u2013 Centro Europeu de Direitos Humanos) e o Sindicato Nacional de Trabajadores de la Industria de Alimentos (Sinaltrainal \u2013 da Col\u00f4mbia) apresentaram uma den\u00fancia contra a Nestl\u00e9 S.A. e v\u00e1rios de seus diretores executivos por responsabilidade no homic\u00eddio de Luciano Romero (foto acima), em 2005. A den\u00fancia [&hellip;]\" \/>\n<meta property=\"og:url\" content=\"https:\/\/psol50.org.br\/nestle-e-denunciada-na-suica-por-morte-de-sindicalista-na-colombia\/\" \/>\n<meta property=\"og:site_name\" content=\"PSOL 50\" \/>\n<meta property=\"article:publisher\" content=\"https:\/\/www.facebook.com\/psol50\" \/>\n<meta property=\"article:published_time\" content=\"2012-03-08T00:00:00+00:00\" \/>\n<meta property=\"og:image\" content=\"http:\/\/www.intersindical.inf.br\/admin\/imagens\/romero.jpg\" \/>\n<meta name=\"author\" content=\"Comunica\u00e7\u00e3o PSOL\" \/>\n<meta name=\"twitter:card\" content=\"summary_large_image\" \/>\n<meta name=\"twitter:creator\" content=\"@psol50\" \/>\n<meta name=\"twitter:site\" content=\"@psol50\" \/>\n<meta name=\"twitter:label1\" content=\"Escrito por\" \/>\n\t<meta name=\"twitter:data1\" content=\"Comunica\u00e7\u00e3o PSOL\" \/>\n\t<meta name=\"twitter:label2\" content=\"Est. tempo de leitura\" \/>\n\t<meta name=\"twitter:data2\" content=\"3 minutos\" \/>\n<script type=\"application\/ld+json\" class=\"yoast-schema-graph\">{\"@context\":\"https:\/\/schema.org\",\"@graph\":[{\"@type\":\"Article\",\"@id\":\"https:\/\/psol50.org.br\/nestle-e-denunciada-na-suica-por-morte-de-sindicalista-na-colombia\/#article\",\"isPartOf\":{\"@id\":\"https:\/\/psol50.org.br\/nestle-e-denunciada-na-suica-por-morte-de-sindicalista-na-colombia\/\"},\"author\":{\"name\":\"Comunica\u00e7\u00e3o PSOL\",\"@id\":\"https:\/\/psol50.org.br\/#\/schema\/person\/475dfa57d0b815993c714c2e96491fcd\"},\"headline\":\"Nestl\u00e9 \u00e9 denunciada na Su\u00ed\u00e7a por morte de sindicalista na Col\u00f4mbia\",\"datePublished\":\"2012-03-08T00:00:00+00:00\",\"mainEntityOfPage\":{\"@id\":\"https:\/\/psol50.org.br\/nestle-e-denunciada-na-suica-por-morte-de-sindicalista-na-colombia\/\"},\"wordCount\":597,\"commentCount\":0,\"publisher\":{\"@id\":\"https:\/\/psol50.org.br\/#organization\"},\"image\":{\"@id\":\"https:\/\/psol50.org.br\/nestle-e-denunciada-na-suica-por-morte-de-sindicalista-na-colombia\/#primaryimage\"},\"thumbnailUrl\":\"http:\/\/www.intersindical.inf.br\/admin\/imagens\/romero.jpg\",\"articleSection\":[\"Arquivo\"],\"inLanguage\":\"pt-BR\",\"potentialAction\":[{\"@type\":\"CommentAction\",\"name\":\"Comment\",\"target\":[\"https:\/\/psol50.org.br\/nestle-e-denunciada-na-suica-por-morte-de-sindicalista-na-colombia\/#respond\"]}]},{\"@type\":\"WebPage\",\"@id\":\"https:\/\/psol50.org.br\/nestle-e-denunciada-na-suica-por-morte-de-sindicalista-na-colombia\/\",\"url\":\"https:\/\/psol50.org.br\/nestle-e-denunciada-na-suica-por-morte-de-sindicalista-na-colombia\/\",\"name\":\"Nestl\u00e9 \u00e9 denunciada na Su\u00ed\u00e7a por morte de sindicalista na Col\u00f4mbia - PSOL 50\",\"isPartOf\":{\"@id\":\"https:\/\/psol50.org.br\/#website\"},\"primaryImageOfPage\":{\"@id\":\"https:\/\/psol50.org.br\/nestle-e-denunciada-na-suica-por-morte-de-sindicalista-na-colombia\/#primaryimage\"},\"image\":{\"@id\":\"https:\/\/psol50.org.br\/nestle-e-denunciada-na-suica-por-morte-de-sindicalista-na-colombia\/#primaryimage\"},\"thumbnailUrl\":\"http:\/\/www.intersindical.inf.br\/admin\/imagens\/romero.jpg\",\"datePublished\":\"2012-03-08T00:00:00+00:00\",\"breadcrumb\":{\"@id\":\"https:\/\/psol50.org.br\/nestle-e-denunciada-na-suica-por-morte-de-sindicalista-na-colombia\/#breadcrumb\"},\"inLanguage\":\"pt-BR\",\"potentialAction\":[{\"@type\":\"ReadAction\",\"target\":[\"https:\/\/psol50.org.br\/nestle-e-denunciada-na-suica-por-morte-de-sindicalista-na-colombia\/\"]}]},{\"@type\":\"ImageObject\",\"inLanguage\":\"pt-BR\",\"@id\":\"https:\/\/psol50.org.br\/nestle-e-denunciada-na-suica-por-morte-de-sindicalista-na-colombia\/#primaryimage\",\"url\":\"http:\/\/www.intersindical.inf.br\/admin\/imagens\/romero.jpg\",\"contentUrl\":\"http:\/\/www.intersindical.inf.br\/admin\/imagens\/romero.jpg\"},{\"@type\":\"BreadcrumbList\",\"@id\":\"https:\/\/psol50.org.br\/nestle-e-denunciada-na-suica-por-morte-de-sindicalista-na-colombia\/#breadcrumb\",\"itemListElement\":[{\"@type\":\"ListItem\",\"position\":1,\"name\":\"In\u00edcio\",\"item\":\"https:\/\/psol50.org.br\/\"},{\"@type\":\"ListItem\",\"position\":2,\"name\":\"Nestl\u00e9 \u00e9 denunciada na Su\u00ed\u00e7a por morte de sindicalista na Col\u00f4mbia\"}]},{\"@type\":\"WebSite\",\"@id\":\"https:\/\/psol50.org.br\/#website\",\"url\":\"https:\/\/psol50.org.br\/\",\"name\":\"PSOL 50\",\"description\":\"Site oficial do Partido Socialismo e Liberdade\",\"publisher\":{\"@id\":\"https:\/\/psol50.org.br\/#organization\"},\"alternateName\":\"PSOL50\",\"potentialAction\":[{\"@type\":\"SearchAction\",\"target\":{\"@type\":\"EntryPoint\",\"urlTemplate\":\"https:\/\/psol50.org.br\/?s={search_term_string}\"},\"query-input\":{\"@type\":\"PropertyValueSpecification\",\"valueRequired\":true,\"valueName\":\"search_term_string\"}}],\"inLanguage\":\"pt-BR\"},{\"@type\":\"Organization\",\"@id\":\"https:\/\/psol50.org.br\/#organization\",\"name\":\"PSOL 50\",\"alternateName\":\"PSOL 50\",\"url\":\"https:\/\/psol50.org.br\/\",\"logo\":{\"@type\":\"ImageObject\",\"inLanguage\":\"pt-BR\",\"@id\":\"https:\/\/psol50.org.br\/#\/schema\/logo\/image\/\",\"url\":\"https:\/\/psol50.org.br\/inc\/uploads\/2018\/07\/capa.png\",\"contentUrl\":\"https:\/\/psol50.org.br\/inc\/uploads\/2018\/07\/capa.png\",\"width\":1350,\"height\":900,\"caption\":\"PSOL 50\"},\"image\":{\"@id\":\"https:\/\/psol50.org.br\/#\/schema\/logo\/image\/\"},\"sameAs\":[\"https:\/\/www.facebook.com\/psol50\",\"https:\/\/x.com\/psol50\",\"https:\/\/www.instagram.com\/psol50\/\",\"https:\/\/www.youtube.com\/channel\/UC7SnJS5o1os7a6CaiNabzcg\"]},{\"@type\":\"Person\",\"@id\":\"https:\/\/psol50.org.br\/#\/schema\/person\/475dfa57d0b815993c714c2e96491fcd\",\"name\":\"Comunica\u00e7\u00e3o PSOL\",\"image\":{\"@type\":\"ImageObject\",\"inLanguage\":\"pt-BR\",\"@id\":\"https:\/\/psol50.org.br\/#\/schema\/person\/image\/\",\"url\":\"https:\/\/secure.gravatar.com\/avatar\/b34fc4f4e468a4e51785917065a3db57b841f5c95dba6ad8c73aaf8f66f8f9bf?s=96&d=mm&r=g\",\"contentUrl\":\"https:\/\/secure.gravatar.com\/avatar\/b34fc4f4e468a4e51785917065a3db57b841f5c95dba6ad8c73aaf8f66f8f9bf?s=96&d=mm&r=g\",\"caption\":\"Comunica\u00e7\u00e3o PSOL\"}}]}<\/script>\n<!-- \/ Yoast SEO plugin. -->","yoast_head_json":{"title":"Nestl\u00e9 \u00e9 denunciada na Su\u00ed\u00e7a por morte de sindicalista na Col\u00f4mbia - PSOL 50","robots":{"index":"index","follow":"follow","max-snippet":"max-snippet:-1","max-image-preview":"max-image-preview:large","max-video-preview":"max-video-preview:-1"},"canonical":"https:\/\/psol50.org.br\/nestle-e-denunciada-na-suica-por-morte-de-sindicalista-na-colombia\/","og_locale":"pt_BR","og_type":"article","og_title":"Nestl\u00e9 \u00e9 denunciada na Su\u00ed\u00e7a por morte de sindicalista na Col\u00f4mbia - PSOL 50","og_description":"European Center for Constitutional and Human Rights (ECCHR \u2013 Centro Europeu de Direitos Humanos) e o Sindicato Nacional de Trabajadores de la Industria de Alimentos (Sinaltrainal \u2013 da Col\u00f4mbia) apresentaram uma den\u00fancia contra a Nestl\u00e9 S.A. e v\u00e1rios de seus diretores executivos por responsabilidade no homic\u00eddio de Luciano Romero (foto acima), em 2005. A den\u00fancia [&hellip;]","og_url":"https:\/\/psol50.org.br\/nestle-e-denunciada-na-suica-por-morte-de-sindicalista-na-colombia\/","og_site_name":"PSOL 50","article_publisher":"https:\/\/www.facebook.com\/psol50","article_published_time":"2012-03-08T00:00:00+00:00","og_image":[{"url":"http:\/\/www.intersindical.inf.br\/admin\/imagens\/romero.jpg","type":"","width":"","height":""}],"author":"Comunica\u00e7\u00e3o PSOL","twitter_card":"summary_large_image","twitter_creator":"@psol50","twitter_site":"@psol50","twitter_misc":{"Escrito por":"Comunica\u00e7\u00e3o PSOL","Est. tempo de leitura":"3 minutos"},"schema":{"@context":"https:\/\/schema.org","@graph":[{"@type":"Article","@id":"https:\/\/psol50.org.br\/nestle-e-denunciada-na-suica-por-morte-de-sindicalista-na-colombia\/#article","isPartOf":{"@id":"https:\/\/psol50.org.br\/nestle-e-denunciada-na-suica-por-morte-de-sindicalista-na-colombia\/"},"author":{"name":"Comunica\u00e7\u00e3o PSOL","@id":"https:\/\/psol50.org.br\/#\/schema\/person\/475dfa57d0b815993c714c2e96491fcd"},"headline":"Nestl\u00e9 \u00e9 denunciada na Su\u00ed\u00e7a por morte de sindicalista na Col\u00f4mbia","datePublished":"2012-03-08T00:00:00+00:00","mainEntityOfPage":{"@id":"https:\/\/psol50.org.br\/nestle-e-denunciada-na-suica-por-morte-de-sindicalista-na-colombia\/"},"wordCount":597,"commentCount":0,"publisher":{"@id":"https:\/\/psol50.org.br\/#organization"},"image":{"@id":"https:\/\/psol50.org.br\/nestle-e-denunciada-na-suica-por-morte-de-sindicalista-na-colombia\/#primaryimage"},"thumbnailUrl":"http:\/\/www.intersindical.inf.br\/admin\/imagens\/romero.jpg","articleSection":["Arquivo"],"inLanguage":"pt-BR","potentialAction":[{"@type":"CommentAction","name":"Comment","target":["https:\/\/psol50.org.br\/nestle-e-denunciada-na-suica-por-morte-de-sindicalista-na-colombia\/#respond"]}]},{"@type":"WebPage","@id":"https:\/\/psol50.org.br\/nestle-e-denunciada-na-suica-por-morte-de-sindicalista-na-colombia\/","url":"https:\/\/psol50.org.br\/nestle-e-denunciada-na-suica-por-morte-de-sindicalista-na-colombia\/","name":"Nestl\u00e9 \u00e9 denunciada na Su\u00ed\u00e7a por morte de sindicalista na Col\u00f4mbia - PSOL 50","isPartOf":{"@id":"https:\/\/psol50.org.br\/#website"},"primaryImageOfPage":{"@id":"https:\/\/psol50.org.br\/nestle-e-denunciada-na-suica-por-morte-de-sindicalista-na-colombia\/#primaryimage"},"image":{"@id":"https:\/\/psol50.org.br\/nestle-e-denunciada-na-suica-por-morte-de-sindicalista-na-colombia\/#primaryimage"},"thumbnailUrl":"http:\/\/www.intersindical.inf.br\/admin\/imagens\/romero.jpg","datePublished":"2012-03-08T00:00:00+00:00","breadcrumb":{"@id":"https:\/\/psol50.org.br\/nestle-e-denunciada-na-suica-por-morte-de-sindicalista-na-colombia\/#breadcrumb"},"inLanguage":"pt-BR","potentialAction":[{"@type":"ReadAction","target":["https:\/\/psol50.org.br\/nestle-e-denunciada-na-suica-por-morte-de-sindicalista-na-colombia\/"]}]},{"@type":"ImageObject","inLanguage":"pt-BR","@id":"https:\/\/psol50.org.br\/nestle-e-denunciada-na-suica-por-morte-de-sindicalista-na-colombia\/#primaryimage","url":"http:\/\/www.intersindical.inf.br\/admin\/imagens\/romero.jpg","contentUrl":"http:\/\/www.intersindical.inf.br\/admin\/imagens\/romero.jpg"},{"@type":"BreadcrumbList","@id":"https:\/\/psol50.org.br\/nestle-e-denunciada-na-suica-por-morte-de-sindicalista-na-colombia\/#breadcrumb","itemListElement":[{"@type":"ListItem","position":1,"name":"In\u00edcio","item":"https:\/\/psol50.org.br\/"},{"@type":"ListItem","position":2,"name":"Nestl\u00e9 \u00e9 denunciada na Su\u00ed\u00e7a por morte de sindicalista na Col\u00f4mbia"}]},{"@type":"WebSite","@id":"https:\/\/psol50.org.br\/#website","url":"https:\/\/psol50.org.br\/","name":"PSOL 50","description":"Site oficial do Partido Socialismo e Liberdade","publisher":{"@id":"https:\/\/psol50.org.br\/#organization"},"alternateName":"PSOL50","potentialAction":[{"@type":"SearchAction","target":{"@type":"EntryPoint","urlTemplate":"https:\/\/psol50.org.br\/?s={search_term_string}"},"query-input":{"@type":"PropertyValueSpecification","valueRequired":true,"valueName":"search_term_string"}}],"inLanguage":"pt-BR"},{"@type":"Organization","@id":"https:\/\/psol50.org.br\/#organization","name":"PSOL 50","alternateName":"PSOL 50","url":"https:\/\/psol50.org.br\/","logo":{"@type":"ImageObject","inLanguage":"pt-BR","@id":"https:\/\/psol50.org.br\/#\/schema\/logo\/image\/","url":"https:\/\/psol50.org.br\/inc\/uploads\/2018\/07\/capa.png","contentUrl":"https:\/\/psol50.org.br\/inc\/uploads\/2018\/07\/capa.png","width":1350,"height":900,"caption":"PSOL 50"},"image":{"@id":"https:\/\/psol50.org.br\/#\/schema\/logo\/image\/"},"sameAs":["https:\/\/www.facebook.com\/psol50","https:\/\/x.com\/psol50","https:\/\/www.instagram.com\/psol50\/","https:\/\/www.youtube.com\/channel\/UC7SnJS5o1os7a6CaiNabzcg"]},{"@type":"Person","@id":"https:\/\/psol50.org.br\/#\/schema\/person\/475dfa57d0b815993c714c2e96491fcd","name":"Comunica\u00e7\u00e3o PSOL","image":{"@type":"ImageObject","inLanguage":"pt-BR","@id":"https:\/\/psol50.org.br\/#\/schema\/person\/image\/","url":"https:\/\/secure.gravatar.com\/avatar\/b34fc4f4e468a4e51785917065a3db57b841f5c95dba6ad8c73aaf8f66f8f9bf?s=96&d=mm&r=g","contentUrl":"https:\/\/secure.gravatar.com\/avatar\/b34fc4f4e468a4e51785917065a3db57b841f5c95dba6ad8c73aaf8f66f8f9bf?s=96&d=mm&r=g","caption":"Comunica\u00e7\u00e3o PSOL"}}]}},"_links":{"self":[{"href":"https:\/\/psol50.org.br\/rest\/wp\/v2\/posts\/575","targetHints":{"allow":["GET"]}}],"collection":[{"href":"https:\/\/psol50.org.br\/rest\/wp\/v2\/posts"}],"about":[{"href":"https:\/\/psol50.org.br\/rest\/wp\/v2\/types\/post"}],"author":[{"embeddable":true,"href":"https:\/\/psol50.org.br\/rest\/wp\/v2\/users\/2"}],"replies":[{"embeddable":true,"href":"https:\/\/psol50.org.br\/rest\/wp\/v2\/comments?post=575"}],"version-history":[{"count":0,"href":"https:\/\/psol50.org.br\/rest\/wp\/v2\/posts\/575\/revisions"}],"wp:attachment":[{"href":"https:\/\/psol50.org.br\/rest\/wp\/v2\/media?parent=575"}],"wp:term":[{"taxonomy":"category","embeddable":true,"href":"https:\/\/psol50.org.br\/rest\/wp\/v2\/categories?post=575"},{"taxonomy":"post_tag","embeddable":true,"href":"https:\/\/psol50.org.br\/rest\/wp\/v2\/tags?post=575"}],"curies":[{"name":"wp","href":"https:\/\/api.w.org\/{rel}","templated":true}]}}