{"id":576,"date":"2012-03-09T00:00:00","date_gmt":"2012-03-09T00:00:00","guid":{"rendered":"http:\/\/psol50.org.br\/arquivo\/2012\/03\/09\/israel-invade-o-libano-por-terra-e-por-ar\/"},"modified":"2012-03-09T00:00:00","modified_gmt":"2012-03-09T00:00:00","slug":"israel-invade-o-libano-por-terra-e-por-ar","status":"publish","type":"post","link":"https:\/\/psol50.org.br\/israel-invade-o-libano-por-terra-e-por-ar\/","title":{"rendered":"Israel invade o L\u00edbano por terra e por ar"},"content":{"rendered":"<p style=\"text-align: justify\"><em><strong><a href=\"http:\/\/psol50.org.br\/blog\/2012\/03\/09\/israel-invade-o-libano-por-terra-e-por-ar\/israel_libano\/\" rel=\"attachment wp-att-14244\"><img loading=\"lazy\" decoding=\"async\" class=\"aligncenter size-full wp-image-14244\" src=\"http:\/\/psol50.org.br\/files\/2012\/03\/israel_libano.jpg\" alt=\"\" width=\"400\" height=\"300\" \/><\/a>*Por Baby Siqueira Abr\u00e3o &#8211; Correspondente no Oriente M\u00e9dio- Brasil de Fato<\/strong><\/em><\/p>\n<p style=\"text-align: justify\">\u00c0s 9h30 da manh\u00e3 de quarta-feira (07), uma for\u00e7a de infantaria israelense invadiu o L\u00edbano e avi\u00f5es voltaram a violar o espa\u00e7o a\u00e9reo do pa\u00eds \u00e1rabe. Os soldados alcan\u00e7aram as margens do rio Wazzani e chegaram a assumir posi\u00e7\u00f5es de combate, apontando metralhadoras para o territ\u00f3rio liban\u00eas.<\/p>\n<p style=\"text-align: justify\">O ex\u00e9rcito do L\u00edbano enviou patrulhas para a regi\u00e3o, a fim de monitorar o movimento das tropas israelenses, que ent\u00e3o se retiraram. As for\u00e7as armadas libanesas divulgaram um comunicado informando que avi\u00f5es israelenses realizaram manobras at\u00e9 10h40. Israel invade o espa\u00e7o a\u00e9reo do L\u00edbano praticamente todos os dias, alegando \u201cvigiar\u201d o pa\u00eds vizinho.<\/p>\n<p style=\"text-align: justify\">O governo liban\u00eas, o movimento de resist\u00eancia Hezbollah e a for\u00e7a da ONU no L\u00edbano (UNIFIL) condenaram os voos, lembrando que eles violam a soberania do pa\u00eds e a resolu\u00e7\u00e3o 1071 da ONU. Essa resolu\u00e7\u00e3o, que imp\u00f4s o cessar-fogo ao ataque militar israelense contra o L\u00edbano em 2006, exige que Tel Aviv respeite a soberania e a integridade territorial libanesa.<\/p>\n<p style=\"text-align: justify\">Na guerra de 2006, Israel matou aproximadamente 1,2 mil libaneses, a maioria civis. Em 2009, o L\u00edbano registrou queixa na ONU contra as viola\u00e7\u00f5es israelenses em seu territ\u00f3rio. Mais de sete mil documentos comprovavam essas viola\u00e7\u00f5es.<\/p>\n<p style=\"text-align: justify\">H\u00e1 cerca de duas semanas Israel revelou que construir\u00e1 um muro de oito metros de altura na fronteira com o L\u00edbano. O muro ir\u00e1 estender-se das plan\u00edcies de Khiam at\u00e9 a cidade de al-Addaiseh, passando pelo port\u00e3o de Fatima, antiga passagem de fronteira perto da cidade de Kfar Kila. Israel alega que o muro ter\u00e1 a fun\u00e7\u00e3o de proteger o pa\u00eds de ataques libaneses no caso de uma futura guerra contra o L\u00edbano.<\/p>\n<p style=\"text-align: justify\">Um muro semelhante, que quando pronto ter\u00e1 cerca de 800 quil\u00f4metros de extens\u00e3o, vem confiscando o territ\u00f3rio palestino desde 2002, reduzindo cidades e vilas a pequenas \u00e1reas fechadas e impossibilitando, na pr\u00e1tica, a constitui\u00e7\u00e3o do Estado palestino.<\/p>\n","protected":false},"excerpt":{"rendered":"<p>*Por Baby Siqueira Abr\u00e3o &#8211; Correspondente no Oriente M\u00e9dio- Brasil de Fato \u00c0s 9h30 da manh\u00e3 de quarta-feira (07), uma for\u00e7a de infantaria israelense invadiu o L\u00edbano e avi\u00f5es voltaram a violar o espa\u00e7o a\u00e9reo do pa\u00eds \u00e1rabe. Os soldados alcan\u00e7aram as margens do rio Wazzani e chegaram a assumir posi\u00e7\u00f5es de combate, apontando metralhadoras [&hellip;]<\/p>\n","protected":false},"author":2,"featured_media":0,"comment_status":"open","ping_status":"open","sticky":false,"template":"","format":"standard","meta":{"_acf_changed":false,"footnotes":""},"categories":[4766],"tags":[],"class_list":{"0":"post-576","1":"post","2":"type-post","3":"status-publish","4":"format-standard","6":"category-arquivo"},"acf":[],"yoast_head":"<!-- This site is optimized with the Yoast SEO plugin v26.5 - https:\/\/yoast.com\/wordpress\/plugins\/seo\/ -->\n<title>Israel invade o L\u00edbano por terra e por ar - PSOL 50<\/title>\n<meta name=\"robots\" content=\"index, follow, max-snippet:-1, max-image-preview:large, max-video-preview:-1\" \/>\n<link rel=\"canonical\" href=\"https:\/\/psol50.org.br\/israel-invade-o-libano-por-terra-e-por-ar\/\" \/>\n<meta property=\"og:locale\" content=\"pt_BR\" \/>\n<meta property=\"og:type\" content=\"article\" \/>\n<meta property=\"og:title\" content=\"Israel invade o L\u00edbano por terra e por ar - PSOL 50\" \/>\n<meta property=\"og:description\" content=\"*Por Baby Siqueira Abr\u00e3o &#8211; Correspondente no Oriente M\u00e9dio- Brasil de Fato \u00c0s 9h30 da manh\u00e3 de quarta-feira (07), uma for\u00e7a de infantaria israelense invadiu o L\u00edbano e avi\u00f5es voltaram a violar o espa\u00e7o a\u00e9reo do pa\u00eds \u00e1rabe. Os soldados alcan\u00e7aram as margens do rio Wazzani e chegaram a assumir posi\u00e7\u00f5es de combate, apontando metralhadoras [&hellip;]\" \/>\n<meta property=\"og:url\" content=\"https:\/\/psol50.org.br\/israel-invade-o-libano-por-terra-e-por-ar\/\" \/>\n<meta property=\"og:site_name\" content=\"PSOL 50\" \/>\n<meta property=\"article:publisher\" content=\"https:\/\/www.facebook.com\/psol50\" \/>\n<meta property=\"article:published_time\" content=\"2012-03-09T00:00:00+00:00\" \/>\n<meta property=\"og:image\" content=\"http:\/\/psol50.org.br\/files\/2012\/03\/israel_libano.jpg\" \/>\n<meta name=\"author\" content=\"Comunica\u00e7\u00e3o PSOL\" \/>\n<meta name=\"twitter:card\" content=\"summary_large_image\" \/>\n<meta name=\"twitter:creator\" content=\"@psol50\" \/>\n<meta name=\"twitter:site\" content=\"@psol50\" \/>\n<meta name=\"twitter:label1\" content=\"Escrito por\" \/>\n\t<meta name=\"twitter:data1\" content=\"Comunica\u00e7\u00e3o PSOL\" \/>\n\t<meta name=\"twitter:label2\" content=\"Est. tempo de leitura\" \/>\n\t<meta name=\"twitter:data2\" content=\"2 minutos\" \/>\n<script type=\"application\/ld+json\" class=\"yoast-schema-graph\">{\"@context\":\"https:\/\/schema.org\",\"@graph\":[{\"@type\":\"Article\",\"@id\":\"https:\/\/psol50.org.br\/israel-invade-o-libano-por-terra-e-por-ar\/#article\",\"isPartOf\":{\"@id\":\"https:\/\/psol50.org.br\/israel-invade-o-libano-por-terra-e-por-ar\/\"},\"author\":{\"name\":\"Comunica\u00e7\u00e3o PSOL\",\"@id\":\"https:\/\/psol50.org.br\/#\/schema\/person\/475dfa57d0b815993c714c2e96491fcd\"},\"headline\":\"Israel invade o L\u00edbano por terra e por ar\",\"datePublished\":\"2012-03-09T00:00:00+00:00\",\"mainEntityOfPage\":{\"@id\":\"https:\/\/psol50.org.br\/israel-invade-o-libano-por-terra-e-por-ar\/\"},\"wordCount\":366,\"commentCount\":0,\"publisher\":{\"@id\":\"https:\/\/psol50.org.br\/#organization\"},\"image\":{\"@id\":\"https:\/\/psol50.org.br\/israel-invade-o-libano-por-terra-e-por-ar\/#primaryimage\"},\"thumbnailUrl\":\"http:\/\/psol50.org.br\/files\/2012\/03\/israel_libano.jpg\",\"articleSection\":[\"Arquivo\"],\"inLanguage\":\"pt-BR\",\"potentialAction\":[{\"@type\":\"CommentAction\",\"name\":\"Comment\",\"target\":[\"https:\/\/psol50.org.br\/israel-invade-o-libano-por-terra-e-por-ar\/#respond\"]}]},{\"@type\":\"WebPage\",\"@id\":\"https:\/\/psol50.org.br\/israel-invade-o-libano-por-terra-e-por-ar\/\",\"url\":\"https:\/\/psol50.org.br\/israel-invade-o-libano-por-terra-e-por-ar\/\",\"name\":\"Israel invade o L\u00edbano por terra e por ar - PSOL 50\",\"isPartOf\":{\"@id\":\"https:\/\/psol50.org.br\/#website\"},\"primaryImageOfPage\":{\"@id\":\"https:\/\/psol50.org.br\/israel-invade-o-libano-por-terra-e-por-ar\/#primaryimage\"},\"image\":{\"@id\":\"https:\/\/psol50.org.br\/israel-invade-o-libano-por-terra-e-por-ar\/#primaryimage\"},\"thumbnailUrl\":\"http:\/\/psol50.org.br\/files\/2012\/03\/israel_libano.jpg\",\"datePublished\":\"2012-03-09T00:00:00+00:00\",\"breadcrumb\":{\"@id\":\"https:\/\/psol50.org.br\/israel-invade-o-libano-por-terra-e-por-ar\/#breadcrumb\"},\"inLanguage\":\"pt-BR\",\"potentialAction\":[{\"@type\":\"ReadAction\",\"target\":[\"https:\/\/psol50.org.br\/israel-invade-o-libano-por-terra-e-por-ar\/\"]}]},{\"@type\":\"ImageObject\",\"inLanguage\":\"pt-BR\",\"@id\":\"https:\/\/psol50.org.br\/israel-invade-o-libano-por-terra-e-por-ar\/#primaryimage\",\"url\":\"http:\/\/psol50.org.br\/files\/2012\/03\/israel_libano.jpg\",\"contentUrl\":\"http:\/\/psol50.org.br\/files\/2012\/03\/israel_libano.jpg\"},{\"@type\":\"BreadcrumbList\",\"@id\":\"https:\/\/psol50.org.br\/israel-invade-o-libano-por-terra-e-por-ar\/#breadcrumb\",\"itemListElement\":[{\"@type\":\"ListItem\",\"position\":1,\"name\":\"In\u00edcio\",\"item\":\"https:\/\/psol50.org.br\/\"},{\"@type\":\"ListItem\",\"position\":2,\"name\":\"Israel invade o L\u00edbano por terra e por ar\"}]},{\"@type\":\"WebSite\",\"@id\":\"https:\/\/psol50.org.br\/#website\",\"url\":\"https:\/\/psol50.org.br\/\",\"name\":\"PSOL 50\",\"description\":\"Site oficial do Partido Socialismo e Liberdade\",\"publisher\":{\"@id\":\"https:\/\/psol50.org.br\/#organization\"},\"alternateName\":\"PSOL50\",\"potentialAction\":[{\"@type\":\"SearchAction\",\"target\":{\"@type\":\"EntryPoint\",\"urlTemplate\":\"https:\/\/psol50.org.br\/?s={search_term_string}\"},\"query-input\":{\"@type\":\"PropertyValueSpecification\",\"valueRequired\":true,\"valueName\":\"search_term_string\"}}],\"inLanguage\":\"pt-BR\"},{\"@type\":\"Organization\",\"@id\":\"https:\/\/psol50.org.br\/#organization\",\"name\":\"PSOL 50\",\"alternateName\":\"PSOL 50\",\"url\":\"https:\/\/psol50.org.br\/\",\"logo\":{\"@type\":\"ImageObject\",\"inLanguage\":\"pt-BR\",\"@id\":\"https:\/\/psol50.org.br\/#\/schema\/logo\/image\/\",\"url\":\"https:\/\/psol50.org.br\/inc\/uploads\/2018\/07\/capa.png\",\"contentUrl\":\"https:\/\/psol50.org.br\/inc\/uploads\/2018\/07\/capa.png\",\"width\":1350,\"height\":900,\"caption\":\"PSOL 50\"},\"image\":{\"@id\":\"https:\/\/psol50.org.br\/#\/schema\/logo\/image\/\"},\"sameAs\":[\"https:\/\/www.facebook.com\/psol50\",\"https:\/\/x.com\/psol50\",\"https:\/\/www.instagram.com\/psol50\/\",\"https:\/\/www.youtube.com\/channel\/UC7SnJS5o1os7a6CaiNabzcg\"]},{\"@type\":\"Person\",\"@id\":\"https:\/\/psol50.org.br\/#\/schema\/person\/475dfa57d0b815993c714c2e96491fcd\",\"name\":\"Comunica\u00e7\u00e3o PSOL\",\"image\":{\"@type\":\"ImageObject\",\"inLanguage\":\"pt-BR\",\"@id\":\"https:\/\/psol50.org.br\/#\/schema\/person\/image\/\",\"url\":\"https:\/\/secure.gravatar.com\/avatar\/b34fc4f4e468a4e51785917065a3db57b841f5c95dba6ad8c73aaf8f66f8f9bf?s=96&d=mm&r=g\",\"contentUrl\":\"https:\/\/secure.gravatar.com\/avatar\/b34fc4f4e468a4e51785917065a3db57b841f5c95dba6ad8c73aaf8f66f8f9bf?s=96&d=mm&r=g\",\"caption\":\"Comunica\u00e7\u00e3o PSOL\"}}]}<\/script>\n<!-- \/ Yoast SEO plugin. -->","yoast_head_json":{"title":"Israel invade o L\u00edbano por terra e por ar - PSOL 50","robots":{"index":"index","follow":"follow","max-snippet":"max-snippet:-1","max-image-preview":"max-image-preview:large","max-video-preview":"max-video-preview:-1"},"canonical":"https:\/\/psol50.org.br\/israel-invade-o-libano-por-terra-e-por-ar\/","og_locale":"pt_BR","og_type":"article","og_title":"Israel invade o L\u00edbano por terra e por ar - PSOL 50","og_description":"*Por Baby Siqueira Abr\u00e3o &#8211; Correspondente no Oriente M\u00e9dio- Brasil de Fato \u00c0s 9h30 da manh\u00e3 de quarta-feira (07), uma for\u00e7a de infantaria israelense invadiu o L\u00edbano e avi\u00f5es voltaram a violar o espa\u00e7o a\u00e9reo do pa\u00eds \u00e1rabe. Os soldados alcan\u00e7aram as margens do rio Wazzani e chegaram a assumir posi\u00e7\u00f5es de combate, apontando metralhadoras [&hellip;]","og_url":"https:\/\/psol50.org.br\/israel-invade-o-libano-por-terra-e-por-ar\/","og_site_name":"PSOL 50","article_publisher":"https:\/\/www.facebook.com\/psol50","article_published_time":"2012-03-09T00:00:00+00:00","og_image":[{"url":"http:\/\/psol50.org.br\/files\/2012\/03\/israel_libano.jpg","type":"","width":"","height":""}],"author":"Comunica\u00e7\u00e3o PSOL","twitter_card":"summary_large_image","twitter_creator":"@psol50","twitter_site":"@psol50","twitter_misc":{"Escrito por":"Comunica\u00e7\u00e3o PSOL","Est. tempo de leitura":"2 minutos"},"schema":{"@context":"https:\/\/schema.org","@graph":[{"@type":"Article","@id":"https:\/\/psol50.org.br\/israel-invade-o-libano-por-terra-e-por-ar\/#article","isPartOf":{"@id":"https:\/\/psol50.org.br\/israel-invade-o-libano-por-terra-e-por-ar\/"},"author":{"name":"Comunica\u00e7\u00e3o PSOL","@id":"https:\/\/psol50.org.br\/#\/schema\/person\/475dfa57d0b815993c714c2e96491fcd"},"headline":"Israel invade o L\u00edbano por terra e por ar","datePublished":"2012-03-09T00:00:00+00:00","mainEntityOfPage":{"@id":"https:\/\/psol50.org.br\/israel-invade-o-libano-por-terra-e-por-ar\/"},"wordCount":366,"commentCount":0,"publisher":{"@id":"https:\/\/psol50.org.br\/#organization"},"image":{"@id":"https:\/\/psol50.org.br\/israel-invade-o-libano-por-terra-e-por-ar\/#primaryimage"},"thumbnailUrl":"http:\/\/psol50.org.br\/files\/2012\/03\/israel_libano.jpg","articleSection":["Arquivo"],"inLanguage":"pt-BR","potentialAction":[{"@type":"CommentAction","name":"Comment","target":["https:\/\/psol50.org.br\/israel-invade-o-libano-por-terra-e-por-ar\/#respond"]}]},{"@type":"WebPage","@id":"https:\/\/psol50.org.br\/israel-invade-o-libano-por-terra-e-por-ar\/","url":"https:\/\/psol50.org.br\/israel-invade-o-libano-por-terra-e-por-ar\/","name":"Israel invade o L\u00edbano por terra e por ar - PSOL 50","isPartOf":{"@id":"https:\/\/psol50.org.br\/#website"},"primaryImageOfPage":{"@id":"https:\/\/psol50.org.br\/israel-invade-o-libano-por-terra-e-por-ar\/#primaryimage"},"image":{"@id":"https:\/\/psol50.org.br\/israel-invade-o-libano-por-terra-e-por-ar\/#primaryimage"},"thumbnailUrl":"http:\/\/psol50.org.br\/files\/2012\/03\/israel_libano.jpg","datePublished":"2012-03-09T00:00:00+00:00","breadcrumb":{"@id":"https:\/\/psol50.org.br\/israel-invade-o-libano-por-terra-e-por-ar\/#breadcrumb"},"inLanguage":"pt-BR","potentialAction":[{"@type":"ReadAction","target":["https:\/\/psol50.org.br\/israel-invade-o-libano-por-terra-e-por-ar\/"]}]},{"@type":"ImageObject","inLanguage":"pt-BR","@id":"https:\/\/psol50.org.br\/israel-invade-o-libano-por-terra-e-por-ar\/#primaryimage","url":"http:\/\/psol50.org.br\/files\/2012\/03\/israel_libano.jpg","contentUrl":"http:\/\/psol50.org.br\/files\/2012\/03\/israel_libano.jpg"},{"@type":"BreadcrumbList","@id":"https:\/\/psol50.org.br\/israel-invade-o-libano-por-terra-e-por-ar\/#breadcrumb","itemListElement":[{"@type":"ListItem","position":1,"name":"In\u00edcio","item":"https:\/\/psol50.org.br\/"},{"@type":"ListItem","position":2,"name":"Israel invade o L\u00edbano por terra e por ar"}]},{"@type":"WebSite","@id":"https:\/\/psol50.org.br\/#website","url":"https:\/\/psol50.org.br\/","name":"PSOL 50","description":"Site oficial do Partido Socialismo e Liberdade","publisher":{"@id":"https:\/\/psol50.org.br\/#organization"},"alternateName":"PSOL50","potentialAction":[{"@type":"SearchAction","target":{"@type":"EntryPoint","urlTemplate":"https:\/\/psol50.org.br\/?s={search_term_string}"},"query-input":{"@type":"PropertyValueSpecification","valueRequired":true,"valueName":"search_term_string"}}],"inLanguage":"pt-BR"},{"@type":"Organization","@id":"https:\/\/psol50.org.br\/#organization","name":"PSOL 50","alternateName":"PSOL 50","url":"https:\/\/psol50.org.br\/","logo":{"@type":"ImageObject","inLanguage":"pt-BR","@id":"https:\/\/psol50.org.br\/#\/schema\/logo\/image\/","url":"https:\/\/psol50.org.br\/inc\/uploads\/2018\/07\/capa.png","contentUrl":"https:\/\/psol50.org.br\/inc\/uploads\/2018\/07\/capa.png","width":1350,"height":900,"caption":"PSOL 50"},"image":{"@id":"https:\/\/psol50.org.br\/#\/schema\/logo\/image\/"},"sameAs":["https:\/\/www.facebook.com\/psol50","https:\/\/x.com\/psol50","https:\/\/www.instagram.com\/psol50\/","https:\/\/www.youtube.com\/channel\/UC7SnJS5o1os7a6CaiNabzcg"]},{"@type":"Person","@id":"https:\/\/psol50.org.br\/#\/schema\/person\/475dfa57d0b815993c714c2e96491fcd","name":"Comunica\u00e7\u00e3o PSOL","image":{"@type":"ImageObject","inLanguage":"pt-BR","@id":"https:\/\/psol50.org.br\/#\/schema\/person\/image\/","url":"https:\/\/secure.gravatar.com\/avatar\/b34fc4f4e468a4e51785917065a3db57b841f5c95dba6ad8c73aaf8f66f8f9bf?s=96&d=mm&r=g","contentUrl":"https:\/\/secure.gravatar.com\/avatar\/b34fc4f4e468a4e51785917065a3db57b841f5c95dba6ad8c73aaf8f66f8f9bf?s=96&d=mm&r=g","caption":"Comunica\u00e7\u00e3o PSOL"}}]}},"_links":{"self":[{"href":"https:\/\/psol50.org.br\/rest\/wp\/v2\/posts\/576","targetHints":{"allow":["GET"]}}],"collection":[{"href":"https:\/\/psol50.org.br\/rest\/wp\/v2\/posts"}],"about":[{"href":"https:\/\/psol50.org.br\/rest\/wp\/v2\/types\/post"}],"author":[{"embeddable":true,"href":"https:\/\/psol50.org.br\/rest\/wp\/v2\/users\/2"}],"replies":[{"embeddable":true,"href":"https:\/\/psol50.org.br\/rest\/wp\/v2\/comments?post=576"}],"version-history":[{"count":0,"href":"https:\/\/psol50.org.br\/rest\/wp\/v2\/posts\/576\/revisions"}],"wp:attachment":[{"href":"https:\/\/psol50.org.br\/rest\/wp\/v2\/media?parent=576"}],"wp:term":[{"taxonomy":"category","embeddable":true,"href":"https:\/\/psol50.org.br\/rest\/wp\/v2\/categories?post=576"},{"taxonomy":"post_tag","embeddable":true,"href":"https:\/\/psol50.org.br\/rest\/wp\/v2\/tags?post=576"}],"curies":[{"name":"wp","href":"https:\/\/api.w.org\/{rel}","templated":true}]}}