{"id":580,"date":"2012-03-15T00:00:00","date_gmt":"2012-03-15T00:00:00","guid":{"rendered":"http:\/\/psol50.org.br\/arquivo\/2012\/03\/15\/eua-sao-campeoes-mundiais-disparados-em-numeros-de-presos\/"},"modified":"2012-03-15T00:00:00","modified_gmt":"2012-03-15T00:00:00","slug":"eua-sao-campeoes-mundiais-disparados-em-numeros-de-presos","status":"publish","type":"post","link":"https:\/\/psol50.org.br\/eua-sao-campeoes-mundiais-disparados-em-numeros-de-presos\/","title":{"rendered":"EUA s\u00e3o campe\u00f5es mundiais disparados em n\u00fameros de presos"},"content":{"rendered":"<p style=\"text-align: justify\"><em><strong><a href=\"http:\/\/psol50.org.br\/blog\/2012\/03\/15\/eua-sao-campeoes-mundiais-disparados-em-numeros-de-presos\/prisoesamericanas\/\" rel=\"attachment wp-att-14379\"><img loading=\"lazy\" decoding=\"async\" class=\"alignleft size-full wp-image-14379\" src=\"http:\/\/psol50.org.br\/files\/2012\/03\/Pris%C3%B5esAmericanas.jpg\" alt=\"\" width=\"230\" height=\"165\" \/><\/a><a href=\"http:\/\/www.bbc.co.uk\/portuguese\/noticias\/2012\/03\/120315_lucasmendes_pai.shtml\">*Fonte: Lucas Mendes &#8211; BBC Brasil<\/a><\/strong><\/em><\/p>\n<p style=\"text-align: justify\">Os Estados Unidos s\u00e3o campe\u00f5es mundiais disparados em n\u00fameros de presos. Vamos evitar n\u00fameros, mas os chineses, com uma popula\u00e7\u00e3o muito maior, v\u00eam em segundo, e os russos, percentualmente, tamb\u00e9m levam uma surra dos americanos.<\/p>\n<p style=\"text-align: justify\">Nas \u00faltimas duas d\u00e9cadas, os americanos gastaram seis vezes mais em pris\u00f5es do que em educa\u00e7\u00e3o superior, e uma parte grande do dinheiro foi investido em pris\u00f5es de seguran\u00e7a m\u00e1xima.<\/p>\n<p style=\"text-align: justify\">Mais de 50 mil americanos est\u00e3o em celas solit\u00e1rias, cumprindo penas de anos e d\u00e9cadas. Entre os condenados \u00e0 pris\u00e3o perp\u00e9tua em penitenci\u00e1rias de seguran\u00e7a m\u00e1xima no Texas, 400 s\u00e3o adolescentes.<\/p>\n<p style=\"text-align: justify\"><em><strong>O n\u00famero de negros americanos nas pris\u00f5es e em liberdade condicional sob controle da Justi\u00e7a \u00e9 maior do que o n\u00famero de escravos no pico da escravid\u00e3o, e o total de presos no pais \u00e9 maior do que os do Gulag de St\u00e1lin.<\/strong><\/em><\/p>\n<p style=\"text-align: justify\">O arrocho nas penitenciarias americanas coincidiu com a explos\u00e3o do crime, na d\u00e9cada de 60, que durou at\u00e9 a d\u00e9cada de 90.<\/p>\n<p style=\"text-align: justify\">Nos \u00faltimos 20 anos, a redu\u00e7\u00e3o do crime no pa\u00eds inteiro foi in\u00e9dita &#8211; 40%, sendo 80% em Nova York -, sem precedentes na historia das grandes cidades. Em 2002, houve menos homic\u00eddios do que em 1900.<\/p>\n<p style=\"text-align: justify\">Procure UMA explica\u00e7\u00e3o. N\u00e3o existe. Vai achar um punhado, mas, entre elas, o alto n\u00famero de presos est\u00e1 no fim da lista.<\/p>\n<p style=\"text-align: justify\"><strong>O regime de solit\u00e1rias tamb\u00e9m. Elas aumentam a viol\u00eancia.<\/strong><\/p>\n<p style=\"text-align: justify\">Depois de uma s\u00e9rie de crimes e protestos na Unidade 32, no Mississippi, um modelo de repress\u00e3o pelo regime de solit\u00e1ria, uma investiga\u00e7\u00e3o concluiu que a melhor solu\u00e7\u00e3o era menos solid\u00e3o.<\/p>\n<p style=\"text-align: justify\">Em poucos meses, o n\u00famero de presos em solit\u00e1rias caiu de mil para 300, a viol\u00eancia diminuiu, e o abrandamento da Unidade 32 se tornou um modelo para outros estados.<\/p>\n<p style=\"text-align: justify\">H\u00e1 outro argumento poderoso: d\u00f3lares. Os or\u00e7amentos dos estados est\u00e3o encolhidos pela crise econ\u00f4mica. Um preso numa solit\u00e1ria custa 40% mais caro do que um preso comum.<\/p>\n<p style=\"text-align: justify\">Mas aqui entra outro x na equa\u00e7\u00e3o da repress\u00e3o capitalista. Nos \u00faltimos anos, uma parte do sistema de carceragem foi transferido para o setor privado. O maior grupo \u00e9 o Corrections Corporation of America, com um poderoso lobby no Congresso e defendendo mais pris\u00f5es, mais repress\u00e3o, senten\u00e7as mais longas.<\/p>\n<p style=\"text-align: justify\">Quanto maior o n\u00famero de presos, quanto mais longa a senten\u00e7a e quanto pior o servi\u00e7o, maior \u00e9 o lucro das pris\u00f5es privadas. Mas, na falta de dinheiro, os estados examinam outras op\u00e7\u00f5es.<\/p>\n<p style=\"text-align: justify\">H\u00e1 evid\u00eancias de que, contra a viol\u00eancia, a intelig\u00eancia quase sempre ganha da repress\u00e3o. Alfabetiza\u00e7\u00e3o, cursos vocacionais e tratamentos contra drogas d\u00e3o resultados, mas tamb\u00e9m custam exigem dinheiro que o Estado n\u00e3o tem.<\/p>\n<p style=\"text-align: justify\"><strong>Outra op\u00e7\u00e3o: revis\u00e3o nas senten\u00e7as.<\/strong><\/p>\n<p style=\"text-align: justify\">Milhares de presos que cometeram crimes menores mas n\u00e3o representam riscos maiores j\u00e1 est\u00e3o nas ruas. H\u00e1 tamb\u00e9m uma revis\u00e3o das senten\u00e7as longas, obrigat\u00f3rias, que n\u00e3o davam aos ju\u00edzes op\u00e7\u00f5es menos rigorosas.<\/p>\n<p style=\"text-align: justify\">Pela primeira vez em quatro d\u00e9cadas, o n\u00famero de encarcerados nos EUA diminuiu, e o n\u00famero de pessoas que sa\u00edram das pris\u00f5es foi menor do que os que entraram. N\u00e3o s\u00e3o n\u00fameros de arromba \u2013 0,6% -, mas s\u00e3o uma indica\u00e7\u00e3o surpreendente.<\/p>\n<p style=\"text-align: justify\">Vamos voltar ao mist\u00e9rio da in\u00e9dita redu\u00e7\u00e3o de 40% do crime nos Estados Unidos nos \u00faltimos 20 anos e da ainda mais extraordin\u00e1ria redu\u00e7\u00e3o de 80% em Nova York.<\/p>\n<p style=\"text-align: justify\">Quem tem as melhores explica\u00e7\u00f5es sobre Nova York \u00e9 o professor Frank E. Zimring, da Universidade de Berkeley, na Calif\u00f3rnia. No livro \u201cA Cidade que Ficou Segura: As Li\u00e7\u00f5es de Nova York Sobre como Controlar Crimes Urbanos\u201d, Zimring questiona as teorias da janela quebrada, da toler\u00e2ncia zero e da qualidade de vida como as principais respons\u00e1veis pela seguran\u00e7a da cidade.<\/p>\n<p style=\"text-align: justify\">Os n\u00fameros de Zimring mostram que houve redu\u00e7\u00e3o do crime sem encher as pris\u00f5es e que n\u00e3o h\u00e1 uma conex\u00e3o entre aumento de crimes e aumento das popula\u00e7\u00f5es de negros e latinos.<\/p>\n<p style=\"text-align: justify\">T\u00e1ticas eficientes, como a maci\u00e7a concentra\u00e7\u00e3o de policiais em \u00e1reas de crimes e a f\u00f3rmula \u201cpare e reviste\u201d suspeitos nas ruas, combinadas com tecnologia, ajudaram mais na redu\u00e7\u00e3o do crime.<\/p>\n<p style=\"text-align: justify\">O consumo de drogas n\u00e3o caiu, mas, gra\u00e7as aos celulares, traficantes sa\u00edram das pra\u00e7as ocupadas pela pol\u00edcia e hoje vendem pelo telefone, dentro de apartamentos, diminuindo a possibilidade de crimes. O GPS permite um controle maior dos presos em liberdade condicional. Os cart\u00f5es de cr\u00e9dito com juros mais baixos concorreram e ganharam dos perigosos empr\u00e9stimos da m\u00e1fia.<\/p>\n<p style=\"text-align: justify\">A tese do professor Zimring vem recheada de estat\u00edsticas, mas, com a nova tend\u00eancia de penitenci\u00e1rias mais humanas, menos pris\u00f5es, senten\u00e7as menos longas, presos libertados antes do fim da pena, maior toler\u00e2ncia de infra\u00e7\u00f5es menores, at\u00e9 onde e quando a curva do crime vai apontar para o sul?<\/p>\n","protected":false},"excerpt":{"rendered":"<p>*Fonte: Lucas Mendes &#8211; BBC Brasil Os Estados Unidos s\u00e3o campe\u00f5es mundiais disparados em n\u00fameros de presos. Vamos evitar n\u00fameros, mas os chineses, com uma popula\u00e7\u00e3o muito maior, v\u00eam em segundo, e os russos, percentualmente, tamb\u00e9m levam uma surra dos americanos. Nas \u00faltimas duas d\u00e9cadas, os americanos gastaram seis vezes mais em pris\u00f5es do que [&hellip;]<\/p>\n","protected":false},"author":2,"featured_media":0,"comment_status":"open","ping_status":"open","sticky":false,"template":"","format":"standard","meta":{"_acf_changed":false,"footnotes":""},"categories":[4766],"tags":[],"class_list":{"0":"post-580","1":"post","2":"type-post","3":"status-publish","4":"format-standard","6":"category-arquivo"},"acf":[],"yoast_head":"<!-- This site is optimized with the Yoast SEO plugin v26.5 - https:\/\/yoast.com\/wordpress\/plugins\/seo\/ -->\n<title>EUA s\u00e3o campe\u00f5es mundiais disparados em n\u00fameros de presos - PSOL 50<\/title>\n<meta name=\"robots\" content=\"index, follow, max-snippet:-1, max-image-preview:large, max-video-preview:-1\" \/>\n<link rel=\"canonical\" href=\"https:\/\/psol50.org.br\/eua-sao-campeoes-mundiais-disparados-em-numeros-de-presos\/\" \/>\n<meta property=\"og:locale\" content=\"pt_BR\" \/>\n<meta property=\"og:type\" content=\"article\" \/>\n<meta property=\"og:title\" content=\"EUA s\u00e3o campe\u00f5es mundiais disparados em n\u00fameros de presos - PSOL 50\" \/>\n<meta property=\"og:description\" content=\"*Fonte: Lucas Mendes &#8211; BBC Brasil Os Estados Unidos s\u00e3o campe\u00f5es mundiais disparados em n\u00fameros de presos. Vamos evitar n\u00fameros, mas os chineses, com uma popula\u00e7\u00e3o muito maior, v\u00eam em segundo, e os russos, percentualmente, tamb\u00e9m levam uma surra dos americanos. Nas \u00faltimas duas d\u00e9cadas, os americanos gastaram seis vezes mais em pris\u00f5es do que [&hellip;]\" \/>\n<meta property=\"og:url\" content=\"https:\/\/psol50.org.br\/eua-sao-campeoes-mundiais-disparados-em-numeros-de-presos\/\" \/>\n<meta property=\"og:site_name\" content=\"PSOL 50\" \/>\n<meta property=\"article:publisher\" content=\"https:\/\/www.facebook.com\/psol50\" \/>\n<meta property=\"article:published_time\" content=\"2012-03-15T00:00:00+00:00\" \/>\n<meta property=\"og:image\" content=\"http:\/\/psol50.org.br\/files\/2012\/03\/Pris%C3%B5esAmericanas.jpg\" \/>\n<meta name=\"author\" content=\"Comunica\u00e7\u00e3o PSOL\" \/>\n<meta name=\"twitter:card\" content=\"summary_large_image\" \/>\n<meta name=\"twitter:creator\" content=\"@psol50\" \/>\n<meta name=\"twitter:site\" content=\"@psol50\" \/>\n<meta name=\"twitter:label1\" content=\"Escrito por\" \/>\n\t<meta name=\"twitter:data1\" content=\"Comunica\u00e7\u00e3o PSOL\" \/>\n\t<meta name=\"twitter:label2\" content=\"Est. tempo de leitura\" \/>\n\t<meta name=\"twitter:data2\" content=\"4 minutos\" \/>\n<script type=\"application\/ld+json\" class=\"yoast-schema-graph\">{\"@context\":\"https:\/\/schema.org\",\"@graph\":[{\"@type\":\"Article\",\"@id\":\"https:\/\/psol50.org.br\/eua-sao-campeoes-mundiais-disparados-em-numeros-de-presos\/#article\",\"isPartOf\":{\"@id\":\"https:\/\/psol50.org.br\/eua-sao-campeoes-mundiais-disparados-em-numeros-de-presos\/\"},\"author\":{\"name\":\"Comunica\u00e7\u00e3o PSOL\",\"@id\":\"https:\/\/psol50.org.br\/#\/schema\/person\/475dfa57d0b815993c714c2e96491fcd\"},\"headline\":\"EUA s\u00e3o campe\u00f5es mundiais disparados em n\u00fameros de presos\",\"datePublished\":\"2012-03-15T00:00:00+00:00\",\"mainEntityOfPage\":{\"@id\":\"https:\/\/psol50.org.br\/eua-sao-campeoes-mundiais-disparados-em-numeros-de-presos\/\"},\"wordCount\":894,\"commentCount\":0,\"publisher\":{\"@id\":\"https:\/\/psol50.org.br\/#organization\"},\"image\":{\"@id\":\"https:\/\/psol50.org.br\/eua-sao-campeoes-mundiais-disparados-em-numeros-de-presos\/#primaryimage\"},\"thumbnailUrl\":\"http:\/\/psol50.org.br\/files\/2012\/03\/Pris%C3%B5esAmericanas.jpg\",\"articleSection\":[\"Arquivo\"],\"inLanguage\":\"pt-BR\",\"potentialAction\":[{\"@type\":\"CommentAction\",\"name\":\"Comment\",\"target\":[\"https:\/\/psol50.org.br\/eua-sao-campeoes-mundiais-disparados-em-numeros-de-presos\/#respond\"]}]},{\"@type\":\"WebPage\",\"@id\":\"https:\/\/psol50.org.br\/eua-sao-campeoes-mundiais-disparados-em-numeros-de-presos\/\",\"url\":\"https:\/\/psol50.org.br\/eua-sao-campeoes-mundiais-disparados-em-numeros-de-presos\/\",\"name\":\"EUA s\u00e3o campe\u00f5es mundiais disparados em n\u00fameros de presos - PSOL 50\",\"isPartOf\":{\"@id\":\"https:\/\/psol50.org.br\/#website\"},\"primaryImageOfPage\":{\"@id\":\"https:\/\/psol50.org.br\/eua-sao-campeoes-mundiais-disparados-em-numeros-de-presos\/#primaryimage\"},\"image\":{\"@id\":\"https:\/\/psol50.org.br\/eua-sao-campeoes-mundiais-disparados-em-numeros-de-presos\/#primaryimage\"},\"thumbnailUrl\":\"http:\/\/psol50.org.br\/files\/2012\/03\/Pris%C3%B5esAmericanas.jpg\",\"datePublished\":\"2012-03-15T00:00:00+00:00\",\"breadcrumb\":{\"@id\":\"https:\/\/psol50.org.br\/eua-sao-campeoes-mundiais-disparados-em-numeros-de-presos\/#breadcrumb\"},\"inLanguage\":\"pt-BR\",\"potentialAction\":[{\"@type\":\"ReadAction\",\"target\":[\"https:\/\/psol50.org.br\/eua-sao-campeoes-mundiais-disparados-em-numeros-de-presos\/\"]}]},{\"@type\":\"ImageObject\",\"inLanguage\":\"pt-BR\",\"@id\":\"https:\/\/psol50.org.br\/eua-sao-campeoes-mundiais-disparados-em-numeros-de-presos\/#primaryimage\",\"url\":\"http:\/\/psol50.org.br\/files\/2012\/03\/Pris%C3%B5esAmericanas.jpg\",\"contentUrl\":\"http:\/\/psol50.org.br\/files\/2012\/03\/Pris%C3%B5esAmericanas.jpg\"},{\"@type\":\"BreadcrumbList\",\"@id\":\"https:\/\/psol50.org.br\/eua-sao-campeoes-mundiais-disparados-em-numeros-de-presos\/#breadcrumb\",\"itemListElement\":[{\"@type\":\"ListItem\",\"position\":1,\"name\":\"In\u00edcio\",\"item\":\"https:\/\/psol50.org.br\/\"},{\"@type\":\"ListItem\",\"position\":2,\"name\":\"EUA s\u00e3o campe\u00f5es mundiais disparados em n\u00fameros de presos\"}]},{\"@type\":\"WebSite\",\"@id\":\"https:\/\/psol50.org.br\/#website\",\"url\":\"https:\/\/psol50.org.br\/\",\"name\":\"PSOL 50\",\"description\":\"Site oficial do Partido Socialismo e Liberdade\",\"publisher\":{\"@id\":\"https:\/\/psol50.org.br\/#organization\"},\"alternateName\":\"PSOL50\",\"potentialAction\":[{\"@type\":\"SearchAction\",\"target\":{\"@type\":\"EntryPoint\",\"urlTemplate\":\"https:\/\/psol50.org.br\/?s={search_term_string}\"},\"query-input\":{\"@type\":\"PropertyValueSpecification\",\"valueRequired\":true,\"valueName\":\"search_term_string\"}}],\"inLanguage\":\"pt-BR\"},{\"@type\":\"Organization\",\"@id\":\"https:\/\/psol50.org.br\/#organization\",\"name\":\"PSOL 50\",\"alternateName\":\"PSOL 50\",\"url\":\"https:\/\/psol50.org.br\/\",\"logo\":{\"@type\":\"ImageObject\",\"inLanguage\":\"pt-BR\",\"@id\":\"https:\/\/psol50.org.br\/#\/schema\/logo\/image\/\",\"url\":\"https:\/\/psol50.org.br\/inc\/uploads\/2018\/07\/capa.png\",\"contentUrl\":\"https:\/\/psol50.org.br\/inc\/uploads\/2018\/07\/capa.png\",\"width\":1350,\"height\":900,\"caption\":\"PSOL 50\"},\"image\":{\"@id\":\"https:\/\/psol50.org.br\/#\/schema\/logo\/image\/\"},\"sameAs\":[\"https:\/\/www.facebook.com\/psol50\",\"https:\/\/x.com\/psol50\",\"https:\/\/www.instagram.com\/psol50\/\",\"https:\/\/www.youtube.com\/channel\/UC7SnJS5o1os7a6CaiNabzcg\"]},{\"@type\":\"Person\",\"@id\":\"https:\/\/psol50.org.br\/#\/schema\/person\/475dfa57d0b815993c714c2e96491fcd\",\"name\":\"Comunica\u00e7\u00e3o PSOL\",\"image\":{\"@type\":\"ImageObject\",\"inLanguage\":\"pt-BR\",\"@id\":\"https:\/\/psol50.org.br\/#\/schema\/person\/image\/\",\"url\":\"https:\/\/secure.gravatar.com\/avatar\/b34fc4f4e468a4e51785917065a3db57b841f5c95dba6ad8c73aaf8f66f8f9bf?s=96&d=mm&r=g\",\"contentUrl\":\"https:\/\/secure.gravatar.com\/avatar\/b34fc4f4e468a4e51785917065a3db57b841f5c95dba6ad8c73aaf8f66f8f9bf?s=96&d=mm&r=g\",\"caption\":\"Comunica\u00e7\u00e3o PSOL\"}}]}<\/script>\n<!-- \/ Yoast SEO plugin. -->","yoast_head_json":{"title":"EUA s\u00e3o campe\u00f5es mundiais disparados em n\u00fameros de presos - PSOL 50","robots":{"index":"index","follow":"follow","max-snippet":"max-snippet:-1","max-image-preview":"max-image-preview:large","max-video-preview":"max-video-preview:-1"},"canonical":"https:\/\/psol50.org.br\/eua-sao-campeoes-mundiais-disparados-em-numeros-de-presos\/","og_locale":"pt_BR","og_type":"article","og_title":"EUA s\u00e3o campe\u00f5es mundiais disparados em n\u00fameros de presos - PSOL 50","og_description":"*Fonte: Lucas Mendes &#8211; BBC Brasil Os Estados Unidos s\u00e3o campe\u00f5es mundiais disparados em n\u00fameros de presos. Vamos evitar n\u00fameros, mas os chineses, com uma popula\u00e7\u00e3o muito maior, v\u00eam em segundo, e os russos, percentualmente, tamb\u00e9m levam uma surra dos americanos. Nas \u00faltimas duas d\u00e9cadas, os americanos gastaram seis vezes mais em pris\u00f5es do que [&hellip;]","og_url":"https:\/\/psol50.org.br\/eua-sao-campeoes-mundiais-disparados-em-numeros-de-presos\/","og_site_name":"PSOL 50","article_publisher":"https:\/\/www.facebook.com\/psol50","article_published_time":"2012-03-15T00:00:00+00:00","og_image":[{"url":"http:\/\/psol50.org.br\/files\/2012\/03\/Pris%C3%B5esAmericanas.jpg","type":"","width":"","height":""}],"author":"Comunica\u00e7\u00e3o PSOL","twitter_card":"summary_large_image","twitter_creator":"@psol50","twitter_site":"@psol50","twitter_misc":{"Escrito por":"Comunica\u00e7\u00e3o PSOL","Est. tempo de leitura":"4 minutos"},"schema":{"@context":"https:\/\/schema.org","@graph":[{"@type":"Article","@id":"https:\/\/psol50.org.br\/eua-sao-campeoes-mundiais-disparados-em-numeros-de-presos\/#article","isPartOf":{"@id":"https:\/\/psol50.org.br\/eua-sao-campeoes-mundiais-disparados-em-numeros-de-presos\/"},"author":{"name":"Comunica\u00e7\u00e3o PSOL","@id":"https:\/\/psol50.org.br\/#\/schema\/person\/475dfa57d0b815993c714c2e96491fcd"},"headline":"EUA s\u00e3o campe\u00f5es mundiais disparados em n\u00fameros de presos","datePublished":"2012-03-15T00:00:00+00:00","mainEntityOfPage":{"@id":"https:\/\/psol50.org.br\/eua-sao-campeoes-mundiais-disparados-em-numeros-de-presos\/"},"wordCount":894,"commentCount":0,"publisher":{"@id":"https:\/\/psol50.org.br\/#organization"},"image":{"@id":"https:\/\/psol50.org.br\/eua-sao-campeoes-mundiais-disparados-em-numeros-de-presos\/#primaryimage"},"thumbnailUrl":"http:\/\/psol50.org.br\/files\/2012\/03\/Pris%C3%B5esAmericanas.jpg","articleSection":["Arquivo"],"inLanguage":"pt-BR","potentialAction":[{"@type":"CommentAction","name":"Comment","target":["https:\/\/psol50.org.br\/eua-sao-campeoes-mundiais-disparados-em-numeros-de-presos\/#respond"]}]},{"@type":"WebPage","@id":"https:\/\/psol50.org.br\/eua-sao-campeoes-mundiais-disparados-em-numeros-de-presos\/","url":"https:\/\/psol50.org.br\/eua-sao-campeoes-mundiais-disparados-em-numeros-de-presos\/","name":"EUA s\u00e3o campe\u00f5es mundiais disparados em n\u00fameros de presos - PSOL 50","isPartOf":{"@id":"https:\/\/psol50.org.br\/#website"},"primaryImageOfPage":{"@id":"https:\/\/psol50.org.br\/eua-sao-campeoes-mundiais-disparados-em-numeros-de-presos\/#primaryimage"},"image":{"@id":"https:\/\/psol50.org.br\/eua-sao-campeoes-mundiais-disparados-em-numeros-de-presos\/#primaryimage"},"thumbnailUrl":"http:\/\/psol50.org.br\/files\/2012\/03\/Pris%C3%B5esAmericanas.jpg","datePublished":"2012-03-15T00:00:00+00:00","breadcrumb":{"@id":"https:\/\/psol50.org.br\/eua-sao-campeoes-mundiais-disparados-em-numeros-de-presos\/#breadcrumb"},"inLanguage":"pt-BR","potentialAction":[{"@type":"ReadAction","target":["https:\/\/psol50.org.br\/eua-sao-campeoes-mundiais-disparados-em-numeros-de-presos\/"]}]},{"@type":"ImageObject","inLanguage":"pt-BR","@id":"https:\/\/psol50.org.br\/eua-sao-campeoes-mundiais-disparados-em-numeros-de-presos\/#primaryimage","url":"http:\/\/psol50.org.br\/files\/2012\/03\/Pris%C3%B5esAmericanas.jpg","contentUrl":"http:\/\/psol50.org.br\/files\/2012\/03\/Pris%C3%B5esAmericanas.jpg"},{"@type":"BreadcrumbList","@id":"https:\/\/psol50.org.br\/eua-sao-campeoes-mundiais-disparados-em-numeros-de-presos\/#breadcrumb","itemListElement":[{"@type":"ListItem","position":1,"name":"In\u00edcio","item":"https:\/\/psol50.org.br\/"},{"@type":"ListItem","position":2,"name":"EUA s\u00e3o campe\u00f5es mundiais disparados em n\u00fameros de presos"}]},{"@type":"WebSite","@id":"https:\/\/psol50.org.br\/#website","url":"https:\/\/psol50.org.br\/","name":"PSOL 50","description":"Site oficial do Partido Socialismo e Liberdade","publisher":{"@id":"https:\/\/psol50.org.br\/#organization"},"alternateName":"PSOL50","potentialAction":[{"@type":"SearchAction","target":{"@type":"EntryPoint","urlTemplate":"https:\/\/psol50.org.br\/?s={search_term_string}"},"query-input":{"@type":"PropertyValueSpecification","valueRequired":true,"valueName":"search_term_string"}}],"inLanguage":"pt-BR"},{"@type":"Organization","@id":"https:\/\/psol50.org.br\/#organization","name":"PSOL 50","alternateName":"PSOL 50","url":"https:\/\/psol50.org.br\/","logo":{"@type":"ImageObject","inLanguage":"pt-BR","@id":"https:\/\/psol50.org.br\/#\/schema\/logo\/image\/","url":"https:\/\/psol50.org.br\/inc\/uploads\/2018\/07\/capa.png","contentUrl":"https:\/\/psol50.org.br\/inc\/uploads\/2018\/07\/capa.png","width":1350,"height":900,"caption":"PSOL 50"},"image":{"@id":"https:\/\/psol50.org.br\/#\/schema\/logo\/image\/"},"sameAs":["https:\/\/www.facebook.com\/psol50","https:\/\/x.com\/psol50","https:\/\/www.instagram.com\/psol50\/","https:\/\/www.youtube.com\/channel\/UC7SnJS5o1os7a6CaiNabzcg"]},{"@type":"Person","@id":"https:\/\/psol50.org.br\/#\/schema\/person\/475dfa57d0b815993c714c2e96491fcd","name":"Comunica\u00e7\u00e3o PSOL","image":{"@type":"ImageObject","inLanguage":"pt-BR","@id":"https:\/\/psol50.org.br\/#\/schema\/person\/image\/","url":"https:\/\/secure.gravatar.com\/avatar\/b34fc4f4e468a4e51785917065a3db57b841f5c95dba6ad8c73aaf8f66f8f9bf?s=96&d=mm&r=g","contentUrl":"https:\/\/secure.gravatar.com\/avatar\/b34fc4f4e468a4e51785917065a3db57b841f5c95dba6ad8c73aaf8f66f8f9bf?s=96&d=mm&r=g","caption":"Comunica\u00e7\u00e3o PSOL"}}]}},"_links":{"self":[{"href":"https:\/\/psol50.org.br\/rest\/wp\/v2\/posts\/580","targetHints":{"allow":["GET"]}}],"collection":[{"href":"https:\/\/psol50.org.br\/rest\/wp\/v2\/posts"}],"about":[{"href":"https:\/\/psol50.org.br\/rest\/wp\/v2\/types\/post"}],"author":[{"embeddable":true,"href":"https:\/\/psol50.org.br\/rest\/wp\/v2\/users\/2"}],"replies":[{"embeddable":true,"href":"https:\/\/psol50.org.br\/rest\/wp\/v2\/comments?post=580"}],"version-history":[{"count":0,"href":"https:\/\/psol50.org.br\/rest\/wp\/v2\/posts\/580\/revisions"}],"wp:attachment":[{"href":"https:\/\/psol50.org.br\/rest\/wp\/v2\/media?parent=580"}],"wp:term":[{"taxonomy":"category","embeddable":true,"href":"https:\/\/psol50.org.br\/rest\/wp\/v2\/categories?post=580"},{"taxonomy":"post_tag","embeddable":true,"href":"https:\/\/psol50.org.br\/rest\/wp\/v2\/tags?post=580"}],"curies":[{"name":"wp","href":"https:\/\/api.w.org\/{rel}","templated":true}]}}