{"id":581,"date":"2012-03-15T00:00:00","date_gmt":"2012-03-15T00:00:00","guid":{"rendered":"http:\/\/psol50.org.br\/arquivo\/2012\/03\/15\/angola-media-silenciados-e-opositores-reprimidos\/"},"modified":"2012-03-15T00:00:00","modified_gmt":"2012-03-15T00:00:00","slug":"angola-media-silenciados-e-opositores-reprimidos","status":"publish","type":"post","link":"https:\/\/psol50.org.br\/angola-media-silenciados-e-opositores-reprimidos\/","title":{"rendered":"Angola: Media silenciados e opositores reprimidos"},"content":{"rendered":"<p style=\"text-align: justify\"><em><strong><a href=\"http:\/\/psol50.org.br\/blog\/2012\/03\/15\/angola-media-silenciados-e-opositores-reprimidos\/luaty\/\" rel=\"attachment wp-att-14386\"><img loading=\"lazy\" decoding=\"async\" class=\"aligncenter size-full wp-image-14386\" src=\"http:\/\/psol50.org.br\/files\/2012\/03\/luaty.jpg\" alt=\"\" width=\"400\" height=\"300\" \/><\/a>*Por Louise Redver, da IPS &#8211; Esquerda.Net<\/strong><\/em><\/p>\n<p style=\"text-align: justify\"><em><strong>No dia 12, dois computadores foram apreendidos nos escrit\u00f3rios da Folha 8, uma das poucas publica\u00e7\u00f5es privadas cr\u00edticas do governo. A pol\u00edcia tinha ordem para investigar \u201ccrimes de ultraje contra o Estado\u201d. O fechamento do jornal e o interrogat\u00f3rio de seu editor, William Tonet, que tamb\u00e9m teve confiscada a bateria do seu telem\u00f3vel, aconteceram 48 horas depois que jovens angolanos tentaram realizar manifesta\u00e7\u00f5es em Luanda e na cidade costeira de Benguela.<\/strong><\/em><\/p>\n<p style=\"text-align: justify\">As marchas foram convocadas para protestar contra as irregularidades no processo eleitoral, entre elas a nomea\u00e7\u00e3o de um membro do partido do governo para dirigir a Comiss\u00e3o Nacional de Elei\u00e7\u00f5es. Apenas umas dezenas de pessoas se reuniram em cada cidade, mesmo assim n\u00e3o foi permitido que nenhum protesto completasse o caminho previsto. Em Benguela, pol\u00edcias fortemente armados dispersaram os manifestantes e fizeram v\u00e1rias pris\u00f5es. Em Luanda, onde nos dias anteriores houve relatos de rusgas em domic\u00edlios e amea\u00e7as aos organizadores, grupos armados n\u00e3o identificados realizaram ataques de rua contra os ativistas, com saldo de v\u00e1rias pessoas seriamente feridas.<\/p>\n<p style=\"text-align: justify\">\u201cEstamos especialmente preocupados com o que ocorre em Angola, porque este \u00e9 um ano eleitoral, no qual as pessoas devem ter direito de se expressar livremente\u201d, afirmou Lisa Rimli, da Human Rights Watch. \u201cAs pessoas n\u00e3o podem realizar manifesta\u00e7\u00f5es p\u00fablicas, o que \u00e9 seu direito segundo a Constitui\u00e7\u00e3o, e o facto de os jornais privados serem atacados tamb\u00e9m \u00e9 muito preocupante\u201d, acrescentou esta pesquisadora para Angola da HRW, organiza\u00e7\u00e3o humanit\u00e1ria com sede central em Nova York. Rimli disse estar especialmente alarmada pelo tipo de viol\u00eancia cometida contra os manifestantes. \u201cOs atacantes estavam armados e batiam nas cabe\u00e7as das pessoas. Foi muita sorte ningu\u00e9m morrer\u201d, acrescentou.<\/p>\n<p style=\"text-align: justify\">A Pol\u00edcia Nacional angolana responsabilizou pela viol\u00eancia grupos armados rivais e \u201cv\u00e2ndalos\u201d, e um porta-voz prometeu completa investiga\u00e7\u00e3o dos fatos. Em Luanda come\u00e7ou a circular um panfleto de um suposto grupo juvenil assumindo os ataques e dizendo que seu objetivo era fazer \u201crespeitar as elei\u00e7\u00f5es\u201d e preservar a paz. Por\u00e9m, Luaty Beir\u00e3o, um popular rapper angolano que organizou a marcha em Luanda, e que foi atingido na cabe\u00e7a, declarou que ele e seus amigos foram atacados, na verdade, por membros mascarados de uma for\u00e7a bem treinada.<\/p>\n<p style=\"text-align: justify\">\u201cLogo que chegamos ao local do encontro pudemos ver um grupo de pessoas batendo ao acaso, e vieram at\u00e9 n\u00f3s nos provocando para lutar\u201d, contou Beir\u00e3o \u00e0 IPS. \u201cComo nos negamos, mudaram o tom e disseram que se f\u00f4ssemos embora e cancel\u00e1ssemos a manifesta\u00e7\u00e3o nos deixariam em paz. Tamb\u00e9m nos negamos e, ent\u00e3o, vieram para cima da gente. S\u00f3 lembro de ter recebido um golpe na cabe\u00e7a e cair no ch\u00e3o, e depois ouvir v\u00e1rios disparos para o ar\u201d, acrescentou.<\/p>\n<p style=\"text-align: justify\">Beir\u00e3o, de 30 anos, que recebeu v\u00e1rios pontos na cabe\u00e7a, disse que \u201ca pol\u00edcia n\u00e3o estava em parte alguma, e pela forma como fomos cercados era poss\u00edvel ver que sabiam o que faziam, n\u00e3o eram arruaceiros comuns\u201d. A poucos quil\u00f3metros de dist\u00e2ncia, o secret\u00e1rio-geral do pequeno partido de oposi\u00e7\u00e3o Bloco Democr\u00e1tico, Filomeno Vieira Lopes, que se dirigia ao local do protesto, tamb\u00e9m foi atacado e levado a um hospital com ferimentos na cabe\u00e7a e no bra\u00e7o.<\/p>\n<p style=\"text-align: justify\">\u201cConsiderando que 2012 \u00e9 um ano eleitoral, estes acontecimentos s\u00e3o realmente preocupantes\u201d, disse Sizaltina Cutaia, do escrit\u00f3rio angolano da Iniciativa por uma Sociedade Aberta para a \u00c1frica Austral. \u201cNos revelam a situa\u00e7\u00e3o em que est\u00e1 a participa\u00e7\u00e3o pol\u00edtica em Angola, onde a liberdade de reuni\u00e3o e manifesta\u00e7\u00e3o \u00e9 sistematicamente negada aos cidad\u00e3os. Trata-se de uma verdadeira amea\u00e7a \u00e0 democracia\u201d, afirmou.<\/p>\n<p style=\"text-align: justify\">At\u00e9 agora, os protestos pol\u00edticos eram raros em Angola. Poucos se atreviam a criticar as autoridades por medo de perder seus empregos ou a pouca estabilidade conseguida desde que, em 2002, terminou a guerra civil que durou tr\u00eas d\u00e9cadas. Entretanto, desde mar\u00e7o do ano passado movimentos de jovens come\u00e7aram a sair \u00e0s ruas exigindo uma distribui\u00e7\u00e3o equitativa dos dividendos da paz neste pa\u00eds rico em petr\u00f3leo, e em resposta \u00e0 debilidade da oposi\u00e7\u00e3o no parlamento.<\/p>\n<p style=\"text-align: justify\">Al\u00e9m de se queixarem da desigualdade e da m\u00e1 qualidade dos servi\u00e7os p\u00fablicos, os jovens pedem a ren\u00fancia do presidente Jos\u00e9 Eduardo dos Santos, no poder h\u00e1 32 anos e que comanda o Movimento Popular para a Liberta\u00e7\u00e3o de Angola (MPLA), que governa o pa\u00eds desde sua independ\u00eancia, em 1975. \u201cPara n\u00f3s, o grande problema \u00e9 Santos. Tem que ir embora\u201d, disse Beir\u00e3o. \u201cQueremos que renuncie. Trinta e dois anos \u00e9 muito tempo para um homem governar um pa\u00eds. A juventude est\u00e1 farta do que ocorre aqui. As pessoas podem fingir que est\u00e1 tudo bem, mas n\u00e3o est\u00e1. Nosso pa\u00eds n\u00e3o \u00e9 governado de forma adequada, n\u00e3o h\u00e1 investimento em sa\u00fade nem em educa\u00e7\u00e3o, e muitas pessoas est\u00e3o sofrendo\u201d, destacou.<\/p>\n<p style=\"text-align: justify\">Angola \u00e9 uma das economias de crescimento mais r\u00e1pido na \u00c1frica. A previs\u00e3o \u00e9 que seu produto interno bruto cres\u00e7a 12% este ano. Metade da popula\u00e7\u00e3o, no entanto, permanece na pobreza e sem acesso a \u00e1gua pot\u00e1vel, e o pa\u00eds tem uma das taxas de mortalidade infantil mais altas do mundo: uma em cada cinco crian\u00e7as morre antes de completar cinco anos. \u201cAs pessoas sabem que as coisas n\u00e3o est\u00e3o bem, mas t\u00eam muito medo de perderem empregos e fam\u00edlias\u201d, explicou Beir\u00e3o, cujo pai foi membro do MPLA. \u201cPara mim, os que se mant\u00eam em sil\u00eancio simplesmente s\u00e3o c\u00famplices das injusti\u00e7as que acontecem aqui\u201d, ressaltou.<\/p>\n","protected":false},"excerpt":{"rendered":"<p>*Por Louise Redver, da IPS &#8211; Esquerda.Net No dia 12, dois computadores foram apreendidos nos escrit\u00f3rios da Folha 8, uma das poucas publica\u00e7\u00f5es privadas cr\u00edticas do governo. A pol\u00edcia tinha ordem para investigar \u201ccrimes de ultraje contra o Estado\u201d. O fechamento do jornal e o interrogat\u00f3rio de seu editor, William Tonet, que tamb\u00e9m teve confiscada [&hellip;]<\/p>\n","protected":false},"author":2,"featured_media":0,"comment_status":"open","ping_status":"open","sticky":false,"template":"","format":"standard","meta":{"_acf_changed":false,"footnotes":""},"categories":[4766],"tags":[],"class_list":{"0":"post-581","1":"post","2":"type-post","3":"status-publish","4":"format-standard","6":"category-arquivo"},"acf":[],"yoast_head":"<!-- This site is optimized with the Yoast SEO plugin v26.5 - https:\/\/yoast.com\/wordpress\/plugins\/seo\/ -->\n<title>Angola: Media silenciados e opositores reprimidos - PSOL 50<\/title>\n<meta name=\"robots\" content=\"index, follow, max-snippet:-1, max-image-preview:large, max-video-preview:-1\" \/>\n<link rel=\"canonical\" href=\"https:\/\/psol50.org.br\/angola-media-silenciados-e-opositores-reprimidos\/\" \/>\n<meta property=\"og:locale\" content=\"pt_BR\" \/>\n<meta property=\"og:type\" content=\"article\" \/>\n<meta property=\"og:title\" content=\"Angola: Media silenciados e opositores reprimidos - PSOL 50\" \/>\n<meta property=\"og:description\" content=\"*Por Louise Redver, da IPS &#8211; Esquerda.Net No dia 12, dois computadores foram apreendidos nos escrit\u00f3rios da Folha 8, uma das poucas publica\u00e7\u00f5es privadas cr\u00edticas do governo. A pol\u00edcia tinha ordem para investigar \u201ccrimes de ultraje contra o Estado\u201d. O fechamento do jornal e o interrogat\u00f3rio de seu editor, William Tonet, que tamb\u00e9m teve confiscada [&hellip;]\" \/>\n<meta property=\"og:url\" content=\"https:\/\/psol50.org.br\/angola-media-silenciados-e-opositores-reprimidos\/\" \/>\n<meta property=\"og:site_name\" content=\"PSOL 50\" \/>\n<meta property=\"article:publisher\" content=\"https:\/\/www.facebook.com\/psol50\" \/>\n<meta property=\"article:published_time\" content=\"2012-03-15T00:00:00+00:00\" \/>\n<meta property=\"og:image\" content=\"http:\/\/psol50.org.br\/files\/2012\/03\/luaty.jpg\" \/>\n<meta name=\"author\" content=\"Comunica\u00e7\u00e3o PSOL\" \/>\n<meta name=\"twitter:card\" content=\"summary_large_image\" \/>\n<meta name=\"twitter:creator\" content=\"@psol50\" \/>\n<meta name=\"twitter:site\" content=\"@psol50\" \/>\n<meta name=\"twitter:label1\" content=\"Escrito por\" \/>\n\t<meta name=\"twitter:data1\" content=\"Comunica\u00e7\u00e3o PSOL\" \/>\n\t<meta name=\"twitter:label2\" content=\"Est. tempo de leitura\" \/>\n\t<meta name=\"twitter:data2\" content=\"5 minutos\" \/>\n<script type=\"application\/ld+json\" class=\"yoast-schema-graph\">{\"@context\":\"https:\/\/schema.org\",\"@graph\":[{\"@type\":\"Article\",\"@id\":\"https:\/\/psol50.org.br\/angola-media-silenciados-e-opositores-reprimidos\/#article\",\"isPartOf\":{\"@id\":\"https:\/\/psol50.org.br\/angola-media-silenciados-e-opositores-reprimidos\/\"},\"author\":{\"name\":\"Comunica\u00e7\u00e3o PSOL\",\"@id\":\"https:\/\/psol50.org.br\/#\/schema\/person\/475dfa57d0b815993c714c2e96491fcd\"},\"headline\":\"Angola: Media silenciados e opositores reprimidos\",\"datePublished\":\"2012-03-15T00:00:00+00:00\",\"mainEntityOfPage\":{\"@id\":\"https:\/\/psol50.org.br\/angola-media-silenciados-e-opositores-reprimidos\/\"},\"wordCount\":984,\"commentCount\":0,\"publisher\":{\"@id\":\"https:\/\/psol50.org.br\/#organization\"},\"image\":{\"@id\":\"https:\/\/psol50.org.br\/angola-media-silenciados-e-opositores-reprimidos\/#primaryimage\"},\"thumbnailUrl\":\"http:\/\/psol50.org.br\/files\/2012\/03\/luaty.jpg\",\"articleSection\":[\"Arquivo\"],\"inLanguage\":\"pt-BR\",\"potentialAction\":[{\"@type\":\"CommentAction\",\"name\":\"Comment\",\"target\":[\"https:\/\/psol50.org.br\/angola-media-silenciados-e-opositores-reprimidos\/#respond\"]}]},{\"@type\":\"WebPage\",\"@id\":\"https:\/\/psol50.org.br\/angola-media-silenciados-e-opositores-reprimidos\/\",\"url\":\"https:\/\/psol50.org.br\/angola-media-silenciados-e-opositores-reprimidos\/\",\"name\":\"Angola: Media silenciados e opositores reprimidos - PSOL 50\",\"isPartOf\":{\"@id\":\"https:\/\/psol50.org.br\/#website\"},\"primaryImageOfPage\":{\"@id\":\"https:\/\/psol50.org.br\/angola-media-silenciados-e-opositores-reprimidos\/#primaryimage\"},\"image\":{\"@id\":\"https:\/\/psol50.org.br\/angola-media-silenciados-e-opositores-reprimidos\/#primaryimage\"},\"thumbnailUrl\":\"http:\/\/psol50.org.br\/files\/2012\/03\/luaty.jpg\",\"datePublished\":\"2012-03-15T00:00:00+00:00\",\"breadcrumb\":{\"@id\":\"https:\/\/psol50.org.br\/angola-media-silenciados-e-opositores-reprimidos\/#breadcrumb\"},\"inLanguage\":\"pt-BR\",\"potentialAction\":[{\"@type\":\"ReadAction\",\"target\":[\"https:\/\/psol50.org.br\/angola-media-silenciados-e-opositores-reprimidos\/\"]}]},{\"@type\":\"ImageObject\",\"inLanguage\":\"pt-BR\",\"@id\":\"https:\/\/psol50.org.br\/angola-media-silenciados-e-opositores-reprimidos\/#primaryimage\",\"url\":\"http:\/\/psol50.org.br\/files\/2012\/03\/luaty.jpg\",\"contentUrl\":\"http:\/\/psol50.org.br\/files\/2012\/03\/luaty.jpg\"},{\"@type\":\"BreadcrumbList\",\"@id\":\"https:\/\/psol50.org.br\/angola-media-silenciados-e-opositores-reprimidos\/#breadcrumb\",\"itemListElement\":[{\"@type\":\"ListItem\",\"position\":1,\"name\":\"In\u00edcio\",\"item\":\"https:\/\/psol50.org.br\/\"},{\"@type\":\"ListItem\",\"position\":2,\"name\":\"Angola: Media silenciados e opositores reprimidos\"}]},{\"@type\":\"WebSite\",\"@id\":\"https:\/\/psol50.org.br\/#website\",\"url\":\"https:\/\/psol50.org.br\/\",\"name\":\"PSOL 50\",\"description\":\"Site oficial do Partido Socialismo e Liberdade\",\"publisher\":{\"@id\":\"https:\/\/psol50.org.br\/#organization\"},\"alternateName\":\"PSOL50\",\"potentialAction\":[{\"@type\":\"SearchAction\",\"target\":{\"@type\":\"EntryPoint\",\"urlTemplate\":\"https:\/\/psol50.org.br\/?s={search_term_string}\"},\"query-input\":{\"@type\":\"PropertyValueSpecification\",\"valueRequired\":true,\"valueName\":\"search_term_string\"}}],\"inLanguage\":\"pt-BR\"},{\"@type\":\"Organization\",\"@id\":\"https:\/\/psol50.org.br\/#organization\",\"name\":\"PSOL 50\",\"alternateName\":\"PSOL 50\",\"url\":\"https:\/\/psol50.org.br\/\",\"logo\":{\"@type\":\"ImageObject\",\"inLanguage\":\"pt-BR\",\"@id\":\"https:\/\/psol50.org.br\/#\/schema\/logo\/image\/\",\"url\":\"https:\/\/psol50.org.br\/inc\/uploads\/2018\/07\/capa.png\",\"contentUrl\":\"https:\/\/psol50.org.br\/inc\/uploads\/2018\/07\/capa.png\",\"width\":1350,\"height\":900,\"caption\":\"PSOL 50\"},\"image\":{\"@id\":\"https:\/\/psol50.org.br\/#\/schema\/logo\/image\/\"},\"sameAs\":[\"https:\/\/www.facebook.com\/psol50\",\"https:\/\/x.com\/psol50\",\"https:\/\/www.instagram.com\/psol50\/\",\"https:\/\/www.youtube.com\/channel\/UC7SnJS5o1os7a6CaiNabzcg\"]},{\"@type\":\"Person\",\"@id\":\"https:\/\/psol50.org.br\/#\/schema\/person\/475dfa57d0b815993c714c2e96491fcd\",\"name\":\"Comunica\u00e7\u00e3o PSOL\",\"image\":{\"@type\":\"ImageObject\",\"inLanguage\":\"pt-BR\",\"@id\":\"https:\/\/psol50.org.br\/#\/schema\/person\/image\/\",\"url\":\"https:\/\/secure.gravatar.com\/avatar\/b34fc4f4e468a4e51785917065a3db57b841f5c95dba6ad8c73aaf8f66f8f9bf?s=96&d=mm&r=g\",\"contentUrl\":\"https:\/\/secure.gravatar.com\/avatar\/b34fc4f4e468a4e51785917065a3db57b841f5c95dba6ad8c73aaf8f66f8f9bf?s=96&d=mm&r=g\",\"caption\":\"Comunica\u00e7\u00e3o PSOL\"}}]}<\/script>\n<!-- \/ Yoast SEO plugin. -->","yoast_head_json":{"title":"Angola: Media silenciados e opositores reprimidos - PSOL 50","robots":{"index":"index","follow":"follow","max-snippet":"max-snippet:-1","max-image-preview":"max-image-preview:large","max-video-preview":"max-video-preview:-1"},"canonical":"https:\/\/psol50.org.br\/angola-media-silenciados-e-opositores-reprimidos\/","og_locale":"pt_BR","og_type":"article","og_title":"Angola: Media silenciados e opositores reprimidos - PSOL 50","og_description":"*Por Louise Redver, da IPS &#8211; Esquerda.Net No dia 12, dois computadores foram apreendidos nos escrit\u00f3rios da Folha 8, uma das poucas publica\u00e7\u00f5es privadas cr\u00edticas do governo. A pol\u00edcia tinha ordem para investigar \u201ccrimes de ultraje contra o Estado\u201d. O fechamento do jornal e o interrogat\u00f3rio de seu editor, William Tonet, que tamb\u00e9m teve confiscada [&hellip;]","og_url":"https:\/\/psol50.org.br\/angola-media-silenciados-e-opositores-reprimidos\/","og_site_name":"PSOL 50","article_publisher":"https:\/\/www.facebook.com\/psol50","article_published_time":"2012-03-15T00:00:00+00:00","og_image":[{"url":"http:\/\/psol50.org.br\/files\/2012\/03\/luaty.jpg","type":"","width":"","height":""}],"author":"Comunica\u00e7\u00e3o PSOL","twitter_card":"summary_large_image","twitter_creator":"@psol50","twitter_site":"@psol50","twitter_misc":{"Escrito por":"Comunica\u00e7\u00e3o PSOL","Est. tempo de leitura":"5 minutos"},"schema":{"@context":"https:\/\/schema.org","@graph":[{"@type":"Article","@id":"https:\/\/psol50.org.br\/angola-media-silenciados-e-opositores-reprimidos\/#article","isPartOf":{"@id":"https:\/\/psol50.org.br\/angola-media-silenciados-e-opositores-reprimidos\/"},"author":{"name":"Comunica\u00e7\u00e3o PSOL","@id":"https:\/\/psol50.org.br\/#\/schema\/person\/475dfa57d0b815993c714c2e96491fcd"},"headline":"Angola: Media silenciados e opositores reprimidos","datePublished":"2012-03-15T00:00:00+00:00","mainEntityOfPage":{"@id":"https:\/\/psol50.org.br\/angola-media-silenciados-e-opositores-reprimidos\/"},"wordCount":984,"commentCount":0,"publisher":{"@id":"https:\/\/psol50.org.br\/#organization"},"image":{"@id":"https:\/\/psol50.org.br\/angola-media-silenciados-e-opositores-reprimidos\/#primaryimage"},"thumbnailUrl":"http:\/\/psol50.org.br\/files\/2012\/03\/luaty.jpg","articleSection":["Arquivo"],"inLanguage":"pt-BR","potentialAction":[{"@type":"CommentAction","name":"Comment","target":["https:\/\/psol50.org.br\/angola-media-silenciados-e-opositores-reprimidos\/#respond"]}]},{"@type":"WebPage","@id":"https:\/\/psol50.org.br\/angola-media-silenciados-e-opositores-reprimidos\/","url":"https:\/\/psol50.org.br\/angola-media-silenciados-e-opositores-reprimidos\/","name":"Angola: Media silenciados e opositores reprimidos - PSOL 50","isPartOf":{"@id":"https:\/\/psol50.org.br\/#website"},"primaryImageOfPage":{"@id":"https:\/\/psol50.org.br\/angola-media-silenciados-e-opositores-reprimidos\/#primaryimage"},"image":{"@id":"https:\/\/psol50.org.br\/angola-media-silenciados-e-opositores-reprimidos\/#primaryimage"},"thumbnailUrl":"http:\/\/psol50.org.br\/files\/2012\/03\/luaty.jpg","datePublished":"2012-03-15T00:00:00+00:00","breadcrumb":{"@id":"https:\/\/psol50.org.br\/angola-media-silenciados-e-opositores-reprimidos\/#breadcrumb"},"inLanguage":"pt-BR","potentialAction":[{"@type":"ReadAction","target":["https:\/\/psol50.org.br\/angola-media-silenciados-e-opositores-reprimidos\/"]}]},{"@type":"ImageObject","inLanguage":"pt-BR","@id":"https:\/\/psol50.org.br\/angola-media-silenciados-e-opositores-reprimidos\/#primaryimage","url":"http:\/\/psol50.org.br\/files\/2012\/03\/luaty.jpg","contentUrl":"http:\/\/psol50.org.br\/files\/2012\/03\/luaty.jpg"},{"@type":"BreadcrumbList","@id":"https:\/\/psol50.org.br\/angola-media-silenciados-e-opositores-reprimidos\/#breadcrumb","itemListElement":[{"@type":"ListItem","position":1,"name":"In\u00edcio","item":"https:\/\/psol50.org.br\/"},{"@type":"ListItem","position":2,"name":"Angola: Media silenciados e opositores reprimidos"}]},{"@type":"WebSite","@id":"https:\/\/psol50.org.br\/#website","url":"https:\/\/psol50.org.br\/","name":"PSOL 50","description":"Site oficial do Partido Socialismo e Liberdade","publisher":{"@id":"https:\/\/psol50.org.br\/#organization"},"alternateName":"PSOL50","potentialAction":[{"@type":"SearchAction","target":{"@type":"EntryPoint","urlTemplate":"https:\/\/psol50.org.br\/?s={search_term_string}"},"query-input":{"@type":"PropertyValueSpecification","valueRequired":true,"valueName":"search_term_string"}}],"inLanguage":"pt-BR"},{"@type":"Organization","@id":"https:\/\/psol50.org.br\/#organization","name":"PSOL 50","alternateName":"PSOL 50","url":"https:\/\/psol50.org.br\/","logo":{"@type":"ImageObject","inLanguage":"pt-BR","@id":"https:\/\/psol50.org.br\/#\/schema\/logo\/image\/","url":"https:\/\/psol50.org.br\/inc\/uploads\/2018\/07\/capa.png","contentUrl":"https:\/\/psol50.org.br\/inc\/uploads\/2018\/07\/capa.png","width":1350,"height":900,"caption":"PSOL 50"},"image":{"@id":"https:\/\/psol50.org.br\/#\/schema\/logo\/image\/"},"sameAs":["https:\/\/www.facebook.com\/psol50","https:\/\/x.com\/psol50","https:\/\/www.instagram.com\/psol50\/","https:\/\/www.youtube.com\/channel\/UC7SnJS5o1os7a6CaiNabzcg"]},{"@type":"Person","@id":"https:\/\/psol50.org.br\/#\/schema\/person\/475dfa57d0b815993c714c2e96491fcd","name":"Comunica\u00e7\u00e3o PSOL","image":{"@type":"ImageObject","inLanguage":"pt-BR","@id":"https:\/\/psol50.org.br\/#\/schema\/person\/image\/","url":"https:\/\/secure.gravatar.com\/avatar\/b34fc4f4e468a4e51785917065a3db57b841f5c95dba6ad8c73aaf8f66f8f9bf?s=96&d=mm&r=g","contentUrl":"https:\/\/secure.gravatar.com\/avatar\/b34fc4f4e468a4e51785917065a3db57b841f5c95dba6ad8c73aaf8f66f8f9bf?s=96&d=mm&r=g","caption":"Comunica\u00e7\u00e3o PSOL"}}]}},"_links":{"self":[{"href":"https:\/\/psol50.org.br\/rest\/wp\/v2\/posts\/581","targetHints":{"allow":["GET"]}}],"collection":[{"href":"https:\/\/psol50.org.br\/rest\/wp\/v2\/posts"}],"about":[{"href":"https:\/\/psol50.org.br\/rest\/wp\/v2\/types\/post"}],"author":[{"embeddable":true,"href":"https:\/\/psol50.org.br\/rest\/wp\/v2\/users\/2"}],"replies":[{"embeddable":true,"href":"https:\/\/psol50.org.br\/rest\/wp\/v2\/comments?post=581"}],"version-history":[{"count":0,"href":"https:\/\/psol50.org.br\/rest\/wp\/v2\/posts\/581\/revisions"}],"wp:attachment":[{"href":"https:\/\/psol50.org.br\/rest\/wp\/v2\/media?parent=581"}],"wp:term":[{"taxonomy":"category","embeddable":true,"href":"https:\/\/psol50.org.br\/rest\/wp\/v2\/categories?post=581"},{"taxonomy":"post_tag","embeddable":true,"href":"https:\/\/psol50.org.br\/rest\/wp\/v2\/tags?post=581"}],"curies":[{"name":"wp","href":"https:\/\/api.w.org\/{rel}","templated":true}]}}