{"id":585,"date":"2012-03-22T00:00:00","date_gmt":"2012-03-22T00:00:00","guid":{"rendered":"http:\/\/psol50.org.br\/arquivo\/2012\/03\/22\/todo-o-apoio-a-greve-geral-em-portugal-os-mitos-patronais-e-a-crua-realidade\/"},"modified":"2012-03-22T00:00:00","modified_gmt":"2012-03-22T00:00:00","slug":"todo-o-apoio-a-greve-geral-em-portugal-os-mitos-patronais-e-a-crua-realidade","status":"publish","type":"post","link":"https:\/\/psol50.org.br\/todo-o-apoio-a-greve-geral-em-portugal-os-mitos-patronais-e-a-crua-realidade\/","title":{"rendered":"Todo o apoio \u00e0 greve geral em Portugal: Os mitos patronais e a crua realidade"},"content":{"rendered":"<p style=\"text-align: justify\"><strong><a href=\"http:\/\/psol50.org.br\/blog\/2012\/03\/22\/todo-o-apoio-a-greve-geral-em-portugal-os-mitos-patronais-e-a-crua-realidade\/grevegeral\/\" rel=\"attachment wp-att-14533\"><img loading=\"lazy\" decoding=\"async\" class=\"alignleft size-full wp-image-14533\" src=\"http:\/\/psol50.org.br\/files\/2012\/03\/GreveGeral.jpg\" alt=\"\" width=\"355\" height=\"270\" \/><\/a>*Fonte: Di\u00e1rio Liberdade<\/strong><\/p>\n<p style=\"text-align: justify\">As confedera\u00e7\u00f5es patronais parecem querer inaugurar um novo discurso: \u201cN\u00e3o falemos de crise, falemos do futuro\u201d. Concordante, o ministro das Finan\u00e7as procura animar a malta com progn\u00f3sticos de recupera\u00e7\u00e3o econ\u00f3mica para 2013.<\/p>\n<p style=\"text-align: justify\">Mas a realidade vai-se impondo: a Peugeot-Citro\u00ebn de Mangualde encerrou um turno de labora\u00e7\u00e3o e mandou para a rua 350 trabalhadores de uma assentada; a Carris vai reduzir as carreiras e com isso despede 100 motoristas (al\u00e9m de aumentar os passes sociais); a construtora Soares da Costa foi autorizada pelo governo a despedir 940 trabalhadores (mesmo depois de ter ultrapassado o limite legal para o efeito); a privatiza\u00e7\u00e3o dos Estaleiros Navais de Viana do Castelo p\u00f5e em risco os seus 600 trabalhadores; no Arsenal do Alfeite, praticamente inactivo, teme-se igualmente pelos postos de trabalho; dezenas de milhares de empregados da ind\u00fastria hoteleira e de oper\u00e1rios da constru\u00e7\u00e3o civil est\u00e3o amea\u00e7ados de despedimento por fal\u00eancia das empresas.<\/p>\n<p style=\"text-align: justify\">Esta \u00e9 a realidade que o discurso dos patr\u00f5es e do governo n\u00e3o pode mudar, mas quer disfar\u00e7ar.<\/p>\n<p style=\"text-align: justify\">A propaganda patronal e governamental assenta em mitos: que \u00e9 necess\u00e1rio cumprir \u00e0 risca as imposi\u00e7\u00f5es da <em>troika<\/em> para \u201csermos cred\u00edveis\u201d; que depois do \u201cequil\u00edbrio or\u00e7amental\u201d vir\u00e1 o crescimento econ\u00f3mico; e que o crescimento trar\u00e1 emprego. Como quem diz aos trabalhadores: aguentem s\u00f3 mais um bocadinho.<\/p>\n<p style=\"text-align: justify\">Ora, o programa da <em>troika<\/em> apenas visa garantir o pagamentos das d\u00edvidas aos bancos alem\u00e3es e franceses e baixar de forma duradoura os custos da for\u00e7a de trabalho. Depois, n\u00e3o est\u00e1 \u00e0 vista nenhuma recupera\u00e7\u00e3o econ\u00f3mica europeia ou mundial, de que o capitalismo portugu\u00eas depende em absoluto; e a destrui\u00e7\u00e3o dos sectores produtivos causada pelos cortes or\u00e7amentais ainda agrava mais a quest\u00e3o. Por fim, mesmo que houvesse uma retoma econ\u00f3mica ela seria muito d\u00e9bil e sempre conseguida \u00e0 custa da redu\u00e7\u00e3o da m\u00e3o de obra empregada e de sal\u00e1rios degradados.<\/p>\n<p style=\"text-align: justify\">O objectivo daqueles mitos \u00e9 claro: manter os trabalhadores submissos, dissuadi-los de defenderem os seus interesses, impedi-los de enfrentarem as classes dominantes e de rejeitarem a rapina a que est\u00e3o sujeitos. Reerguer a luta contra o capital \u00e9 o \u00fanica maneira de estancar a ofensiva. \u00c9 o que cabe \u00e0s lutas nas empresas e \u00e0 pr\u00f3xima greve geral, no dia 22 de Mar\u00e7o.<\/p>\n","protected":false},"excerpt":{"rendered":"<p>*Fonte: Di\u00e1rio Liberdade As confedera\u00e7\u00f5es patronais parecem querer inaugurar um novo discurso: \u201cN\u00e3o falemos de crise, falemos do futuro\u201d. Concordante, o ministro das Finan\u00e7as procura animar a malta com progn\u00f3sticos de recupera\u00e7\u00e3o econ\u00f3mica para 2013. Mas a realidade vai-se impondo: a Peugeot-Citro\u00ebn de Mangualde encerrou um turno de labora\u00e7\u00e3o e mandou para a rua 350 [&hellip;]<\/p>\n","protected":false},"author":2,"featured_media":0,"comment_status":"open","ping_status":"open","sticky":false,"template":"","format":"standard","meta":{"_acf_changed":false,"footnotes":""},"categories":[4766,4956],"tags":[515,1216,491],"class_list":{"0":"post-585","1":"post","2":"type-post","3":"status-publish","4":"format-standard","6":"category-arquivo","7":"category-portugal","8":"tag-bloco-de-esquerda","9":"tag-internacional","10":"tag-portugal"},"acf":[],"yoast_head":"<!-- This site is optimized with the Yoast SEO plugin v26.5 - https:\/\/yoast.com\/wordpress\/plugins\/seo\/ -->\n<title>Todo o apoio \u00e0 greve geral em Portugal: Os mitos patronais e a crua realidade - PSOL 50<\/title>\n<meta name=\"robots\" content=\"index, follow, max-snippet:-1, max-image-preview:large, max-video-preview:-1\" \/>\n<link rel=\"canonical\" href=\"https:\/\/psol50.org.br\/todo-o-apoio-a-greve-geral-em-portugal-os-mitos-patronais-e-a-crua-realidade\/\" \/>\n<meta property=\"og:locale\" content=\"pt_BR\" \/>\n<meta property=\"og:type\" content=\"article\" \/>\n<meta property=\"og:title\" content=\"Todo o apoio \u00e0 greve geral em Portugal: Os mitos patronais e a crua realidade - PSOL 50\" \/>\n<meta property=\"og:description\" content=\"*Fonte: Di\u00e1rio Liberdade As confedera\u00e7\u00f5es patronais parecem querer inaugurar um novo discurso: \u201cN\u00e3o falemos de crise, falemos do futuro\u201d. Concordante, o ministro das Finan\u00e7as procura animar a malta com progn\u00f3sticos de recupera\u00e7\u00e3o econ\u00f3mica para 2013. Mas a realidade vai-se impondo: a Peugeot-Citro\u00ebn de Mangualde encerrou um turno de labora\u00e7\u00e3o e mandou para a rua 350 [&hellip;]\" \/>\n<meta property=\"og:url\" content=\"https:\/\/psol50.org.br\/todo-o-apoio-a-greve-geral-em-portugal-os-mitos-patronais-e-a-crua-realidade\/\" \/>\n<meta property=\"og:site_name\" content=\"PSOL 50\" \/>\n<meta property=\"article:publisher\" content=\"https:\/\/www.facebook.com\/psol50\" \/>\n<meta property=\"article:published_time\" content=\"2012-03-22T00:00:00+00:00\" \/>\n<meta property=\"og:image\" content=\"http:\/\/psol50.org.br\/files\/2012\/03\/GreveGeral.jpg\" \/>\n<meta name=\"author\" content=\"Comunica\u00e7\u00e3o PSOL\" \/>\n<meta name=\"twitter:card\" content=\"summary_large_image\" \/>\n<meta name=\"twitter:creator\" content=\"@psol50\" \/>\n<meta name=\"twitter:site\" content=\"@psol50\" \/>\n<meta name=\"twitter:label1\" content=\"Escrito por\" \/>\n\t<meta name=\"twitter:data1\" content=\"Comunica\u00e7\u00e3o PSOL\" \/>\n\t<meta name=\"twitter:label2\" content=\"Est. tempo de leitura\" \/>\n\t<meta name=\"twitter:data2\" content=\"2 minutos\" \/>\n<script type=\"application\/ld+json\" class=\"yoast-schema-graph\">{\"@context\":\"https:\/\/schema.org\",\"@graph\":[{\"@type\":\"Article\",\"@id\":\"https:\/\/psol50.org.br\/todo-o-apoio-a-greve-geral-em-portugal-os-mitos-patronais-e-a-crua-realidade\/#article\",\"isPartOf\":{\"@id\":\"https:\/\/psol50.org.br\/todo-o-apoio-a-greve-geral-em-portugal-os-mitos-patronais-e-a-crua-realidade\/\"},\"author\":{\"name\":\"Comunica\u00e7\u00e3o PSOL\",\"@id\":\"https:\/\/psol50.org.br\/#\/schema\/person\/475dfa57d0b815993c714c2e96491fcd\"},\"headline\":\"Todo o apoio \u00e0 greve geral em Portugal: Os mitos patronais e a crua realidade\",\"datePublished\":\"2012-03-22T00:00:00+00:00\",\"mainEntityOfPage\":{\"@id\":\"https:\/\/psol50.org.br\/todo-o-apoio-a-greve-geral-em-portugal-os-mitos-patronais-e-a-crua-realidade\/\"},\"wordCount\":412,\"commentCount\":0,\"publisher\":{\"@id\":\"https:\/\/psol50.org.br\/#organization\"},\"image\":{\"@id\":\"https:\/\/psol50.org.br\/todo-o-apoio-a-greve-geral-em-portugal-os-mitos-patronais-e-a-crua-realidade\/#primaryimage\"},\"thumbnailUrl\":\"http:\/\/psol50.org.br\/files\/2012\/03\/GreveGeral.jpg\",\"keywords\":[\"Bloco de Esquerda\",\"Internacional\",\"Portugal\"],\"articleSection\":[\"Arquivo\",\"Portugal\"],\"inLanguage\":\"pt-BR\",\"potentialAction\":[{\"@type\":\"CommentAction\",\"name\":\"Comment\",\"target\":[\"https:\/\/psol50.org.br\/todo-o-apoio-a-greve-geral-em-portugal-os-mitos-patronais-e-a-crua-realidade\/#respond\"]}]},{\"@type\":\"WebPage\",\"@id\":\"https:\/\/psol50.org.br\/todo-o-apoio-a-greve-geral-em-portugal-os-mitos-patronais-e-a-crua-realidade\/\",\"url\":\"https:\/\/psol50.org.br\/todo-o-apoio-a-greve-geral-em-portugal-os-mitos-patronais-e-a-crua-realidade\/\",\"name\":\"Todo o apoio \u00e0 greve geral em Portugal: Os mitos patronais e a crua realidade - PSOL 50\",\"isPartOf\":{\"@id\":\"https:\/\/psol50.org.br\/#website\"},\"primaryImageOfPage\":{\"@id\":\"https:\/\/psol50.org.br\/todo-o-apoio-a-greve-geral-em-portugal-os-mitos-patronais-e-a-crua-realidade\/#primaryimage\"},\"image\":{\"@id\":\"https:\/\/psol50.org.br\/todo-o-apoio-a-greve-geral-em-portugal-os-mitos-patronais-e-a-crua-realidade\/#primaryimage\"},\"thumbnailUrl\":\"http:\/\/psol50.org.br\/files\/2012\/03\/GreveGeral.jpg\",\"datePublished\":\"2012-03-22T00:00:00+00:00\",\"breadcrumb\":{\"@id\":\"https:\/\/psol50.org.br\/todo-o-apoio-a-greve-geral-em-portugal-os-mitos-patronais-e-a-crua-realidade\/#breadcrumb\"},\"inLanguage\":\"pt-BR\",\"potentialAction\":[{\"@type\":\"ReadAction\",\"target\":[\"https:\/\/psol50.org.br\/todo-o-apoio-a-greve-geral-em-portugal-os-mitos-patronais-e-a-crua-realidade\/\"]}]},{\"@type\":\"ImageObject\",\"inLanguage\":\"pt-BR\",\"@id\":\"https:\/\/psol50.org.br\/todo-o-apoio-a-greve-geral-em-portugal-os-mitos-patronais-e-a-crua-realidade\/#primaryimage\",\"url\":\"http:\/\/psol50.org.br\/files\/2012\/03\/GreveGeral.jpg\",\"contentUrl\":\"http:\/\/psol50.org.br\/files\/2012\/03\/GreveGeral.jpg\"},{\"@type\":\"BreadcrumbList\",\"@id\":\"https:\/\/psol50.org.br\/todo-o-apoio-a-greve-geral-em-portugal-os-mitos-patronais-e-a-crua-realidade\/#breadcrumb\",\"itemListElement\":[{\"@type\":\"ListItem\",\"position\":1,\"name\":\"In\u00edcio\",\"item\":\"https:\/\/psol50.org.br\/\"},{\"@type\":\"ListItem\",\"position\":2,\"name\":\"Todo o apoio \u00e0 greve geral em Portugal: Os mitos patronais e a crua realidade\"}]},{\"@type\":\"WebSite\",\"@id\":\"https:\/\/psol50.org.br\/#website\",\"url\":\"https:\/\/psol50.org.br\/\",\"name\":\"PSOL 50\",\"description\":\"Site oficial do Partido Socialismo e Liberdade\",\"publisher\":{\"@id\":\"https:\/\/psol50.org.br\/#organization\"},\"alternateName\":\"PSOL50\",\"potentialAction\":[{\"@type\":\"SearchAction\",\"target\":{\"@type\":\"EntryPoint\",\"urlTemplate\":\"https:\/\/psol50.org.br\/?s={search_term_string}\"},\"query-input\":{\"@type\":\"PropertyValueSpecification\",\"valueRequired\":true,\"valueName\":\"search_term_string\"}}],\"inLanguage\":\"pt-BR\"},{\"@type\":\"Organization\",\"@id\":\"https:\/\/psol50.org.br\/#organization\",\"name\":\"PSOL 50\",\"alternateName\":\"PSOL 50\",\"url\":\"https:\/\/psol50.org.br\/\",\"logo\":{\"@type\":\"ImageObject\",\"inLanguage\":\"pt-BR\",\"@id\":\"https:\/\/psol50.org.br\/#\/schema\/logo\/image\/\",\"url\":\"https:\/\/psol50.org.br\/inc\/uploads\/2018\/07\/capa.png\",\"contentUrl\":\"https:\/\/psol50.org.br\/inc\/uploads\/2018\/07\/capa.png\",\"width\":1350,\"height\":900,\"caption\":\"PSOL 50\"},\"image\":{\"@id\":\"https:\/\/psol50.org.br\/#\/schema\/logo\/image\/\"},\"sameAs\":[\"https:\/\/www.facebook.com\/psol50\",\"https:\/\/x.com\/psol50\",\"https:\/\/www.instagram.com\/psol50\/\",\"https:\/\/www.youtube.com\/channel\/UC7SnJS5o1os7a6CaiNabzcg\"]},{\"@type\":\"Person\",\"@id\":\"https:\/\/psol50.org.br\/#\/schema\/person\/475dfa57d0b815993c714c2e96491fcd\",\"name\":\"Comunica\u00e7\u00e3o PSOL\",\"image\":{\"@type\":\"ImageObject\",\"inLanguage\":\"pt-BR\",\"@id\":\"https:\/\/psol50.org.br\/#\/schema\/person\/image\/\",\"url\":\"https:\/\/secure.gravatar.com\/avatar\/b34fc4f4e468a4e51785917065a3db57b841f5c95dba6ad8c73aaf8f66f8f9bf?s=96&d=mm&r=g\",\"contentUrl\":\"https:\/\/secure.gravatar.com\/avatar\/b34fc4f4e468a4e51785917065a3db57b841f5c95dba6ad8c73aaf8f66f8f9bf?s=96&d=mm&r=g\",\"caption\":\"Comunica\u00e7\u00e3o PSOL\"}}]}<\/script>\n<!-- \/ Yoast SEO plugin. -->","yoast_head_json":{"title":"Todo o apoio \u00e0 greve geral em Portugal: Os mitos patronais e a crua realidade - PSOL 50","robots":{"index":"index","follow":"follow","max-snippet":"max-snippet:-1","max-image-preview":"max-image-preview:large","max-video-preview":"max-video-preview:-1"},"canonical":"https:\/\/psol50.org.br\/todo-o-apoio-a-greve-geral-em-portugal-os-mitos-patronais-e-a-crua-realidade\/","og_locale":"pt_BR","og_type":"article","og_title":"Todo o apoio \u00e0 greve geral em Portugal: Os mitos patronais e a crua realidade - PSOL 50","og_description":"*Fonte: Di\u00e1rio Liberdade As confedera\u00e7\u00f5es patronais parecem querer inaugurar um novo discurso: \u201cN\u00e3o falemos de crise, falemos do futuro\u201d. Concordante, o ministro das Finan\u00e7as procura animar a malta com progn\u00f3sticos de recupera\u00e7\u00e3o econ\u00f3mica para 2013. Mas a realidade vai-se impondo: a Peugeot-Citro\u00ebn de Mangualde encerrou um turno de labora\u00e7\u00e3o e mandou para a rua 350 [&hellip;]","og_url":"https:\/\/psol50.org.br\/todo-o-apoio-a-greve-geral-em-portugal-os-mitos-patronais-e-a-crua-realidade\/","og_site_name":"PSOL 50","article_publisher":"https:\/\/www.facebook.com\/psol50","article_published_time":"2012-03-22T00:00:00+00:00","og_image":[{"url":"http:\/\/psol50.org.br\/files\/2012\/03\/GreveGeral.jpg","type":"","width":"","height":""}],"author":"Comunica\u00e7\u00e3o PSOL","twitter_card":"summary_large_image","twitter_creator":"@psol50","twitter_site":"@psol50","twitter_misc":{"Escrito por":"Comunica\u00e7\u00e3o PSOL","Est. tempo de leitura":"2 minutos"},"schema":{"@context":"https:\/\/schema.org","@graph":[{"@type":"Article","@id":"https:\/\/psol50.org.br\/todo-o-apoio-a-greve-geral-em-portugal-os-mitos-patronais-e-a-crua-realidade\/#article","isPartOf":{"@id":"https:\/\/psol50.org.br\/todo-o-apoio-a-greve-geral-em-portugal-os-mitos-patronais-e-a-crua-realidade\/"},"author":{"name":"Comunica\u00e7\u00e3o PSOL","@id":"https:\/\/psol50.org.br\/#\/schema\/person\/475dfa57d0b815993c714c2e96491fcd"},"headline":"Todo o apoio \u00e0 greve geral em Portugal: Os mitos patronais e a crua realidade","datePublished":"2012-03-22T00:00:00+00:00","mainEntityOfPage":{"@id":"https:\/\/psol50.org.br\/todo-o-apoio-a-greve-geral-em-portugal-os-mitos-patronais-e-a-crua-realidade\/"},"wordCount":412,"commentCount":0,"publisher":{"@id":"https:\/\/psol50.org.br\/#organization"},"image":{"@id":"https:\/\/psol50.org.br\/todo-o-apoio-a-greve-geral-em-portugal-os-mitos-patronais-e-a-crua-realidade\/#primaryimage"},"thumbnailUrl":"http:\/\/psol50.org.br\/files\/2012\/03\/GreveGeral.jpg","keywords":["Bloco de Esquerda","Internacional","Portugal"],"articleSection":["Arquivo","Portugal"],"inLanguage":"pt-BR","potentialAction":[{"@type":"CommentAction","name":"Comment","target":["https:\/\/psol50.org.br\/todo-o-apoio-a-greve-geral-em-portugal-os-mitos-patronais-e-a-crua-realidade\/#respond"]}]},{"@type":"WebPage","@id":"https:\/\/psol50.org.br\/todo-o-apoio-a-greve-geral-em-portugal-os-mitos-patronais-e-a-crua-realidade\/","url":"https:\/\/psol50.org.br\/todo-o-apoio-a-greve-geral-em-portugal-os-mitos-patronais-e-a-crua-realidade\/","name":"Todo o apoio \u00e0 greve geral em Portugal: Os mitos patronais e a crua realidade - PSOL 50","isPartOf":{"@id":"https:\/\/psol50.org.br\/#website"},"primaryImageOfPage":{"@id":"https:\/\/psol50.org.br\/todo-o-apoio-a-greve-geral-em-portugal-os-mitos-patronais-e-a-crua-realidade\/#primaryimage"},"image":{"@id":"https:\/\/psol50.org.br\/todo-o-apoio-a-greve-geral-em-portugal-os-mitos-patronais-e-a-crua-realidade\/#primaryimage"},"thumbnailUrl":"http:\/\/psol50.org.br\/files\/2012\/03\/GreveGeral.jpg","datePublished":"2012-03-22T00:00:00+00:00","breadcrumb":{"@id":"https:\/\/psol50.org.br\/todo-o-apoio-a-greve-geral-em-portugal-os-mitos-patronais-e-a-crua-realidade\/#breadcrumb"},"inLanguage":"pt-BR","potentialAction":[{"@type":"ReadAction","target":["https:\/\/psol50.org.br\/todo-o-apoio-a-greve-geral-em-portugal-os-mitos-patronais-e-a-crua-realidade\/"]}]},{"@type":"ImageObject","inLanguage":"pt-BR","@id":"https:\/\/psol50.org.br\/todo-o-apoio-a-greve-geral-em-portugal-os-mitos-patronais-e-a-crua-realidade\/#primaryimage","url":"http:\/\/psol50.org.br\/files\/2012\/03\/GreveGeral.jpg","contentUrl":"http:\/\/psol50.org.br\/files\/2012\/03\/GreveGeral.jpg"},{"@type":"BreadcrumbList","@id":"https:\/\/psol50.org.br\/todo-o-apoio-a-greve-geral-em-portugal-os-mitos-patronais-e-a-crua-realidade\/#breadcrumb","itemListElement":[{"@type":"ListItem","position":1,"name":"In\u00edcio","item":"https:\/\/psol50.org.br\/"},{"@type":"ListItem","position":2,"name":"Todo o apoio \u00e0 greve geral em Portugal: Os mitos patronais e a crua realidade"}]},{"@type":"WebSite","@id":"https:\/\/psol50.org.br\/#website","url":"https:\/\/psol50.org.br\/","name":"PSOL 50","description":"Site oficial do Partido Socialismo e Liberdade","publisher":{"@id":"https:\/\/psol50.org.br\/#organization"},"alternateName":"PSOL50","potentialAction":[{"@type":"SearchAction","target":{"@type":"EntryPoint","urlTemplate":"https:\/\/psol50.org.br\/?s={search_term_string}"},"query-input":{"@type":"PropertyValueSpecification","valueRequired":true,"valueName":"search_term_string"}}],"inLanguage":"pt-BR"},{"@type":"Organization","@id":"https:\/\/psol50.org.br\/#organization","name":"PSOL 50","alternateName":"PSOL 50","url":"https:\/\/psol50.org.br\/","logo":{"@type":"ImageObject","inLanguage":"pt-BR","@id":"https:\/\/psol50.org.br\/#\/schema\/logo\/image\/","url":"https:\/\/psol50.org.br\/inc\/uploads\/2018\/07\/capa.png","contentUrl":"https:\/\/psol50.org.br\/inc\/uploads\/2018\/07\/capa.png","width":1350,"height":900,"caption":"PSOL 50"},"image":{"@id":"https:\/\/psol50.org.br\/#\/schema\/logo\/image\/"},"sameAs":["https:\/\/www.facebook.com\/psol50","https:\/\/x.com\/psol50","https:\/\/www.instagram.com\/psol50\/","https:\/\/www.youtube.com\/channel\/UC7SnJS5o1os7a6CaiNabzcg"]},{"@type":"Person","@id":"https:\/\/psol50.org.br\/#\/schema\/person\/475dfa57d0b815993c714c2e96491fcd","name":"Comunica\u00e7\u00e3o PSOL","image":{"@type":"ImageObject","inLanguage":"pt-BR","@id":"https:\/\/psol50.org.br\/#\/schema\/person\/image\/","url":"https:\/\/secure.gravatar.com\/avatar\/b34fc4f4e468a4e51785917065a3db57b841f5c95dba6ad8c73aaf8f66f8f9bf?s=96&d=mm&r=g","contentUrl":"https:\/\/secure.gravatar.com\/avatar\/b34fc4f4e468a4e51785917065a3db57b841f5c95dba6ad8c73aaf8f66f8f9bf?s=96&d=mm&r=g","caption":"Comunica\u00e7\u00e3o PSOL"}}]}},"_links":{"self":[{"href":"https:\/\/psol50.org.br\/rest\/wp\/v2\/posts\/585","targetHints":{"allow":["GET"]}}],"collection":[{"href":"https:\/\/psol50.org.br\/rest\/wp\/v2\/posts"}],"about":[{"href":"https:\/\/psol50.org.br\/rest\/wp\/v2\/types\/post"}],"author":[{"embeddable":true,"href":"https:\/\/psol50.org.br\/rest\/wp\/v2\/users\/2"}],"replies":[{"embeddable":true,"href":"https:\/\/psol50.org.br\/rest\/wp\/v2\/comments?post=585"}],"version-history":[{"count":0,"href":"https:\/\/psol50.org.br\/rest\/wp\/v2\/posts\/585\/revisions"}],"wp:attachment":[{"href":"https:\/\/psol50.org.br\/rest\/wp\/v2\/media?parent=585"}],"wp:term":[{"taxonomy":"category","embeddable":true,"href":"https:\/\/psol50.org.br\/rest\/wp\/v2\/categories?post=585"},{"taxonomy":"post_tag","embeddable":true,"href":"https:\/\/psol50.org.br\/rest\/wp\/v2\/tags?post=585"}],"curies":[{"name":"wp","href":"https:\/\/api.w.org\/{rel}","templated":true}]}}