{"id":587,"date":"2012-03-29T00:00:00","date_gmt":"2012-03-29T00:00:00","guid":{"rendered":"http:\/\/psol50.org.br\/arquivo\/2012\/03\/29\/espanha-as-razoes-para-a-greve-geral\/"},"modified":"2012-03-29T00:00:00","modified_gmt":"2012-03-29T00:00:00","slug":"espanha-as-razoes-para-a-greve-geral","status":"publish","type":"post","link":"https:\/\/psol50.org.br\/espanha-as-razoes-para-a-greve-geral\/","title":{"rendered":"Espanha: As raz\u00f5es para a greve geral"},"content":{"rendered":"<p style=\"text-align: justify\"><strong><a href=\"http:\/\/psol50.org.br\/blog\/2012\/03\/29\/espanha-as-razoes-para-a-greve-geral\/grevegeralespanha1_por_j-cortello_4\/\" rel=\"attachment wp-att-14637\"><img loading=\"lazy\" decoding=\"async\" class=\"aligncenter size-full wp-image-14637\" src=\"http:\/\/psol50.org.br\/files\/2012\/03\/grevegeralespanha1_por_J-Cortello_4.jpg\" alt=\"\" width=\"400\" height=\"265\" \/><\/a>*Por Vicen\u00e7 Navarro<\/strong><\/p>\n<p style=\"text-align: justify\">Olhe-se como se olhar, muitas das pol\u00edticas p\u00fablicas do governo do Partido Popular t\u00eam como objetivo diminuir os sal\u00e1rios e reduzir a prote\u00e7\u00e3o social. Tal objetivo justifica-se com o argumento de que h\u00e1 que recuperar a confian\u00e7a dos \u201cmercados financeiros\u201d, temerosos de que o elevado d\u00e9fice do Estado espanhol impossibilite o pagamento dos juros da d\u00edvida p\u00fablica, criando um grave problema para o Estado, pois n\u00e3o poder\u00e1 conseguir dinheiro emprestado aos tais mercados para realizar as suas fun\u00e7\u00f5es.<\/p>\n<p style=\"text-align: justify\">Esta justifica\u00e7\u00e3o adquiriu a dimens\u00e3o de dogma, imposto pelas autoridades que regem a Eurozona e a Uni\u00e3o Europeia. Na realidade, as tais autoridades j\u00e1 nomearam um supervisor para instruir o governo espanhol sobre quando e como alcan\u00e7ar esses objetivos, convertendo a Espanha num protetorado, com uma escassa soberania e capacidade de decis\u00e3o nacional. Tal argumento requer para a sua sustentabilidade que a popula\u00e7\u00e3o creia que essas medidas, que s\u00e3o altamente impopulares, s\u00e3o necess\u00e1rias para recuperar o seu bem estar, apresentando-as como as \u00fanicas poss\u00edveis.<\/p>\n<p style=\"text-align: justify\">O que a cidadania deveria conhecer (e n\u00e3o \u00e9 f\u00e1cil que conhe\u00e7a, devido \u00e0 escass\u00edssima diversidade ideol\u00f3gica existente nos meios de informa\u00e7\u00e3o e persuas\u00e3o do pa\u00eds) \u00e9 que cada um dos pressupostos que sust\u00eam a tal justifica\u00e7\u00e3o \u00e9 err\u00f3neo. A evid\u00eancia cient\u00edfica amplamente dispon\u00edvel mostra os seguintes factos:<\/p>\n<p style=\"text-align: justify\">&#8211; A falta de confian\u00e7a dos chamados mercados financeiros para com a economia espanhola n\u00e3o se deve, neste momento, ao \u201cexcessivo d\u00e9fice\u201d ou \u00e0 \u201cexcessiva d\u00edvida p\u00fablica\u201d (mais baixa que a de Alemanha), mas ao escasso crescimento econ\u00f3mico, que piorar\u00e1 com as medidas dos cortes da despesa p\u00fablica (incluindo a despesa p\u00fablica social) e do emprego p\u00fablico, e com a redu\u00e7\u00e3o dos sal\u00e1rios. A evid\u00eancia de que tais medidas piorar\u00e3o a situa\u00e7\u00e3o econ\u00f3mica \u00e9 esmagadora. Passou-se na Gr\u00e9cia, est\u00e1 a passar em Portugal e acontece tamb\u00e9m em Espanha.<\/p>\n<p style=\"text-align: justify\">&#8211; Os juros da d\u00edvida p\u00fablica s\u00e3o altamente influenciados pelo comportamento do Banco Central Europeu (BCE), o qual \u00e9, na realidade, mais um l\u00f3bi da banca do que um banco central. O BCE est\u00e1 a ajudar massivamente a banca europeia (incluindo a banca espanhola) \u00e0 custa de n\u00e3o ajudar os Estados. Se o Banco Central Europeu fosse um banco central, Espanha e os outros pa\u00edses perif\u00e9ricos da Eurozona n\u00e3o teriam o problema que t\u00eam em poder vender d\u00edvida p\u00fablica, pois esse banco compraria tanto quanto fosse necess\u00e1rio para baixar os seus juros. Ora bem, o facto de o Banco Central Europeu n\u00e3o intervir e ajudar os Estados comprando d\u00edvida p\u00fablica diretamente, \u00e9 precisamente para beneficiar os bancos. A prova de que isto \u00e9 assim \u00e9 tamb\u00e9m esmagadora.<\/p>\n<p style=\"text-align: justify\">&#8211; Na realidade, o elevado desemprego de Espanha n\u00e3o se deve, nem \u00e0s \u201csupostas\u201d rigidezes do mercado de trabalho, nem \u00e0 \u201cexcessiva\u201d prote\u00e7\u00e3o social. Espanha foi, em 2011, junto com os EUA e a Irlanda, o pa\u00eds onde proporcionalmente se despediram mais trabalhadores, tanto fixos como tempor\u00e1rios. E a despesa p\u00fablica social por habitante \u00e9 a mais baixa da UE-15 (grupo de pa\u00edses com o n\u00edvel de desenvolvimento econ\u00f3mico semelhante ao espanhol). A evid\u00eancia cient\u00edfica de que os cortes sociais e as reformas do mercado laboral n\u00e3o s\u00f3 n\u00e3o criaram emprego como o destru\u00edram \u00e9 contundente e esmagadora.<\/p>\n<p style=\"text-align: justify\">A pergunta que o leitor far\u00e1 \u00e9: ent\u00e3o, porque \u00e9 que o Partido Popular faz tais pol\u00edticas? A resposta \u00e9: os interesses que representam \u2013 a banca e o grande patronato \u2013 est\u00e3o a ser beneficiados com estas pol\u00edticas. Na realidade, est\u00e3o a conseguir o que sempre tinham desejado. Est\u00e3o a utilizar a crise que eles criaram (e muito especialmente, a banca) para alcan\u00e7ar o que sempre quiseram, quer dizer, baixar os sal\u00e1rios, diminuir a prote\u00e7\u00e3o social e privatizar o Estado do Bem Estar. E est\u00e3o a faz\u00ea-lo sem que houvesse mandato popular. Na realidade, tinham negado que fariam cada uma das medidas que agora est\u00e3o a implementar. Este insulto democr\u00e1tico deve ser denunciado em democracia. E a maneira de responder \u00e9 com uma greve geral.<\/p>\n<p style=\"text-align: justify\">Uma \u00faltima observa\u00e7\u00e3o. N\u00e3o \u00e9 por acaso que os pa\u00edses que t\u00eam maiores problemas econ\u00f3micos e financeiros na Eurozona s\u00e3o aqueles que foram dominados, por per\u00edodos muito longos da sua hist\u00f3ria, por for\u00e7as conservadoras: Gr\u00e9cia, Portugal e Espanha. Nestes pa\u00edses, os Estados foram influenciados, em grande medida, pela banca, o grande patronato e as grandes fortunas, o que explica a regress\u00e3o das suas pol\u00edticas fiscais e a grande fraude fiscal. Segundo os t\u00e9cnicos da Ag\u00eancia Tribut\u00e1ria do Estado espanhol, 72% de toda a fraude fiscal em Espanha \u00e9 realizada por estes grupos, cuja influ\u00eancia sobre o Estado \u00e9 enorme. Esta situa\u00e7\u00e3o explica a pobreza do Estado espanhol (tanto central, como auton\u00f3mico e municipal), a sua d\u00edvida p\u00fablica e o subdesenvolvimento do seu Estado do Bem Estar. S\u00e3o estas mesmas for\u00e7as financeiras e econ\u00f3micas que agora est\u00e3o a impor essas pol\u00edticas, com o apoio das elites governantes da zona Euro. Da\u00ed que uma greve geral seja tamb\u00e9m a continua\u00e7\u00e3o de uma longa hist\u00f3ria para recuperar a democracia e o bem estar da cidadania, denunciando os respons\u00e1veis, dentro e fora de Espanha, do seu escasso desenvolvimento social.<\/p>\n<p style=\"text-align: justify\">Vicen\u00e7 Navarro \u00e9 professor de Ci\u00eancia Pol\u00edtica na Universidade Pompeu Fabra, em Barcelona, e ex-professor de Economia na Universidade de Barcelona. \u00c9 direor do Observat\u00f3rio Social de Espanha, um centro de investiga\u00e7\u00e3o sobre qualidade de vida.<br \/>\n<a href=\"http:\/\/www.esquerda.net\/artigo\/espanha-raz%C3%B5es-para-greve-geral\/22542\"><br \/>\n<strong>*Tradu\u00e7\u00e3o de Ant\u00f3nio Jos\u00e9 Andr\u00e9 para o Esquerda.net<\/strong><\/a><\/p>\n","protected":false},"excerpt":{"rendered":"<p>*Por Vicen\u00e7 Navarro Olhe-se como se olhar, muitas das pol\u00edticas p\u00fablicas do governo do Partido Popular t\u00eam como objetivo diminuir os sal\u00e1rios e reduzir a prote\u00e7\u00e3o social. Tal objetivo justifica-se com o argumento de que h\u00e1 que recuperar a confian\u00e7a dos \u201cmercados financeiros\u201d, temerosos de que o elevado d\u00e9fice do Estado espanhol impossibilite o pagamento [&hellip;]<\/p>\n","protected":false},"author":2,"featured_media":0,"comment_status":"open","ping_status":"open","sticky":false,"template":"","format":"standard","meta":{"_acf_changed":false,"footnotes":""},"categories":[4766,3605,836],"tags":[2753,790,1216,2138],"class_list":{"0":"post-587","1":"post","2":"type-post","3":"status-publish","4":"format-standard","7":"category-espanha","9":"tag-espanha","10":"tag-esquerda","11":"tag-internacional","12":"tag-podemos"},"acf":[],"yoast_head":"<!-- This site is optimized with the Yoast SEO plugin v26.5 - https:\/\/yoast.com\/wordpress\/plugins\/seo\/ -->\n<title>Espanha: As raz\u00f5es para a greve geral - PSOL 50<\/title>\n<meta name=\"robots\" content=\"index, follow, max-snippet:-1, max-image-preview:large, max-video-preview:-1\" \/>\n<link rel=\"canonical\" href=\"https:\/\/psol50.org.br\/espanha-as-razoes-para-a-greve-geral\/\" \/>\n<meta property=\"og:locale\" content=\"pt_BR\" \/>\n<meta property=\"og:type\" content=\"article\" \/>\n<meta property=\"og:title\" content=\"Espanha: As raz\u00f5es para a greve geral - PSOL 50\" \/>\n<meta property=\"og:description\" content=\"*Por Vicen\u00e7 Navarro Olhe-se como se olhar, muitas das pol\u00edticas p\u00fablicas do governo do Partido Popular t\u00eam como objetivo diminuir os sal\u00e1rios e reduzir a prote\u00e7\u00e3o social. Tal objetivo justifica-se com o argumento de que h\u00e1 que recuperar a confian\u00e7a dos \u201cmercados financeiros\u201d, temerosos de que o elevado d\u00e9fice do Estado espanhol impossibilite o pagamento [&hellip;]\" \/>\n<meta property=\"og:url\" content=\"https:\/\/psol50.org.br\/espanha-as-razoes-para-a-greve-geral\/\" \/>\n<meta property=\"og:site_name\" content=\"PSOL 50\" \/>\n<meta property=\"article:publisher\" content=\"https:\/\/www.facebook.com\/psol50\" \/>\n<meta property=\"article:published_time\" content=\"2012-03-29T00:00:00+00:00\" \/>\n<meta property=\"og:image\" content=\"http:\/\/psol50.org.br\/files\/2012\/03\/grevegeralespanha1_por_J-Cortello_4.jpg\" \/>\n<meta name=\"author\" content=\"Comunica\u00e7\u00e3o PSOL\" \/>\n<meta name=\"twitter:card\" content=\"summary_large_image\" \/>\n<meta name=\"twitter:creator\" content=\"@psol50\" \/>\n<meta name=\"twitter:site\" content=\"@psol50\" \/>\n<meta name=\"twitter:label1\" content=\"Escrito por\" \/>\n\t<meta name=\"twitter:data1\" content=\"Comunica\u00e7\u00e3o PSOL\" \/>\n\t<meta name=\"twitter:label2\" content=\"Est. tempo de leitura\" \/>\n\t<meta name=\"twitter:data2\" content=\"5 minutos\" \/>\n<script type=\"application\/ld+json\" class=\"yoast-schema-graph\">{\"@context\":\"https:\/\/schema.org\",\"@graph\":[{\"@type\":\"Article\",\"@id\":\"https:\/\/psol50.org.br\/espanha-as-razoes-para-a-greve-geral\/#article\",\"isPartOf\":{\"@id\":\"https:\/\/psol50.org.br\/espanha-as-razoes-para-a-greve-geral\/\"},\"author\":{\"name\":\"Comunica\u00e7\u00e3o PSOL\",\"@id\":\"https:\/\/psol50.org.br\/#\/schema\/person\/475dfa57d0b815993c714c2e96491fcd\"},\"headline\":\"Espanha: As raz\u00f5es para a greve geral\",\"datePublished\":\"2012-03-29T00:00:00+00:00\",\"mainEntityOfPage\":{\"@id\":\"https:\/\/psol50.org.br\/espanha-as-razoes-para-a-greve-geral\/\"},\"wordCount\":993,\"commentCount\":0,\"publisher\":{\"@id\":\"https:\/\/psol50.org.br\/#organization\"},\"image\":{\"@id\":\"https:\/\/psol50.org.br\/espanha-as-razoes-para-a-greve-geral\/#primaryimage\"},\"thumbnailUrl\":\"http:\/\/psol50.org.br\/files\/2012\/03\/grevegeralespanha1_por_J-Cortello_4.jpg\",\"keywords\":[\"Espanha\",\"esquerda\",\"Internacional\",\"Podemos\"],\"articleSection\":[\"Arquivo\",\"Espanha\",\"Internacional\"],\"inLanguage\":\"pt-BR\",\"potentialAction\":[{\"@type\":\"CommentAction\",\"name\":\"Comment\",\"target\":[\"https:\/\/psol50.org.br\/espanha-as-razoes-para-a-greve-geral\/#respond\"]}]},{\"@type\":\"WebPage\",\"@id\":\"https:\/\/psol50.org.br\/espanha-as-razoes-para-a-greve-geral\/\",\"url\":\"https:\/\/psol50.org.br\/espanha-as-razoes-para-a-greve-geral\/\",\"name\":\"Espanha: As raz\u00f5es para a greve geral - PSOL 50\",\"isPartOf\":{\"@id\":\"https:\/\/psol50.org.br\/#website\"},\"primaryImageOfPage\":{\"@id\":\"https:\/\/psol50.org.br\/espanha-as-razoes-para-a-greve-geral\/#primaryimage\"},\"image\":{\"@id\":\"https:\/\/psol50.org.br\/espanha-as-razoes-para-a-greve-geral\/#primaryimage\"},\"thumbnailUrl\":\"http:\/\/psol50.org.br\/files\/2012\/03\/grevegeralespanha1_por_J-Cortello_4.jpg\",\"datePublished\":\"2012-03-29T00:00:00+00:00\",\"breadcrumb\":{\"@id\":\"https:\/\/psol50.org.br\/espanha-as-razoes-para-a-greve-geral\/#breadcrumb\"},\"inLanguage\":\"pt-BR\",\"potentialAction\":[{\"@type\":\"ReadAction\",\"target\":[\"https:\/\/psol50.org.br\/espanha-as-razoes-para-a-greve-geral\/\"]}]},{\"@type\":\"ImageObject\",\"inLanguage\":\"pt-BR\",\"@id\":\"https:\/\/psol50.org.br\/espanha-as-razoes-para-a-greve-geral\/#primaryimage\",\"url\":\"http:\/\/psol50.org.br\/files\/2012\/03\/grevegeralespanha1_por_J-Cortello_4.jpg\",\"contentUrl\":\"http:\/\/psol50.org.br\/files\/2012\/03\/grevegeralespanha1_por_J-Cortello_4.jpg\"},{\"@type\":\"BreadcrumbList\",\"@id\":\"https:\/\/psol50.org.br\/espanha-as-razoes-para-a-greve-geral\/#breadcrumb\",\"itemListElement\":[{\"@type\":\"ListItem\",\"position\":1,\"name\":\"In\u00edcio\",\"item\":\"https:\/\/psol50.org.br\/\"},{\"@type\":\"ListItem\",\"position\":2,\"name\":\"Espanha: As raz\u00f5es para a greve geral\"}]},{\"@type\":\"WebSite\",\"@id\":\"https:\/\/psol50.org.br\/#website\",\"url\":\"https:\/\/psol50.org.br\/\",\"name\":\"PSOL 50\",\"description\":\"Site oficial do Partido Socialismo e Liberdade\",\"publisher\":{\"@id\":\"https:\/\/psol50.org.br\/#organization\"},\"alternateName\":\"PSOL50\",\"potentialAction\":[{\"@type\":\"SearchAction\",\"target\":{\"@type\":\"EntryPoint\",\"urlTemplate\":\"https:\/\/psol50.org.br\/?s={search_term_string}\"},\"query-input\":{\"@type\":\"PropertyValueSpecification\",\"valueRequired\":true,\"valueName\":\"search_term_string\"}}],\"inLanguage\":\"pt-BR\"},{\"@type\":\"Organization\",\"@id\":\"https:\/\/psol50.org.br\/#organization\",\"name\":\"PSOL 50\",\"alternateName\":\"PSOL 50\",\"url\":\"https:\/\/psol50.org.br\/\",\"logo\":{\"@type\":\"ImageObject\",\"inLanguage\":\"pt-BR\",\"@id\":\"https:\/\/psol50.org.br\/#\/schema\/logo\/image\/\",\"url\":\"https:\/\/psol50.org.br\/inc\/uploads\/2018\/07\/capa.png\",\"contentUrl\":\"https:\/\/psol50.org.br\/inc\/uploads\/2018\/07\/capa.png\",\"width\":1350,\"height\":900,\"caption\":\"PSOL 50\"},\"image\":{\"@id\":\"https:\/\/psol50.org.br\/#\/schema\/logo\/image\/\"},\"sameAs\":[\"https:\/\/www.facebook.com\/psol50\",\"https:\/\/x.com\/psol50\",\"https:\/\/www.instagram.com\/psol50\/\",\"https:\/\/www.youtube.com\/channel\/UC7SnJS5o1os7a6CaiNabzcg\"]},{\"@type\":\"Person\",\"@id\":\"https:\/\/psol50.org.br\/#\/schema\/person\/475dfa57d0b815993c714c2e96491fcd\",\"name\":\"Comunica\u00e7\u00e3o PSOL\",\"image\":{\"@type\":\"ImageObject\",\"inLanguage\":\"pt-BR\",\"@id\":\"https:\/\/psol50.org.br\/#\/schema\/person\/image\/\",\"url\":\"https:\/\/secure.gravatar.com\/avatar\/b34fc4f4e468a4e51785917065a3db57b841f5c95dba6ad8c73aaf8f66f8f9bf?s=96&d=mm&r=g\",\"contentUrl\":\"https:\/\/secure.gravatar.com\/avatar\/b34fc4f4e468a4e51785917065a3db57b841f5c95dba6ad8c73aaf8f66f8f9bf?s=96&d=mm&r=g\",\"caption\":\"Comunica\u00e7\u00e3o PSOL\"}}]}<\/script>\n<!-- \/ Yoast SEO plugin. -->","yoast_head_json":{"title":"Espanha: As raz\u00f5es para a greve geral - PSOL 50","robots":{"index":"index","follow":"follow","max-snippet":"max-snippet:-1","max-image-preview":"max-image-preview:large","max-video-preview":"max-video-preview:-1"},"canonical":"https:\/\/psol50.org.br\/espanha-as-razoes-para-a-greve-geral\/","og_locale":"pt_BR","og_type":"article","og_title":"Espanha: As raz\u00f5es para a greve geral - PSOL 50","og_description":"*Por Vicen\u00e7 Navarro Olhe-se como se olhar, muitas das pol\u00edticas p\u00fablicas do governo do Partido Popular t\u00eam como objetivo diminuir os sal\u00e1rios e reduzir a prote\u00e7\u00e3o social. Tal objetivo justifica-se com o argumento de que h\u00e1 que recuperar a confian\u00e7a dos \u201cmercados financeiros\u201d, temerosos de que o elevado d\u00e9fice do Estado espanhol impossibilite o pagamento [&hellip;]","og_url":"https:\/\/psol50.org.br\/espanha-as-razoes-para-a-greve-geral\/","og_site_name":"PSOL 50","article_publisher":"https:\/\/www.facebook.com\/psol50","article_published_time":"2012-03-29T00:00:00+00:00","og_image":[{"url":"http:\/\/psol50.org.br\/files\/2012\/03\/grevegeralespanha1_por_J-Cortello_4.jpg","type":"","width":"","height":""}],"author":"Comunica\u00e7\u00e3o PSOL","twitter_card":"summary_large_image","twitter_creator":"@psol50","twitter_site":"@psol50","twitter_misc":{"Escrito por":"Comunica\u00e7\u00e3o PSOL","Est. tempo de leitura":"5 minutos"},"schema":{"@context":"https:\/\/schema.org","@graph":[{"@type":"Article","@id":"https:\/\/psol50.org.br\/espanha-as-razoes-para-a-greve-geral\/#article","isPartOf":{"@id":"https:\/\/psol50.org.br\/espanha-as-razoes-para-a-greve-geral\/"},"author":{"name":"Comunica\u00e7\u00e3o PSOL","@id":"https:\/\/psol50.org.br\/#\/schema\/person\/475dfa57d0b815993c714c2e96491fcd"},"headline":"Espanha: As raz\u00f5es para a greve geral","datePublished":"2012-03-29T00:00:00+00:00","mainEntityOfPage":{"@id":"https:\/\/psol50.org.br\/espanha-as-razoes-para-a-greve-geral\/"},"wordCount":993,"commentCount":0,"publisher":{"@id":"https:\/\/psol50.org.br\/#organization"},"image":{"@id":"https:\/\/psol50.org.br\/espanha-as-razoes-para-a-greve-geral\/#primaryimage"},"thumbnailUrl":"http:\/\/psol50.org.br\/files\/2012\/03\/grevegeralespanha1_por_J-Cortello_4.jpg","keywords":["Espanha","esquerda","Internacional","Podemos"],"articleSection":["Arquivo","Espanha","Internacional"],"inLanguage":"pt-BR","potentialAction":[{"@type":"CommentAction","name":"Comment","target":["https:\/\/psol50.org.br\/espanha-as-razoes-para-a-greve-geral\/#respond"]}]},{"@type":"WebPage","@id":"https:\/\/psol50.org.br\/espanha-as-razoes-para-a-greve-geral\/","url":"https:\/\/psol50.org.br\/espanha-as-razoes-para-a-greve-geral\/","name":"Espanha: As raz\u00f5es para a greve geral - PSOL 50","isPartOf":{"@id":"https:\/\/psol50.org.br\/#website"},"primaryImageOfPage":{"@id":"https:\/\/psol50.org.br\/espanha-as-razoes-para-a-greve-geral\/#primaryimage"},"image":{"@id":"https:\/\/psol50.org.br\/espanha-as-razoes-para-a-greve-geral\/#primaryimage"},"thumbnailUrl":"http:\/\/psol50.org.br\/files\/2012\/03\/grevegeralespanha1_por_J-Cortello_4.jpg","datePublished":"2012-03-29T00:00:00+00:00","breadcrumb":{"@id":"https:\/\/psol50.org.br\/espanha-as-razoes-para-a-greve-geral\/#breadcrumb"},"inLanguage":"pt-BR","potentialAction":[{"@type":"ReadAction","target":["https:\/\/psol50.org.br\/espanha-as-razoes-para-a-greve-geral\/"]}]},{"@type":"ImageObject","inLanguage":"pt-BR","@id":"https:\/\/psol50.org.br\/espanha-as-razoes-para-a-greve-geral\/#primaryimage","url":"http:\/\/psol50.org.br\/files\/2012\/03\/grevegeralespanha1_por_J-Cortello_4.jpg","contentUrl":"http:\/\/psol50.org.br\/files\/2012\/03\/grevegeralespanha1_por_J-Cortello_4.jpg"},{"@type":"BreadcrumbList","@id":"https:\/\/psol50.org.br\/espanha-as-razoes-para-a-greve-geral\/#breadcrumb","itemListElement":[{"@type":"ListItem","position":1,"name":"In\u00edcio","item":"https:\/\/psol50.org.br\/"},{"@type":"ListItem","position":2,"name":"Espanha: As raz\u00f5es para a greve geral"}]},{"@type":"WebSite","@id":"https:\/\/psol50.org.br\/#website","url":"https:\/\/psol50.org.br\/","name":"PSOL 50","description":"Site oficial do Partido Socialismo e Liberdade","publisher":{"@id":"https:\/\/psol50.org.br\/#organization"},"alternateName":"PSOL50","potentialAction":[{"@type":"SearchAction","target":{"@type":"EntryPoint","urlTemplate":"https:\/\/psol50.org.br\/?s={search_term_string}"},"query-input":{"@type":"PropertyValueSpecification","valueRequired":true,"valueName":"search_term_string"}}],"inLanguage":"pt-BR"},{"@type":"Organization","@id":"https:\/\/psol50.org.br\/#organization","name":"PSOL 50","alternateName":"PSOL 50","url":"https:\/\/psol50.org.br\/","logo":{"@type":"ImageObject","inLanguage":"pt-BR","@id":"https:\/\/psol50.org.br\/#\/schema\/logo\/image\/","url":"https:\/\/psol50.org.br\/inc\/uploads\/2018\/07\/capa.png","contentUrl":"https:\/\/psol50.org.br\/inc\/uploads\/2018\/07\/capa.png","width":1350,"height":900,"caption":"PSOL 50"},"image":{"@id":"https:\/\/psol50.org.br\/#\/schema\/logo\/image\/"},"sameAs":["https:\/\/www.facebook.com\/psol50","https:\/\/x.com\/psol50","https:\/\/www.instagram.com\/psol50\/","https:\/\/www.youtube.com\/channel\/UC7SnJS5o1os7a6CaiNabzcg"]},{"@type":"Person","@id":"https:\/\/psol50.org.br\/#\/schema\/person\/475dfa57d0b815993c714c2e96491fcd","name":"Comunica\u00e7\u00e3o PSOL","image":{"@type":"ImageObject","inLanguage":"pt-BR","@id":"https:\/\/psol50.org.br\/#\/schema\/person\/image\/","url":"https:\/\/secure.gravatar.com\/avatar\/b34fc4f4e468a4e51785917065a3db57b841f5c95dba6ad8c73aaf8f66f8f9bf?s=96&d=mm&r=g","contentUrl":"https:\/\/secure.gravatar.com\/avatar\/b34fc4f4e468a4e51785917065a3db57b841f5c95dba6ad8c73aaf8f66f8f9bf?s=96&d=mm&r=g","caption":"Comunica\u00e7\u00e3o PSOL"}}]}},"_links":{"self":[{"href":"https:\/\/psol50.org.br\/rest\/wp\/v2\/posts\/587","targetHints":{"allow":["GET"]}}],"collection":[{"href":"https:\/\/psol50.org.br\/rest\/wp\/v2\/posts"}],"about":[{"href":"https:\/\/psol50.org.br\/rest\/wp\/v2\/types\/post"}],"author":[{"embeddable":true,"href":"https:\/\/psol50.org.br\/rest\/wp\/v2\/users\/2"}],"replies":[{"embeddable":true,"href":"https:\/\/psol50.org.br\/rest\/wp\/v2\/comments?post=587"}],"version-history":[{"count":0,"href":"https:\/\/psol50.org.br\/rest\/wp\/v2\/posts\/587\/revisions"}],"wp:attachment":[{"href":"https:\/\/psol50.org.br\/rest\/wp\/v2\/media?parent=587"}],"wp:term":[{"taxonomy":"category","embeddable":true,"href":"https:\/\/psol50.org.br\/rest\/wp\/v2\/categories?post=587"},{"taxonomy":"post_tag","embeddable":true,"href":"https:\/\/psol50.org.br\/rest\/wp\/v2\/tags?post=587"}],"curies":[{"name":"wp","href":"https:\/\/api.w.org\/{rel}","templated":true}]}}