{"id":590,"date":"2012-03-29T00:00:00","date_gmt":"2012-03-29T00:00:00","guid":{"rendered":"http:\/\/psol50.org.br\/arquivo\/2012\/03\/29\/marcha-leva-exigencias-a-diferentes-poderes-do-estado-guatemalteco\/"},"modified":"2012-03-29T00:00:00","modified_gmt":"2012-03-29T00:00:00","slug":"marcha-leva-exigencias-a-diferentes-poderes-do-estado-guatemalteco","status":"publish","type":"post","link":"https:\/\/psol50.org.br\/marcha-leva-exigencias-a-diferentes-poderes-do-estado-guatemalteco\/","title":{"rendered":"Marcha leva exig\u00eancias a diferentes poderes do Estado guatemalteco"},"content":{"rendered":"<p style=\"text-align: justify\"><em><strong><a href=\"http:\/\/psol50.org.br\/blog\/2012\/03\/29\/marcha-leva-exigencias-a-diferentes-poderes-do-estado-guatemalteco\/hpim1232-jpg\/\" rel=\"attachment wp-att-14675\"><img loading=\"lazy\" decoding=\"async\" class=\"alignleft size-medium wp-image-14675\" src=\"http:\/\/psol50.org.br\/files\/2012\/03\/Guatemala1a-300x227.jpg\" alt=\"\" width=\"300\" height=\"227\" \/><\/a>A marcha ind\u00edgena, camponesa e popular chegou \u00e0 capital da Guatemala no dia Waxaqib Batz. Se trata do in\u00edcio de uma nova fase no calend\u00e1rio lunar sagrado Cholq`ij. A mobiliza\u00e7\u00e3o demandou aten\u00e7\u00e3o aos conflitos agr\u00e1rios no pa\u00eds. <\/strong><\/em><\/p>\n<p style=\"text-align: justify\">Ao poder Judici\u00e1rio, os manifestantes exigiram a libera\u00e7\u00e3o de dezenas de l\u00edderes sociais que hoje se encontram presos. Ao Legislativo, pediram pelo cumprimento de um projeto de lei sobre a Reforma Agr\u00e1ria na Guatemala.<\/p>\n<p style=\"text-align: justify\">Al\u00e9m disso, reivindicaram a aprova\u00e7\u00e3o de iniciativas do Acordo de Paz sobre Identidade e Direitos dos Povos Ind\u00edgenas. Entre elas, apontaram o projeto de Meios de Comunica\u00e7\u00e3o Comunit\u00e1ria impulsionado pela Associa\u00e7\u00e3o Mundial de R\u00e1dios Comunit\u00e1rias (Amarc \u2013 Guatemala).<\/p>\n<p style=\"text-align: justify\">A reuni\u00e3o dos manifestantes com o governo guatemalteco come\u00e7ou na tarde desta ter\u00e7a-feira (27). Eles agora esperam por uma posi\u00e7\u00e3o oficial do presidente <strong><a href=\"http:\/\/www.brasil.agenciapulsar.org\/nota.php?id=8053\">Otto P\u00e9rez Molina <\/a><\/strong>sobre casos como o dos\u00a0dos camponeses de Polochic, desalojados de seus territ\u00f3rios tradicionais.<\/p>\n<p style=\"text-align: justify\">A marcha dos ind\u00edgenas e camponeses, que lembrou atos de de viol\u00eancia ocorridos em 2011, durou nove dias. Eles percorreram mais de 200 quil\u00f4metros at\u00e9 a Cidade da Guatemala, capital do pa\u00eds. Os l\u00edderes sociais destacaram que a mobiliza\u00e7\u00e3o \u00e9 apenas o in\u00edcio de um processo maior para mudar em n\u00edvel nacional estruturas desiguais na Guatemala.<\/p>\n<p style=\"text-align: justify\">A marcha que cobrou solu\u00e7\u00f5es para diferentes conflitos agr\u00e1rios foi convocada pelo Comit\u00ea de Unidade Campesina (CUC), <strong><a href=\"http:\/\/www.brasil.agenciapulsar.org\/nota.php?id=8674\">recebendo a solidariedade de sindicatos, movimentos de mulheres, organiza\u00e7\u00f5es de Direitos Humanos, entre outras institui\u00e7\u00f5es guatemaltecas<\/a>.<\/strong><\/p>\n<p style=\"text-align: justify\"><a href=\"http:\/\/www.brasil.agenciapulsar.org\/nota.php?id=8683\"><strong>*Fonte: Pulsar<\/strong><\/a><\/p>\n","protected":false},"excerpt":{"rendered":"<p>A marcha ind\u00edgena, camponesa e popular chegou \u00e0 capital da Guatemala no dia Waxaqib Batz. Se trata do in\u00edcio de uma nova fase no calend\u00e1rio lunar sagrado Cholq`ij. A mobiliza\u00e7\u00e3o demandou aten\u00e7\u00e3o aos conflitos agr\u00e1rios no pa\u00eds. Ao poder Judici\u00e1rio, os manifestantes exigiram a libera\u00e7\u00e3o de dezenas de l\u00edderes sociais que hoje se encontram presos. [&hellip;]<\/p>\n","protected":false},"author":2,"featured_media":0,"comment_status":"open","ping_status":"open","sticky":false,"template":"","format":"standard","meta":{"_acf_changed":false,"footnotes":""},"categories":[4766],"tags":[],"class_list":{"0":"post-590","1":"post","2":"type-post","3":"status-publish","4":"format-standard","6":"category-arquivo"},"acf":[],"yoast_head":"<!-- This site is optimized with the Yoast SEO plugin v26.5 - https:\/\/yoast.com\/wordpress\/plugins\/seo\/ -->\n<title>Marcha leva exig\u00eancias a diferentes poderes do Estado guatemalteco - PSOL 50<\/title>\n<meta name=\"robots\" content=\"index, follow, max-snippet:-1, max-image-preview:large, max-video-preview:-1\" \/>\n<link rel=\"canonical\" href=\"https:\/\/psol50.org.br\/marcha-leva-exigencias-a-diferentes-poderes-do-estado-guatemalteco\/\" \/>\n<meta property=\"og:locale\" content=\"pt_BR\" \/>\n<meta property=\"og:type\" content=\"article\" \/>\n<meta property=\"og:title\" content=\"Marcha leva exig\u00eancias a diferentes poderes do Estado guatemalteco - PSOL 50\" \/>\n<meta property=\"og:description\" content=\"A marcha ind\u00edgena, camponesa e popular chegou \u00e0 capital da Guatemala no dia Waxaqib Batz. Se trata do in\u00edcio de uma nova fase no calend\u00e1rio lunar sagrado Cholq`ij. A mobiliza\u00e7\u00e3o demandou aten\u00e7\u00e3o aos conflitos agr\u00e1rios no pa\u00eds. Ao poder Judici\u00e1rio, os manifestantes exigiram a libera\u00e7\u00e3o de dezenas de l\u00edderes sociais que hoje se encontram presos. [&hellip;]\" \/>\n<meta property=\"og:url\" content=\"https:\/\/psol50.org.br\/marcha-leva-exigencias-a-diferentes-poderes-do-estado-guatemalteco\/\" \/>\n<meta property=\"og:site_name\" content=\"PSOL 50\" \/>\n<meta property=\"article:publisher\" content=\"https:\/\/www.facebook.com\/psol50\" \/>\n<meta property=\"article:published_time\" content=\"2012-03-29T00:00:00+00:00\" \/>\n<meta property=\"og:image\" content=\"http:\/\/psol50.org.br\/files\/2012\/03\/Guatemala1a-300x227.jpg\" \/>\n<meta name=\"author\" content=\"Comunica\u00e7\u00e3o PSOL\" \/>\n<meta name=\"twitter:card\" content=\"summary_large_image\" \/>\n<meta name=\"twitter:creator\" content=\"@psol50\" \/>\n<meta name=\"twitter:site\" content=\"@psol50\" \/>\n<meta name=\"twitter:label1\" content=\"Escrito por\" \/>\n\t<meta name=\"twitter:data1\" content=\"Comunica\u00e7\u00e3o PSOL\" \/>\n\t<meta name=\"twitter:label2\" content=\"Est. tempo de leitura\" \/>\n\t<meta name=\"twitter:data2\" content=\"1 minuto\" \/>\n<script type=\"application\/ld+json\" class=\"yoast-schema-graph\">{\"@context\":\"https:\/\/schema.org\",\"@graph\":[{\"@type\":\"Article\",\"@id\":\"https:\/\/psol50.org.br\/marcha-leva-exigencias-a-diferentes-poderes-do-estado-guatemalteco\/#article\",\"isPartOf\":{\"@id\":\"https:\/\/psol50.org.br\/marcha-leva-exigencias-a-diferentes-poderes-do-estado-guatemalteco\/\"},\"author\":{\"name\":\"Comunica\u00e7\u00e3o PSOL\",\"@id\":\"https:\/\/psol50.org.br\/#\/schema\/person\/475dfa57d0b815993c714c2e96491fcd\"},\"headline\":\"Marcha leva exig\u00eancias a diferentes poderes do Estado guatemalteco\",\"datePublished\":\"2012-03-29T00:00:00+00:00\",\"mainEntityOfPage\":{\"@id\":\"https:\/\/psol50.org.br\/marcha-leva-exigencias-a-diferentes-poderes-do-estado-guatemalteco\/\"},\"wordCount\":282,\"commentCount\":0,\"publisher\":{\"@id\":\"https:\/\/psol50.org.br\/#organization\"},\"image\":{\"@id\":\"https:\/\/psol50.org.br\/marcha-leva-exigencias-a-diferentes-poderes-do-estado-guatemalteco\/#primaryimage\"},\"thumbnailUrl\":\"http:\/\/psol50.org.br\/files\/2012\/03\/Guatemala1a-300x227.jpg\",\"articleSection\":[\"Arquivo\"],\"inLanguage\":\"pt-BR\",\"potentialAction\":[{\"@type\":\"CommentAction\",\"name\":\"Comment\",\"target\":[\"https:\/\/psol50.org.br\/marcha-leva-exigencias-a-diferentes-poderes-do-estado-guatemalteco\/#respond\"]}]},{\"@type\":\"WebPage\",\"@id\":\"https:\/\/psol50.org.br\/marcha-leva-exigencias-a-diferentes-poderes-do-estado-guatemalteco\/\",\"url\":\"https:\/\/psol50.org.br\/marcha-leva-exigencias-a-diferentes-poderes-do-estado-guatemalteco\/\",\"name\":\"Marcha leva exig\u00eancias a diferentes poderes do Estado guatemalteco - PSOL 50\",\"isPartOf\":{\"@id\":\"https:\/\/psol50.org.br\/#website\"},\"primaryImageOfPage\":{\"@id\":\"https:\/\/psol50.org.br\/marcha-leva-exigencias-a-diferentes-poderes-do-estado-guatemalteco\/#primaryimage\"},\"image\":{\"@id\":\"https:\/\/psol50.org.br\/marcha-leva-exigencias-a-diferentes-poderes-do-estado-guatemalteco\/#primaryimage\"},\"thumbnailUrl\":\"http:\/\/psol50.org.br\/files\/2012\/03\/Guatemala1a-300x227.jpg\",\"datePublished\":\"2012-03-29T00:00:00+00:00\",\"breadcrumb\":{\"@id\":\"https:\/\/psol50.org.br\/marcha-leva-exigencias-a-diferentes-poderes-do-estado-guatemalteco\/#breadcrumb\"},\"inLanguage\":\"pt-BR\",\"potentialAction\":[{\"@type\":\"ReadAction\",\"target\":[\"https:\/\/psol50.org.br\/marcha-leva-exigencias-a-diferentes-poderes-do-estado-guatemalteco\/\"]}]},{\"@type\":\"ImageObject\",\"inLanguage\":\"pt-BR\",\"@id\":\"https:\/\/psol50.org.br\/marcha-leva-exigencias-a-diferentes-poderes-do-estado-guatemalteco\/#primaryimage\",\"url\":\"http:\/\/psol50.org.br\/files\/2012\/03\/Guatemala1a-300x227.jpg\",\"contentUrl\":\"http:\/\/psol50.org.br\/files\/2012\/03\/Guatemala1a-300x227.jpg\"},{\"@type\":\"BreadcrumbList\",\"@id\":\"https:\/\/psol50.org.br\/marcha-leva-exigencias-a-diferentes-poderes-do-estado-guatemalteco\/#breadcrumb\",\"itemListElement\":[{\"@type\":\"ListItem\",\"position\":1,\"name\":\"In\u00edcio\",\"item\":\"https:\/\/psol50.org.br\/\"},{\"@type\":\"ListItem\",\"position\":2,\"name\":\"Marcha leva exig\u00eancias a diferentes poderes do Estado guatemalteco\"}]},{\"@type\":\"WebSite\",\"@id\":\"https:\/\/psol50.org.br\/#website\",\"url\":\"https:\/\/psol50.org.br\/\",\"name\":\"PSOL 50\",\"description\":\"Site oficial do Partido Socialismo e Liberdade\",\"publisher\":{\"@id\":\"https:\/\/psol50.org.br\/#organization\"},\"alternateName\":\"PSOL50\",\"potentialAction\":[{\"@type\":\"SearchAction\",\"target\":{\"@type\":\"EntryPoint\",\"urlTemplate\":\"https:\/\/psol50.org.br\/?s={search_term_string}\"},\"query-input\":{\"@type\":\"PropertyValueSpecification\",\"valueRequired\":true,\"valueName\":\"search_term_string\"}}],\"inLanguage\":\"pt-BR\"},{\"@type\":\"Organization\",\"@id\":\"https:\/\/psol50.org.br\/#organization\",\"name\":\"PSOL 50\",\"alternateName\":\"PSOL 50\",\"url\":\"https:\/\/psol50.org.br\/\",\"logo\":{\"@type\":\"ImageObject\",\"inLanguage\":\"pt-BR\",\"@id\":\"https:\/\/psol50.org.br\/#\/schema\/logo\/image\/\",\"url\":\"https:\/\/psol50.org.br\/inc\/uploads\/2018\/07\/capa.png\",\"contentUrl\":\"https:\/\/psol50.org.br\/inc\/uploads\/2018\/07\/capa.png\",\"width\":1350,\"height\":900,\"caption\":\"PSOL 50\"},\"image\":{\"@id\":\"https:\/\/psol50.org.br\/#\/schema\/logo\/image\/\"},\"sameAs\":[\"https:\/\/www.facebook.com\/psol50\",\"https:\/\/x.com\/psol50\",\"https:\/\/www.instagram.com\/psol50\/\",\"https:\/\/www.youtube.com\/channel\/UC7SnJS5o1os7a6CaiNabzcg\"]},{\"@type\":\"Person\",\"@id\":\"https:\/\/psol50.org.br\/#\/schema\/person\/475dfa57d0b815993c714c2e96491fcd\",\"name\":\"Comunica\u00e7\u00e3o PSOL\",\"image\":{\"@type\":\"ImageObject\",\"inLanguage\":\"pt-BR\",\"@id\":\"https:\/\/psol50.org.br\/#\/schema\/person\/image\/\",\"url\":\"https:\/\/secure.gravatar.com\/avatar\/b34fc4f4e468a4e51785917065a3db57b841f5c95dba6ad8c73aaf8f66f8f9bf?s=96&d=mm&r=g\",\"contentUrl\":\"https:\/\/secure.gravatar.com\/avatar\/b34fc4f4e468a4e51785917065a3db57b841f5c95dba6ad8c73aaf8f66f8f9bf?s=96&d=mm&r=g\",\"caption\":\"Comunica\u00e7\u00e3o PSOL\"}}]}<\/script>\n<!-- \/ Yoast SEO plugin. -->","yoast_head_json":{"title":"Marcha leva exig\u00eancias a diferentes poderes do Estado guatemalteco - PSOL 50","robots":{"index":"index","follow":"follow","max-snippet":"max-snippet:-1","max-image-preview":"max-image-preview:large","max-video-preview":"max-video-preview:-1"},"canonical":"https:\/\/psol50.org.br\/marcha-leva-exigencias-a-diferentes-poderes-do-estado-guatemalteco\/","og_locale":"pt_BR","og_type":"article","og_title":"Marcha leva exig\u00eancias a diferentes poderes do Estado guatemalteco - PSOL 50","og_description":"A marcha ind\u00edgena, camponesa e popular chegou \u00e0 capital da Guatemala no dia Waxaqib Batz. Se trata do in\u00edcio de uma nova fase no calend\u00e1rio lunar sagrado Cholq`ij. A mobiliza\u00e7\u00e3o demandou aten\u00e7\u00e3o aos conflitos agr\u00e1rios no pa\u00eds. Ao poder Judici\u00e1rio, os manifestantes exigiram a libera\u00e7\u00e3o de dezenas de l\u00edderes sociais que hoje se encontram presos. [&hellip;]","og_url":"https:\/\/psol50.org.br\/marcha-leva-exigencias-a-diferentes-poderes-do-estado-guatemalteco\/","og_site_name":"PSOL 50","article_publisher":"https:\/\/www.facebook.com\/psol50","article_published_time":"2012-03-29T00:00:00+00:00","og_image":[{"url":"http:\/\/psol50.org.br\/files\/2012\/03\/Guatemala1a-300x227.jpg","type":"","width":"","height":""}],"author":"Comunica\u00e7\u00e3o PSOL","twitter_card":"summary_large_image","twitter_creator":"@psol50","twitter_site":"@psol50","twitter_misc":{"Escrito por":"Comunica\u00e7\u00e3o PSOL","Est. tempo de leitura":"1 minuto"},"schema":{"@context":"https:\/\/schema.org","@graph":[{"@type":"Article","@id":"https:\/\/psol50.org.br\/marcha-leva-exigencias-a-diferentes-poderes-do-estado-guatemalteco\/#article","isPartOf":{"@id":"https:\/\/psol50.org.br\/marcha-leva-exigencias-a-diferentes-poderes-do-estado-guatemalteco\/"},"author":{"name":"Comunica\u00e7\u00e3o PSOL","@id":"https:\/\/psol50.org.br\/#\/schema\/person\/475dfa57d0b815993c714c2e96491fcd"},"headline":"Marcha leva exig\u00eancias a diferentes poderes do Estado guatemalteco","datePublished":"2012-03-29T00:00:00+00:00","mainEntityOfPage":{"@id":"https:\/\/psol50.org.br\/marcha-leva-exigencias-a-diferentes-poderes-do-estado-guatemalteco\/"},"wordCount":282,"commentCount":0,"publisher":{"@id":"https:\/\/psol50.org.br\/#organization"},"image":{"@id":"https:\/\/psol50.org.br\/marcha-leva-exigencias-a-diferentes-poderes-do-estado-guatemalteco\/#primaryimage"},"thumbnailUrl":"http:\/\/psol50.org.br\/files\/2012\/03\/Guatemala1a-300x227.jpg","articleSection":["Arquivo"],"inLanguage":"pt-BR","potentialAction":[{"@type":"CommentAction","name":"Comment","target":["https:\/\/psol50.org.br\/marcha-leva-exigencias-a-diferentes-poderes-do-estado-guatemalteco\/#respond"]}]},{"@type":"WebPage","@id":"https:\/\/psol50.org.br\/marcha-leva-exigencias-a-diferentes-poderes-do-estado-guatemalteco\/","url":"https:\/\/psol50.org.br\/marcha-leva-exigencias-a-diferentes-poderes-do-estado-guatemalteco\/","name":"Marcha leva exig\u00eancias a diferentes poderes do Estado guatemalteco - PSOL 50","isPartOf":{"@id":"https:\/\/psol50.org.br\/#website"},"primaryImageOfPage":{"@id":"https:\/\/psol50.org.br\/marcha-leva-exigencias-a-diferentes-poderes-do-estado-guatemalteco\/#primaryimage"},"image":{"@id":"https:\/\/psol50.org.br\/marcha-leva-exigencias-a-diferentes-poderes-do-estado-guatemalteco\/#primaryimage"},"thumbnailUrl":"http:\/\/psol50.org.br\/files\/2012\/03\/Guatemala1a-300x227.jpg","datePublished":"2012-03-29T00:00:00+00:00","breadcrumb":{"@id":"https:\/\/psol50.org.br\/marcha-leva-exigencias-a-diferentes-poderes-do-estado-guatemalteco\/#breadcrumb"},"inLanguage":"pt-BR","potentialAction":[{"@type":"ReadAction","target":["https:\/\/psol50.org.br\/marcha-leva-exigencias-a-diferentes-poderes-do-estado-guatemalteco\/"]}]},{"@type":"ImageObject","inLanguage":"pt-BR","@id":"https:\/\/psol50.org.br\/marcha-leva-exigencias-a-diferentes-poderes-do-estado-guatemalteco\/#primaryimage","url":"http:\/\/psol50.org.br\/files\/2012\/03\/Guatemala1a-300x227.jpg","contentUrl":"http:\/\/psol50.org.br\/files\/2012\/03\/Guatemala1a-300x227.jpg"},{"@type":"BreadcrumbList","@id":"https:\/\/psol50.org.br\/marcha-leva-exigencias-a-diferentes-poderes-do-estado-guatemalteco\/#breadcrumb","itemListElement":[{"@type":"ListItem","position":1,"name":"In\u00edcio","item":"https:\/\/psol50.org.br\/"},{"@type":"ListItem","position":2,"name":"Marcha leva exig\u00eancias a diferentes poderes do Estado guatemalteco"}]},{"@type":"WebSite","@id":"https:\/\/psol50.org.br\/#website","url":"https:\/\/psol50.org.br\/","name":"PSOL 50","description":"Site oficial do Partido Socialismo e Liberdade","publisher":{"@id":"https:\/\/psol50.org.br\/#organization"},"alternateName":"PSOL50","potentialAction":[{"@type":"SearchAction","target":{"@type":"EntryPoint","urlTemplate":"https:\/\/psol50.org.br\/?s={search_term_string}"},"query-input":{"@type":"PropertyValueSpecification","valueRequired":true,"valueName":"search_term_string"}}],"inLanguage":"pt-BR"},{"@type":"Organization","@id":"https:\/\/psol50.org.br\/#organization","name":"PSOL 50","alternateName":"PSOL 50","url":"https:\/\/psol50.org.br\/","logo":{"@type":"ImageObject","inLanguage":"pt-BR","@id":"https:\/\/psol50.org.br\/#\/schema\/logo\/image\/","url":"https:\/\/psol50.org.br\/inc\/uploads\/2018\/07\/capa.png","contentUrl":"https:\/\/psol50.org.br\/inc\/uploads\/2018\/07\/capa.png","width":1350,"height":900,"caption":"PSOL 50"},"image":{"@id":"https:\/\/psol50.org.br\/#\/schema\/logo\/image\/"},"sameAs":["https:\/\/www.facebook.com\/psol50","https:\/\/x.com\/psol50","https:\/\/www.instagram.com\/psol50\/","https:\/\/www.youtube.com\/channel\/UC7SnJS5o1os7a6CaiNabzcg"]},{"@type":"Person","@id":"https:\/\/psol50.org.br\/#\/schema\/person\/475dfa57d0b815993c714c2e96491fcd","name":"Comunica\u00e7\u00e3o PSOL","image":{"@type":"ImageObject","inLanguage":"pt-BR","@id":"https:\/\/psol50.org.br\/#\/schema\/person\/image\/","url":"https:\/\/secure.gravatar.com\/avatar\/b34fc4f4e468a4e51785917065a3db57b841f5c95dba6ad8c73aaf8f66f8f9bf?s=96&d=mm&r=g","contentUrl":"https:\/\/secure.gravatar.com\/avatar\/b34fc4f4e468a4e51785917065a3db57b841f5c95dba6ad8c73aaf8f66f8f9bf?s=96&d=mm&r=g","caption":"Comunica\u00e7\u00e3o PSOL"}}]}},"_links":{"self":[{"href":"https:\/\/psol50.org.br\/rest\/wp\/v2\/posts\/590","targetHints":{"allow":["GET"]}}],"collection":[{"href":"https:\/\/psol50.org.br\/rest\/wp\/v2\/posts"}],"about":[{"href":"https:\/\/psol50.org.br\/rest\/wp\/v2\/types\/post"}],"author":[{"embeddable":true,"href":"https:\/\/psol50.org.br\/rest\/wp\/v2\/users\/2"}],"replies":[{"embeddable":true,"href":"https:\/\/psol50.org.br\/rest\/wp\/v2\/comments?post=590"}],"version-history":[{"count":0,"href":"https:\/\/psol50.org.br\/rest\/wp\/v2\/posts\/590\/revisions"}],"wp:attachment":[{"href":"https:\/\/psol50.org.br\/rest\/wp\/v2\/media?parent=590"}],"wp:term":[{"taxonomy":"category","embeddable":true,"href":"https:\/\/psol50.org.br\/rest\/wp\/v2\/categories?post=590"},{"taxonomy":"post_tag","embeddable":true,"href":"https:\/\/psol50.org.br\/rest\/wp\/v2\/tags?post=590"}],"curies":[{"name":"wp","href":"https:\/\/api.w.org\/{rel}","templated":true}]}}