{"id":593,"date":"2012-04-02T00:00:00","date_gmt":"2012-04-02T00:00:00","guid":{"rendered":"http:\/\/psol50.org.br\/arquivo\/2012\/04\/02\/protesto-pelos-30-anos-da-guerra-das-malvinas-termina-em-confronto-na-argentina\/"},"modified":"2012-04-02T00:00:00","modified_gmt":"2012-04-02T00:00:00","slug":"protesto-pelos-30-anos-da-guerra-das-malvinas-termina-em-confronto-na-argentina","status":"publish","type":"post","link":"https:\/\/psol50.org.br\/protesto-pelos-30-anos-da-guerra-das-malvinas-termina-em-confronto-na-argentina\/","title":{"rendered":"Protesto pelos 30 anos da Guerra das Malvinas termina em confronto na Argentina"},"content":{"rendered":"<p style=\"text-align: justify\"><a href=\"http:\/\/psol50.org.br\/blog\/2012\/04\/02\/protesto-pelos-30-anos-da-guerra-das-malvinas-termina-em-confronto-na-argentina\/argentinamalvinas\/\" rel=\"attachment wp-att-14799\"><img loading=\"lazy\" decoding=\"async\" class=\"alignleft size-full wp-image-14799\" src=\"http:\/\/psol50.org.br\/files\/2012\/04\/ArgentinaMalvinas.jpg\" alt=\"\" width=\"370\" height=\"260\" \/><\/a>O feriado argentino dedicado a homenagear os combatentes mortos durante a Guerra das Malvinas, h\u00e1 30 anos, acabou em viol\u00eancia em Buenos Aires, nesta segunda-feira (02\/04). Em protesto convocado para o in\u00edcio da tarde, em frente \u00e0 embaixada brit\u00e2nica, manifestantes atiraram coquet\u00e9is molotov contra edif\u00edcios e acabaram em confronto com a pol\u00edcia.<\/p>\n<p style=\"text-align: justify\">Durante o protesto, bandeiras do Reino Unido foram queimadas e os combatentes mortos durante o conflito b\u00e9lico de 1982 foram homenageados, em meio a cantos de \u201cp\u00e1tria sim, col\u00f4nia n\u00e3o\u201d. O protesto convocado por partidos da extrema-esquerda partiu do bairro de Retiro em dire\u00e7\u00e3o \u00e0 embaixada brit\u00e2nica e durante o caminho foi hostilizando representa\u00e7\u00f5es do capital brit\u00e2nico no pa\u00eds, como bancos multinacionais.<\/p>\n<p style=\"text-align: justify\">No fim da manifesta\u00e7\u00e3o, um grupo de encapuzados tentou passar pela barreira de conten\u00e7\u00e3o disposta nas proximidades da embaixada brit\u00e2nica, atirando coquet\u00e9is molotov contra edif\u00edcios localizados na regi\u00e3o. A Pol\u00edcia Federal Argentina respondeu com g\u00e1s lacrimog\u00eaneo, jatos de \u00e1gua e balas de borracha. O confronto com os manifestantes deixou pelo menos quatro policiais feridos.<\/p>\n<p style=\"text-align: justify\">Horas antes, Cristina Kirchner participou de um ato na cidade de Ushuaia, no sul do pa\u00eds, pelo anivers\u00e1rio de 30 anos da guerra. Acompanhada por veteranos e representantes da Comiss\u00e3o de Familiares de Mortos em combate, al\u00e9m do vice-presidente, Amado Boudou e do chefe da casa civil, Abal Medina, a presidente anunciou que seu pa\u00eds pediu \u00e0 Cruz Vermelha para que intervenha na identifica\u00e7\u00e3o dos corpos de falecidos durante o conflito.<\/p>\n<p style=\"text-align: justify\">Durante um breve discurso, a argentina ressaltou a soberania sobre as ilhas e voltou a instar o Reino Unido para que aceite dialogar sobre o assunto, refor\u00e7ando o pedido para que o pa\u00eds europeu desmilitarize o Atl\u00e2ntico Sul. &#8220;N\u00e3o queremos capacetes de guerra [na regi\u00e3o]. Os \u00fanicos capacetes que queremos s\u00e3o os dos trabalhadores&#8221;, disse, pedindo justi\u00e7a pela extra\u00e7\u00e3o de recursos pesqueiros e petroleiros das ilhas.<\/p>\n<p style=\"text-align: justify\"><a href=\"http:\/\/operamundi.uol.com.br\/conteudo\/noticias\/20921\/protesto+pelos+30+anos+da+guerra+das+malvinas+termina+em+confronto+na+argentina.shtml\"><strong>*Fonte: Opera Mundi<\/strong><\/a><\/p>\n","protected":false},"excerpt":{"rendered":"<p>O feriado argentino dedicado a homenagear os combatentes mortos durante a Guerra das Malvinas, h\u00e1 30 anos, acabou em viol\u00eancia em Buenos Aires, nesta segunda-feira (02\/04). Em protesto convocado para o in\u00edcio da tarde, em frente \u00e0 embaixada brit\u00e2nica, manifestantes atiraram coquet\u00e9is molotov contra edif\u00edcios e acabaram em confronto com a pol\u00edcia. Durante o protesto, [&hellip;]<\/p>\n","protected":false},"author":2,"featured_media":0,"comment_status":"open","ping_status":"open","sticky":false,"template":"","format":"standard","meta":{"_acf_changed":false,"footnotes":""},"categories":[4766],"tags":[],"class_list":{"0":"post-593","1":"post","2":"type-post","3":"status-publish","4":"format-standard","6":"category-arquivo"},"acf":[],"yoast_head":"<!-- This site is optimized with the Yoast SEO plugin v26.5 - https:\/\/yoast.com\/wordpress\/plugins\/seo\/ -->\n<title>Protesto pelos 30 anos da Guerra das Malvinas termina em confronto na Argentina - PSOL 50<\/title>\n<meta name=\"robots\" content=\"index, follow, max-snippet:-1, max-image-preview:large, max-video-preview:-1\" \/>\n<link rel=\"canonical\" href=\"https:\/\/psol50.org.br\/protesto-pelos-30-anos-da-guerra-das-malvinas-termina-em-confronto-na-argentina\/\" \/>\n<meta property=\"og:locale\" content=\"pt_BR\" \/>\n<meta property=\"og:type\" content=\"article\" \/>\n<meta property=\"og:title\" content=\"Protesto pelos 30 anos da Guerra das Malvinas termina em confronto na Argentina - PSOL 50\" \/>\n<meta property=\"og:description\" content=\"O feriado argentino dedicado a homenagear os combatentes mortos durante a Guerra das Malvinas, h\u00e1 30 anos, acabou em viol\u00eancia em Buenos Aires, nesta segunda-feira (02\/04). Em protesto convocado para o in\u00edcio da tarde, em frente \u00e0 embaixada brit\u00e2nica, manifestantes atiraram coquet\u00e9is molotov contra edif\u00edcios e acabaram em confronto com a pol\u00edcia. Durante o protesto, [&hellip;]\" \/>\n<meta property=\"og:url\" content=\"https:\/\/psol50.org.br\/protesto-pelos-30-anos-da-guerra-das-malvinas-termina-em-confronto-na-argentina\/\" \/>\n<meta property=\"og:site_name\" content=\"PSOL 50\" \/>\n<meta property=\"article:publisher\" content=\"https:\/\/www.facebook.com\/psol50\" \/>\n<meta property=\"article:published_time\" content=\"2012-04-02T00:00:00+00:00\" \/>\n<meta property=\"og:image\" content=\"http:\/\/psol50.org.br\/files\/2012\/04\/ArgentinaMalvinas.jpg\" \/>\n<meta name=\"author\" content=\"Comunica\u00e7\u00e3o PSOL\" \/>\n<meta name=\"twitter:card\" content=\"summary_large_image\" \/>\n<meta name=\"twitter:creator\" content=\"@psol50\" \/>\n<meta name=\"twitter:site\" content=\"@psol50\" \/>\n<meta name=\"twitter:label1\" content=\"Escrito por\" \/>\n\t<meta name=\"twitter:data1\" content=\"Comunica\u00e7\u00e3o PSOL\" \/>\n\t<meta name=\"twitter:label2\" content=\"Est. tempo de leitura\" \/>\n\t<meta name=\"twitter:data2\" content=\"2 minutos\" \/>\n<script type=\"application\/ld+json\" class=\"yoast-schema-graph\">{\"@context\":\"https:\/\/schema.org\",\"@graph\":[{\"@type\":\"Article\",\"@id\":\"https:\/\/psol50.org.br\/protesto-pelos-30-anos-da-guerra-das-malvinas-termina-em-confronto-na-argentina\/#article\",\"isPartOf\":{\"@id\":\"https:\/\/psol50.org.br\/protesto-pelos-30-anos-da-guerra-das-malvinas-termina-em-confronto-na-argentina\/\"},\"author\":{\"name\":\"Comunica\u00e7\u00e3o PSOL\",\"@id\":\"https:\/\/psol50.org.br\/#\/schema\/person\/475dfa57d0b815993c714c2e96491fcd\"},\"headline\":\"Protesto pelos 30 anos da Guerra das Malvinas termina em confronto na Argentina\",\"datePublished\":\"2012-04-02T00:00:00+00:00\",\"mainEntityOfPage\":{\"@id\":\"https:\/\/psol50.org.br\/protesto-pelos-30-anos-da-guerra-das-malvinas-termina-em-confronto-na-argentina\/\"},\"wordCount\":351,\"commentCount\":0,\"publisher\":{\"@id\":\"https:\/\/psol50.org.br\/#organization\"},\"image\":{\"@id\":\"https:\/\/psol50.org.br\/protesto-pelos-30-anos-da-guerra-das-malvinas-termina-em-confronto-na-argentina\/#primaryimage\"},\"thumbnailUrl\":\"http:\/\/psol50.org.br\/files\/2012\/04\/ArgentinaMalvinas.jpg\",\"articleSection\":[\"Arquivo\"],\"inLanguage\":\"pt-BR\",\"potentialAction\":[{\"@type\":\"CommentAction\",\"name\":\"Comment\",\"target\":[\"https:\/\/psol50.org.br\/protesto-pelos-30-anos-da-guerra-das-malvinas-termina-em-confronto-na-argentina\/#respond\"]}]},{\"@type\":\"WebPage\",\"@id\":\"https:\/\/psol50.org.br\/protesto-pelos-30-anos-da-guerra-das-malvinas-termina-em-confronto-na-argentina\/\",\"url\":\"https:\/\/psol50.org.br\/protesto-pelos-30-anos-da-guerra-das-malvinas-termina-em-confronto-na-argentina\/\",\"name\":\"Protesto pelos 30 anos da Guerra das Malvinas termina em confronto na Argentina - PSOL 50\",\"isPartOf\":{\"@id\":\"https:\/\/psol50.org.br\/#website\"},\"primaryImageOfPage\":{\"@id\":\"https:\/\/psol50.org.br\/protesto-pelos-30-anos-da-guerra-das-malvinas-termina-em-confronto-na-argentina\/#primaryimage\"},\"image\":{\"@id\":\"https:\/\/psol50.org.br\/protesto-pelos-30-anos-da-guerra-das-malvinas-termina-em-confronto-na-argentina\/#primaryimage\"},\"thumbnailUrl\":\"http:\/\/psol50.org.br\/files\/2012\/04\/ArgentinaMalvinas.jpg\",\"datePublished\":\"2012-04-02T00:00:00+00:00\",\"breadcrumb\":{\"@id\":\"https:\/\/psol50.org.br\/protesto-pelos-30-anos-da-guerra-das-malvinas-termina-em-confronto-na-argentina\/#breadcrumb\"},\"inLanguage\":\"pt-BR\",\"potentialAction\":[{\"@type\":\"ReadAction\",\"target\":[\"https:\/\/psol50.org.br\/protesto-pelos-30-anos-da-guerra-das-malvinas-termina-em-confronto-na-argentina\/\"]}]},{\"@type\":\"ImageObject\",\"inLanguage\":\"pt-BR\",\"@id\":\"https:\/\/psol50.org.br\/protesto-pelos-30-anos-da-guerra-das-malvinas-termina-em-confronto-na-argentina\/#primaryimage\",\"url\":\"http:\/\/psol50.org.br\/files\/2012\/04\/ArgentinaMalvinas.jpg\",\"contentUrl\":\"http:\/\/psol50.org.br\/files\/2012\/04\/ArgentinaMalvinas.jpg\"},{\"@type\":\"BreadcrumbList\",\"@id\":\"https:\/\/psol50.org.br\/protesto-pelos-30-anos-da-guerra-das-malvinas-termina-em-confronto-na-argentina\/#breadcrumb\",\"itemListElement\":[{\"@type\":\"ListItem\",\"position\":1,\"name\":\"In\u00edcio\",\"item\":\"https:\/\/psol50.org.br\/\"},{\"@type\":\"ListItem\",\"position\":2,\"name\":\"Protesto pelos 30 anos da Guerra das Malvinas termina em confronto na Argentina\"}]},{\"@type\":\"WebSite\",\"@id\":\"https:\/\/psol50.org.br\/#website\",\"url\":\"https:\/\/psol50.org.br\/\",\"name\":\"PSOL 50\",\"description\":\"Site oficial do Partido Socialismo e Liberdade\",\"publisher\":{\"@id\":\"https:\/\/psol50.org.br\/#organization\"},\"alternateName\":\"PSOL50\",\"potentialAction\":[{\"@type\":\"SearchAction\",\"target\":{\"@type\":\"EntryPoint\",\"urlTemplate\":\"https:\/\/psol50.org.br\/?s={search_term_string}\"},\"query-input\":{\"@type\":\"PropertyValueSpecification\",\"valueRequired\":true,\"valueName\":\"search_term_string\"}}],\"inLanguage\":\"pt-BR\"},{\"@type\":\"Organization\",\"@id\":\"https:\/\/psol50.org.br\/#organization\",\"name\":\"PSOL 50\",\"alternateName\":\"PSOL 50\",\"url\":\"https:\/\/psol50.org.br\/\",\"logo\":{\"@type\":\"ImageObject\",\"inLanguage\":\"pt-BR\",\"@id\":\"https:\/\/psol50.org.br\/#\/schema\/logo\/image\/\",\"url\":\"https:\/\/psol50.org.br\/inc\/uploads\/2018\/07\/capa.png\",\"contentUrl\":\"https:\/\/psol50.org.br\/inc\/uploads\/2018\/07\/capa.png\",\"width\":1350,\"height\":900,\"caption\":\"PSOL 50\"},\"image\":{\"@id\":\"https:\/\/psol50.org.br\/#\/schema\/logo\/image\/\"},\"sameAs\":[\"https:\/\/www.facebook.com\/psol50\",\"https:\/\/x.com\/psol50\",\"https:\/\/www.instagram.com\/psol50\/\",\"https:\/\/www.youtube.com\/channel\/UC7SnJS5o1os7a6CaiNabzcg\"]},{\"@type\":\"Person\",\"@id\":\"https:\/\/psol50.org.br\/#\/schema\/person\/475dfa57d0b815993c714c2e96491fcd\",\"name\":\"Comunica\u00e7\u00e3o PSOL\",\"image\":{\"@type\":\"ImageObject\",\"inLanguage\":\"pt-BR\",\"@id\":\"https:\/\/psol50.org.br\/#\/schema\/person\/image\/\",\"url\":\"https:\/\/secure.gravatar.com\/avatar\/b34fc4f4e468a4e51785917065a3db57b841f5c95dba6ad8c73aaf8f66f8f9bf?s=96&d=mm&r=g\",\"contentUrl\":\"https:\/\/secure.gravatar.com\/avatar\/b34fc4f4e468a4e51785917065a3db57b841f5c95dba6ad8c73aaf8f66f8f9bf?s=96&d=mm&r=g\",\"caption\":\"Comunica\u00e7\u00e3o PSOL\"}}]}<\/script>\n<!-- \/ Yoast SEO plugin. -->","yoast_head_json":{"title":"Protesto pelos 30 anos da Guerra das Malvinas termina em confronto na Argentina - PSOL 50","robots":{"index":"index","follow":"follow","max-snippet":"max-snippet:-1","max-image-preview":"max-image-preview:large","max-video-preview":"max-video-preview:-1"},"canonical":"https:\/\/psol50.org.br\/protesto-pelos-30-anos-da-guerra-das-malvinas-termina-em-confronto-na-argentina\/","og_locale":"pt_BR","og_type":"article","og_title":"Protesto pelos 30 anos da Guerra das Malvinas termina em confronto na Argentina - PSOL 50","og_description":"O feriado argentino dedicado a homenagear os combatentes mortos durante a Guerra das Malvinas, h\u00e1 30 anos, acabou em viol\u00eancia em Buenos Aires, nesta segunda-feira (02\/04). Em protesto convocado para o in\u00edcio da tarde, em frente \u00e0 embaixada brit\u00e2nica, manifestantes atiraram coquet\u00e9is molotov contra edif\u00edcios e acabaram em confronto com a pol\u00edcia. Durante o protesto, [&hellip;]","og_url":"https:\/\/psol50.org.br\/protesto-pelos-30-anos-da-guerra-das-malvinas-termina-em-confronto-na-argentina\/","og_site_name":"PSOL 50","article_publisher":"https:\/\/www.facebook.com\/psol50","article_published_time":"2012-04-02T00:00:00+00:00","og_image":[{"url":"http:\/\/psol50.org.br\/files\/2012\/04\/ArgentinaMalvinas.jpg","type":"","width":"","height":""}],"author":"Comunica\u00e7\u00e3o PSOL","twitter_card":"summary_large_image","twitter_creator":"@psol50","twitter_site":"@psol50","twitter_misc":{"Escrito por":"Comunica\u00e7\u00e3o PSOL","Est. tempo de leitura":"2 minutos"},"schema":{"@context":"https:\/\/schema.org","@graph":[{"@type":"Article","@id":"https:\/\/psol50.org.br\/protesto-pelos-30-anos-da-guerra-das-malvinas-termina-em-confronto-na-argentina\/#article","isPartOf":{"@id":"https:\/\/psol50.org.br\/protesto-pelos-30-anos-da-guerra-das-malvinas-termina-em-confronto-na-argentina\/"},"author":{"name":"Comunica\u00e7\u00e3o PSOL","@id":"https:\/\/psol50.org.br\/#\/schema\/person\/475dfa57d0b815993c714c2e96491fcd"},"headline":"Protesto pelos 30 anos da Guerra das Malvinas termina em confronto na Argentina","datePublished":"2012-04-02T00:00:00+00:00","mainEntityOfPage":{"@id":"https:\/\/psol50.org.br\/protesto-pelos-30-anos-da-guerra-das-malvinas-termina-em-confronto-na-argentina\/"},"wordCount":351,"commentCount":0,"publisher":{"@id":"https:\/\/psol50.org.br\/#organization"},"image":{"@id":"https:\/\/psol50.org.br\/protesto-pelos-30-anos-da-guerra-das-malvinas-termina-em-confronto-na-argentina\/#primaryimage"},"thumbnailUrl":"http:\/\/psol50.org.br\/files\/2012\/04\/ArgentinaMalvinas.jpg","articleSection":["Arquivo"],"inLanguage":"pt-BR","potentialAction":[{"@type":"CommentAction","name":"Comment","target":["https:\/\/psol50.org.br\/protesto-pelos-30-anos-da-guerra-das-malvinas-termina-em-confronto-na-argentina\/#respond"]}]},{"@type":"WebPage","@id":"https:\/\/psol50.org.br\/protesto-pelos-30-anos-da-guerra-das-malvinas-termina-em-confronto-na-argentina\/","url":"https:\/\/psol50.org.br\/protesto-pelos-30-anos-da-guerra-das-malvinas-termina-em-confronto-na-argentina\/","name":"Protesto pelos 30 anos da Guerra das Malvinas termina em confronto na Argentina - PSOL 50","isPartOf":{"@id":"https:\/\/psol50.org.br\/#website"},"primaryImageOfPage":{"@id":"https:\/\/psol50.org.br\/protesto-pelos-30-anos-da-guerra-das-malvinas-termina-em-confronto-na-argentina\/#primaryimage"},"image":{"@id":"https:\/\/psol50.org.br\/protesto-pelos-30-anos-da-guerra-das-malvinas-termina-em-confronto-na-argentina\/#primaryimage"},"thumbnailUrl":"http:\/\/psol50.org.br\/files\/2012\/04\/ArgentinaMalvinas.jpg","datePublished":"2012-04-02T00:00:00+00:00","breadcrumb":{"@id":"https:\/\/psol50.org.br\/protesto-pelos-30-anos-da-guerra-das-malvinas-termina-em-confronto-na-argentina\/#breadcrumb"},"inLanguage":"pt-BR","potentialAction":[{"@type":"ReadAction","target":["https:\/\/psol50.org.br\/protesto-pelos-30-anos-da-guerra-das-malvinas-termina-em-confronto-na-argentina\/"]}]},{"@type":"ImageObject","inLanguage":"pt-BR","@id":"https:\/\/psol50.org.br\/protesto-pelos-30-anos-da-guerra-das-malvinas-termina-em-confronto-na-argentina\/#primaryimage","url":"http:\/\/psol50.org.br\/files\/2012\/04\/ArgentinaMalvinas.jpg","contentUrl":"http:\/\/psol50.org.br\/files\/2012\/04\/ArgentinaMalvinas.jpg"},{"@type":"BreadcrumbList","@id":"https:\/\/psol50.org.br\/protesto-pelos-30-anos-da-guerra-das-malvinas-termina-em-confronto-na-argentina\/#breadcrumb","itemListElement":[{"@type":"ListItem","position":1,"name":"In\u00edcio","item":"https:\/\/psol50.org.br\/"},{"@type":"ListItem","position":2,"name":"Protesto pelos 30 anos da Guerra das Malvinas termina em confronto na Argentina"}]},{"@type":"WebSite","@id":"https:\/\/psol50.org.br\/#website","url":"https:\/\/psol50.org.br\/","name":"PSOL 50","description":"Site oficial do Partido Socialismo e Liberdade","publisher":{"@id":"https:\/\/psol50.org.br\/#organization"},"alternateName":"PSOL50","potentialAction":[{"@type":"SearchAction","target":{"@type":"EntryPoint","urlTemplate":"https:\/\/psol50.org.br\/?s={search_term_string}"},"query-input":{"@type":"PropertyValueSpecification","valueRequired":true,"valueName":"search_term_string"}}],"inLanguage":"pt-BR"},{"@type":"Organization","@id":"https:\/\/psol50.org.br\/#organization","name":"PSOL 50","alternateName":"PSOL 50","url":"https:\/\/psol50.org.br\/","logo":{"@type":"ImageObject","inLanguage":"pt-BR","@id":"https:\/\/psol50.org.br\/#\/schema\/logo\/image\/","url":"https:\/\/psol50.org.br\/inc\/uploads\/2018\/07\/capa.png","contentUrl":"https:\/\/psol50.org.br\/inc\/uploads\/2018\/07\/capa.png","width":1350,"height":900,"caption":"PSOL 50"},"image":{"@id":"https:\/\/psol50.org.br\/#\/schema\/logo\/image\/"},"sameAs":["https:\/\/www.facebook.com\/psol50","https:\/\/x.com\/psol50","https:\/\/www.instagram.com\/psol50\/","https:\/\/www.youtube.com\/channel\/UC7SnJS5o1os7a6CaiNabzcg"]},{"@type":"Person","@id":"https:\/\/psol50.org.br\/#\/schema\/person\/475dfa57d0b815993c714c2e96491fcd","name":"Comunica\u00e7\u00e3o PSOL","image":{"@type":"ImageObject","inLanguage":"pt-BR","@id":"https:\/\/psol50.org.br\/#\/schema\/person\/image\/","url":"https:\/\/secure.gravatar.com\/avatar\/b34fc4f4e468a4e51785917065a3db57b841f5c95dba6ad8c73aaf8f66f8f9bf?s=96&d=mm&r=g","contentUrl":"https:\/\/secure.gravatar.com\/avatar\/b34fc4f4e468a4e51785917065a3db57b841f5c95dba6ad8c73aaf8f66f8f9bf?s=96&d=mm&r=g","caption":"Comunica\u00e7\u00e3o PSOL"}}]}},"_links":{"self":[{"href":"https:\/\/psol50.org.br\/rest\/wp\/v2\/posts\/593","targetHints":{"allow":["GET"]}}],"collection":[{"href":"https:\/\/psol50.org.br\/rest\/wp\/v2\/posts"}],"about":[{"href":"https:\/\/psol50.org.br\/rest\/wp\/v2\/types\/post"}],"author":[{"embeddable":true,"href":"https:\/\/psol50.org.br\/rest\/wp\/v2\/users\/2"}],"replies":[{"embeddable":true,"href":"https:\/\/psol50.org.br\/rest\/wp\/v2\/comments?post=593"}],"version-history":[{"count":0,"href":"https:\/\/psol50.org.br\/rest\/wp\/v2\/posts\/593\/revisions"}],"wp:attachment":[{"href":"https:\/\/psol50.org.br\/rest\/wp\/v2\/media?parent=593"}],"wp:term":[{"taxonomy":"category","embeddable":true,"href":"https:\/\/psol50.org.br\/rest\/wp\/v2\/categories?post=593"},{"taxonomy":"post_tag","embeddable":true,"href":"https:\/\/psol50.org.br\/rest\/wp\/v2\/tags?post=593"}],"curies":[{"name":"wp","href":"https:\/\/api.w.org\/{rel}","templated":true}]}}