{"id":597,"date":"2012-04-09T00:00:00","date_gmt":"2012-04-09T00:00:00","guid":{"rendered":"http:\/\/psol50.org.br\/arquivo\/2012\/04\/09\/chocolate-mantem-gosto-amargo-de-exploracao\/"},"modified":"2012-04-09T00:00:00","modified_gmt":"2012-04-09T00:00:00","slug":"chocolate-mantem-gosto-amargo-de-exploracao","status":"publish","type":"post","link":"https:\/\/psol50.org.br\/chocolate-mantem-gosto-amargo-de-exploracao\/","title":{"rendered":"Chocolate mant\u00e9m gosto amargo de explora\u00e7\u00e3o"},"content":{"rendered":"<p style=\"text-align: justify\"><strong><a href=\"http:\/\/psol50.org.br\/blog\/2012\/04\/09\/chocolate-mantem-gosto-amargo-de-exploracao\/amargochocolate\/\" rel=\"attachment wp-att-14921\"><img loading=\"lazy\" decoding=\"async\" class=\"alignright size-full wp-image-14921\" src=\"http:\/\/psol50.org.br\/files\/2012\/04\/AmargoChocolate.jpg\" alt=\"\" width=\"277\" height=\"210\" \/><\/a><a href=\"http:\/\/www.swissinfo.ch\/por\/economia\/Chocolate_mantem_gosto_amargo_de_exploracao.html?cid=31223982\">*Por Jessica Dacey, swissinfo.ch<\/a><\/strong><\/p>\n<p style=\"text-align: justify\"><em><strong>Em setembro de 2001, os oito principais representantes da ind\u00fastria de chocolate e cacau se empenhavam em combater o trabalho infantil segundo o Protocolo Harkin-Engel. Entre essas empresas, as su\u00ed\u00e7as Nestl\u00e9 e Barry Callebaut. Dez anos depois, elas continuam sendo criticadas pelas organiza\u00e7\u00f5es n\u00e3o governamentais.<\/strong><\/em><\/p>\n<p style=\"text-align: justify\">Estas empresas n\u00e3o fizeram o suficiente e o protocolo n\u00e3o foi aplicado corretamente. Trata-se agora de torn\u00e1-lo juridicamente coercitivo, julga a coaliz\u00e3o internacional de ONGs agrupadas sob a ins\u00edgnia &#8220;10-Campaign&#8221;.<\/p>\n<p style=\"text-align: justify\">Para as ONGs, os pa\u00edses importadores devem assumir a responsabilidade, for\u00e7ando as empresas do setor a serem submetidas a controles independentes em seus processos de produ\u00e7\u00e3o.<\/p>\n<p style=\"text-align: justify\">O principal objetivo do protocolo era &#8220;eliminar as piores formas de trabalho infantil&#8221; do setor cacaueiro de Gana e da Costa do Marfim. No caso, tr\u00e1fico infantil e trabalho for\u00e7ado. As empresas concordaram em expandir os programas de preven\u00e7\u00e3o do trabalho infantil em pa\u00edses produtores de cacau. Mas os resultados n\u00e3o foram alcan\u00e7ados, segundo Flurina Doppler, da Declara\u00e7\u00e3o de Berna, que participa da campanha.<\/p>\n<p style=\"text-align: justify\">Flurina Doppler cita um relat\u00f3rio da \u201cTulane University\u201d datado deste ano. O governo dos EUA mandatou a universidade para monitorar a implementa\u00e7\u00e3o do protocolo. Neste relat\u00f3rio, a comiss\u00e3o constata que as empresas em causa n\u00e3o implementaram de forma satisfat\u00f3ria nenhum dos seis objetivos do protocolo.<\/p>\n<p style=\"text-align: justify\">Muito pouco progresso<\/p>\n<p style=\"text-align: justify\">&#8220;N\u00f3s temos visto alguns progressos. O problema do trabalho infantil foi reconhecido e admitido. Ele era negado e ignorado no passado. Mas a situa\u00e7\u00e3o geral n\u00e3o melhorou significativamente&#8221;, disse Flurina Doppler.<\/p>\n<p style=\"text-align: justify\">Segundo o relat\u00f3rio, faltam os financiamentos por parte da ind\u00fastria e os padr\u00f5es da Organiza\u00e7\u00e3o Internacional do Trabalho (OIT) aplicados ao setor cacaueiro da Costa do Marfim e do Gana foram apenas parcialmente desenvolvidos.<\/p>\n<p style=\"text-align: justify\">Hoje, 60% do cacau do mundo vem da \u00c1frica Ocidental. E a maior parte da colheita dos gr\u00e3os vem da Costa do Marfim. Um pa\u00eds onde o abuso do trabalho infantil \u00e9 um problema real. O relat\u00f3rio da Universidade Tulane estimou que cerca de 1,8 milh\u00f5es de crian\u00e7as (menores de 15 anos) trabalham na ind\u00fastria do cacau na Costa do Marfim e no Gana.<\/p>\n<p style=\"text-align: justify\">Por sua vez, a Nestl\u00e9 falou \u00e0 swissinfo.ch dos progresso realizados desde 2001, com a cria\u00e7\u00e3o da Iniciativa Internacional do Cacau (ICI) &#8211; um dos objetivos do protocolo &#8211; destinada a promover pr\u00e1ticas de trabalho respons\u00e1veis. Nestl\u00e9 tamb\u00e9m destaca o &#8220;apoio&#8221; reafirmado em 2010 pelas empresas signat\u00e1rias a um novo quadro de a\u00e7\u00e3o ligado ao protocolo.<\/p>\n<p style=\"text-align: justify\"><strong>Um exerc\u00edcio de rela\u00e7\u00f5es p\u00fablicas<\/strong><\/p>\n<p style=\"text-align: justify\">No per\u00edodo anterior ao d\u00e9cimo anivers\u00e1rio do referido protocolo, ONGs e ind\u00fastria puseram para funcionar seus servi\u00e7os de comunica\u00e7\u00e3o.<\/p>\n<p style=\"text-align: justify\">Em um gesto que a Declara\u00e7\u00e3o de Berna chama de &#8220;exerc\u00edcio de rela\u00e7\u00f5es p\u00fablicas&#8221;, os principais produtores de chocolate e de cacau prometeram 2 milh\u00f5es de d\u00f3lares para um projeto liderado pela OIT para combater o trabalho infantil nas comunidades cultivadoras de cacau do Gana e da Costa do Marfim.<\/p>\n<p style=\"text-align: justify\">O projeto pretende fortalecer a capacidade dos governos e dos agricultores a aderir \u00e0 luta e apoiar o desenvolvimento de sistemas de controle dentro das comunidades.<\/p>\n<p style=\"text-align: justify\">&#8220;Este acordo hist\u00f3rico baseia-se na nossa compreens\u00e3o clara do problema mundial do trabalho infantil na agricultura&#8221;, declarou, no in\u00edcio de setembro, Constance Thomas, porta-voz da OIT.<\/p>\n<p style=\"text-align: justify\">A Declara\u00e7\u00e3o de Berna,que mant\u00e9m o registro das pr\u00e1ticas das empresas em mat\u00e9ria de com\u00e9rcio equitativo de caf\u00e9 e de cacau, julga, no entanto, que o acordo \u201cn\u00e3o \u00e9 nem hist\u00f3rico nem um compromisso de verdade&#8221;.<\/p>\n<p style=\"text-align: justify\">Flurina Doppler considera os 2 milh\u00f5es de d\u00f3lares prometidos &#8220;muito pouco&#8221; em compara\u00e7\u00e3o com o or\u00e7amento total de marketing de 8,5 bilh\u00f5es das empresas como Mars, Ferrero, Cadbury, Nestl\u00e9 e Hershey.<\/p>\n<p style=\"text-align: justify\">Nestl\u00e9 responde sublinhando o investimento de 110 milh\u00f5es de francos feito em sua nova f\u00e1brica de cacau, inaugurada em 2009, para avan\u00e7ar na promo\u00e7\u00e3o de uma oferta sustent\u00e1vel de cacau.<\/p>\n<p style=\"text-align: justify\"><strong>Sabor de explora\u00e7\u00e3o<\/strong><\/p>\n<p style=\"text-align: justify\">O caf\u00e9 tamb\u00e9m est\u00e1 na mira das organiza\u00e7\u00f5es n\u00e3o governamentais. Na de Solidar, por exemplo, uma organiza\u00e7\u00e3o su\u00ed\u00e7a que p\u00f4s um v\u00eddeo no YouTube criticando as c\u00e1psulas de caf\u00e9 Nespresso, da Nestl\u00e9. Um v\u00eddeo visto por 600 mil pessoas em poucos dias.<\/p>\n<p style=\"text-align: justify\">Em uma par\u00f3dia da propaganda da Nespresso, um ator imitando George Clooney consegue evitar um piano, mas n\u00e3o a marca. O p\u00fablico \u00e9 convidado a enviar mensagens para o verdadeiro George Clooney atrav\u00e9s do site da Solidar, que acha que o ator americano poderia &#8220;mudar&#8221; a escolha da Nespresso por caf\u00e9 de com\u00e9rcio equitativo. At\u00e9 agora, mais de 36 mil pessoas j\u00e1 participaram da campanha.<\/p>\n<p style=\"text-align: justify\">Nestl\u00e9 acabou realizando uma reuni\u00e3o com a Solidar para evocar o v\u00eddeo em quest\u00e3o, mas, solicitada pela swissinfo.ch, a gigante dos alimentos declinou qualquer coment\u00e1rio.<\/p>\n<p style=\"text-align: justify\">Solidar considera que pelo pre\u00e7o de 60 centavos de d\u00f3lar por c\u00e1psula, o consumidor tem direito de exigir o cumprimento das regras do com\u00e9rcio equitativo. A ONG tamb\u00e9m planeja expandir sua campanha a todo setor cafeeiro.<\/p>\n<p style=\"text-align: justify\">&#8220;\u00c9 claro que se os consumidores est\u00e3o cientes das condi\u00e7\u00f5es prec\u00e1rias de trabalho dos agricultores, isto far\u00e1, sem d\u00favida, uma press\u00e3o sobre multinacionais como a Nestl\u00e9. Isto ter\u00e1 um impacto nas expectativas dos consumidores que n\u00e3o querem um sabor de explora\u00e7\u00e3o em seu caf\u00e9&#8221;, diz Alexandre Mari\u00e9thoz, porta-voz da ONG.<\/p>\n<p style=\"text-align: justify\"><strong>*Jessica Dacey, swissinfo.ch<\/strong><br \/>\n<strong>**Adapta\u00e7\u00e3o: Fernando Hirschy<\/strong><\/p>\n","protected":false},"excerpt":{"rendered":"<p>*Por Jessica Dacey, swissinfo.ch Em setembro de 2001, os oito principais representantes da ind\u00fastria de chocolate e cacau se empenhavam em combater o trabalho infantil segundo o Protocolo Harkin-Engel. Entre essas empresas, as su\u00ed\u00e7as Nestl\u00e9 e Barry Callebaut. Dez anos depois, elas continuam sendo criticadas pelas organiza\u00e7\u00f5es n\u00e3o governamentais. Estas empresas n\u00e3o fizeram o suficiente [&hellip;]<\/p>\n","protected":false},"author":2,"featured_media":0,"comment_status":"open","ping_status":"open","sticky":false,"template":"","format":"standard","meta":{"_acf_changed":false,"footnotes":""},"categories":[4766],"tags":[],"class_list":{"0":"post-597","1":"post","2":"type-post","3":"status-publish","4":"format-standard","6":"category-arquivo"},"acf":[],"yoast_head":"<!-- This site is optimized with the Yoast SEO plugin v26.5 - https:\/\/yoast.com\/wordpress\/plugins\/seo\/ -->\n<title>Chocolate mant\u00e9m gosto amargo de explora\u00e7\u00e3o - PSOL 50<\/title>\n<meta name=\"robots\" content=\"index, follow, max-snippet:-1, max-image-preview:large, max-video-preview:-1\" \/>\n<link rel=\"canonical\" href=\"https:\/\/psol50.org.br\/chocolate-mantem-gosto-amargo-de-exploracao\/\" \/>\n<meta property=\"og:locale\" content=\"pt_BR\" \/>\n<meta property=\"og:type\" content=\"article\" \/>\n<meta property=\"og:title\" content=\"Chocolate mant\u00e9m gosto amargo de explora\u00e7\u00e3o - PSOL 50\" \/>\n<meta property=\"og:description\" content=\"*Por Jessica Dacey, swissinfo.ch Em setembro de 2001, os oito principais representantes da ind\u00fastria de chocolate e cacau se empenhavam em combater o trabalho infantil segundo o Protocolo Harkin-Engel. Entre essas empresas, as su\u00ed\u00e7as Nestl\u00e9 e Barry Callebaut. Dez anos depois, elas continuam sendo criticadas pelas organiza\u00e7\u00f5es n\u00e3o governamentais. Estas empresas n\u00e3o fizeram o suficiente [&hellip;]\" \/>\n<meta property=\"og:url\" content=\"https:\/\/psol50.org.br\/chocolate-mantem-gosto-amargo-de-exploracao\/\" \/>\n<meta property=\"og:site_name\" content=\"PSOL 50\" \/>\n<meta property=\"article:publisher\" content=\"https:\/\/www.facebook.com\/psol50\" \/>\n<meta property=\"article:published_time\" content=\"2012-04-09T00:00:00+00:00\" \/>\n<meta property=\"og:image\" content=\"http:\/\/psol50.org.br\/files\/2012\/04\/AmargoChocolate.jpg\" \/>\n<meta name=\"author\" content=\"Comunica\u00e7\u00e3o PSOL\" \/>\n<meta name=\"twitter:card\" content=\"summary_large_image\" \/>\n<meta name=\"twitter:creator\" content=\"@psol50\" \/>\n<meta name=\"twitter:site\" content=\"@psol50\" \/>\n<meta name=\"twitter:label1\" content=\"Escrito por\" \/>\n\t<meta name=\"twitter:data1\" content=\"Comunica\u00e7\u00e3o PSOL\" \/>\n\t<meta name=\"twitter:label2\" content=\"Est. tempo de leitura\" \/>\n\t<meta name=\"twitter:data2\" content=\"5 minutos\" \/>\n<script type=\"application\/ld+json\" class=\"yoast-schema-graph\">{\"@context\":\"https:\/\/schema.org\",\"@graph\":[{\"@type\":\"Article\",\"@id\":\"https:\/\/psol50.org.br\/chocolate-mantem-gosto-amargo-de-exploracao\/#article\",\"isPartOf\":{\"@id\":\"https:\/\/psol50.org.br\/chocolate-mantem-gosto-amargo-de-exploracao\/\"},\"author\":{\"name\":\"Comunica\u00e7\u00e3o PSOL\",\"@id\":\"https:\/\/psol50.org.br\/#\/schema\/person\/475dfa57d0b815993c714c2e96491fcd\"},\"headline\":\"Chocolate mant\u00e9m gosto amargo de explora\u00e7\u00e3o\",\"datePublished\":\"2012-04-09T00:00:00+00:00\",\"mainEntityOfPage\":{\"@id\":\"https:\/\/psol50.org.br\/chocolate-mantem-gosto-amargo-de-exploracao\/\"},\"wordCount\":957,\"commentCount\":0,\"publisher\":{\"@id\":\"https:\/\/psol50.org.br\/#organization\"},\"image\":{\"@id\":\"https:\/\/psol50.org.br\/chocolate-mantem-gosto-amargo-de-exploracao\/#primaryimage\"},\"thumbnailUrl\":\"http:\/\/psol50.org.br\/files\/2012\/04\/AmargoChocolate.jpg\",\"articleSection\":[\"Arquivo\"],\"inLanguage\":\"pt-BR\",\"potentialAction\":[{\"@type\":\"CommentAction\",\"name\":\"Comment\",\"target\":[\"https:\/\/psol50.org.br\/chocolate-mantem-gosto-amargo-de-exploracao\/#respond\"]}]},{\"@type\":\"WebPage\",\"@id\":\"https:\/\/psol50.org.br\/chocolate-mantem-gosto-amargo-de-exploracao\/\",\"url\":\"https:\/\/psol50.org.br\/chocolate-mantem-gosto-amargo-de-exploracao\/\",\"name\":\"Chocolate mant\u00e9m gosto amargo de explora\u00e7\u00e3o - PSOL 50\",\"isPartOf\":{\"@id\":\"https:\/\/psol50.org.br\/#website\"},\"primaryImageOfPage\":{\"@id\":\"https:\/\/psol50.org.br\/chocolate-mantem-gosto-amargo-de-exploracao\/#primaryimage\"},\"image\":{\"@id\":\"https:\/\/psol50.org.br\/chocolate-mantem-gosto-amargo-de-exploracao\/#primaryimage\"},\"thumbnailUrl\":\"http:\/\/psol50.org.br\/files\/2012\/04\/AmargoChocolate.jpg\",\"datePublished\":\"2012-04-09T00:00:00+00:00\",\"breadcrumb\":{\"@id\":\"https:\/\/psol50.org.br\/chocolate-mantem-gosto-amargo-de-exploracao\/#breadcrumb\"},\"inLanguage\":\"pt-BR\",\"potentialAction\":[{\"@type\":\"ReadAction\",\"target\":[\"https:\/\/psol50.org.br\/chocolate-mantem-gosto-amargo-de-exploracao\/\"]}]},{\"@type\":\"ImageObject\",\"inLanguage\":\"pt-BR\",\"@id\":\"https:\/\/psol50.org.br\/chocolate-mantem-gosto-amargo-de-exploracao\/#primaryimage\",\"url\":\"http:\/\/psol50.org.br\/files\/2012\/04\/AmargoChocolate.jpg\",\"contentUrl\":\"http:\/\/psol50.org.br\/files\/2012\/04\/AmargoChocolate.jpg\"},{\"@type\":\"BreadcrumbList\",\"@id\":\"https:\/\/psol50.org.br\/chocolate-mantem-gosto-amargo-de-exploracao\/#breadcrumb\",\"itemListElement\":[{\"@type\":\"ListItem\",\"position\":1,\"name\":\"In\u00edcio\",\"item\":\"https:\/\/psol50.org.br\/\"},{\"@type\":\"ListItem\",\"position\":2,\"name\":\"Chocolate mant\u00e9m gosto amargo de explora\u00e7\u00e3o\"}]},{\"@type\":\"WebSite\",\"@id\":\"https:\/\/psol50.org.br\/#website\",\"url\":\"https:\/\/psol50.org.br\/\",\"name\":\"PSOL 50\",\"description\":\"Site oficial do Partido Socialismo e Liberdade\",\"publisher\":{\"@id\":\"https:\/\/psol50.org.br\/#organization\"},\"alternateName\":\"PSOL50\",\"potentialAction\":[{\"@type\":\"SearchAction\",\"target\":{\"@type\":\"EntryPoint\",\"urlTemplate\":\"https:\/\/psol50.org.br\/?s={search_term_string}\"},\"query-input\":{\"@type\":\"PropertyValueSpecification\",\"valueRequired\":true,\"valueName\":\"search_term_string\"}}],\"inLanguage\":\"pt-BR\"},{\"@type\":\"Organization\",\"@id\":\"https:\/\/psol50.org.br\/#organization\",\"name\":\"PSOL 50\",\"alternateName\":\"PSOL 50\",\"url\":\"https:\/\/psol50.org.br\/\",\"logo\":{\"@type\":\"ImageObject\",\"inLanguage\":\"pt-BR\",\"@id\":\"https:\/\/psol50.org.br\/#\/schema\/logo\/image\/\",\"url\":\"https:\/\/psol50.org.br\/inc\/uploads\/2018\/07\/capa.png\",\"contentUrl\":\"https:\/\/psol50.org.br\/inc\/uploads\/2018\/07\/capa.png\",\"width\":1350,\"height\":900,\"caption\":\"PSOL 50\"},\"image\":{\"@id\":\"https:\/\/psol50.org.br\/#\/schema\/logo\/image\/\"},\"sameAs\":[\"https:\/\/www.facebook.com\/psol50\",\"https:\/\/x.com\/psol50\",\"https:\/\/www.instagram.com\/psol50\/\",\"https:\/\/www.youtube.com\/channel\/UC7SnJS5o1os7a6CaiNabzcg\"]},{\"@type\":\"Person\",\"@id\":\"https:\/\/psol50.org.br\/#\/schema\/person\/475dfa57d0b815993c714c2e96491fcd\",\"name\":\"Comunica\u00e7\u00e3o PSOL\",\"image\":{\"@type\":\"ImageObject\",\"inLanguage\":\"pt-BR\",\"@id\":\"https:\/\/psol50.org.br\/#\/schema\/person\/image\/\",\"url\":\"https:\/\/secure.gravatar.com\/avatar\/b34fc4f4e468a4e51785917065a3db57b841f5c95dba6ad8c73aaf8f66f8f9bf?s=96&d=mm&r=g\",\"contentUrl\":\"https:\/\/secure.gravatar.com\/avatar\/b34fc4f4e468a4e51785917065a3db57b841f5c95dba6ad8c73aaf8f66f8f9bf?s=96&d=mm&r=g\",\"caption\":\"Comunica\u00e7\u00e3o PSOL\"}}]}<\/script>\n<!-- \/ Yoast SEO plugin. -->","yoast_head_json":{"title":"Chocolate mant\u00e9m gosto amargo de explora\u00e7\u00e3o - PSOL 50","robots":{"index":"index","follow":"follow","max-snippet":"max-snippet:-1","max-image-preview":"max-image-preview:large","max-video-preview":"max-video-preview:-1"},"canonical":"https:\/\/psol50.org.br\/chocolate-mantem-gosto-amargo-de-exploracao\/","og_locale":"pt_BR","og_type":"article","og_title":"Chocolate mant\u00e9m gosto amargo de explora\u00e7\u00e3o - PSOL 50","og_description":"*Por Jessica Dacey, swissinfo.ch Em setembro de 2001, os oito principais representantes da ind\u00fastria de chocolate e cacau se empenhavam em combater o trabalho infantil segundo o Protocolo Harkin-Engel. Entre essas empresas, as su\u00ed\u00e7as Nestl\u00e9 e Barry Callebaut. Dez anos depois, elas continuam sendo criticadas pelas organiza\u00e7\u00f5es n\u00e3o governamentais. Estas empresas n\u00e3o fizeram o suficiente [&hellip;]","og_url":"https:\/\/psol50.org.br\/chocolate-mantem-gosto-amargo-de-exploracao\/","og_site_name":"PSOL 50","article_publisher":"https:\/\/www.facebook.com\/psol50","article_published_time":"2012-04-09T00:00:00+00:00","og_image":[{"url":"http:\/\/psol50.org.br\/files\/2012\/04\/AmargoChocolate.jpg","type":"","width":"","height":""}],"author":"Comunica\u00e7\u00e3o PSOL","twitter_card":"summary_large_image","twitter_creator":"@psol50","twitter_site":"@psol50","twitter_misc":{"Escrito por":"Comunica\u00e7\u00e3o PSOL","Est. tempo de leitura":"5 minutos"},"schema":{"@context":"https:\/\/schema.org","@graph":[{"@type":"Article","@id":"https:\/\/psol50.org.br\/chocolate-mantem-gosto-amargo-de-exploracao\/#article","isPartOf":{"@id":"https:\/\/psol50.org.br\/chocolate-mantem-gosto-amargo-de-exploracao\/"},"author":{"name":"Comunica\u00e7\u00e3o PSOL","@id":"https:\/\/psol50.org.br\/#\/schema\/person\/475dfa57d0b815993c714c2e96491fcd"},"headline":"Chocolate mant\u00e9m gosto amargo de explora\u00e7\u00e3o","datePublished":"2012-04-09T00:00:00+00:00","mainEntityOfPage":{"@id":"https:\/\/psol50.org.br\/chocolate-mantem-gosto-amargo-de-exploracao\/"},"wordCount":957,"commentCount":0,"publisher":{"@id":"https:\/\/psol50.org.br\/#organization"},"image":{"@id":"https:\/\/psol50.org.br\/chocolate-mantem-gosto-amargo-de-exploracao\/#primaryimage"},"thumbnailUrl":"http:\/\/psol50.org.br\/files\/2012\/04\/AmargoChocolate.jpg","articleSection":["Arquivo"],"inLanguage":"pt-BR","potentialAction":[{"@type":"CommentAction","name":"Comment","target":["https:\/\/psol50.org.br\/chocolate-mantem-gosto-amargo-de-exploracao\/#respond"]}]},{"@type":"WebPage","@id":"https:\/\/psol50.org.br\/chocolate-mantem-gosto-amargo-de-exploracao\/","url":"https:\/\/psol50.org.br\/chocolate-mantem-gosto-amargo-de-exploracao\/","name":"Chocolate mant\u00e9m gosto amargo de explora\u00e7\u00e3o - PSOL 50","isPartOf":{"@id":"https:\/\/psol50.org.br\/#website"},"primaryImageOfPage":{"@id":"https:\/\/psol50.org.br\/chocolate-mantem-gosto-amargo-de-exploracao\/#primaryimage"},"image":{"@id":"https:\/\/psol50.org.br\/chocolate-mantem-gosto-amargo-de-exploracao\/#primaryimage"},"thumbnailUrl":"http:\/\/psol50.org.br\/files\/2012\/04\/AmargoChocolate.jpg","datePublished":"2012-04-09T00:00:00+00:00","breadcrumb":{"@id":"https:\/\/psol50.org.br\/chocolate-mantem-gosto-amargo-de-exploracao\/#breadcrumb"},"inLanguage":"pt-BR","potentialAction":[{"@type":"ReadAction","target":["https:\/\/psol50.org.br\/chocolate-mantem-gosto-amargo-de-exploracao\/"]}]},{"@type":"ImageObject","inLanguage":"pt-BR","@id":"https:\/\/psol50.org.br\/chocolate-mantem-gosto-amargo-de-exploracao\/#primaryimage","url":"http:\/\/psol50.org.br\/files\/2012\/04\/AmargoChocolate.jpg","contentUrl":"http:\/\/psol50.org.br\/files\/2012\/04\/AmargoChocolate.jpg"},{"@type":"BreadcrumbList","@id":"https:\/\/psol50.org.br\/chocolate-mantem-gosto-amargo-de-exploracao\/#breadcrumb","itemListElement":[{"@type":"ListItem","position":1,"name":"In\u00edcio","item":"https:\/\/psol50.org.br\/"},{"@type":"ListItem","position":2,"name":"Chocolate mant\u00e9m gosto amargo de explora\u00e7\u00e3o"}]},{"@type":"WebSite","@id":"https:\/\/psol50.org.br\/#website","url":"https:\/\/psol50.org.br\/","name":"PSOL 50","description":"Site oficial do Partido Socialismo e Liberdade","publisher":{"@id":"https:\/\/psol50.org.br\/#organization"},"alternateName":"PSOL50","potentialAction":[{"@type":"SearchAction","target":{"@type":"EntryPoint","urlTemplate":"https:\/\/psol50.org.br\/?s={search_term_string}"},"query-input":{"@type":"PropertyValueSpecification","valueRequired":true,"valueName":"search_term_string"}}],"inLanguage":"pt-BR"},{"@type":"Organization","@id":"https:\/\/psol50.org.br\/#organization","name":"PSOL 50","alternateName":"PSOL 50","url":"https:\/\/psol50.org.br\/","logo":{"@type":"ImageObject","inLanguage":"pt-BR","@id":"https:\/\/psol50.org.br\/#\/schema\/logo\/image\/","url":"https:\/\/psol50.org.br\/inc\/uploads\/2018\/07\/capa.png","contentUrl":"https:\/\/psol50.org.br\/inc\/uploads\/2018\/07\/capa.png","width":1350,"height":900,"caption":"PSOL 50"},"image":{"@id":"https:\/\/psol50.org.br\/#\/schema\/logo\/image\/"},"sameAs":["https:\/\/www.facebook.com\/psol50","https:\/\/x.com\/psol50","https:\/\/www.instagram.com\/psol50\/","https:\/\/www.youtube.com\/channel\/UC7SnJS5o1os7a6CaiNabzcg"]},{"@type":"Person","@id":"https:\/\/psol50.org.br\/#\/schema\/person\/475dfa57d0b815993c714c2e96491fcd","name":"Comunica\u00e7\u00e3o PSOL","image":{"@type":"ImageObject","inLanguage":"pt-BR","@id":"https:\/\/psol50.org.br\/#\/schema\/person\/image\/","url":"https:\/\/secure.gravatar.com\/avatar\/b34fc4f4e468a4e51785917065a3db57b841f5c95dba6ad8c73aaf8f66f8f9bf?s=96&d=mm&r=g","contentUrl":"https:\/\/secure.gravatar.com\/avatar\/b34fc4f4e468a4e51785917065a3db57b841f5c95dba6ad8c73aaf8f66f8f9bf?s=96&d=mm&r=g","caption":"Comunica\u00e7\u00e3o PSOL"}}]}},"_links":{"self":[{"href":"https:\/\/psol50.org.br\/rest\/wp\/v2\/posts\/597","targetHints":{"allow":["GET"]}}],"collection":[{"href":"https:\/\/psol50.org.br\/rest\/wp\/v2\/posts"}],"about":[{"href":"https:\/\/psol50.org.br\/rest\/wp\/v2\/types\/post"}],"author":[{"embeddable":true,"href":"https:\/\/psol50.org.br\/rest\/wp\/v2\/users\/2"}],"replies":[{"embeddable":true,"href":"https:\/\/psol50.org.br\/rest\/wp\/v2\/comments?post=597"}],"version-history":[{"count":0,"href":"https:\/\/psol50.org.br\/rest\/wp\/v2\/posts\/597\/revisions"}],"wp:attachment":[{"href":"https:\/\/psol50.org.br\/rest\/wp\/v2\/media?parent=597"}],"wp:term":[{"taxonomy":"category","embeddable":true,"href":"https:\/\/psol50.org.br\/rest\/wp\/v2\/categories?post=597"},{"taxonomy":"post_tag","embeddable":true,"href":"https:\/\/psol50.org.br\/rest\/wp\/v2\/tags?post=597"}],"curies":[{"name":"wp","href":"https:\/\/api.w.org\/{rel}","templated":true}]}}