{"id":599,"date":"2012-04-18T00:00:00","date_gmt":"2012-04-18T00:00:00","guid":{"rendered":"http:\/\/psol50.org.br\/arquivo\/2012\/04\/18\/mais-de-mil-presos-palestinos-iniciam-greve-de-fome-em-israel\/"},"modified":"2012-04-18T00:00:00","modified_gmt":"2012-04-18T00:00:00","slug":"mais-de-mil-presos-palestinos-iniciam-greve-de-fome-em-israel","status":"publish","type":"post","link":"https:\/\/psol50.org.br\/mais-de-mil-presos-palestinos-iniciam-greve-de-fome-em-israel\/","title":{"rendered":"Mais de mil presos palestinos iniciam greve de fome em Israel?"},"content":{"rendered":"<p style=\"text-align: justify\"><a href=\"http:\/\/psol50.org.br\/blog\/2012\/04\/18\/mais-de-mil-presos-palestinos-iniciam-greve-de-fome-em-israel%e2%80%8e\/palestinospresos1a\/\" rel=\"attachment wp-att-15109\"><img loading=\"lazy\" decoding=\"async\" class=\"alignleft size-medium wp-image-15109\" src=\"http:\/\/psol50.org.br\/files\/2012\/04\/PalestinosPresos1a-300x192.jpg\" alt=\"\" width=\"300\" height=\"192\" \/><\/a>Com a inten\u00e7\u00e3o de denunciar as p\u00e9ssimas condi\u00e7\u00f5es das cadeias israelenses, al\u00e9m das recorrentes deten\u00e7\u00f5es sem acusa\u00e7\u00e3o formal, mais de 1,2 mil presos palestinos iniciaram nesta ter\u00e7a-feira (17\/04) uma greve de fome, de acordo com autoridades israelenses. Outros 2,3 mil rejeitaram suas refei\u00e7\u00f5es somente hoje.\u00a0No entanto, o porta-voz do Minist\u00e9rio de Prisioneiros palestino, Hassan Abed Rabu, disse que 1,6 mil se uniram ao jejum por prazo indefinido.<\/p>\n<p style=\"text-align: justify\">&#8220;A greve \u00e9 em defesa dos direitos humanos dos prisioneiros&#8221;, disse \u00e0 <em>Ag\u00eancia Efe<\/em> Rabu. Ele afirmou que &#8220;Israel n\u00e3o permite que mais de 350 presos originais da Faixa de Gaza recebam visitas de seus parentes h\u00e1 mais de cinco anos&#8221;.\u00a0Outros motivos s\u00e3o &#8220;exigir a melhora dos servi\u00e7os m\u00e9dicos e a permiss\u00e3o para que possam estudar, fazer os exames de bacharelado e ter acesso ao ensino universit\u00e1rio&#8221;.\u00a0Segundo o Minist\u00e9rio de Prisioneiros palestino, h\u00e1 mais de cinco anos Israel n\u00e3o permite que os reclusos finalizem o bacharelado e h\u00e1 dois tamb\u00e9m n\u00e3o podem prosseguir seus cursos universit\u00e1rios.<\/p>\n<p style=\"text-align: justify\">A maioria dos presos em greve \u00e9 do partido nacionalista Fatah, da Jihad Isl\u00e2mica ou da Frente Popular Democr\u00e1tica, enquanto os membros do movimento Hamas presos n\u00e3o aderiram \u00e0 greve, embora, segundo Rabu, &#8220;ir\u00e3o se incorporar a ela mais tarde&#8221;.\u00a0H\u00e1 4.700 palestinos presos em penitenci\u00e1rias israelenses, a maioria deles ap\u00f3s ter sido julgada por tribunais militares, segundo dados oficiais palestinos.<\/p>\n<p style=\"text-align: justify\">Deles, mais de 300 est\u00e3o em situa\u00e7\u00e3o de &#8220;deten\u00e7\u00e3o administrativa&#8221;, que permite a Israel ret\u00ea-los durante meses ou anos sem acusa\u00e7\u00e3o nem julgamento e sem comunicar-lhes o motivo de sua deten\u00e7\u00e3o nem as provas que existem contra eles.\u00a0Israel deve libertar nesta ter\u00e7a-feira Jader Adnane, um dirigente do grupo radical Jihad Isl\u00e2mica, que recentemente fez uma greve de fome de 66 dias, depois de ter sido colocado em pris\u00e3o administrativa sem indiciamento formal.<\/p>\n<p style=\"text-align: justify\"><strong>\u00a0<a href=\"http:\/\/operamundi.uol.com.br\/conteudo\/noticias\/21229\/mais+de+mil+presos+palestinos+iniciam+greve+de+fome+em+israel%26%238206.shtml\"><em>*Fonte Opera Mundi &#8211; Com informa\u00e7\u00f5es da Ag\u00eancia Efe<\/em><\/a><\/strong><\/p>\n","protected":false},"excerpt":{"rendered":"<p>Com a inten\u00e7\u00e3o de denunciar as p\u00e9ssimas condi\u00e7\u00f5es das cadeias israelenses, al\u00e9m das recorrentes deten\u00e7\u00f5es sem acusa\u00e7\u00e3o formal, mais de 1,2 mil presos palestinos iniciaram nesta ter\u00e7a-feira (17\/04) uma greve de fome, de acordo com autoridades israelenses. Outros 2,3 mil rejeitaram suas refei\u00e7\u00f5es somente hoje.\u00a0No entanto, o porta-voz do Minist\u00e9rio de Prisioneiros palestino, Hassan Abed [&hellip;]<\/p>\n","protected":false},"author":2,"featured_media":0,"comment_status":"open","ping_status":"open","sticky":false,"template":"","format":"standard","meta":{"_acf_changed":false,"footnotes":""},"categories":[4766],"tags":[],"class_list":{"0":"post-599","1":"post","2":"type-post","3":"status-publish","4":"format-standard","6":"category-arquivo"},"acf":[],"yoast_head":"<!-- This site is optimized with the Yoast SEO plugin v26.5 - https:\/\/yoast.com\/wordpress\/plugins\/seo\/ -->\n<title>Mais de mil presos palestinos iniciam greve de fome em Israel? - PSOL 50<\/title>\n<meta name=\"robots\" content=\"index, follow, max-snippet:-1, max-image-preview:large, max-video-preview:-1\" \/>\n<link rel=\"canonical\" href=\"https:\/\/psol50.org.br\/mais-de-mil-presos-palestinos-iniciam-greve-de-fome-em-israel\/\" \/>\n<meta property=\"og:locale\" content=\"pt_BR\" \/>\n<meta property=\"og:type\" content=\"article\" \/>\n<meta property=\"og:title\" content=\"Mais de mil presos palestinos iniciam greve de fome em Israel? - PSOL 50\" \/>\n<meta property=\"og:description\" content=\"Com a inten\u00e7\u00e3o de denunciar as p\u00e9ssimas condi\u00e7\u00f5es das cadeias israelenses, al\u00e9m das recorrentes deten\u00e7\u00f5es sem acusa\u00e7\u00e3o formal, mais de 1,2 mil presos palestinos iniciaram nesta ter\u00e7a-feira (17\/04) uma greve de fome, de acordo com autoridades israelenses. Outros 2,3 mil rejeitaram suas refei\u00e7\u00f5es somente hoje.\u00a0No entanto, o porta-voz do Minist\u00e9rio de Prisioneiros palestino, Hassan Abed [&hellip;]\" \/>\n<meta property=\"og:url\" content=\"https:\/\/psol50.org.br\/mais-de-mil-presos-palestinos-iniciam-greve-de-fome-em-israel\/\" \/>\n<meta property=\"og:site_name\" content=\"PSOL 50\" \/>\n<meta property=\"article:publisher\" content=\"https:\/\/www.facebook.com\/psol50\" \/>\n<meta property=\"article:published_time\" content=\"2012-04-18T00:00:00+00:00\" \/>\n<meta property=\"og:image\" content=\"http:\/\/psol50.org.br\/files\/2012\/04\/PalestinosPresos1a-300x192.jpg\" \/>\n<meta name=\"author\" content=\"Comunica\u00e7\u00e3o PSOL\" \/>\n<meta name=\"twitter:card\" content=\"summary_large_image\" \/>\n<meta name=\"twitter:creator\" content=\"@psol50\" \/>\n<meta name=\"twitter:site\" content=\"@psol50\" \/>\n<meta name=\"twitter:label1\" content=\"Escrito por\" \/>\n\t<meta name=\"twitter:data1\" content=\"Comunica\u00e7\u00e3o PSOL\" \/>\n\t<meta name=\"twitter:label2\" content=\"Est. tempo de leitura\" \/>\n\t<meta name=\"twitter:data2\" content=\"2 minutos\" \/>\n<script type=\"application\/ld+json\" class=\"yoast-schema-graph\">{\"@context\":\"https:\/\/schema.org\",\"@graph\":[{\"@type\":\"Article\",\"@id\":\"https:\/\/psol50.org.br\/mais-de-mil-presos-palestinos-iniciam-greve-de-fome-em-israel\/#article\",\"isPartOf\":{\"@id\":\"https:\/\/psol50.org.br\/mais-de-mil-presos-palestinos-iniciam-greve-de-fome-em-israel\/\"},\"author\":{\"name\":\"Comunica\u00e7\u00e3o PSOL\",\"@id\":\"https:\/\/psol50.org.br\/#\/schema\/person\/475dfa57d0b815993c714c2e96491fcd\"},\"headline\":\"Mais de mil presos palestinos iniciam greve de fome em Israel?\",\"datePublished\":\"2012-04-18T00:00:00+00:00\",\"mainEntityOfPage\":{\"@id\":\"https:\/\/psol50.org.br\/mais-de-mil-presos-palestinos-iniciam-greve-de-fome-em-israel\/\"},\"wordCount\":346,\"commentCount\":0,\"publisher\":{\"@id\":\"https:\/\/psol50.org.br\/#organization\"},\"image\":{\"@id\":\"https:\/\/psol50.org.br\/mais-de-mil-presos-palestinos-iniciam-greve-de-fome-em-israel\/#primaryimage\"},\"thumbnailUrl\":\"http:\/\/psol50.org.br\/files\/2012\/04\/PalestinosPresos1a-300x192.jpg\",\"articleSection\":[\"Arquivo\"],\"inLanguage\":\"pt-BR\",\"potentialAction\":[{\"@type\":\"CommentAction\",\"name\":\"Comment\",\"target\":[\"https:\/\/psol50.org.br\/mais-de-mil-presos-palestinos-iniciam-greve-de-fome-em-israel\/#respond\"]}]},{\"@type\":\"WebPage\",\"@id\":\"https:\/\/psol50.org.br\/mais-de-mil-presos-palestinos-iniciam-greve-de-fome-em-israel\/\",\"url\":\"https:\/\/psol50.org.br\/mais-de-mil-presos-palestinos-iniciam-greve-de-fome-em-israel\/\",\"name\":\"Mais de mil presos palestinos iniciam greve de fome em Israel? - PSOL 50\",\"isPartOf\":{\"@id\":\"https:\/\/psol50.org.br\/#website\"},\"primaryImageOfPage\":{\"@id\":\"https:\/\/psol50.org.br\/mais-de-mil-presos-palestinos-iniciam-greve-de-fome-em-israel\/#primaryimage\"},\"image\":{\"@id\":\"https:\/\/psol50.org.br\/mais-de-mil-presos-palestinos-iniciam-greve-de-fome-em-israel\/#primaryimage\"},\"thumbnailUrl\":\"http:\/\/psol50.org.br\/files\/2012\/04\/PalestinosPresos1a-300x192.jpg\",\"datePublished\":\"2012-04-18T00:00:00+00:00\",\"breadcrumb\":{\"@id\":\"https:\/\/psol50.org.br\/mais-de-mil-presos-palestinos-iniciam-greve-de-fome-em-israel\/#breadcrumb\"},\"inLanguage\":\"pt-BR\",\"potentialAction\":[{\"@type\":\"ReadAction\",\"target\":[\"https:\/\/psol50.org.br\/mais-de-mil-presos-palestinos-iniciam-greve-de-fome-em-israel\/\"]}]},{\"@type\":\"ImageObject\",\"inLanguage\":\"pt-BR\",\"@id\":\"https:\/\/psol50.org.br\/mais-de-mil-presos-palestinos-iniciam-greve-de-fome-em-israel\/#primaryimage\",\"url\":\"http:\/\/psol50.org.br\/files\/2012\/04\/PalestinosPresos1a-300x192.jpg\",\"contentUrl\":\"http:\/\/psol50.org.br\/files\/2012\/04\/PalestinosPresos1a-300x192.jpg\"},{\"@type\":\"BreadcrumbList\",\"@id\":\"https:\/\/psol50.org.br\/mais-de-mil-presos-palestinos-iniciam-greve-de-fome-em-israel\/#breadcrumb\",\"itemListElement\":[{\"@type\":\"ListItem\",\"position\":1,\"name\":\"In\u00edcio\",\"item\":\"https:\/\/psol50.org.br\/\"},{\"@type\":\"ListItem\",\"position\":2,\"name\":\"Mais de mil presos palestinos iniciam greve de fome em Israel?\"}]},{\"@type\":\"WebSite\",\"@id\":\"https:\/\/psol50.org.br\/#website\",\"url\":\"https:\/\/psol50.org.br\/\",\"name\":\"PSOL 50\",\"description\":\"Site oficial do Partido Socialismo e Liberdade\",\"publisher\":{\"@id\":\"https:\/\/psol50.org.br\/#organization\"},\"alternateName\":\"PSOL50\",\"potentialAction\":[{\"@type\":\"SearchAction\",\"target\":{\"@type\":\"EntryPoint\",\"urlTemplate\":\"https:\/\/psol50.org.br\/?s={search_term_string}\"},\"query-input\":{\"@type\":\"PropertyValueSpecification\",\"valueRequired\":true,\"valueName\":\"search_term_string\"}}],\"inLanguage\":\"pt-BR\"},{\"@type\":\"Organization\",\"@id\":\"https:\/\/psol50.org.br\/#organization\",\"name\":\"PSOL 50\",\"alternateName\":\"PSOL 50\",\"url\":\"https:\/\/psol50.org.br\/\",\"logo\":{\"@type\":\"ImageObject\",\"inLanguage\":\"pt-BR\",\"@id\":\"https:\/\/psol50.org.br\/#\/schema\/logo\/image\/\",\"url\":\"https:\/\/psol50.org.br\/inc\/uploads\/2018\/07\/capa.png\",\"contentUrl\":\"https:\/\/psol50.org.br\/inc\/uploads\/2018\/07\/capa.png\",\"width\":1350,\"height\":900,\"caption\":\"PSOL 50\"},\"image\":{\"@id\":\"https:\/\/psol50.org.br\/#\/schema\/logo\/image\/\"},\"sameAs\":[\"https:\/\/www.facebook.com\/psol50\",\"https:\/\/x.com\/psol50\",\"https:\/\/www.instagram.com\/psol50\/\",\"https:\/\/www.youtube.com\/channel\/UC7SnJS5o1os7a6CaiNabzcg\"]},{\"@type\":\"Person\",\"@id\":\"https:\/\/psol50.org.br\/#\/schema\/person\/475dfa57d0b815993c714c2e96491fcd\",\"name\":\"Comunica\u00e7\u00e3o PSOL\",\"image\":{\"@type\":\"ImageObject\",\"inLanguage\":\"pt-BR\",\"@id\":\"https:\/\/psol50.org.br\/#\/schema\/person\/image\/\",\"url\":\"https:\/\/secure.gravatar.com\/avatar\/b34fc4f4e468a4e51785917065a3db57b841f5c95dba6ad8c73aaf8f66f8f9bf?s=96&d=mm&r=g\",\"contentUrl\":\"https:\/\/secure.gravatar.com\/avatar\/b34fc4f4e468a4e51785917065a3db57b841f5c95dba6ad8c73aaf8f66f8f9bf?s=96&d=mm&r=g\",\"caption\":\"Comunica\u00e7\u00e3o PSOL\"}}]}<\/script>\n<!-- \/ Yoast SEO plugin. -->","yoast_head_json":{"title":"Mais de mil presos palestinos iniciam greve de fome em Israel? - PSOL 50","robots":{"index":"index","follow":"follow","max-snippet":"max-snippet:-1","max-image-preview":"max-image-preview:large","max-video-preview":"max-video-preview:-1"},"canonical":"https:\/\/psol50.org.br\/mais-de-mil-presos-palestinos-iniciam-greve-de-fome-em-israel\/","og_locale":"pt_BR","og_type":"article","og_title":"Mais de mil presos palestinos iniciam greve de fome em Israel? - PSOL 50","og_description":"Com a inten\u00e7\u00e3o de denunciar as p\u00e9ssimas condi\u00e7\u00f5es das cadeias israelenses, al\u00e9m das recorrentes deten\u00e7\u00f5es sem acusa\u00e7\u00e3o formal, mais de 1,2 mil presos palestinos iniciaram nesta ter\u00e7a-feira (17\/04) uma greve de fome, de acordo com autoridades israelenses. Outros 2,3 mil rejeitaram suas refei\u00e7\u00f5es somente hoje.\u00a0No entanto, o porta-voz do Minist\u00e9rio de Prisioneiros palestino, Hassan Abed [&hellip;]","og_url":"https:\/\/psol50.org.br\/mais-de-mil-presos-palestinos-iniciam-greve-de-fome-em-israel\/","og_site_name":"PSOL 50","article_publisher":"https:\/\/www.facebook.com\/psol50","article_published_time":"2012-04-18T00:00:00+00:00","og_image":[{"url":"http:\/\/psol50.org.br\/files\/2012\/04\/PalestinosPresos1a-300x192.jpg","type":"","width":"","height":""}],"author":"Comunica\u00e7\u00e3o PSOL","twitter_card":"summary_large_image","twitter_creator":"@psol50","twitter_site":"@psol50","twitter_misc":{"Escrito por":"Comunica\u00e7\u00e3o PSOL","Est. tempo de leitura":"2 minutos"},"schema":{"@context":"https:\/\/schema.org","@graph":[{"@type":"Article","@id":"https:\/\/psol50.org.br\/mais-de-mil-presos-palestinos-iniciam-greve-de-fome-em-israel\/#article","isPartOf":{"@id":"https:\/\/psol50.org.br\/mais-de-mil-presos-palestinos-iniciam-greve-de-fome-em-israel\/"},"author":{"name":"Comunica\u00e7\u00e3o PSOL","@id":"https:\/\/psol50.org.br\/#\/schema\/person\/475dfa57d0b815993c714c2e96491fcd"},"headline":"Mais de mil presos palestinos iniciam greve de fome em Israel?","datePublished":"2012-04-18T00:00:00+00:00","mainEntityOfPage":{"@id":"https:\/\/psol50.org.br\/mais-de-mil-presos-palestinos-iniciam-greve-de-fome-em-israel\/"},"wordCount":346,"commentCount":0,"publisher":{"@id":"https:\/\/psol50.org.br\/#organization"},"image":{"@id":"https:\/\/psol50.org.br\/mais-de-mil-presos-palestinos-iniciam-greve-de-fome-em-israel\/#primaryimage"},"thumbnailUrl":"http:\/\/psol50.org.br\/files\/2012\/04\/PalestinosPresos1a-300x192.jpg","articleSection":["Arquivo"],"inLanguage":"pt-BR","potentialAction":[{"@type":"CommentAction","name":"Comment","target":["https:\/\/psol50.org.br\/mais-de-mil-presos-palestinos-iniciam-greve-de-fome-em-israel\/#respond"]}]},{"@type":"WebPage","@id":"https:\/\/psol50.org.br\/mais-de-mil-presos-palestinos-iniciam-greve-de-fome-em-israel\/","url":"https:\/\/psol50.org.br\/mais-de-mil-presos-palestinos-iniciam-greve-de-fome-em-israel\/","name":"Mais de mil presos palestinos iniciam greve de fome em Israel? - PSOL 50","isPartOf":{"@id":"https:\/\/psol50.org.br\/#website"},"primaryImageOfPage":{"@id":"https:\/\/psol50.org.br\/mais-de-mil-presos-palestinos-iniciam-greve-de-fome-em-israel\/#primaryimage"},"image":{"@id":"https:\/\/psol50.org.br\/mais-de-mil-presos-palestinos-iniciam-greve-de-fome-em-israel\/#primaryimage"},"thumbnailUrl":"http:\/\/psol50.org.br\/files\/2012\/04\/PalestinosPresos1a-300x192.jpg","datePublished":"2012-04-18T00:00:00+00:00","breadcrumb":{"@id":"https:\/\/psol50.org.br\/mais-de-mil-presos-palestinos-iniciam-greve-de-fome-em-israel\/#breadcrumb"},"inLanguage":"pt-BR","potentialAction":[{"@type":"ReadAction","target":["https:\/\/psol50.org.br\/mais-de-mil-presos-palestinos-iniciam-greve-de-fome-em-israel\/"]}]},{"@type":"ImageObject","inLanguage":"pt-BR","@id":"https:\/\/psol50.org.br\/mais-de-mil-presos-palestinos-iniciam-greve-de-fome-em-israel\/#primaryimage","url":"http:\/\/psol50.org.br\/files\/2012\/04\/PalestinosPresos1a-300x192.jpg","contentUrl":"http:\/\/psol50.org.br\/files\/2012\/04\/PalestinosPresos1a-300x192.jpg"},{"@type":"BreadcrumbList","@id":"https:\/\/psol50.org.br\/mais-de-mil-presos-palestinos-iniciam-greve-de-fome-em-israel\/#breadcrumb","itemListElement":[{"@type":"ListItem","position":1,"name":"In\u00edcio","item":"https:\/\/psol50.org.br\/"},{"@type":"ListItem","position":2,"name":"Mais de mil presos palestinos iniciam greve de fome em Israel?"}]},{"@type":"WebSite","@id":"https:\/\/psol50.org.br\/#website","url":"https:\/\/psol50.org.br\/","name":"PSOL 50","description":"Site oficial do Partido Socialismo e Liberdade","publisher":{"@id":"https:\/\/psol50.org.br\/#organization"},"alternateName":"PSOL50","potentialAction":[{"@type":"SearchAction","target":{"@type":"EntryPoint","urlTemplate":"https:\/\/psol50.org.br\/?s={search_term_string}"},"query-input":{"@type":"PropertyValueSpecification","valueRequired":true,"valueName":"search_term_string"}}],"inLanguage":"pt-BR"},{"@type":"Organization","@id":"https:\/\/psol50.org.br\/#organization","name":"PSOL 50","alternateName":"PSOL 50","url":"https:\/\/psol50.org.br\/","logo":{"@type":"ImageObject","inLanguage":"pt-BR","@id":"https:\/\/psol50.org.br\/#\/schema\/logo\/image\/","url":"https:\/\/psol50.org.br\/inc\/uploads\/2018\/07\/capa.png","contentUrl":"https:\/\/psol50.org.br\/inc\/uploads\/2018\/07\/capa.png","width":1350,"height":900,"caption":"PSOL 50"},"image":{"@id":"https:\/\/psol50.org.br\/#\/schema\/logo\/image\/"},"sameAs":["https:\/\/www.facebook.com\/psol50","https:\/\/x.com\/psol50","https:\/\/www.instagram.com\/psol50\/","https:\/\/www.youtube.com\/channel\/UC7SnJS5o1os7a6CaiNabzcg"]},{"@type":"Person","@id":"https:\/\/psol50.org.br\/#\/schema\/person\/475dfa57d0b815993c714c2e96491fcd","name":"Comunica\u00e7\u00e3o PSOL","image":{"@type":"ImageObject","inLanguage":"pt-BR","@id":"https:\/\/psol50.org.br\/#\/schema\/person\/image\/","url":"https:\/\/secure.gravatar.com\/avatar\/b34fc4f4e468a4e51785917065a3db57b841f5c95dba6ad8c73aaf8f66f8f9bf?s=96&d=mm&r=g","contentUrl":"https:\/\/secure.gravatar.com\/avatar\/b34fc4f4e468a4e51785917065a3db57b841f5c95dba6ad8c73aaf8f66f8f9bf?s=96&d=mm&r=g","caption":"Comunica\u00e7\u00e3o PSOL"}}]}},"_links":{"self":[{"href":"https:\/\/psol50.org.br\/rest\/wp\/v2\/posts\/599","targetHints":{"allow":["GET"]}}],"collection":[{"href":"https:\/\/psol50.org.br\/rest\/wp\/v2\/posts"}],"about":[{"href":"https:\/\/psol50.org.br\/rest\/wp\/v2\/types\/post"}],"author":[{"embeddable":true,"href":"https:\/\/psol50.org.br\/rest\/wp\/v2\/users\/2"}],"replies":[{"embeddable":true,"href":"https:\/\/psol50.org.br\/rest\/wp\/v2\/comments?post=599"}],"version-history":[{"count":0,"href":"https:\/\/psol50.org.br\/rest\/wp\/v2\/posts\/599\/revisions"}],"wp:attachment":[{"href":"https:\/\/psol50.org.br\/rest\/wp\/v2\/media?parent=599"}],"wp:term":[{"taxonomy":"category","embeddable":true,"href":"https:\/\/psol50.org.br\/rest\/wp\/v2\/categories?post=599"},{"taxonomy":"post_tag","embeddable":true,"href":"https:\/\/psol50.org.br\/rest\/wp\/v2\/tags?post=599"}],"curies":[{"name":"wp","href":"https:\/\/api.w.org\/{rel}","templated":true}]}}