{"id":600,"date":"2012-04-18T00:00:00","date_gmt":"2012-04-18T00:00:00","guid":{"rendered":"http:\/\/psol50.org.br\/arquivo\/2012\/04\/18\/argentina-reafirma-soberania-e-apela-a-travar-o-saque-espanhol-na-america-latina\/"},"modified":"2012-04-18T00:00:00","modified_gmt":"2012-04-18T00:00:00","slug":"argentina-reafirma-soberania-e-apela-a-travar-o-saque-espanhol-na-america-latina","status":"publish","type":"post","link":"https:\/\/psol50.org.br\/argentina-reafirma-soberania-e-apela-a-travar-o-saque-espanhol-na-america-latina\/","title":{"rendered":"Argentina reafirma soberania e apela a &#8220;travar o saque espanhol&#8221; na Am\u00e9rica Latina"},"content":{"rendered":"<p style=\"text-align: justify\"><strong><em><a href=\"http:\/\/psol50.org.br\/blog\/2012\/04\/18\/argentina-reafirma-soberania-e-apela-a-travar-o-saque-espanhol-na-america-latina\/argentina_ypf1\/\" rel=\"attachment wp-att-15114\"><img loading=\"lazy\" decoding=\"async\" class=\"aligncenter size-full wp-image-15114\" src=\"http:\/\/psol50.org.br\/files\/2012\/04\/Argentina_YPF1.jpg\" alt=\"\" width=\"450\" height=\"293\" \/><\/a><a href=\"http:\/\/www.diarioliberdade.org\/artigos-em-destaque\/408-direitos-nacionais-e-imperialismo\/26298-argentina-reafirma-soberania-e-apela-a-travar-o-saque-espanhol-da-am%C3%A9rica-latina.html\">*Por Di\u00e1rio Liberdade<\/a><\/em><\/strong><\/p>\n<p style=\"text-align: justify\"><strong><em>Amea\u00e7as e insultos de jornalistas espanh\u00f3is &#8220;demonstram uma falta de respeito grave \u00e0 soberania&#8221; afirmam pol\u00edticos argentinos. Vice-ministro da Economia definia de &#8220;imprudente&#8221; a exig\u00eancia espanhola de indenizar com 9 bilh\u00f5es de d\u00f3lares a multinacional Repsol.<\/em><\/strong><\/p>\n<p style=\"text-align: justify\">O vice-ministro da Economia da Argentina, Axel Kicillof, afirmou hoje ter\u00e7a-feira que a empresa espanhola Repsol oculta o real valor de sua filial petrol\u00edfera YPF S.A., cujas a\u00e7\u00f5es devem ser expropriadas se o projeto de lei enviado pela presidente Cristina Kirchner for aprovado no Congresso.<\/p>\n<p style=\"text-align: justify\">Kicillof respondeu ao recente pedido de indeniza\u00e7\u00e3o espanhol \u2013 de 9 bilh\u00f5es de d\u00f3lares &#8211; que a comiss\u00e3o que interveio provisoriamente na empresa ir\u00e1 revisar e que o valor pago ser\u00e1 estabelecido pelo Tribunal de Avalia\u00e7\u00e3o do seu pa\u00eds.<\/p>\n<p style=\"text-align: justify\">&#8220;Estamos em condi\u00e7\u00f5es de dizer que os n\u00fameros que falaram acerca do valor da companhia, de maneira imprudente, v\u00e3o ser revisados \u00e0 medida que formos conhecendo os caminhos e informa\u00e7\u00f5es secretas que a empresa manejava&#8221;, disse o vice-ministro no plen\u00e1rio de Comiss\u00f5es do Senado.<\/p>\n<p style=\"text-align: justify\">O vice-ministro defendeu e argumentou a expropria\u00e7\u00e3o de 51% das a\u00e7\u00f5es da YPF S.A., na qual a Repsol possui 57,4% de participa\u00e7\u00e3o acion\u00e1ria, &#8220;ningu\u00e9m pode dizer que est\u00e3o tirando [da Espanha] uma coisa que era sua&#8221;, alegou, em defesa dos recursos petroleiros do pa\u00eds administrados pela Repsol, que segundo Kicillof, &#8220;teve lucros extraordinariamente grandes&#8221; decorrentes da atividade explorat\u00f3ria argentina nos \u00faltimos anos.<\/p>\n<p style=\"text-align: justify\">Al\u00e9m do mais, o pol\u00edtico argentino ironizou sobre as acusa\u00e7\u00f5es dos capitalistas espanh\u00f3is de inseguran\u00e7a jur\u00eddica na Argentina e afirmou que n\u00e3o espera que os empres\u00e1rios espanh\u00f3is entendam as motiva\u00e7\u00f5es da expropria\u00e7\u00e3o acion\u00e1ria, j\u00e1 que estes &#8220;pensam na expans\u00e3o de um grupo&#8221; que &#8220;enxugou at\u00e9 a \u00faltima gota&#8221; os dividendos obtidos com a YPF.<\/p>\n<p style=\"text-align: justify\">&#8220;Travar o saque espanhol&#8221; na Am\u00e9rica Latina<\/p>\n<p style=\"text-align: justify\">Axel Kicillof defendeu esta medida para travar o saque que o Estado espanhol est\u00e1 a levar ao cabo na Am\u00e9rica Latina pois, segundo ele, o governo argentino &#8220;n\u00e3o pode se dar ao luxo&#8221; de esperar que a Repsol &#8220;se sente para discutir o que ser\u00e1 feito&#8221; com os recursos estrat\u00e9gicos argentinos.<\/p>\n<p style=\"text-align: justify\">O ex-chefe da Casa Civil e atual senador do partido governista Frente para a Vit\u00f3ria (FPV), An\u00edbal Fern\u00e1ndez, acusou diretamente os empres\u00e1rios espanh\u00f3is por &#8220;nunca quererem crescer com a Argentina&#8221; e por &#8220;desmantelarem&#8221; a petrol\u00edfera argentina, depois de ser vendida em 1998 pelo ex-presidente Carlos Menem.<\/p>\n<p style=\"text-align: justify\">&#8220;Falta de respeito grave \u00e0 soberania da Argentina&#8221;<\/p>\n<p style=\"text-align: justify\">Atribuindo a queda &#8220;exorbitante&#8221; de reservas e de produ\u00e7\u00e3o de petr\u00f3leo e g\u00e1s \u00e0 falta de investimentos da Repsol no pa\u00eds, Fern\u00e1ndez afirmou que amea\u00e7as e insultos de jornalistas espanh\u00f3is &#8220;demonstram uma falta de respeito grave \u00e0 soberania&#8221; da Argentina. &#8220;[A Repsol] tirou da YPF tudo o que pode e n\u00f3s ainda temos que suportar esta falta de respeito com a presidente&#8221;, disse.<\/p>\n<p style=\"text-align: justify\">Para passar pelo Senado, o projeto de lei que prev\u00ea a expropria\u00e7\u00e3o de 51% das a\u00e7\u00f5es da YPF S.A. necessita aprova\u00e7\u00e3o de dois ter\u00e7os dos legisladores. Estima-se que n\u00e3o haja dificuldades para sua san\u00e7\u00e3o, j\u00e1 que o kirchnerismo conta com maioria em ambas as c\u00e2maras do Congresso.<\/p>\n<p style=\"text-align: justify\">Entretanto, na Europa, os poderes econ\u00f4micos do Estado espanhol agitam atrav\u00e9s da sua poderosa m\u00eddia contra a Argentina em termos duros e amea\u00e7am com respostas &#8220;econ\u00f4micas, diplom\u00e1ticas e pol\u00edticas&#8221; contra o pa\u00eds latino-americano, iniciando para isso o presidente Rajoi uma tourn\u00e9 pelo continente americano. No M\u00e9xico, o tamb\u00e9m direitista presidente, Felipe Calder\u00f3n, j\u00e1 apoiou publicamente a causa da multinacional espanhola no lit\u00edgio com o governo argentino, uma vez que a mexicana Pemex \u00e9 acionista em YPF e teme as consequ\u00eancias da leg\u00edtima medida do governo argentino.<\/p>\n<p style=\"text-align: justify\"><a href=\"http:\/\/www.diarioliberdade.org\/artigos-em-destaque\/408-direitos-nacionais-e-imperialismo\/26298-argentina-reafirma-soberania-e-apela-a-travar-o-saque-espanhol-da-am%C3%A9rica-latina.html\"><strong>*Com informa\u00e7ons de Opera Mundi e Ag\u00eancias.<\/strong><\/a><\/p>\n","protected":false},"excerpt":{"rendered":"<p>*Por Di\u00e1rio Liberdade Amea\u00e7as e insultos de jornalistas espanh\u00f3is &#8220;demonstram uma falta de respeito grave \u00e0 soberania&#8221; afirmam pol\u00edticos argentinos. Vice-ministro da Economia definia de &#8220;imprudente&#8221; a exig\u00eancia espanhola de indenizar com 9 bilh\u00f5es de d\u00f3lares a multinacional Repsol. O vice-ministro da Economia da Argentina, Axel Kicillof, afirmou hoje ter\u00e7a-feira que a empresa espanhola Repsol [&hellip;]<\/p>\n","protected":false},"author":2,"featured_media":0,"comment_status":"open","ping_status":"open","sticky":false,"template":"","format":"standard","meta":{"_acf_changed":false,"footnotes":""},"categories":[4766,3605,836],"tags":[2753,790,1216,2138],"class_list":{"0":"post-600","1":"post","2":"type-post","3":"status-publish","4":"format-standard","7":"category-espanha","9":"tag-espanha","10":"tag-esquerda","11":"tag-internacional","12":"tag-podemos"},"acf":[],"yoast_head":"<!-- This site is optimized with the Yoast SEO plugin v26.5 - https:\/\/yoast.com\/wordpress\/plugins\/seo\/ -->\n<title>Argentina reafirma soberania e apela a &quot;travar o saque espanhol&quot; na Am\u00e9rica Latina - PSOL 50<\/title>\n<meta name=\"robots\" content=\"index, follow, max-snippet:-1, max-image-preview:large, max-video-preview:-1\" \/>\n<link rel=\"canonical\" href=\"https:\/\/psol50.org.br\/argentina-reafirma-soberania-e-apela-a-travar-o-saque-espanhol-na-america-latina\/\" \/>\n<meta property=\"og:locale\" content=\"pt_BR\" \/>\n<meta property=\"og:type\" content=\"article\" \/>\n<meta property=\"og:title\" content=\"Argentina reafirma soberania e apela a &quot;travar o saque espanhol&quot; na Am\u00e9rica Latina - PSOL 50\" \/>\n<meta property=\"og:description\" content=\"*Por Di\u00e1rio Liberdade Amea\u00e7as e insultos de jornalistas espanh\u00f3is &#8220;demonstram uma falta de respeito grave \u00e0 soberania&#8221; afirmam pol\u00edticos argentinos. Vice-ministro da Economia definia de &#8220;imprudente&#8221; a exig\u00eancia espanhola de indenizar com 9 bilh\u00f5es de d\u00f3lares a multinacional Repsol. O vice-ministro da Economia da Argentina, Axel Kicillof, afirmou hoje ter\u00e7a-feira que a empresa espanhola Repsol [&hellip;]\" \/>\n<meta property=\"og:url\" content=\"https:\/\/psol50.org.br\/argentina-reafirma-soberania-e-apela-a-travar-o-saque-espanhol-na-america-latina\/\" \/>\n<meta property=\"og:site_name\" content=\"PSOL 50\" \/>\n<meta property=\"article:publisher\" content=\"https:\/\/www.facebook.com\/psol50\" \/>\n<meta property=\"article:published_time\" content=\"2012-04-18T00:00:00+00:00\" \/>\n<meta property=\"og:image\" content=\"http:\/\/psol50.org.br\/files\/2012\/04\/Argentina_YPF1.jpg\" \/>\n<meta name=\"author\" content=\"Comunica\u00e7\u00e3o PSOL\" \/>\n<meta name=\"twitter:card\" content=\"summary_large_image\" \/>\n<meta name=\"twitter:creator\" content=\"@psol50\" \/>\n<meta name=\"twitter:site\" content=\"@psol50\" \/>\n<meta name=\"twitter:label1\" content=\"Escrito por\" \/>\n\t<meta name=\"twitter:data1\" content=\"Comunica\u00e7\u00e3o PSOL\" \/>\n\t<meta name=\"twitter:label2\" content=\"Est. tempo de leitura\" \/>\n\t<meta name=\"twitter:data2\" content=\"3 minutos\" \/>\n<script type=\"application\/ld+json\" class=\"yoast-schema-graph\">{\"@context\":\"https:\/\/schema.org\",\"@graph\":[{\"@type\":\"Article\",\"@id\":\"https:\/\/psol50.org.br\/argentina-reafirma-soberania-e-apela-a-travar-o-saque-espanhol-na-america-latina\/#article\",\"isPartOf\":{\"@id\":\"https:\/\/psol50.org.br\/argentina-reafirma-soberania-e-apela-a-travar-o-saque-espanhol-na-america-latina\/\"},\"author\":{\"name\":\"Comunica\u00e7\u00e3o PSOL\",\"@id\":\"https:\/\/psol50.org.br\/#\/schema\/person\/475dfa57d0b815993c714c2e96491fcd\"},\"headline\":\"Argentina reafirma soberania e apela a &#8220;travar o saque espanhol&#8221; na Am\u00e9rica Latina\",\"datePublished\":\"2012-04-18T00:00:00+00:00\",\"mainEntityOfPage\":{\"@id\":\"https:\/\/psol50.org.br\/argentina-reafirma-soberania-e-apela-a-travar-o-saque-espanhol-na-america-latina\/\"},\"wordCount\":686,\"commentCount\":0,\"publisher\":{\"@id\":\"https:\/\/psol50.org.br\/#organization\"},\"image\":{\"@id\":\"https:\/\/psol50.org.br\/argentina-reafirma-soberania-e-apela-a-travar-o-saque-espanhol-na-america-latina\/#primaryimage\"},\"thumbnailUrl\":\"http:\/\/psol50.org.br\/files\/2012\/04\/Argentina_YPF1.jpg\",\"keywords\":[\"Espanha\",\"esquerda\",\"Internacional\",\"Podemos\"],\"articleSection\":[\"Arquivo\",\"Espanha\",\"Internacional\"],\"inLanguage\":\"pt-BR\",\"potentialAction\":[{\"@type\":\"CommentAction\",\"name\":\"Comment\",\"target\":[\"https:\/\/psol50.org.br\/argentina-reafirma-soberania-e-apela-a-travar-o-saque-espanhol-na-america-latina\/#respond\"]}]},{\"@type\":\"WebPage\",\"@id\":\"https:\/\/psol50.org.br\/argentina-reafirma-soberania-e-apela-a-travar-o-saque-espanhol-na-america-latina\/\",\"url\":\"https:\/\/psol50.org.br\/argentina-reafirma-soberania-e-apela-a-travar-o-saque-espanhol-na-america-latina\/\",\"name\":\"Argentina reafirma soberania e apela a \\\"travar o saque espanhol\\\" na Am\u00e9rica Latina - PSOL 50\",\"isPartOf\":{\"@id\":\"https:\/\/psol50.org.br\/#website\"},\"primaryImageOfPage\":{\"@id\":\"https:\/\/psol50.org.br\/argentina-reafirma-soberania-e-apela-a-travar-o-saque-espanhol-na-america-latina\/#primaryimage\"},\"image\":{\"@id\":\"https:\/\/psol50.org.br\/argentina-reafirma-soberania-e-apela-a-travar-o-saque-espanhol-na-america-latina\/#primaryimage\"},\"thumbnailUrl\":\"http:\/\/psol50.org.br\/files\/2012\/04\/Argentina_YPF1.jpg\",\"datePublished\":\"2012-04-18T00:00:00+00:00\",\"breadcrumb\":{\"@id\":\"https:\/\/psol50.org.br\/argentina-reafirma-soberania-e-apela-a-travar-o-saque-espanhol-na-america-latina\/#breadcrumb\"},\"inLanguage\":\"pt-BR\",\"potentialAction\":[{\"@type\":\"ReadAction\",\"target\":[\"https:\/\/psol50.org.br\/argentina-reafirma-soberania-e-apela-a-travar-o-saque-espanhol-na-america-latina\/\"]}]},{\"@type\":\"ImageObject\",\"inLanguage\":\"pt-BR\",\"@id\":\"https:\/\/psol50.org.br\/argentina-reafirma-soberania-e-apela-a-travar-o-saque-espanhol-na-america-latina\/#primaryimage\",\"url\":\"http:\/\/psol50.org.br\/files\/2012\/04\/Argentina_YPF1.jpg\",\"contentUrl\":\"http:\/\/psol50.org.br\/files\/2012\/04\/Argentina_YPF1.jpg\"},{\"@type\":\"BreadcrumbList\",\"@id\":\"https:\/\/psol50.org.br\/argentina-reafirma-soberania-e-apela-a-travar-o-saque-espanhol-na-america-latina\/#breadcrumb\",\"itemListElement\":[{\"@type\":\"ListItem\",\"position\":1,\"name\":\"In\u00edcio\",\"item\":\"https:\/\/psol50.org.br\/\"},{\"@type\":\"ListItem\",\"position\":2,\"name\":\"Argentina reafirma soberania e apela a &#8220;travar o saque espanhol&#8221; na Am\u00e9rica Latina\"}]},{\"@type\":\"WebSite\",\"@id\":\"https:\/\/psol50.org.br\/#website\",\"url\":\"https:\/\/psol50.org.br\/\",\"name\":\"PSOL 50\",\"description\":\"Site oficial do Partido Socialismo e Liberdade\",\"publisher\":{\"@id\":\"https:\/\/psol50.org.br\/#organization\"},\"alternateName\":\"PSOL50\",\"potentialAction\":[{\"@type\":\"SearchAction\",\"target\":{\"@type\":\"EntryPoint\",\"urlTemplate\":\"https:\/\/psol50.org.br\/?s={search_term_string}\"},\"query-input\":{\"@type\":\"PropertyValueSpecification\",\"valueRequired\":true,\"valueName\":\"search_term_string\"}}],\"inLanguage\":\"pt-BR\"},{\"@type\":\"Organization\",\"@id\":\"https:\/\/psol50.org.br\/#organization\",\"name\":\"PSOL 50\",\"alternateName\":\"PSOL 50\",\"url\":\"https:\/\/psol50.org.br\/\",\"logo\":{\"@type\":\"ImageObject\",\"inLanguage\":\"pt-BR\",\"@id\":\"https:\/\/psol50.org.br\/#\/schema\/logo\/image\/\",\"url\":\"https:\/\/psol50.org.br\/inc\/uploads\/2018\/07\/capa.png\",\"contentUrl\":\"https:\/\/psol50.org.br\/inc\/uploads\/2018\/07\/capa.png\",\"width\":1350,\"height\":900,\"caption\":\"PSOL 50\"},\"image\":{\"@id\":\"https:\/\/psol50.org.br\/#\/schema\/logo\/image\/\"},\"sameAs\":[\"https:\/\/www.facebook.com\/psol50\",\"https:\/\/x.com\/psol50\",\"https:\/\/www.instagram.com\/psol50\/\",\"https:\/\/www.youtube.com\/channel\/UC7SnJS5o1os7a6CaiNabzcg\"]},{\"@type\":\"Person\",\"@id\":\"https:\/\/psol50.org.br\/#\/schema\/person\/475dfa57d0b815993c714c2e96491fcd\",\"name\":\"Comunica\u00e7\u00e3o PSOL\",\"image\":{\"@type\":\"ImageObject\",\"inLanguage\":\"pt-BR\",\"@id\":\"https:\/\/psol50.org.br\/#\/schema\/person\/image\/\",\"url\":\"https:\/\/secure.gravatar.com\/avatar\/b34fc4f4e468a4e51785917065a3db57b841f5c95dba6ad8c73aaf8f66f8f9bf?s=96&d=mm&r=g\",\"contentUrl\":\"https:\/\/secure.gravatar.com\/avatar\/b34fc4f4e468a4e51785917065a3db57b841f5c95dba6ad8c73aaf8f66f8f9bf?s=96&d=mm&r=g\",\"caption\":\"Comunica\u00e7\u00e3o PSOL\"}}]}<\/script>\n<!-- \/ Yoast SEO plugin. -->","yoast_head_json":{"title":"Argentina reafirma soberania e apela a \"travar o saque espanhol\" na Am\u00e9rica Latina - PSOL 50","robots":{"index":"index","follow":"follow","max-snippet":"max-snippet:-1","max-image-preview":"max-image-preview:large","max-video-preview":"max-video-preview:-1"},"canonical":"https:\/\/psol50.org.br\/argentina-reafirma-soberania-e-apela-a-travar-o-saque-espanhol-na-america-latina\/","og_locale":"pt_BR","og_type":"article","og_title":"Argentina reafirma soberania e apela a \"travar o saque espanhol\" na Am\u00e9rica Latina - PSOL 50","og_description":"*Por Di\u00e1rio Liberdade Amea\u00e7as e insultos de jornalistas espanh\u00f3is &#8220;demonstram uma falta de respeito grave \u00e0 soberania&#8221; afirmam pol\u00edticos argentinos. Vice-ministro da Economia definia de &#8220;imprudente&#8221; a exig\u00eancia espanhola de indenizar com 9 bilh\u00f5es de d\u00f3lares a multinacional Repsol. O vice-ministro da Economia da Argentina, Axel Kicillof, afirmou hoje ter\u00e7a-feira que a empresa espanhola Repsol [&hellip;]","og_url":"https:\/\/psol50.org.br\/argentina-reafirma-soberania-e-apela-a-travar-o-saque-espanhol-na-america-latina\/","og_site_name":"PSOL 50","article_publisher":"https:\/\/www.facebook.com\/psol50","article_published_time":"2012-04-18T00:00:00+00:00","og_image":[{"url":"http:\/\/psol50.org.br\/files\/2012\/04\/Argentina_YPF1.jpg","type":"","width":"","height":""}],"author":"Comunica\u00e7\u00e3o PSOL","twitter_card":"summary_large_image","twitter_creator":"@psol50","twitter_site":"@psol50","twitter_misc":{"Escrito por":"Comunica\u00e7\u00e3o PSOL","Est. tempo de leitura":"3 minutos"},"schema":{"@context":"https:\/\/schema.org","@graph":[{"@type":"Article","@id":"https:\/\/psol50.org.br\/argentina-reafirma-soberania-e-apela-a-travar-o-saque-espanhol-na-america-latina\/#article","isPartOf":{"@id":"https:\/\/psol50.org.br\/argentina-reafirma-soberania-e-apela-a-travar-o-saque-espanhol-na-america-latina\/"},"author":{"name":"Comunica\u00e7\u00e3o PSOL","@id":"https:\/\/psol50.org.br\/#\/schema\/person\/475dfa57d0b815993c714c2e96491fcd"},"headline":"Argentina reafirma soberania e apela a &#8220;travar o saque espanhol&#8221; na Am\u00e9rica Latina","datePublished":"2012-04-18T00:00:00+00:00","mainEntityOfPage":{"@id":"https:\/\/psol50.org.br\/argentina-reafirma-soberania-e-apela-a-travar-o-saque-espanhol-na-america-latina\/"},"wordCount":686,"commentCount":0,"publisher":{"@id":"https:\/\/psol50.org.br\/#organization"},"image":{"@id":"https:\/\/psol50.org.br\/argentina-reafirma-soberania-e-apela-a-travar-o-saque-espanhol-na-america-latina\/#primaryimage"},"thumbnailUrl":"http:\/\/psol50.org.br\/files\/2012\/04\/Argentina_YPF1.jpg","keywords":["Espanha","esquerda","Internacional","Podemos"],"articleSection":["Arquivo","Espanha","Internacional"],"inLanguage":"pt-BR","potentialAction":[{"@type":"CommentAction","name":"Comment","target":["https:\/\/psol50.org.br\/argentina-reafirma-soberania-e-apela-a-travar-o-saque-espanhol-na-america-latina\/#respond"]}]},{"@type":"WebPage","@id":"https:\/\/psol50.org.br\/argentina-reafirma-soberania-e-apela-a-travar-o-saque-espanhol-na-america-latina\/","url":"https:\/\/psol50.org.br\/argentina-reafirma-soberania-e-apela-a-travar-o-saque-espanhol-na-america-latina\/","name":"Argentina reafirma soberania e apela a \"travar o saque espanhol\" na Am\u00e9rica Latina - PSOL 50","isPartOf":{"@id":"https:\/\/psol50.org.br\/#website"},"primaryImageOfPage":{"@id":"https:\/\/psol50.org.br\/argentina-reafirma-soberania-e-apela-a-travar-o-saque-espanhol-na-america-latina\/#primaryimage"},"image":{"@id":"https:\/\/psol50.org.br\/argentina-reafirma-soberania-e-apela-a-travar-o-saque-espanhol-na-america-latina\/#primaryimage"},"thumbnailUrl":"http:\/\/psol50.org.br\/files\/2012\/04\/Argentina_YPF1.jpg","datePublished":"2012-04-18T00:00:00+00:00","breadcrumb":{"@id":"https:\/\/psol50.org.br\/argentina-reafirma-soberania-e-apela-a-travar-o-saque-espanhol-na-america-latina\/#breadcrumb"},"inLanguage":"pt-BR","potentialAction":[{"@type":"ReadAction","target":["https:\/\/psol50.org.br\/argentina-reafirma-soberania-e-apela-a-travar-o-saque-espanhol-na-america-latina\/"]}]},{"@type":"ImageObject","inLanguage":"pt-BR","@id":"https:\/\/psol50.org.br\/argentina-reafirma-soberania-e-apela-a-travar-o-saque-espanhol-na-america-latina\/#primaryimage","url":"http:\/\/psol50.org.br\/files\/2012\/04\/Argentina_YPF1.jpg","contentUrl":"http:\/\/psol50.org.br\/files\/2012\/04\/Argentina_YPF1.jpg"},{"@type":"BreadcrumbList","@id":"https:\/\/psol50.org.br\/argentina-reafirma-soberania-e-apela-a-travar-o-saque-espanhol-na-america-latina\/#breadcrumb","itemListElement":[{"@type":"ListItem","position":1,"name":"In\u00edcio","item":"https:\/\/psol50.org.br\/"},{"@type":"ListItem","position":2,"name":"Argentina reafirma soberania e apela a &#8220;travar o saque espanhol&#8221; na Am\u00e9rica Latina"}]},{"@type":"WebSite","@id":"https:\/\/psol50.org.br\/#website","url":"https:\/\/psol50.org.br\/","name":"PSOL 50","description":"Site oficial do Partido Socialismo e Liberdade","publisher":{"@id":"https:\/\/psol50.org.br\/#organization"},"alternateName":"PSOL50","potentialAction":[{"@type":"SearchAction","target":{"@type":"EntryPoint","urlTemplate":"https:\/\/psol50.org.br\/?s={search_term_string}"},"query-input":{"@type":"PropertyValueSpecification","valueRequired":true,"valueName":"search_term_string"}}],"inLanguage":"pt-BR"},{"@type":"Organization","@id":"https:\/\/psol50.org.br\/#organization","name":"PSOL 50","alternateName":"PSOL 50","url":"https:\/\/psol50.org.br\/","logo":{"@type":"ImageObject","inLanguage":"pt-BR","@id":"https:\/\/psol50.org.br\/#\/schema\/logo\/image\/","url":"https:\/\/psol50.org.br\/inc\/uploads\/2018\/07\/capa.png","contentUrl":"https:\/\/psol50.org.br\/inc\/uploads\/2018\/07\/capa.png","width":1350,"height":900,"caption":"PSOL 50"},"image":{"@id":"https:\/\/psol50.org.br\/#\/schema\/logo\/image\/"},"sameAs":["https:\/\/www.facebook.com\/psol50","https:\/\/x.com\/psol50","https:\/\/www.instagram.com\/psol50\/","https:\/\/www.youtube.com\/channel\/UC7SnJS5o1os7a6CaiNabzcg"]},{"@type":"Person","@id":"https:\/\/psol50.org.br\/#\/schema\/person\/475dfa57d0b815993c714c2e96491fcd","name":"Comunica\u00e7\u00e3o PSOL","image":{"@type":"ImageObject","inLanguage":"pt-BR","@id":"https:\/\/psol50.org.br\/#\/schema\/person\/image\/","url":"https:\/\/secure.gravatar.com\/avatar\/b34fc4f4e468a4e51785917065a3db57b841f5c95dba6ad8c73aaf8f66f8f9bf?s=96&d=mm&r=g","contentUrl":"https:\/\/secure.gravatar.com\/avatar\/b34fc4f4e468a4e51785917065a3db57b841f5c95dba6ad8c73aaf8f66f8f9bf?s=96&d=mm&r=g","caption":"Comunica\u00e7\u00e3o PSOL"}}]}},"_links":{"self":[{"href":"https:\/\/psol50.org.br\/rest\/wp\/v2\/posts\/600","targetHints":{"allow":["GET"]}}],"collection":[{"href":"https:\/\/psol50.org.br\/rest\/wp\/v2\/posts"}],"about":[{"href":"https:\/\/psol50.org.br\/rest\/wp\/v2\/types\/post"}],"author":[{"embeddable":true,"href":"https:\/\/psol50.org.br\/rest\/wp\/v2\/users\/2"}],"replies":[{"embeddable":true,"href":"https:\/\/psol50.org.br\/rest\/wp\/v2\/comments?post=600"}],"version-history":[{"count":0,"href":"https:\/\/psol50.org.br\/rest\/wp\/v2\/posts\/600\/revisions"}],"wp:attachment":[{"href":"https:\/\/psol50.org.br\/rest\/wp\/v2\/media?parent=600"}],"wp:term":[{"taxonomy":"category","embeddable":true,"href":"https:\/\/psol50.org.br\/rest\/wp\/v2\/categories?post=600"},{"taxonomy":"post_tag","embeddable":true,"href":"https:\/\/psol50.org.br\/rest\/wp\/v2\/tags?post=600"}],"curies":[{"name":"wp","href":"https:\/\/api.w.org\/{rel}","templated":true}]}}