{"id":611,"date":"2012-05-19T00:00:00","date_gmt":"2012-05-19T00:00:00","guid":{"rendered":"http:\/\/psol50.org.br\/arquivo\/2012\/05\/19\/premie-frances-cobra-da-ue-aumento-de-ajuda-a-grecia\/"},"modified":"2012-05-19T00:00:00","modified_gmt":"2012-05-19T00:00:00","slug":"premie-frances-cobra-da-ue-aumento-de-ajuda-a-grecia","status":"publish","type":"post","link":"https:\/\/psol50.org.br\/premie-frances-cobra-da-ue-aumento-de-ajuda-a-grecia\/","title":{"rendered":"Premi\u00ea franc\u00eas cobra da UE aumento de ajuda \u00e0 Gr\u00e9cia"},"content":{"rendered":"<p><a href=\"http:\/\/psol50.org.br\/blog\/2012\/05\/19\/premie-frances-cobra-da-ue-aumento-de-ajuda-a-grecia\/premie-franca-jean-marc-ayrault\/\" rel=\"attachment wp-att-15477\"><img loading=\"lazy\" decoding=\"async\" class=\"alignleft size-full wp-image-15477\" src=\"http:\/\/psol50.org.br\/files\/2012\/05\/premie-franca-jean-marc-ayrault.jpg\" alt=\"\" width=\"300\" height=\"168\" \/><\/a>O novo primeiro-ministro franc\u00eas, Jean-Marc Ayrault, disse nesta sexta-feira que a Uni\u00e3o Europeia (EU) deveria aumentar sua ajuda \u00e0 <strong>Gr\u00e9cia<\/strong>, e defendeu para isso o uso de fundos estruturais do bloco que poderiam ser usados para fomentar a economia grega.<\/p>\n<p>Ayrault disse que deveria estar entre os objetivos de todos fazer o necess\u00e1rio para manter a <em>Gr\u00e9cia<\/em> na zona do euro, embora reconheceu que os gregos podem simplesmente desistir da moeda \u00fanica, frente aos desafios do que classificou como um programa de austeridade brutal.<\/p>\n<p>As medidas de austeridade, que incluem demiss\u00f5es do setor p\u00fablico, cortes or\u00e7ament\u00e1rios, aumento de impostos e diversos mecanismos que diminu\u00edram os servi\u00e7os oferecidos pelo Estado, s\u00e3o exig\u00eancias do FMI (Fundo Monet\u00e1rio Internacional), da UE e do Banco Central Europeu (BCE) em troca dos empr\u00e9stimos emergenciais destinados ao pa\u00eds.<\/p>\n<p>O ministro das Finan\u00e7as alem\u00e3o, Wolfgang Schauble, disse que a Alemanha quer que a <span style=\"text-decoration: underline\">Gr\u00e9cia<\/span> permane\u00e7a com o euro, mas deixou claro que os gregos devem fazer o que \u00e9 necess\u00e1rio para restaurar sua economia.<\/p>\n<p>As declara\u00e7\u00f5es chegam dois dias ap\u00f3s milhares de gregos terem efetuado saques nos bancos do pa\u00eds, temendo o agravamento da crise. Na Espanha, houve rumores de que milhares de correntistas tamb\u00e9m haviam sacado suas economias.<\/p>\n<p><a href=\"http:\/\/www.bbc.co.uk\/portuguese\/\"><strong>*Fonte: BBC Brasil<\/strong><\/a><\/p>\n","protected":false},"excerpt":{"rendered":"<p>O novo primeiro-ministro franc\u00eas, Jean-Marc Ayrault, disse nesta sexta-feira que a Uni\u00e3o Europeia (EU) deveria aumentar sua ajuda \u00e0 Gr\u00e9cia, e defendeu para isso o uso de fundos estruturais do bloco que poderiam ser usados para fomentar a economia grega. Ayrault disse que deveria estar entre os objetivos de todos fazer o necess\u00e1rio para manter [&hellip;]<\/p>\n","protected":false},"author":2,"featured_media":0,"comment_status":"open","ping_status":"open","sticky":false,"template":"","format":"standard","meta":{"_acf_changed":false,"footnotes":""},"categories":[4766,4764,836],"tags":[790,3993,1216,4765],"class_list":{"0":"post-611","1":"post","2":"type-post","3":"status-publish","4":"format-standard","6":"category-arquivo","7":"category-grecia","8":"category-internacional","9":"tag-esquerda","10":"tag-grecia","11":"tag-internacional","12":"tag-syriza"},"acf":[],"yoast_head":"<!-- This site is optimized with the Yoast SEO plugin v26.5 - https:\/\/yoast.com\/wordpress\/plugins\/seo\/ -->\n<title>Premi\u00ea franc\u00eas cobra da UE aumento de ajuda \u00e0 Gr\u00e9cia - PSOL 50<\/title>\n<meta name=\"robots\" content=\"index, follow, max-snippet:-1, max-image-preview:large, max-video-preview:-1\" \/>\n<link rel=\"canonical\" href=\"https:\/\/psol50.org.br\/premie-frances-cobra-da-ue-aumento-de-ajuda-a-grecia\/\" \/>\n<meta property=\"og:locale\" content=\"pt_BR\" \/>\n<meta property=\"og:type\" content=\"article\" \/>\n<meta property=\"og:title\" content=\"Premi\u00ea franc\u00eas cobra da UE aumento de ajuda \u00e0 Gr\u00e9cia - PSOL 50\" \/>\n<meta property=\"og:description\" content=\"O novo primeiro-ministro franc\u00eas, Jean-Marc Ayrault, disse nesta sexta-feira que a Uni\u00e3o Europeia (EU) deveria aumentar sua ajuda \u00e0 Gr\u00e9cia, e defendeu para isso o uso de fundos estruturais do bloco que poderiam ser usados para fomentar a economia grega. Ayrault disse que deveria estar entre os objetivos de todos fazer o necess\u00e1rio para manter [&hellip;]\" \/>\n<meta property=\"og:url\" content=\"https:\/\/psol50.org.br\/premie-frances-cobra-da-ue-aumento-de-ajuda-a-grecia\/\" \/>\n<meta property=\"og:site_name\" content=\"PSOL 50\" \/>\n<meta property=\"article:publisher\" content=\"https:\/\/www.facebook.com\/psol50\" \/>\n<meta property=\"article:published_time\" content=\"2012-05-19T00:00:00+00:00\" \/>\n<meta property=\"og:image\" content=\"http:\/\/psol50.org.br\/files\/2012\/05\/premie-franca-jean-marc-ayrault.jpg\" \/>\n<meta name=\"author\" content=\"Comunica\u00e7\u00e3o PSOL\" \/>\n<meta name=\"twitter:card\" content=\"summary_large_image\" \/>\n<meta name=\"twitter:creator\" content=\"@psol50\" \/>\n<meta name=\"twitter:site\" content=\"@psol50\" \/>\n<meta name=\"twitter:label1\" content=\"Escrito por\" \/>\n\t<meta name=\"twitter:data1\" content=\"Comunica\u00e7\u00e3o PSOL\" \/>\n\t<meta name=\"twitter:label2\" content=\"Est. tempo de leitura\" \/>\n\t<meta name=\"twitter:data2\" content=\"1 minuto\" \/>\n<script type=\"application\/ld+json\" class=\"yoast-schema-graph\">{\"@context\":\"https:\/\/schema.org\",\"@graph\":[{\"@type\":\"Article\",\"@id\":\"https:\/\/psol50.org.br\/premie-frances-cobra-da-ue-aumento-de-ajuda-a-grecia\/#article\",\"isPartOf\":{\"@id\":\"https:\/\/psol50.org.br\/premie-frances-cobra-da-ue-aumento-de-ajuda-a-grecia\/\"},\"author\":{\"name\":\"Comunica\u00e7\u00e3o PSOL\",\"@id\":\"https:\/\/psol50.org.br\/#\/schema\/person\/475dfa57d0b815993c714c2e96491fcd\"},\"headline\":\"Premi\u00ea franc\u00eas cobra da UE aumento de ajuda \u00e0 Gr\u00e9cia\",\"datePublished\":\"2012-05-19T00:00:00+00:00\",\"mainEntityOfPage\":{\"@id\":\"https:\/\/psol50.org.br\/premie-frances-cobra-da-ue-aumento-de-ajuda-a-grecia\/\"},\"wordCount\":239,\"commentCount\":0,\"publisher\":{\"@id\":\"https:\/\/psol50.org.br\/#organization\"},\"image\":{\"@id\":\"https:\/\/psol50.org.br\/premie-frances-cobra-da-ue-aumento-de-ajuda-a-grecia\/#primaryimage\"},\"thumbnailUrl\":\"http:\/\/psol50.org.br\/files\/2012\/05\/premie-franca-jean-marc-ayrault.jpg\",\"keywords\":[\"esquerda\",\"Gr\u00e9cia\",\"Internacional\",\"Syriza\"],\"articleSection\":[\"Arquivo\",\"Gr\u00e9cia\",\"Internacional\"],\"inLanguage\":\"pt-BR\",\"potentialAction\":[{\"@type\":\"CommentAction\",\"name\":\"Comment\",\"target\":[\"https:\/\/psol50.org.br\/premie-frances-cobra-da-ue-aumento-de-ajuda-a-grecia\/#respond\"]}]},{\"@type\":\"WebPage\",\"@id\":\"https:\/\/psol50.org.br\/premie-frances-cobra-da-ue-aumento-de-ajuda-a-grecia\/\",\"url\":\"https:\/\/psol50.org.br\/premie-frances-cobra-da-ue-aumento-de-ajuda-a-grecia\/\",\"name\":\"Premi\u00ea franc\u00eas cobra da UE aumento de ajuda \u00e0 Gr\u00e9cia - PSOL 50\",\"isPartOf\":{\"@id\":\"https:\/\/psol50.org.br\/#website\"},\"primaryImageOfPage\":{\"@id\":\"https:\/\/psol50.org.br\/premie-frances-cobra-da-ue-aumento-de-ajuda-a-grecia\/#primaryimage\"},\"image\":{\"@id\":\"https:\/\/psol50.org.br\/premie-frances-cobra-da-ue-aumento-de-ajuda-a-grecia\/#primaryimage\"},\"thumbnailUrl\":\"http:\/\/psol50.org.br\/files\/2012\/05\/premie-franca-jean-marc-ayrault.jpg\",\"datePublished\":\"2012-05-19T00:00:00+00:00\",\"breadcrumb\":{\"@id\":\"https:\/\/psol50.org.br\/premie-frances-cobra-da-ue-aumento-de-ajuda-a-grecia\/#breadcrumb\"},\"inLanguage\":\"pt-BR\",\"potentialAction\":[{\"@type\":\"ReadAction\",\"target\":[\"https:\/\/psol50.org.br\/premie-frances-cobra-da-ue-aumento-de-ajuda-a-grecia\/\"]}]},{\"@type\":\"ImageObject\",\"inLanguage\":\"pt-BR\",\"@id\":\"https:\/\/psol50.org.br\/premie-frances-cobra-da-ue-aumento-de-ajuda-a-grecia\/#primaryimage\",\"url\":\"http:\/\/psol50.org.br\/files\/2012\/05\/premie-franca-jean-marc-ayrault.jpg\",\"contentUrl\":\"http:\/\/psol50.org.br\/files\/2012\/05\/premie-franca-jean-marc-ayrault.jpg\"},{\"@type\":\"BreadcrumbList\",\"@id\":\"https:\/\/psol50.org.br\/premie-frances-cobra-da-ue-aumento-de-ajuda-a-grecia\/#breadcrumb\",\"itemListElement\":[{\"@type\":\"ListItem\",\"position\":1,\"name\":\"In\u00edcio\",\"item\":\"https:\/\/psol50.org.br\/\"},{\"@type\":\"ListItem\",\"position\":2,\"name\":\"Premi\u00ea franc\u00eas cobra da UE aumento de ajuda \u00e0 Gr\u00e9cia\"}]},{\"@type\":\"WebSite\",\"@id\":\"https:\/\/psol50.org.br\/#website\",\"url\":\"https:\/\/psol50.org.br\/\",\"name\":\"PSOL 50\",\"description\":\"Site oficial do Partido Socialismo e Liberdade\",\"publisher\":{\"@id\":\"https:\/\/psol50.org.br\/#organization\"},\"alternateName\":\"PSOL50\",\"potentialAction\":[{\"@type\":\"SearchAction\",\"target\":{\"@type\":\"EntryPoint\",\"urlTemplate\":\"https:\/\/psol50.org.br\/?s={search_term_string}\"},\"query-input\":{\"@type\":\"PropertyValueSpecification\",\"valueRequired\":true,\"valueName\":\"search_term_string\"}}],\"inLanguage\":\"pt-BR\"},{\"@type\":\"Organization\",\"@id\":\"https:\/\/psol50.org.br\/#organization\",\"name\":\"PSOL 50\",\"alternateName\":\"PSOL 50\",\"url\":\"https:\/\/psol50.org.br\/\",\"logo\":{\"@type\":\"ImageObject\",\"inLanguage\":\"pt-BR\",\"@id\":\"https:\/\/psol50.org.br\/#\/schema\/logo\/image\/\",\"url\":\"https:\/\/psol50.org.br\/inc\/uploads\/2018\/07\/capa.png\",\"contentUrl\":\"https:\/\/psol50.org.br\/inc\/uploads\/2018\/07\/capa.png\",\"width\":1350,\"height\":900,\"caption\":\"PSOL 50\"},\"image\":{\"@id\":\"https:\/\/psol50.org.br\/#\/schema\/logo\/image\/\"},\"sameAs\":[\"https:\/\/www.facebook.com\/psol50\",\"https:\/\/x.com\/psol50\",\"https:\/\/www.instagram.com\/psol50\/\",\"https:\/\/www.youtube.com\/channel\/UC7SnJS5o1os7a6CaiNabzcg\"]},{\"@type\":\"Person\",\"@id\":\"https:\/\/psol50.org.br\/#\/schema\/person\/475dfa57d0b815993c714c2e96491fcd\",\"name\":\"Comunica\u00e7\u00e3o PSOL\",\"image\":{\"@type\":\"ImageObject\",\"inLanguage\":\"pt-BR\",\"@id\":\"https:\/\/psol50.org.br\/#\/schema\/person\/image\/\",\"url\":\"https:\/\/secure.gravatar.com\/avatar\/b34fc4f4e468a4e51785917065a3db57b841f5c95dba6ad8c73aaf8f66f8f9bf?s=96&d=mm&r=g\",\"contentUrl\":\"https:\/\/secure.gravatar.com\/avatar\/b34fc4f4e468a4e51785917065a3db57b841f5c95dba6ad8c73aaf8f66f8f9bf?s=96&d=mm&r=g\",\"caption\":\"Comunica\u00e7\u00e3o PSOL\"}}]}<\/script>\n<!-- \/ Yoast SEO plugin. -->","yoast_head_json":{"title":"Premi\u00ea franc\u00eas cobra da UE aumento de ajuda \u00e0 Gr\u00e9cia - PSOL 50","robots":{"index":"index","follow":"follow","max-snippet":"max-snippet:-1","max-image-preview":"max-image-preview:large","max-video-preview":"max-video-preview:-1"},"canonical":"https:\/\/psol50.org.br\/premie-frances-cobra-da-ue-aumento-de-ajuda-a-grecia\/","og_locale":"pt_BR","og_type":"article","og_title":"Premi\u00ea franc\u00eas cobra da UE aumento de ajuda \u00e0 Gr\u00e9cia - PSOL 50","og_description":"O novo primeiro-ministro franc\u00eas, Jean-Marc Ayrault, disse nesta sexta-feira que a Uni\u00e3o Europeia (EU) deveria aumentar sua ajuda \u00e0 Gr\u00e9cia, e defendeu para isso o uso de fundos estruturais do bloco que poderiam ser usados para fomentar a economia grega. Ayrault disse que deveria estar entre os objetivos de todos fazer o necess\u00e1rio para manter [&hellip;]","og_url":"https:\/\/psol50.org.br\/premie-frances-cobra-da-ue-aumento-de-ajuda-a-grecia\/","og_site_name":"PSOL 50","article_publisher":"https:\/\/www.facebook.com\/psol50","article_published_time":"2012-05-19T00:00:00+00:00","og_image":[{"url":"http:\/\/psol50.org.br\/files\/2012\/05\/premie-franca-jean-marc-ayrault.jpg","type":"","width":"","height":""}],"author":"Comunica\u00e7\u00e3o PSOL","twitter_card":"summary_large_image","twitter_creator":"@psol50","twitter_site":"@psol50","twitter_misc":{"Escrito por":"Comunica\u00e7\u00e3o PSOL","Est. tempo de leitura":"1 minuto"},"schema":{"@context":"https:\/\/schema.org","@graph":[{"@type":"Article","@id":"https:\/\/psol50.org.br\/premie-frances-cobra-da-ue-aumento-de-ajuda-a-grecia\/#article","isPartOf":{"@id":"https:\/\/psol50.org.br\/premie-frances-cobra-da-ue-aumento-de-ajuda-a-grecia\/"},"author":{"name":"Comunica\u00e7\u00e3o PSOL","@id":"https:\/\/psol50.org.br\/#\/schema\/person\/475dfa57d0b815993c714c2e96491fcd"},"headline":"Premi\u00ea franc\u00eas cobra da UE aumento de ajuda \u00e0 Gr\u00e9cia","datePublished":"2012-05-19T00:00:00+00:00","mainEntityOfPage":{"@id":"https:\/\/psol50.org.br\/premie-frances-cobra-da-ue-aumento-de-ajuda-a-grecia\/"},"wordCount":239,"commentCount":0,"publisher":{"@id":"https:\/\/psol50.org.br\/#organization"},"image":{"@id":"https:\/\/psol50.org.br\/premie-frances-cobra-da-ue-aumento-de-ajuda-a-grecia\/#primaryimage"},"thumbnailUrl":"http:\/\/psol50.org.br\/files\/2012\/05\/premie-franca-jean-marc-ayrault.jpg","keywords":["esquerda","Gr\u00e9cia","Internacional","Syriza"],"articleSection":["Arquivo","Gr\u00e9cia","Internacional"],"inLanguage":"pt-BR","potentialAction":[{"@type":"CommentAction","name":"Comment","target":["https:\/\/psol50.org.br\/premie-frances-cobra-da-ue-aumento-de-ajuda-a-grecia\/#respond"]}]},{"@type":"WebPage","@id":"https:\/\/psol50.org.br\/premie-frances-cobra-da-ue-aumento-de-ajuda-a-grecia\/","url":"https:\/\/psol50.org.br\/premie-frances-cobra-da-ue-aumento-de-ajuda-a-grecia\/","name":"Premi\u00ea franc\u00eas cobra da UE aumento de ajuda \u00e0 Gr\u00e9cia - PSOL 50","isPartOf":{"@id":"https:\/\/psol50.org.br\/#website"},"primaryImageOfPage":{"@id":"https:\/\/psol50.org.br\/premie-frances-cobra-da-ue-aumento-de-ajuda-a-grecia\/#primaryimage"},"image":{"@id":"https:\/\/psol50.org.br\/premie-frances-cobra-da-ue-aumento-de-ajuda-a-grecia\/#primaryimage"},"thumbnailUrl":"http:\/\/psol50.org.br\/files\/2012\/05\/premie-franca-jean-marc-ayrault.jpg","datePublished":"2012-05-19T00:00:00+00:00","breadcrumb":{"@id":"https:\/\/psol50.org.br\/premie-frances-cobra-da-ue-aumento-de-ajuda-a-grecia\/#breadcrumb"},"inLanguage":"pt-BR","potentialAction":[{"@type":"ReadAction","target":["https:\/\/psol50.org.br\/premie-frances-cobra-da-ue-aumento-de-ajuda-a-grecia\/"]}]},{"@type":"ImageObject","inLanguage":"pt-BR","@id":"https:\/\/psol50.org.br\/premie-frances-cobra-da-ue-aumento-de-ajuda-a-grecia\/#primaryimage","url":"http:\/\/psol50.org.br\/files\/2012\/05\/premie-franca-jean-marc-ayrault.jpg","contentUrl":"http:\/\/psol50.org.br\/files\/2012\/05\/premie-franca-jean-marc-ayrault.jpg"},{"@type":"BreadcrumbList","@id":"https:\/\/psol50.org.br\/premie-frances-cobra-da-ue-aumento-de-ajuda-a-grecia\/#breadcrumb","itemListElement":[{"@type":"ListItem","position":1,"name":"In\u00edcio","item":"https:\/\/psol50.org.br\/"},{"@type":"ListItem","position":2,"name":"Premi\u00ea franc\u00eas cobra da UE aumento de ajuda \u00e0 Gr\u00e9cia"}]},{"@type":"WebSite","@id":"https:\/\/psol50.org.br\/#website","url":"https:\/\/psol50.org.br\/","name":"PSOL 50","description":"Site oficial do Partido Socialismo e Liberdade","publisher":{"@id":"https:\/\/psol50.org.br\/#organization"},"alternateName":"PSOL50","potentialAction":[{"@type":"SearchAction","target":{"@type":"EntryPoint","urlTemplate":"https:\/\/psol50.org.br\/?s={search_term_string}"},"query-input":{"@type":"PropertyValueSpecification","valueRequired":true,"valueName":"search_term_string"}}],"inLanguage":"pt-BR"},{"@type":"Organization","@id":"https:\/\/psol50.org.br\/#organization","name":"PSOL 50","alternateName":"PSOL 50","url":"https:\/\/psol50.org.br\/","logo":{"@type":"ImageObject","inLanguage":"pt-BR","@id":"https:\/\/psol50.org.br\/#\/schema\/logo\/image\/","url":"https:\/\/psol50.org.br\/inc\/uploads\/2018\/07\/capa.png","contentUrl":"https:\/\/psol50.org.br\/inc\/uploads\/2018\/07\/capa.png","width":1350,"height":900,"caption":"PSOL 50"},"image":{"@id":"https:\/\/psol50.org.br\/#\/schema\/logo\/image\/"},"sameAs":["https:\/\/www.facebook.com\/psol50","https:\/\/x.com\/psol50","https:\/\/www.instagram.com\/psol50\/","https:\/\/www.youtube.com\/channel\/UC7SnJS5o1os7a6CaiNabzcg"]},{"@type":"Person","@id":"https:\/\/psol50.org.br\/#\/schema\/person\/475dfa57d0b815993c714c2e96491fcd","name":"Comunica\u00e7\u00e3o PSOL","image":{"@type":"ImageObject","inLanguage":"pt-BR","@id":"https:\/\/psol50.org.br\/#\/schema\/person\/image\/","url":"https:\/\/secure.gravatar.com\/avatar\/b34fc4f4e468a4e51785917065a3db57b841f5c95dba6ad8c73aaf8f66f8f9bf?s=96&d=mm&r=g","contentUrl":"https:\/\/secure.gravatar.com\/avatar\/b34fc4f4e468a4e51785917065a3db57b841f5c95dba6ad8c73aaf8f66f8f9bf?s=96&d=mm&r=g","caption":"Comunica\u00e7\u00e3o PSOL"}}]}},"_links":{"self":[{"href":"https:\/\/psol50.org.br\/rest\/wp\/v2\/posts\/611","targetHints":{"allow":["GET"]}}],"collection":[{"href":"https:\/\/psol50.org.br\/rest\/wp\/v2\/posts"}],"about":[{"href":"https:\/\/psol50.org.br\/rest\/wp\/v2\/types\/post"}],"author":[{"embeddable":true,"href":"https:\/\/psol50.org.br\/rest\/wp\/v2\/users\/2"}],"replies":[{"embeddable":true,"href":"https:\/\/psol50.org.br\/rest\/wp\/v2\/comments?post=611"}],"version-history":[{"count":0,"href":"https:\/\/psol50.org.br\/rest\/wp\/v2\/posts\/611\/revisions"}],"wp:attachment":[{"href":"https:\/\/psol50.org.br\/rest\/wp\/v2\/media?parent=611"}],"wp:term":[{"taxonomy":"category","embeddable":true,"href":"https:\/\/psol50.org.br\/rest\/wp\/v2\/categories?post=611"},{"taxonomy":"post_tag","embeddable":true,"href":"https:\/\/psol50.org.br\/rest\/wp\/v2\/tags?post=611"}],"curies":[{"name":"wp","href":"https:\/\/api.w.org\/{rel}","templated":true}]}}