{"id":615,"date":"2012-08-17T00:00:00","date_gmt":"2012-08-17T00:00:00","guid":{"rendered":"http:\/\/psol50.org.br\/arquivo\/2012\/08\/17\/paraguai-em-mensagem-lugo-sinaliza-que-voltara-a-politica-em-2013\/"},"modified":"2012-08-17T00:00:00","modified_gmt":"2012-08-17T00:00:00","slug":"paraguai-em-mensagem-lugo-sinaliza-que-voltara-a-politica-em-2013","status":"publish","type":"post","link":"https:\/\/psol50.org.br\/paraguai-em-mensagem-lugo-sinaliza-que-voltara-a-politica-em-2013\/","title":{"rendered":"Paraguai: em mensagem, Lugo sinaliza que voltar\u00e1 \u00e0 pol\u00edtica em 2013"},"content":{"rendered":"<p>Destitu\u00eddo da Presid\u00eancia do Paraguai por um golpe de estado h\u00e1 55 dias, Fernando Lugo enviou hoje (17) uma mensagem \u00e0 popula\u00e7\u00e3o do pa\u00eds. Na mensagem, em tom po\u00e9tico, Lugo disse que \u00e9 necess\u00e1rio tentar &#8220;olhar as flores&#8221; que nascem em agosto, m\u00eas que completaria quatro anos de mandato, e buscar a constru\u00e7\u00e3o de um &#8220;pa\u00eds melhor&#8221;. Ele pediu apoio dos simpatizantes e correligion\u00e1rios para as elei\u00e7\u00f5es de 21 de abril de 2013.<\/p>\n<p>&#8220;Se estamos realmente unidos, podemos voltar em 2013. \u00c9 importante n\u00e3o desanimar&#8221;, declarou. Ele sinaliza que pretende se candidatar ao Senado. N\u00e3o est\u00e1 definido se h\u00e1 impedimentos para sua candidatura \u00e0 Presid\u00eancia da Rep\u00fablica. Pela Constitui\u00e7\u00e3o do Paraguai, o atual presidente Federico Franco n\u00e3o pode concorrer \u00e0 reelei\u00e7\u00e3o.<br \/>\nA mensagem do ex-presidente foi transmitida pelo grupo Paraguai Resiste, que mant\u00e9m um site na internet e promoveu dois dias de debates sobre o processo de impeachment de Lugo.<\/p>\n<p>&#8220;Como est\u00e3o, amigos? Essa flor cresce em agosto e, se olharmos com cuidado, as flores s\u00e3o para alegrar os nossos olhos. Temos de recordar 15 de agosto de 2008. Lembram-se meus amigos?&#8221;, disse Lugo, referindo-se \u00e0 data de sua elei\u00e7\u00e3o, em 2008, e \u00e0 possibilidade de ter completado quatro anos de mandato, caso n\u00e3o tivesse sofrido o impeachment, em 22 de junho.<\/p>\n<p>Lugo reiterou que \u00e9 necess\u00e1rio observar o que foi conquistado nesse per\u00edodo. Segundo ele, um dos avan\u00e7os foi a abertura para o di\u00e1logo com todos os setores da sociedade, o est\u00edmulo ao emprego e \u00e0 seguran\u00e7a alimentar. &#8220;Muitos sentiram tristeza pelo que aconteceu nos dias 21 e 22 de junho com o golpe&#8221;, mencionou, citando as datas nas quais a C\u00e2mara e o Senado votaram seu processo de impeachment.<\/p>\n<p>&#8220;For\u00e7a, companheiros, que n\u00e3o desanimemos. Nosso pa\u00eds precisa de n\u00f3s e vamos levantar esta na\u00e7\u00e3o&#8221;, disse Lugo, na mensagem, divulgada pelo grupo Paraguai Resiste, formado por simpatizantes e aliados pol\u00edticos do ex-presidente que defende que o processo de destitui\u00e7\u00e3o foi ilegal e caracterizou um golpe de Estado.<\/p>\n<p><em>Ag\u00eancia Brasil<\/em><\/p>\n","protected":false},"excerpt":{"rendered":"<p>Destitu\u00eddo da Presid\u00eancia do Paraguai por um golpe de estado h\u00e1 55 dias, Fernando Lugo enviou hoje (17) uma mensagem \u00e0 popula\u00e7\u00e3o do pa\u00eds. Na mensagem, em tom po\u00e9tico, Lugo disse que \u00e9 necess\u00e1rio tentar &#8220;olhar as flores&#8221; que nascem em agosto, m\u00eas que completaria quatro anos de mandato, e buscar a constru\u00e7\u00e3o de um [&hellip;]<\/p>\n","protected":false},"author":2,"featured_media":0,"comment_status":"open","ping_status":"open","sticky":false,"template":"","format":"standard","meta":{"_acf_changed":false,"footnotes":""},"categories":[4766],"tags":[],"class_list":{"0":"post-615","1":"post","2":"type-post","3":"status-publish","4":"format-standard","6":"category-arquivo"},"acf":[],"yoast_head":"<!-- This site is optimized with the Yoast SEO plugin v26.5 - https:\/\/yoast.com\/wordpress\/plugins\/seo\/ -->\n<title>Paraguai: em mensagem, Lugo sinaliza que voltar\u00e1 \u00e0 pol\u00edtica em 2013 - PSOL 50<\/title>\n<meta name=\"robots\" content=\"index, follow, max-snippet:-1, max-image-preview:large, max-video-preview:-1\" \/>\n<link rel=\"canonical\" href=\"https:\/\/psol50.org.br\/paraguai-em-mensagem-lugo-sinaliza-que-voltara-a-politica-em-2013\/\" \/>\n<meta property=\"og:locale\" content=\"pt_BR\" \/>\n<meta property=\"og:type\" content=\"article\" \/>\n<meta property=\"og:title\" content=\"Paraguai: em mensagem, Lugo sinaliza que voltar\u00e1 \u00e0 pol\u00edtica em 2013 - PSOL 50\" \/>\n<meta property=\"og:description\" content=\"Destitu\u00eddo da Presid\u00eancia do Paraguai por um golpe de estado h\u00e1 55 dias, Fernando Lugo enviou hoje (17) uma mensagem \u00e0 popula\u00e7\u00e3o do pa\u00eds. Na mensagem, em tom po\u00e9tico, Lugo disse que \u00e9 necess\u00e1rio tentar &#8220;olhar as flores&#8221; que nascem em agosto, m\u00eas que completaria quatro anos de mandato, e buscar a constru\u00e7\u00e3o de um [&hellip;]\" \/>\n<meta property=\"og:url\" content=\"https:\/\/psol50.org.br\/paraguai-em-mensagem-lugo-sinaliza-que-voltara-a-politica-em-2013\/\" \/>\n<meta property=\"og:site_name\" content=\"PSOL 50\" \/>\n<meta property=\"article:publisher\" content=\"https:\/\/www.facebook.com\/psol50\" \/>\n<meta property=\"article:published_time\" content=\"2012-08-17T00:00:00+00:00\" \/>\n<meta property=\"og:image\" content=\"https:\/\/psol50.org.br\/inc\/uploads\/2018\/07\/capa.png\" \/>\n\t<meta property=\"og:image:width\" content=\"1350\" \/>\n\t<meta property=\"og:image:height\" content=\"900\" \/>\n\t<meta property=\"og:image:type\" content=\"image\/png\" \/>\n<meta name=\"author\" content=\"Comunica\u00e7\u00e3o PSOL\" \/>\n<meta name=\"twitter:card\" content=\"summary_large_image\" \/>\n<meta name=\"twitter:creator\" content=\"@psol50\" \/>\n<meta name=\"twitter:site\" content=\"@psol50\" \/>\n<meta name=\"twitter:label1\" content=\"Escrito por\" \/>\n\t<meta name=\"twitter:data1\" content=\"Comunica\u00e7\u00e3o PSOL\" \/>\n\t<meta name=\"twitter:label2\" content=\"Est. tempo de leitura\" \/>\n\t<meta name=\"twitter:data2\" content=\"2 minutos\" \/>\n<script type=\"application\/ld+json\" class=\"yoast-schema-graph\">{\"@context\":\"https:\/\/schema.org\",\"@graph\":[{\"@type\":\"Article\",\"@id\":\"https:\/\/psol50.org.br\/paraguai-em-mensagem-lugo-sinaliza-que-voltara-a-politica-em-2013\/#article\",\"isPartOf\":{\"@id\":\"https:\/\/psol50.org.br\/paraguai-em-mensagem-lugo-sinaliza-que-voltara-a-politica-em-2013\/\"},\"author\":{\"name\":\"Comunica\u00e7\u00e3o PSOL\",\"@id\":\"https:\/\/psol50.org.br\/#\/schema\/person\/475dfa57d0b815993c714c2e96491fcd\"},\"headline\":\"Paraguai: em mensagem, Lugo sinaliza que voltar\u00e1 \u00e0 pol\u00edtica em 2013\",\"datePublished\":\"2012-08-17T00:00:00+00:00\",\"mainEntityOfPage\":{\"@id\":\"https:\/\/psol50.org.br\/paraguai-em-mensagem-lugo-sinaliza-que-voltara-a-politica-em-2013\/\"},\"wordCount\":358,\"commentCount\":0,\"publisher\":{\"@id\":\"https:\/\/psol50.org.br\/#organization\"},\"articleSection\":[\"Arquivo\"],\"inLanguage\":\"pt-BR\",\"potentialAction\":[{\"@type\":\"CommentAction\",\"name\":\"Comment\",\"target\":[\"https:\/\/psol50.org.br\/paraguai-em-mensagem-lugo-sinaliza-que-voltara-a-politica-em-2013\/#respond\"]}]},{\"@type\":\"WebPage\",\"@id\":\"https:\/\/psol50.org.br\/paraguai-em-mensagem-lugo-sinaliza-que-voltara-a-politica-em-2013\/\",\"url\":\"https:\/\/psol50.org.br\/paraguai-em-mensagem-lugo-sinaliza-que-voltara-a-politica-em-2013\/\",\"name\":\"Paraguai: em mensagem, Lugo sinaliza que voltar\u00e1 \u00e0 pol\u00edtica em 2013 - PSOL 50\",\"isPartOf\":{\"@id\":\"https:\/\/psol50.org.br\/#website\"},\"datePublished\":\"2012-08-17T00:00:00+00:00\",\"breadcrumb\":{\"@id\":\"https:\/\/psol50.org.br\/paraguai-em-mensagem-lugo-sinaliza-que-voltara-a-politica-em-2013\/#breadcrumb\"},\"inLanguage\":\"pt-BR\",\"potentialAction\":[{\"@type\":\"ReadAction\",\"target\":[\"https:\/\/psol50.org.br\/paraguai-em-mensagem-lugo-sinaliza-que-voltara-a-politica-em-2013\/\"]}]},{\"@type\":\"BreadcrumbList\",\"@id\":\"https:\/\/psol50.org.br\/paraguai-em-mensagem-lugo-sinaliza-que-voltara-a-politica-em-2013\/#breadcrumb\",\"itemListElement\":[{\"@type\":\"ListItem\",\"position\":1,\"name\":\"In\u00edcio\",\"item\":\"https:\/\/psol50.org.br\/\"},{\"@type\":\"ListItem\",\"position\":2,\"name\":\"Paraguai: em mensagem, Lugo sinaliza que voltar\u00e1 \u00e0 pol\u00edtica em 2013\"}]},{\"@type\":\"WebSite\",\"@id\":\"https:\/\/psol50.org.br\/#website\",\"url\":\"https:\/\/psol50.org.br\/\",\"name\":\"PSOL 50\",\"description\":\"Site oficial do Partido Socialismo e Liberdade\",\"publisher\":{\"@id\":\"https:\/\/psol50.org.br\/#organization\"},\"alternateName\":\"PSOL50\",\"potentialAction\":[{\"@type\":\"SearchAction\",\"target\":{\"@type\":\"EntryPoint\",\"urlTemplate\":\"https:\/\/psol50.org.br\/?s={search_term_string}\"},\"query-input\":{\"@type\":\"PropertyValueSpecification\",\"valueRequired\":true,\"valueName\":\"search_term_string\"}}],\"inLanguage\":\"pt-BR\"},{\"@type\":\"Organization\",\"@id\":\"https:\/\/psol50.org.br\/#organization\",\"name\":\"PSOL 50\",\"alternateName\":\"PSOL 50\",\"url\":\"https:\/\/psol50.org.br\/\",\"logo\":{\"@type\":\"ImageObject\",\"inLanguage\":\"pt-BR\",\"@id\":\"https:\/\/psol50.org.br\/#\/schema\/logo\/image\/\",\"url\":\"https:\/\/psol50.org.br\/inc\/uploads\/2018\/07\/capa.png\",\"contentUrl\":\"https:\/\/psol50.org.br\/inc\/uploads\/2018\/07\/capa.png\",\"width\":1350,\"height\":900,\"caption\":\"PSOL 50\"},\"image\":{\"@id\":\"https:\/\/psol50.org.br\/#\/schema\/logo\/image\/\"},\"sameAs\":[\"https:\/\/www.facebook.com\/psol50\",\"https:\/\/x.com\/psol50\",\"https:\/\/www.instagram.com\/psol50\/\",\"https:\/\/www.youtube.com\/channel\/UC7SnJS5o1os7a6CaiNabzcg\"]},{\"@type\":\"Person\",\"@id\":\"https:\/\/psol50.org.br\/#\/schema\/person\/475dfa57d0b815993c714c2e96491fcd\",\"name\":\"Comunica\u00e7\u00e3o PSOL\",\"image\":{\"@type\":\"ImageObject\",\"inLanguage\":\"pt-BR\",\"@id\":\"https:\/\/psol50.org.br\/#\/schema\/person\/image\/\",\"url\":\"https:\/\/secure.gravatar.com\/avatar\/b34fc4f4e468a4e51785917065a3db57b841f5c95dba6ad8c73aaf8f66f8f9bf?s=96&d=mm&r=g\",\"contentUrl\":\"https:\/\/secure.gravatar.com\/avatar\/b34fc4f4e468a4e51785917065a3db57b841f5c95dba6ad8c73aaf8f66f8f9bf?s=96&d=mm&r=g\",\"caption\":\"Comunica\u00e7\u00e3o PSOL\"}}]}<\/script>\n<!-- \/ Yoast SEO plugin. -->","yoast_head_json":{"title":"Paraguai: em mensagem, Lugo sinaliza que voltar\u00e1 \u00e0 pol\u00edtica em 2013 - PSOL 50","robots":{"index":"index","follow":"follow","max-snippet":"max-snippet:-1","max-image-preview":"max-image-preview:large","max-video-preview":"max-video-preview:-1"},"canonical":"https:\/\/psol50.org.br\/paraguai-em-mensagem-lugo-sinaliza-que-voltara-a-politica-em-2013\/","og_locale":"pt_BR","og_type":"article","og_title":"Paraguai: em mensagem, Lugo sinaliza que voltar\u00e1 \u00e0 pol\u00edtica em 2013 - PSOL 50","og_description":"Destitu\u00eddo da Presid\u00eancia do Paraguai por um golpe de estado h\u00e1 55 dias, Fernando Lugo enviou hoje (17) uma mensagem \u00e0 popula\u00e7\u00e3o do pa\u00eds. Na mensagem, em tom po\u00e9tico, Lugo disse que \u00e9 necess\u00e1rio tentar &#8220;olhar as flores&#8221; que nascem em agosto, m\u00eas que completaria quatro anos de mandato, e buscar a constru\u00e7\u00e3o de um [&hellip;]","og_url":"https:\/\/psol50.org.br\/paraguai-em-mensagem-lugo-sinaliza-que-voltara-a-politica-em-2013\/","og_site_name":"PSOL 50","article_publisher":"https:\/\/www.facebook.com\/psol50","article_published_time":"2012-08-17T00:00:00+00:00","og_image":[{"width":1350,"height":900,"url":"https:\/\/psol50.org.br\/inc\/uploads\/2018\/07\/capa.png","type":"image\/png"}],"author":"Comunica\u00e7\u00e3o PSOL","twitter_card":"summary_large_image","twitter_creator":"@psol50","twitter_site":"@psol50","twitter_misc":{"Escrito por":"Comunica\u00e7\u00e3o PSOL","Est. tempo de leitura":"2 minutos"},"schema":{"@context":"https:\/\/schema.org","@graph":[{"@type":"Article","@id":"https:\/\/psol50.org.br\/paraguai-em-mensagem-lugo-sinaliza-que-voltara-a-politica-em-2013\/#article","isPartOf":{"@id":"https:\/\/psol50.org.br\/paraguai-em-mensagem-lugo-sinaliza-que-voltara-a-politica-em-2013\/"},"author":{"name":"Comunica\u00e7\u00e3o PSOL","@id":"https:\/\/psol50.org.br\/#\/schema\/person\/475dfa57d0b815993c714c2e96491fcd"},"headline":"Paraguai: em mensagem, Lugo sinaliza que voltar\u00e1 \u00e0 pol\u00edtica em 2013","datePublished":"2012-08-17T00:00:00+00:00","mainEntityOfPage":{"@id":"https:\/\/psol50.org.br\/paraguai-em-mensagem-lugo-sinaliza-que-voltara-a-politica-em-2013\/"},"wordCount":358,"commentCount":0,"publisher":{"@id":"https:\/\/psol50.org.br\/#organization"},"articleSection":["Arquivo"],"inLanguage":"pt-BR","potentialAction":[{"@type":"CommentAction","name":"Comment","target":["https:\/\/psol50.org.br\/paraguai-em-mensagem-lugo-sinaliza-que-voltara-a-politica-em-2013\/#respond"]}]},{"@type":"WebPage","@id":"https:\/\/psol50.org.br\/paraguai-em-mensagem-lugo-sinaliza-que-voltara-a-politica-em-2013\/","url":"https:\/\/psol50.org.br\/paraguai-em-mensagem-lugo-sinaliza-que-voltara-a-politica-em-2013\/","name":"Paraguai: em mensagem, Lugo sinaliza que voltar\u00e1 \u00e0 pol\u00edtica em 2013 - PSOL 50","isPartOf":{"@id":"https:\/\/psol50.org.br\/#website"},"datePublished":"2012-08-17T00:00:00+00:00","breadcrumb":{"@id":"https:\/\/psol50.org.br\/paraguai-em-mensagem-lugo-sinaliza-que-voltara-a-politica-em-2013\/#breadcrumb"},"inLanguage":"pt-BR","potentialAction":[{"@type":"ReadAction","target":["https:\/\/psol50.org.br\/paraguai-em-mensagem-lugo-sinaliza-que-voltara-a-politica-em-2013\/"]}]},{"@type":"BreadcrumbList","@id":"https:\/\/psol50.org.br\/paraguai-em-mensagem-lugo-sinaliza-que-voltara-a-politica-em-2013\/#breadcrumb","itemListElement":[{"@type":"ListItem","position":1,"name":"In\u00edcio","item":"https:\/\/psol50.org.br\/"},{"@type":"ListItem","position":2,"name":"Paraguai: em mensagem, Lugo sinaliza que voltar\u00e1 \u00e0 pol\u00edtica em 2013"}]},{"@type":"WebSite","@id":"https:\/\/psol50.org.br\/#website","url":"https:\/\/psol50.org.br\/","name":"PSOL 50","description":"Site oficial do Partido Socialismo e Liberdade","publisher":{"@id":"https:\/\/psol50.org.br\/#organization"},"alternateName":"PSOL50","potentialAction":[{"@type":"SearchAction","target":{"@type":"EntryPoint","urlTemplate":"https:\/\/psol50.org.br\/?s={search_term_string}"},"query-input":{"@type":"PropertyValueSpecification","valueRequired":true,"valueName":"search_term_string"}}],"inLanguage":"pt-BR"},{"@type":"Organization","@id":"https:\/\/psol50.org.br\/#organization","name":"PSOL 50","alternateName":"PSOL 50","url":"https:\/\/psol50.org.br\/","logo":{"@type":"ImageObject","inLanguage":"pt-BR","@id":"https:\/\/psol50.org.br\/#\/schema\/logo\/image\/","url":"https:\/\/psol50.org.br\/inc\/uploads\/2018\/07\/capa.png","contentUrl":"https:\/\/psol50.org.br\/inc\/uploads\/2018\/07\/capa.png","width":1350,"height":900,"caption":"PSOL 50"},"image":{"@id":"https:\/\/psol50.org.br\/#\/schema\/logo\/image\/"},"sameAs":["https:\/\/www.facebook.com\/psol50","https:\/\/x.com\/psol50","https:\/\/www.instagram.com\/psol50\/","https:\/\/www.youtube.com\/channel\/UC7SnJS5o1os7a6CaiNabzcg"]},{"@type":"Person","@id":"https:\/\/psol50.org.br\/#\/schema\/person\/475dfa57d0b815993c714c2e96491fcd","name":"Comunica\u00e7\u00e3o PSOL","image":{"@type":"ImageObject","inLanguage":"pt-BR","@id":"https:\/\/psol50.org.br\/#\/schema\/person\/image\/","url":"https:\/\/secure.gravatar.com\/avatar\/b34fc4f4e468a4e51785917065a3db57b841f5c95dba6ad8c73aaf8f66f8f9bf?s=96&d=mm&r=g","contentUrl":"https:\/\/secure.gravatar.com\/avatar\/b34fc4f4e468a4e51785917065a3db57b841f5c95dba6ad8c73aaf8f66f8f9bf?s=96&d=mm&r=g","caption":"Comunica\u00e7\u00e3o PSOL"}}]}},"_links":{"self":[{"href":"https:\/\/psol50.org.br\/rest\/wp\/v2\/posts\/615","targetHints":{"allow":["GET"]}}],"collection":[{"href":"https:\/\/psol50.org.br\/rest\/wp\/v2\/posts"}],"about":[{"href":"https:\/\/psol50.org.br\/rest\/wp\/v2\/types\/post"}],"author":[{"embeddable":true,"href":"https:\/\/psol50.org.br\/rest\/wp\/v2\/users\/2"}],"replies":[{"embeddable":true,"href":"https:\/\/psol50.org.br\/rest\/wp\/v2\/comments?post=615"}],"version-history":[{"count":0,"href":"https:\/\/psol50.org.br\/rest\/wp\/v2\/posts\/615\/revisions"}],"wp:attachment":[{"href":"https:\/\/psol50.org.br\/rest\/wp\/v2\/media?parent=615"}],"wp:term":[{"taxonomy":"category","embeddable":true,"href":"https:\/\/psol50.org.br\/rest\/wp\/v2\/categories?post=615"},{"taxonomy":"post_tag","embeddable":true,"href":"https:\/\/psol50.org.br\/rest\/wp\/v2\/tags?post=615"}],"curies":[{"name":"wp","href":"https:\/\/api.w.org\/{rel}","templated":true}]}}