{"id":628,"date":"2012-11-21T00:00:00","date_gmt":"2012-11-21T00:00:00","guid":{"rendered":"http:\/\/psol50.org.br\/arquivo\/2012\/11\/21\/um-cravo-rebenta-o-asfalto-portugal-contra-a-troika-e-por-um-novo-futuro\/"},"modified":"2012-11-21T00:00:00","modified_gmt":"2012-11-21T00:00:00","slug":"um-cravo-rebenta-o-asfalto-portugal-contra-a-troika-e-por-um-novo-futuro","status":"publish","type":"post","link":"https:\/\/psol50.org.br\/um-cravo-rebenta-o-asfalto-portugal-contra-a-troika-e-por-um-novo-futuro\/","title":{"rendered":"Um cravo rebenta o asfalto: Portugal contra a Troika e por um novo futuro"},"content":{"rendered":"<p><em>&#8220;No futuro,<\/em>\u00a0<em>uma crian\u00e7a,<\/em>\u00a0<em>brincando na areia da estrada,<\/em>\u00a0<em>encontrar\u00e1 o cravo,<\/em>\u00a0<em>que \u00e0 Revolu\u00e7\u00e3o foi ceifado. <\/em><em>Ao romper de uma aurora,<\/em>\u00a0<em>em vigor, plant\u00e1-lo-\u00e1 de novo,<\/em>\u00a0<em>para que a f\u00e9 n\u00e3o se apague.<\/em>\u00a0<em>E crente nas raz\u00f5es do povo,<\/em>\u00a0<em>na sua justi\u00e7a, na sua dor,<\/em>\u00a0<em>estar\u00e1 a plantar, sem o saber,<\/em>\u00a0<em>a mais doce for\u00e7a da Saudade,<\/em>\u00a0<em>e o mais intenso poema de Amor&#8221;.\u00a0<\/em>Helena de Sousa Freitas<\/p>\n<p>Pelas labir\u00ednticas ruas de Lisboa o novo se fez presente. Milhares de Portugueses aderiram \u00e0 Greve Geral, parando os principais servi\u00e7os p\u00fablicos e importantes empresas privadas do pa\u00eds (ainda que a precariza\u00e7\u00e3o do trabalho semeie um clima de inseguran\u00e7a frente ao fantasma do desemprego). Com grande for\u00e7a dos transportes p\u00fablicos, dos estivadores, atores e trabalhadores do Teatro Municipal, m\u00fasicos, enfermeiros, professores&#8230; Uma das maiores Greves da hist\u00f3ria de Portugal deu um recado claro: Fora a Troika, o FMI e o governo de Passos Coelho que implementa a austeridade no pa\u00eds.<\/p>\n<p>A crise econ\u00f4mica tem castigado o povo portugu\u00eas. O pa\u00eds que abriu caminho \u00e0 constru\u00e7\u00e3o de um Estado Social com ampla rede de prote\u00e7\u00e3o ao trabalho, atrav\u00e9s de uma Revolu\u00e7\u00e3o Democr\u00e1tica em Abril de 1974 que derrotou o fascismo de Salazar. Este legado da Revolu\u00e7\u00e3o dos Cravos \u00e9 muito vivo na consci\u00eancia dos portugueses e o empobrecimento do povo \u00e9 vis\u00edvel ao andar pelas ruas da cidade. Uma reportagem da RTP (R\u00e1dio e Televis\u00e3o de Portugal) ilustrava o quadro da dor: as padarias que entregam seus diversos e deliciosos p\u00e3es \u00e0 primeira hora da manh\u00e3 aos estabelecimentos comerciais, caf\u00e9s, etc. deixando as sacolas penduradas nas portas, passavam a ter problemas com roubo destes p\u00e3es, algo impens\u00e1vel antes da crise e bastante constrangedor \u00e0 dignidade valente do povo portugu\u00eas. Os pr\u00f3prios donos dos estabelecimentos diziam n\u00e3o condenar os que pegavam os p\u00e3es, &#8220;pois quem rouba p\u00e3es, tem fome&#8221;.<\/p>\n<p>As movimenta\u00e7\u00f5es em Portugal j\u00e1 come\u00e7aram no s\u00e1bado com uma &#8220;manif&#8221; (como chamam os portugueses as manifesta\u00e7\u00f5es) de milhares de militares contra a retirada de seus direitos. Na bela tradi\u00e7\u00e3o democr\u00e1tica das for\u00e7as armadas herdadas da Revolu\u00e7\u00e3o dos Cravos, declararam que fariam de tudo para n\u00e3o reprimir as mobiliza\u00e7\u00f5es dos cidad\u00e3os. No final da manifesta\u00e7\u00e3o, intervieram os tr\u00eas presidentes das associa\u00e7\u00f5es de militares, tendo Lu\u00eds Reis, presidente da Associa\u00e7\u00e3o de Pra\u00e7as, criticado as op\u00e7\u00f5es governamentais e as recentes declara\u00e7\u00f5es do Ministro de Defesa Nacional, Aguiar Branco: &#8220;O senhor ministro disse que os militares que estivessem descontentes podiam sair. Disse mesmo que nenhum homem dever\u00e1 servir nas For\u00e7as Armadas se n\u00e3o sentir voca\u00e7\u00e3o para tal. Oh! senhor ministro, o senhor tem a certeza que quer falar de voca\u00e7\u00e3o? \u00c9 que se quer, provavelmente amanh\u00e3, Portugal e os Portugueses n\u00e3o t\u00eam governo&#8221;.<\/p>\n<p>Na segunda feira, dia 12 de novembro com a visita da toda-poderosa da Troika premier alem\u00e3, \u00c2ngela Merkel. T\u00e3o grande quanto o compromisso que tal figura repugnante tem com o mercado financeiro, \u00e9 o desrespeito aos trabalhadores da Europa. Em declara\u00e7\u00e3o anterior \u00e0 visita afirmava que os portugueses estavam contr\u00e1rios \u00e0 austeridade, pois &#8220;trabalhavam pouco&#8221;, o que evidentemente causou um sentimento, no m\u00ednimo, hostil \u00e0 sua visita entre a popula\u00e7\u00e3o. Um imenso aparato militar que transformou o tr\u00e2nsito de Lisboa em um verdadeiro caos, garantiu que sua conversa com empres\u00e1rios e com o primeiro-ministro Passos Coelho ficasse longe da ira popular.<\/p>\n<p>Na madrugada de ter\u00e7a-feira, dia anterior \u00e0 Greve Geral, os piquetes da CGTP (Central Geral dos Trabalhadores de Portugal) j\u00e1 anunciavam uma das maiores greves j\u00e1 realizadas em Portugal. Em todas as regi\u00f5es do pa\u00eds registrou-se grandes \u00edndices de paraliza\u00e7\u00e3o: Braga, Funchal, Santar\u00e9m, Faro, Angra do Hero\u00edsmo, Beja, Portalegre, Ponta Delgada, Lisboa, \u00c9vora. Mais de 30 sindicatos ligados \u00e0 UGT (Uni\u00e3o Geral dos Trabalhadores) que n\u00e3o chamou \u00e0 Greve aderiram \u00e0s &#8220;manifs&#8221; e cruzaram os bra\u00e7os contra a austeridade, como no caso do Sindicato dos Banc\u00e1rios que paralisou 100% das atividades, deixando o presidente da Central, Jo\u00e3o de Deus Pires, em &#8220;maus len\u00e7\u00f3is&#8221;.<\/p>\n<p>A Uni\u00e3o Europeia apresenta uma taxa de NEETs (termo usado para designar os jovens que n\u00e3o est\u00e3o nem trabalhando, nem estudando, nem a receber forma\u00e7\u00e3o) de 15,4% entre a popula\u00e7\u00e3o de 15 e 29 anos. Ou seja, 14 milh\u00f5es de jovens. A situa\u00e7\u00e3o mais grave \u00e9 a que se verifica na Bulg\u00e1ria (24,6%), Gr\u00e9cia (23,2%), It\u00e1lia (22,7%), Irlanda (22%) e Espanha (21,1%). Esses \u00edndices representam, aproximadamente, um em cada cinco jovens\u00a0 fora do mercado de trabalho e do sistema de ensino. Em Portugal, esta taxa \u00e9 de 14%.<\/p>\n<p>A pol\u00edtica do memorando da Troika que elevou o \u00edndice de desemprego a 15,8%, deliberadamente produzem o desemprego para que os sal\u00e1rios baixem, os direitos diminuam e o Estado Social, conquistado pelas hist\u00f3ricas lutas do povo, seja efetivamente desmontado entregando \u00e0 iniciativa privada grande parte dos servi\u00e7os p\u00fablicos. No entanto, os povos n\u00e3o se rendem e a demonstra\u00e7\u00e3o da Greve Geral de 14 de Novembro marca um acontecimento realmente hist\u00f3rico. O mapa da austeridade cada vez mais \u00e9 tamb\u00e9m o mapa da resist\u00eancia. \u00c9 a demonstra\u00e7\u00e3o de que os povos est\u00e3o dispostos a cruzar os bra\u00e7os frente aos banqueiros e patr\u00f5es e, ao mesmo tempo, estend\u00ea-los aos trabalhadores de outros pa\u00edses buscando uma sa\u00edda internacional e solid\u00e1ria frente \u00e0 crise que os capitalistas produziram e, portanto, devem pagar por ela.<\/p>\n<p><strong>Com\u00edcio Internacional e Conven\u00e7\u00e3o Nacional do Bloco de Esquerda portugu\u00eas<\/strong><\/p>\n<p>Frente a tal situa\u00e7\u00e3o, a esquerda europ\u00e9ia discute as alternativas \u00e0 crise e as medidas necess\u00e1rias \u00e0 recupera\u00e7\u00e3o dos direitos que paulatinamente t\u00eam sido perdidos com a austeridade. Na sexta-feira, dia 9 de novembro, o Com\u00edcio Internacional &#8220;Vencer a Troika&#8221; contou com representa\u00e7\u00f5es de diversos partidos da esquerda europ\u00e9ia.<\/p>\n<p>Gabrille Zimmer dirigente e europarlamentar do Die Linke em seu discurso, alertava para o fato de que a Uni\u00e3o Europeia (EU) &#8220;evolui cada vez mais para um projeto de dom\u00ednio neoliberal, aumentando as divis\u00f5es sociais, aprofundando os desequil\u00edbrios econ\u00f4micos e de acentuando o car\u00e1ter autorit\u00e1rio da UE&#8221;. O discurso de Jean-Luc M\u00e9lenchon foi lido por C\u00e9line Menezes secret\u00e1ria da Front de Gauche em fun\u00e7\u00e3o de uma enfermidade que abateu o presidenci\u00e1vel franc\u00eas &#8220;Frente \u00e0 internacional da austeridade e da finan\u00e7a, existe a internacional da solidariedade e da partilha. Somos a ferramenta dessa internacional. N\u00e3o somos meramente um sonho. Somos o come\u00e7o da realiza\u00e7\u00e3o deste mesmo sonho&#8221; foi seu recado mais marcante. Tamb\u00e9m mandou um v\u00eddeo de sauda\u00e7\u00e3o o dirigente da SYRIZA e parlamentar grego Al\u00e9xis Tsipras. Ap\u00f3s a grande vota\u00e7\u00e3o depositada pelo povo grego naquela coaliz\u00e3o, Al\u00e9xis tornou-se um referencial da esquerda radical que se postula contra o memorando da Troika, &#8220;Eles t\u00eam como objetivo o empobrecimento dos nossos pa\u00edses. E nunca param. N\u00e3o h\u00e1 fim para esta decad\u00eancia, a n\u00e3o ser quando o que povo imponha uma solu\u00e7\u00e3o, com a sua luta e o seu voto&#8221;, afirmou Tsipras, sendo ovacionado pelos mais de 500 delegados \u00e0 conven\u00e7\u00e3o do Bloco de Esquerda presentes no Com\u00edcio. A fala de Cayo Lara da Izquierda Unida espanhola marcou um importante conceito frente \u00e0 pol\u00edtica de austeridade &#8220;Que tempos estes, em que defender a democracia se transformou num gesto absolutamente revolucion\u00e1rio!&#8221;<\/p>\n<p>Coube a Francisco Lou\u00e7\u00e3, fundador e dirigente mais importante do Bloco de Esquerda encerrar o Com\u00edcio, afirmando que &#8220;existe uma esquerda na Europa&#8221; que se constr\u00f3i por fora dos tradicionais partidos sociais-democratas, que aderiram ao memorando. Referindo-se \u00e0 reuni\u00e3o de Merkel com Passos Coelho no forte de S. Juli\u00e3o da Barra ironizou: &#8220;Reparem que o forte foi constru\u00eddo para defender Lisboa dos piratas que entrassem no Tejo, quem iria pensar que um dia os piratas estariam dentro do forte! O bom, no entanto, \u00e9 que enquanto se re\u00fanem no forte, o povo se manifesta em liberdade nas ruas&#8221;.<\/p>\n<p>A Conven\u00e7\u00e3o Nacional do BE, durante o s\u00e1bado e domingo discutiu centralmente o perfil e o arco de alian\u00e7as que o Bloco se apresentar\u00e1 nas pr\u00f3ximas elei\u00e7\u00f5es municipais. A grande maioria dos delegados presentes (que se dividiam entre as posi\u00e7\u00f5es defendidas pelas mo\u00e7\u00f5es A e B) rejeitou a proposta de alian\u00e7as com o Partido Socialista (PS) portugu\u00eas defendida pela mo\u00e7\u00e3o B, visto que este tem apoiado o memorando da Troika e as medidas de austeridade, ainda que com alguma diferencia\u00e7\u00e3o. Francisco Lou\u00e7\u00e3, coordenador do Bloco de Esquerda desde sua funda\u00e7\u00e3o h\u00e1 13 anos, abandonou o cargo e passa a ser parte da Mesa Nacional dando lugar a Jo\u00e3o Semedo e Catarina Martins que ter\u00e3o a importante tarefa de construir a vit\u00f3ria de um Governo de Esquerda em Portugal que rompa com o memorando, fa\u00e7a uma auditoria da d\u00edvida e sua renegocia\u00e7\u00e3o, imponha a taxa\u00e7\u00e3o sobre os capitais, o controle p\u00fablico do sistema financeiro, assim como a recupera\u00e7\u00e3o dos direitos perdidos com a austeridade. Ao final da Conven\u00e7\u00e3o fomos saudados os convidados internacionais que vinham de diversos lugares da Europa e inclusive a n\u00f3s do PSOL, representados al\u00e9m de mim por Ivan Valente, Afr\u00e2nio Boppr\u00e9 e Juliano Medeiros. Os ventos das lutas europ\u00e9ias certamente temperam nossa convic\u00e7\u00e3o de luta pelo socialismo no Brasil e no mundo.<\/p>\n<p><em><strong>Bernardo Corr\u00eaa<\/strong>\u00a0\u00e9 soci\u00f3logo da Funda\u00e7\u00e3o Lauro Campos e membro da Executiva Estadual do PSOL-RS. Esteve em Portugal de 9 a 15 de novembro acompanhando a Conven\u00e7\u00e3o Nacional do Bloco de Esquerda e a Greve Geral na Europa.<\/em><\/p>\n","protected":false},"excerpt":{"rendered":"<p>&#8220;No futuro,\u00a0uma crian\u00e7a,\u00a0brincando na areia da estrada,\u00a0encontrar\u00e1 o cravo,\u00a0que \u00e0 Revolu\u00e7\u00e3o foi ceifado. Ao romper de uma aurora,\u00a0em vigor, plant\u00e1-lo-\u00e1 de novo,\u00a0para que a f\u00e9 n\u00e3o se apague.\u00a0E crente nas raz\u00f5es do povo,\u00a0na sua justi\u00e7a, na sua dor,\u00a0estar\u00e1 a plantar, sem o saber,\u00a0a mais doce for\u00e7a da Saudade,\u00a0e o mais intenso poema de Amor&#8221;.\u00a0Helena de [&hellip;]<\/p>\n","protected":false},"author":2,"featured_media":0,"comment_status":"open","ping_status":"open","sticky":false,"template":"","format":"standard","meta":{"_acf_changed":false,"footnotes":""},"categories":[4766,4956],"tags":[515,1216,491],"class_list":{"0":"post-628","1":"post","2":"type-post","3":"status-publish","4":"format-standard","6":"category-arquivo","7":"category-portugal","8":"tag-bloco-de-esquerda","9":"tag-internacional","10":"tag-portugal"},"acf":[],"yoast_head":"<!-- This site is optimized with the Yoast SEO plugin v26.5 - https:\/\/yoast.com\/wordpress\/plugins\/seo\/ -->\n<title>Um cravo rebenta o asfalto: Portugal contra a Troika e por um novo futuro - PSOL 50<\/title>\n<meta name=\"robots\" content=\"index, follow, max-snippet:-1, max-image-preview:large, max-video-preview:-1\" \/>\n<link rel=\"canonical\" href=\"https:\/\/psol50.org.br\/um-cravo-rebenta-o-asfalto-portugal-contra-a-troika-e-por-um-novo-futuro\/\" \/>\n<meta property=\"og:locale\" content=\"pt_BR\" \/>\n<meta property=\"og:type\" content=\"article\" \/>\n<meta property=\"og:title\" content=\"Um cravo rebenta o asfalto: Portugal contra a Troika e por um novo futuro - PSOL 50\" \/>\n<meta property=\"og:description\" content=\"&#8220;No futuro,\u00a0uma crian\u00e7a,\u00a0brincando na areia da estrada,\u00a0encontrar\u00e1 o cravo,\u00a0que \u00e0 Revolu\u00e7\u00e3o foi ceifado. Ao romper de uma aurora,\u00a0em vigor, plant\u00e1-lo-\u00e1 de novo,\u00a0para que a f\u00e9 n\u00e3o se apague.\u00a0E crente nas raz\u00f5es do povo,\u00a0na sua justi\u00e7a, na sua dor,\u00a0estar\u00e1 a plantar, sem o saber,\u00a0a mais doce for\u00e7a da Saudade,\u00a0e o mais intenso poema de Amor&#8221;.\u00a0Helena de [&hellip;]\" \/>\n<meta property=\"og:url\" content=\"https:\/\/psol50.org.br\/um-cravo-rebenta-o-asfalto-portugal-contra-a-troika-e-por-um-novo-futuro\/\" \/>\n<meta property=\"og:site_name\" content=\"PSOL 50\" \/>\n<meta property=\"article:publisher\" content=\"https:\/\/www.facebook.com\/psol50\" \/>\n<meta property=\"article:published_time\" content=\"2012-11-21T00:00:00+00:00\" \/>\n<meta property=\"og:image\" content=\"https:\/\/psol50.org.br\/inc\/uploads\/2018\/07\/capa.png\" \/>\n\t<meta property=\"og:image:width\" content=\"1350\" \/>\n\t<meta property=\"og:image:height\" content=\"900\" \/>\n\t<meta property=\"og:image:type\" content=\"image\/png\" \/>\n<meta name=\"author\" content=\"Comunica\u00e7\u00e3o PSOL\" \/>\n<meta name=\"twitter:card\" content=\"summary_large_image\" \/>\n<meta name=\"twitter:creator\" content=\"@psol50\" \/>\n<meta name=\"twitter:site\" content=\"@psol50\" \/>\n<meta name=\"twitter:label1\" content=\"Escrito por\" \/>\n\t<meta name=\"twitter:data1\" content=\"Comunica\u00e7\u00e3o PSOL\" \/>\n\t<meta name=\"twitter:label2\" content=\"Est. tempo de leitura\" \/>\n\t<meta name=\"twitter:data2\" content=\"8 minutos\" \/>\n<script type=\"application\/ld+json\" class=\"yoast-schema-graph\">{\"@context\":\"https:\/\/schema.org\",\"@graph\":[{\"@type\":\"Article\",\"@id\":\"https:\/\/psol50.org.br\/um-cravo-rebenta-o-asfalto-portugal-contra-a-troika-e-por-um-novo-futuro\/#article\",\"isPartOf\":{\"@id\":\"https:\/\/psol50.org.br\/um-cravo-rebenta-o-asfalto-portugal-contra-a-troika-e-por-um-novo-futuro\/\"},\"author\":{\"name\":\"Comunica\u00e7\u00e3o PSOL\",\"@id\":\"https:\/\/psol50.org.br\/#\/schema\/person\/475dfa57d0b815993c714c2e96491fcd\"},\"headline\":\"Um cravo rebenta o asfalto: Portugal contra a Troika e por um novo futuro\",\"datePublished\":\"2012-11-21T00:00:00+00:00\",\"mainEntityOfPage\":{\"@id\":\"https:\/\/psol50.org.br\/um-cravo-rebenta-o-asfalto-portugal-contra-a-troika-e-por-um-novo-futuro\/\"},\"wordCount\":1674,\"commentCount\":0,\"publisher\":{\"@id\":\"https:\/\/psol50.org.br\/#organization\"},\"keywords\":[\"Bloco de Esquerda\",\"Internacional\",\"Portugal\"],\"articleSection\":[\"Arquivo\",\"Portugal\"],\"inLanguage\":\"pt-BR\",\"potentialAction\":[{\"@type\":\"CommentAction\",\"name\":\"Comment\",\"target\":[\"https:\/\/psol50.org.br\/um-cravo-rebenta-o-asfalto-portugal-contra-a-troika-e-por-um-novo-futuro\/#respond\"]}]},{\"@type\":\"WebPage\",\"@id\":\"https:\/\/psol50.org.br\/um-cravo-rebenta-o-asfalto-portugal-contra-a-troika-e-por-um-novo-futuro\/\",\"url\":\"https:\/\/psol50.org.br\/um-cravo-rebenta-o-asfalto-portugal-contra-a-troika-e-por-um-novo-futuro\/\",\"name\":\"Um cravo rebenta o asfalto: Portugal contra a Troika e por um novo futuro - PSOL 50\",\"isPartOf\":{\"@id\":\"https:\/\/psol50.org.br\/#website\"},\"datePublished\":\"2012-11-21T00:00:00+00:00\",\"breadcrumb\":{\"@id\":\"https:\/\/psol50.org.br\/um-cravo-rebenta-o-asfalto-portugal-contra-a-troika-e-por-um-novo-futuro\/#breadcrumb\"},\"inLanguage\":\"pt-BR\",\"potentialAction\":[{\"@type\":\"ReadAction\",\"target\":[\"https:\/\/psol50.org.br\/um-cravo-rebenta-o-asfalto-portugal-contra-a-troika-e-por-um-novo-futuro\/\"]}]},{\"@type\":\"BreadcrumbList\",\"@id\":\"https:\/\/psol50.org.br\/um-cravo-rebenta-o-asfalto-portugal-contra-a-troika-e-por-um-novo-futuro\/#breadcrumb\",\"itemListElement\":[{\"@type\":\"ListItem\",\"position\":1,\"name\":\"In\u00edcio\",\"item\":\"https:\/\/psol50.org.br\/\"},{\"@type\":\"ListItem\",\"position\":2,\"name\":\"Um cravo rebenta o asfalto: Portugal contra a Troika e por um novo futuro\"}]},{\"@type\":\"WebSite\",\"@id\":\"https:\/\/psol50.org.br\/#website\",\"url\":\"https:\/\/psol50.org.br\/\",\"name\":\"PSOL 50\",\"description\":\"Site oficial do Partido Socialismo e Liberdade\",\"publisher\":{\"@id\":\"https:\/\/psol50.org.br\/#organization\"},\"alternateName\":\"PSOL50\",\"potentialAction\":[{\"@type\":\"SearchAction\",\"target\":{\"@type\":\"EntryPoint\",\"urlTemplate\":\"https:\/\/psol50.org.br\/?s={search_term_string}\"},\"query-input\":{\"@type\":\"PropertyValueSpecification\",\"valueRequired\":true,\"valueName\":\"search_term_string\"}}],\"inLanguage\":\"pt-BR\"},{\"@type\":\"Organization\",\"@id\":\"https:\/\/psol50.org.br\/#organization\",\"name\":\"PSOL 50\",\"alternateName\":\"PSOL 50\",\"url\":\"https:\/\/psol50.org.br\/\",\"logo\":{\"@type\":\"ImageObject\",\"inLanguage\":\"pt-BR\",\"@id\":\"https:\/\/psol50.org.br\/#\/schema\/logo\/image\/\",\"url\":\"https:\/\/psol50.org.br\/inc\/uploads\/2018\/07\/capa.png\",\"contentUrl\":\"https:\/\/psol50.org.br\/inc\/uploads\/2018\/07\/capa.png\",\"width\":1350,\"height\":900,\"caption\":\"PSOL 50\"},\"image\":{\"@id\":\"https:\/\/psol50.org.br\/#\/schema\/logo\/image\/\"},\"sameAs\":[\"https:\/\/www.facebook.com\/psol50\",\"https:\/\/x.com\/psol50\",\"https:\/\/www.instagram.com\/psol50\/\",\"https:\/\/www.youtube.com\/channel\/UC7SnJS5o1os7a6CaiNabzcg\"]},{\"@type\":\"Person\",\"@id\":\"https:\/\/psol50.org.br\/#\/schema\/person\/475dfa57d0b815993c714c2e96491fcd\",\"name\":\"Comunica\u00e7\u00e3o PSOL\",\"image\":{\"@type\":\"ImageObject\",\"inLanguage\":\"pt-BR\",\"@id\":\"https:\/\/psol50.org.br\/#\/schema\/person\/image\/\",\"url\":\"https:\/\/secure.gravatar.com\/avatar\/b34fc4f4e468a4e51785917065a3db57b841f5c95dba6ad8c73aaf8f66f8f9bf?s=96&d=mm&r=g\",\"contentUrl\":\"https:\/\/secure.gravatar.com\/avatar\/b34fc4f4e468a4e51785917065a3db57b841f5c95dba6ad8c73aaf8f66f8f9bf?s=96&d=mm&r=g\",\"caption\":\"Comunica\u00e7\u00e3o PSOL\"}}]}<\/script>\n<!-- \/ Yoast SEO plugin. -->","yoast_head_json":{"title":"Um cravo rebenta o asfalto: Portugal contra a Troika e por um novo futuro - PSOL 50","robots":{"index":"index","follow":"follow","max-snippet":"max-snippet:-1","max-image-preview":"max-image-preview:large","max-video-preview":"max-video-preview:-1"},"canonical":"https:\/\/psol50.org.br\/um-cravo-rebenta-o-asfalto-portugal-contra-a-troika-e-por-um-novo-futuro\/","og_locale":"pt_BR","og_type":"article","og_title":"Um cravo rebenta o asfalto: Portugal contra a Troika e por um novo futuro - PSOL 50","og_description":"&#8220;No futuro,\u00a0uma crian\u00e7a,\u00a0brincando na areia da estrada,\u00a0encontrar\u00e1 o cravo,\u00a0que \u00e0 Revolu\u00e7\u00e3o foi ceifado. Ao romper de uma aurora,\u00a0em vigor, plant\u00e1-lo-\u00e1 de novo,\u00a0para que a f\u00e9 n\u00e3o se apague.\u00a0E crente nas raz\u00f5es do povo,\u00a0na sua justi\u00e7a, na sua dor,\u00a0estar\u00e1 a plantar, sem o saber,\u00a0a mais doce for\u00e7a da Saudade,\u00a0e o mais intenso poema de Amor&#8221;.\u00a0Helena de [&hellip;]","og_url":"https:\/\/psol50.org.br\/um-cravo-rebenta-o-asfalto-portugal-contra-a-troika-e-por-um-novo-futuro\/","og_site_name":"PSOL 50","article_publisher":"https:\/\/www.facebook.com\/psol50","article_published_time":"2012-11-21T00:00:00+00:00","og_image":[{"width":1350,"height":900,"url":"https:\/\/psol50.org.br\/inc\/uploads\/2018\/07\/capa.png","type":"image\/png"}],"author":"Comunica\u00e7\u00e3o PSOL","twitter_card":"summary_large_image","twitter_creator":"@psol50","twitter_site":"@psol50","twitter_misc":{"Escrito por":"Comunica\u00e7\u00e3o PSOL","Est. tempo de leitura":"8 minutos"},"schema":{"@context":"https:\/\/schema.org","@graph":[{"@type":"Article","@id":"https:\/\/psol50.org.br\/um-cravo-rebenta-o-asfalto-portugal-contra-a-troika-e-por-um-novo-futuro\/#article","isPartOf":{"@id":"https:\/\/psol50.org.br\/um-cravo-rebenta-o-asfalto-portugal-contra-a-troika-e-por-um-novo-futuro\/"},"author":{"name":"Comunica\u00e7\u00e3o PSOL","@id":"https:\/\/psol50.org.br\/#\/schema\/person\/475dfa57d0b815993c714c2e96491fcd"},"headline":"Um cravo rebenta o asfalto: Portugal contra a Troika e por um novo futuro","datePublished":"2012-11-21T00:00:00+00:00","mainEntityOfPage":{"@id":"https:\/\/psol50.org.br\/um-cravo-rebenta-o-asfalto-portugal-contra-a-troika-e-por-um-novo-futuro\/"},"wordCount":1674,"commentCount":0,"publisher":{"@id":"https:\/\/psol50.org.br\/#organization"},"keywords":["Bloco de Esquerda","Internacional","Portugal"],"articleSection":["Arquivo","Portugal"],"inLanguage":"pt-BR","potentialAction":[{"@type":"CommentAction","name":"Comment","target":["https:\/\/psol50.org.br\/um-cravo-rebenta-o-asfalto-portugal-contra-a-troika-e-por-um-novo-futuro\/#respond"]}]},{"@type":"WebPage","@id":"https:\/\/psol50.org.br\/um-cravo-rebenta-o-asfalto-portugal-contra-a-troika-e-por-um-novo-futuro\/","url":"https:\/\/psol50.org.br\/um-cravo-rebenta-o-asfalto-portugal-contra-a-troika-e-por-um-novo-futuro\/","name":"Um cravo rebenta o asfalto: Portugal contra a Troika e por um novo futuro - PSOL 50","isPartOf":{"@id":"https:\/\/psol50.org.br\/#website"},"datePublished":"2012-11-21T00:00:00+00:00","breadcrumb":{"@id":"https:\/\/psol50.org.br\/um-cravo-rebenta-o-asfalto-portugal-contra-a-troika-e-por-um-novo-futuro\/#breadcrumb"},"inLanguage":"pt-BR","potentialAction":[{"@type":"ReadAction","target":["https:\/\/psol50.org.br\/um-cravo-rebenta-o-asfalto-portugal-contra-a-troika-e-por-um-novo-futuro\/"]}]},{"@type":"BreadcrumbList","@id":"https:\/\/psol50.org.br\/um-cravo-rebenta-o-asfalto-portugal-contra-a-troika-e-por-um-novo-futuro\/#breadcrumb","itemListElement":[{"@type":"ListItem","position":1,"name":"In\u00edcio","item":"https:\/\/psol50.org.br\/"},{"@type":"ListItem","position":2,"name":"Um cravo rebenta o asfalto: Portugal contra a Troika e por um novo futuro"}]},{"@type":"WebSite","@id":"https:\/\/psol50.org.br\/#website","url":"https:\/\/psol50.org.br\/","name":"PSOL 50","description":"Site oficial do Partido Socialismo e Liberdade","publisher":{"@id":"https:\/\/psol50.org.br\/#organization"},"alternateName":"PSOL50","potentialAction":[{"@type":"SearchAction","target":{"@type":"EntryPoint","urlTemplate":"https:\/\/psol50.org.br\/?s={search_term_string}"},"query-input":{"@type":"PropertyValueSpecification","valueRequired":true,"valueName":"search_term_string"}}],"inLanguage":"pt-BR"},{"@type":"Organization","@id":"https:\/\/psol50.org.br\/#organization","name":"PSOL 50","alternateName":"PSOL 50","url":"https:\/\/psol50.org.br\/","logo":{"@type":"ImageObject","inLanguage":"pt-BR","@id":"https:\/\/psol50.org.br\/#\/schema\/logo\/image\/","url":"https:\/\/psol50.org.br\/inc\/uploads\/2018\/07\/capa.png","contentUrl":"https:\/\/psol50.org.br\/inc\/uploads\/2018\/07\/capa.png","width":1350,"height":900,"caption":"PSOL 50"},"image":{"@id":"https:\/\/psol50.org.br\/#\/schema\/logo\/image\/"},"sameAs":["https:\/\/www.facebook.com\/psol50","https:\/\/x.com\/psol50","https:\/\/www.instagram.com\/psol50\/","https:\/\/www.youtube.com\/channel\/UC7SnJS5o1os7a6CaiNabzcg"]},{"@type":"Person","@id":"https:\/\/psol50.org.br\/#\/schema\/person\/475dfa57d0b815993c714c2e96491fcd","name":"Comunica\u00e7\u00e3o PSOL","image":{"@type":"ImageObject","inLanguage":"pt-BR","@id":"https:\/\/psol50.org.br\/#\/schema\/person\/image\/","url":"https:\/\/secure.gravatar.com\/avatar\/b34fc4f4e468a4e51785917065a3db57b841f5c95dba6ad8c73aaf8f66f8f9bf?s=96&d=mm&r=g","contentUrl":"https:\/\/secure.gravatar.com\/avatar\/b34fc4f4e468a4e51785917065a3db57b841f5c95dba6ad8c73aaf8f66f8f9bf?s=96&d=mm&r=g","caption":"Comunica\u00e7\u00e3o PSOL"}}]}},"_links":{"self":[{"href":"https:\/\/psol50.org.br\/rest\/wp\/v2\/posts\/628","targetHints":{"allow":["GET"]}}],"collection":[{"href":"https:\/\/psol50.org.br\/rest\/wp\/v2\/posts"}],"about":[{"href":"https:\/\/psol50.org.br\/rest\/wp\/v2\/types\/post"}],"author":[{"embeddable":true,"href":"https:\/\/psol50.org.br\/rest\/wp\/v2\/users\/2"}],"replies":[{"embeddable":true,"href":"https:\/\/psol50.org.br\/rest\/wp\/v2\/comments?post=628"}],"version-history":[{"count":0,"href":"https:\/\/psol50.org.br\/rest\/wp\/v2\/posts\/628\/revisions"}],"wp:attachment":[{"href":"https:\/\/psol50.org.br\/rest\/wp\/v2\/media?parent=628"}],"wp:term":[{"taxonomy":"category","embeddable":true,"href":"https:\/\/psol50.org.br\/rest\/wp\/v2\/categories?post=628"},{"taxonomy":"post_tag","embeddable":true,"href":"https:\/\/psol50.org.br\/rest\/wp\/v2\/tags?post=628"}],"curies":[{"name":"wp","href":"https:\/\/api.w.org\/{rel}","templated":true}]}}