{"id":661,"date":"2008-04-10T00:00:00","date_gmt":"2008-04-10T00:00:00","guid":{"rendered":"http:\/\/psol50.org.br\/arquivo\/2008\/04\/10\/acabar-com-os-privilegios-e-defender-a-unb\/"},"modified":"2008-04-10T00:00:00","modified_gmt":"2008-04-10T00:00:00","slug":"acabar-com-os-privilegios-e-defender-a-unb","status":"publish","type":"post","link":"https:\/\/psol50.org.br\/acabar-com-os-privilegios-e-defender-a-unb\/","title":{"rendered":"Acabar com os privil\u00e9gios e defender a UnB"},"content":{"rendered":"<p align=\"center\"><img loading=\"lazy\" decoding=\"async\" src=\"images\/stories\/manchetes\/20080410unb.jpg\" border=\"0\" width=\"390\" height=\"100\" \/> <\/p>\n<p>O afastamento imediado e definitivo do Reitor da Universidade de Bras\u00edlia, a democratiza\u00e7\u00e3o de seus espa\u00e7os institucionais e a sa\u00edda das funda\u00e7\u00f5es de apoio s\u00e3o as pautas que hoje provocam mais debates na UnB, al\u00e9m dos argumentos fr\u00e1geis dos defensores de Thimothy sobre &#8220;a conspira\u00e7\u00e3o da m\u00eddia&#8221;.<\/p>\n<p><!--more--><\/p>\n<p>Nos \u00faltimos dias a crise que paira em torno da atual c\u00fapula administrativa da Universidade de Bras\u00edlia se agravou profundamente. O primeiro passo das investiga\u00e7\u00f5es constatou o que muitos na universidade j\u00e1 imaginavam, um esquema milion\u00e1rio que envolve a FINATEC (Funda\u00e7\u00e3o de empreendimentos cient\u00edficos ligada \u00e0 UnB). A funda\u00e7\u00e3o gastou v\u00e1rias cifras do seu farto caixa bem longe de sua finalidade essencial (estatut\u00e1ria) , e pra piorar decorou o apartamento funcional do Reitor com uma mob\u00edlia digna de um pal\u00e1cio real, com a justificativa de atender ao \u201cn\u00edvel da Universidade de Bras\u00edlia\u201d. <\/p>\n<p>O esc\u00e2ndalo repercutiu nos principais meios de comunica\u00e7\u00e3o nacionais e mobilizou diversos estudantes, professores e funcion\u00e1rios da institui\u00e7\u00e3o \u00e0 protestarem contra a &#8220;gastan\u00e7a&#8221; do dinheiro p\u00fablico longe do investimento em educa\u00e7\u00e3o e pesquisa. Com o agravante de estar bem distante da realidade que vive hoje a UnB, a universidade que possui diversos problemas de estrutura, falta de investimentos em assist\u00eancia estudantil, uma moradia estudantil ca\u00f3tica, falta de professores, funcion\u00e1rios e etc. Uma infinidade de problemas poderiam ser citados e debatidos horas, pois a aus\u00eancia de recursos para financiarem as universidades p\u00fablicas \u00e9 um problema estrutural que atualmente n\u00e3o parece ter solu\u00e7\u00e3o, com as prioridades deste Governo.<\/p>\n<p>Os privil\u00e9gios foram a marca encontrada nas investiga\u00e7\u00f5es do Minist\u00e9rio P\u00fablico do Distrito Federal, desde os gastos com o cart\u00e3o corporativo da universidade, at\u00e9 as contas de restaurantes caros pagos com verba da Editora UnB. A indigna\u00e7\u00e3o de estudantes de diversos cursos, e as iniciativas r\u00e1pidas do DCE (Diret\u00f3rio Central dos Estudantes) foram capazes de mobilizar a UnB, que nas primeiras duas semanas de aula, ocorreram tr\u00eas manifesta\u00e7\u00f5es pedindo a sa\u00edda de Thimothy e tamb\u00e9m das funda\u00e7\u00f5es ditas de apoio. Basta perguntar, quem as funda\u00e7\u00f5es ap\u00f3iam. Estas que nos \u00faltimos anos se multiplicaram nas universidades p\u00fablicas, e que s\u00f3 a UnB possui seis delas, que utilizam capital material, estrutural e humano da universidade e com sua estrutura jur\u00eddica permitem privil\u00e9gios e abrem o caminho para burlar as licita\u00e7\u00f5es.<\/p>\n<p>Mas para alguns professores e \u201cnomeados\u201d\u00a0 que est\u00e3o enraizados h\u00e1 anos (d\u00e9cadas) na c\u00fapula administrativa da UnB esta crise seria apenas um &#8220;ataque brutal da imprensa \u00e0 UnB e at\u00e9 a universidade p\u00fablica&#8221;. Os principais defensores da atual gest\u00e3o da universidade e desta tese de \u201cconspira\u00e7\u00e3o\u201d s\u00e3o por coincid\u00eancia os que ocupam cargos altos ou os que t\u00eam os maiores financiamentos em seus projetos e pesquisas. Os atores respons\u00e1veis por esta ofensiva \u00e0 UnB seriam a &#8220;direita&#8221; em alian\u00e7a com o PSOL\/PSTU que &#8220;forjou&#8221; esta crise institucional. O que os ide\u00f3logos da Reitoria parecem n\u00e3o perceber \u00e9 que quase todas as for\u00e7as pol\u00edticas pedem a sa\u00edda de Thimothy. As falas mais oportunistas do Senador do PSDB, \u00c1lvaro Dias at\u00e9 pol\u00edticos do PT, PCdoB, PMDB e etc. A UNE (ligada ao PCdoB e PT) lan\u00e7ou um manifesto pedindo a sa\u00edda do Reitor, oportunismo sim, mas golpe da m\u00eddia contra o ilibad\u00edssimo Reitor da UnB, N\u00e3o!<\/p>\n<p>Algumas for\u00e7as pol\u00edticas nacionais deram uma resposta \u00e0 opini\u00e3o p\u00fablica, s\u00f3 pra n\u00e3o deixarem de se pronunciar, outros fizeram com coer\u00eancia o que sempre defenderam e pediram o afastamento do Reitor e o fim das funda\u00e7\u00f5es de apoio nas universidades p\u00fablicas brasileiras. A \u201cteoria da conspira\u00e7\u00e3o\u201d contra Thimothy parece ser a formula\u00e7\u00e3o mais oportuna para frear a crise na universidade.<\/p>\n<p>Estudantes, Professores e Funcion\u00e1rios da Universidade de Bras\u00edlia est\u00e3o cansados de privil\u00e9gios para um grupelho de professores, que &#8220;luxam&#8221; com o dinheiro que deveria ser investido nas condi\u00e7\u00f5es de ensino, pesquisa e extens\u00e3o. N\u00e3o h\u00e1 espa\u00e7os para aqueles que tem golpeado a nossa universidade com gastan\u00e7a, autoritarismo, e uma pol\u00edtica privatista e que agora quererem resumir a crise como &#8220;golpismo da imprensa nacional e de todas as for\u00e7as pol\u00edticas contra o Magn\u00edfico&#8221;. N\u00e3o \u00e9 toler\u00e1vel e nem aceit\u00e1vel que intelectuais que dedicaram suas vidas a uma constru\u00e7\u00e3o te\u00f3rica profunda cumpram este papel t\u00e3o baixo, mesquinho e hip\u00f3crita!<\/p>\n<p>Defender Thimothy n\u00e3o \u00e9 defender a UnB! Defender a UnB \u00e9 exigir auditoria nas contas da universidade, nas contas do CESPE e de todas as funda\u00e7\u00f5es. Defender a UnB \u00e9 lutar pela democracia com paridade na composi\u00e7\u00e3o dos conselhos deliberativos, nas elei\u00e7\u00f5es para Reitor e em todos os f\u00f3runs. Defender a UnB \u00e9 n\u00e3o compactuar com estruturas que permitem corrup\u00e7\u00e3o e privil\u00e9gios dessa forma exigir o fim das funda\u00e7\u00f5es de apoio. Defender a UnB \u00e9 lutar com afinco por verbas para universidade e ter mecanismo de controle reais dos gastos. Defender a UnB \u00e9 denunciar que a pol\u00edtica educacional do Governo (Reforma, REUNI, PROUNI e etc) tem precarizado profundamente o ensino superior p\u00fablico brasileiro. Defender a UnB \u00e9 defender a sa\u00edda imediata e definitiva de Thimothy e de sua c\u00fapula dirigente!<\/p>\n<p><em><strong>F\u00e1bio Felix<\/strong> &#8211; Coordenador Geral do DCE\/UnB e militante do PSOL\/DF<\/em> <\/p>\n<hr width=\"100%\" size=\"2\" \/>\n<p><strong>Reitoria da UnB OCUPADA! A luta cresce<\/strong><\/p>\n<p>A assembl\u00e9ia da tarde desta quarta-feira na Reitoria ocupada da UnB foi ainda maior que a de segunda-feira, que intensificou a mobiliza\u00e7\u00e3o. Mais de 1600 estudantes tomaram a frente da Reitoria para debater a proposta do Reitor. A proposta foi recha\u00e7ada, a ocupa\u00e7\u00e3o segue cada vez mais forte e uma paralisa\u00e7\u00e3o foi marcada para sexta. A paralisa\u00e7\u00e3o dos estudantes da UnB impulsionar\u00e1 a mobiliza\u00e7\u00e3o no Conselho Universit\u00e1rio que se reunir\u00e1 no pr\u00f3ximo dia 11\/04, sexta-feira.<\/p>\n<p>Estive presente representando o Diret\u00f3rio Central dos Estudantes da Universidade Federal do Rio Grande do Sul e a disposi\u00e7\u00e3o de derrubar o Reitor Timothy Mulholland \u00e9 impressionante. As discuss\u00f5es acerca da democratiza\u00e7\u00e3o dos Conselhos da Universidade, da paridade do voto entre as categorias para eleger o novo Reitor e a abertura da \u201ccaixa-preta\u201d das funda\u00e7\u00f5es, como a FINATEC crescem a cada dia.<\/p>\n<p>Parabenizo os estudantes da UnB em luta contra a corrup\u00e7\u00e3o na Universidade e pelas grandes mobiliza\u00e7\u00f5es. Em especial, os companheiros do PSOL, que comp\u00f5e a gest\u00e3o do DCE da UnB e s\u00e3o incans\u00e1veis na luta pela derrubada de Mulholland. Uma sauda\u00e7\u00e3o ao companheiro F\u00e1bio F\u00e9lix, coordenador do DCE, militante do PSOL, pela condu\u00e7\u00e3o democr\u00e1tica e firme das grandes assembl\u00e9ias e da ocupa\u00e7\u00e3o.<\/p>\n<p>Nas ruas e nas lutas o movimento estudantil se mostra cada vez mais presente tendo o PSOL e seus militantes como aliados na constru\u00e7\u00e3o de uma educa\u00e7\u00e3o e de uma sociedade justa e igualit\u00e1ria, em que todos tenham acessos aos direitos sociais.<\/p>\n<p>O bom exemplo que vem do Planalto Central<\/p>\n<p>Bras\u00edlia \u00e9 notadamente conhecida por ser a capital nacional do Brasil. A capital longe do povo e t\u00e3o perto da corrup\u00e7\u00e3o. Lugar onde a maracutaia, os lobistas, os Calheiros e companhia se lambuzam no luxo \u00e0 custa do dinheiro p\u00fablico. Terra da maior vergonha nacional.<\/p>\n<p>Pois \u00e9 nesta mesma Bras\u00edlia, que os estudantes da Universidade de Bras\u00edlia (UnB) decidiram n\u00e3o mais aceitar os abusos dos donos do poder. O Reitor Timothy Mulholland, um dos principais operadores da famigerada reforma Universit\u00e1ria, \u00e9 mais um dos que usaram indiscriminada e vergonhosamente as verbas destinadas \u00e0 Universidade.<\/p>\n<p>Em um esquema junto a FINATEC, funda\u00e7\u00e3o dita de apoio que administra a verba p\u00fablica da UnB sem licita\u00e7\u00e3o dos gastos \u2013 assim como todas as Funda\u00e7\u00f5es que existem nas Univers<br \/>\nidades brasileiras \u2013, gastou R$470 mil reais para mobiliar seu apartamento funcional em Bras\u00edlia. Lixeiras de mil reais, saca-rolha de R$ 1,5 mil reais, entre tantos outros itens que envergonham uma na\u00e7\u00e3o em que milh\u00f5es vivem abaixo da linha da mis\u00e9ria.<\/p>\n<p>Apoiamos incondicionalmente os estudantes que hoje ocupam a Reitoria da UnB contra a corrup\u00e7\u00e3o, pela exonera\u00e7\u00e3o de Mulholland do seu cargo e pela democracia na sua Universidade, al\u00e9m de outras pautas. N\u00e3o nos calaremos frente \u00e0 repress\u00e3o demonstrada. Denunciaremos os espancamentos e pris\u00f5es que querem impedir \u00e0 for\u00e7a a democracia de estabelecer plenamente. Faremos o imposs\u00edvel para enterrar os \u00faltimos filhotes do AI-5 que permanecem nos por\u00f5es do Brasil impedindo a tiros e cacetadas a luta do povo brasileiro.<\/p>\n<p>Nosso apoio nesse momento segue atrav\u00e9s dessa carta. Mas se assim for necess\u00e1rio estamos dispostos ao enfrentamento direto a essa estrutura de Universidade arcaica, em que alguns professores estabeleceram uma ditadura docente e se aproveitam das benesses do dinheiro p\u00fablico sem fiscaliza\u00e7\u00e3o e puni\u00e7\u00e3o atrav\u00e9s das Funda\u00e7\u00f5es de Apoio.<\/p>\n<p>For\u00e7a e disposi\u00e7\u00e3o para a luta que travam neste momento. Finalmente, atrav\u00e9s dos estudantes da UnB, temos um bom exemplo do Planalto Central: o exemplo daqueles que ousaram lutar e mostrar\u00e3o que \u00e9 poss\u00edvel vencer!<\/p>\n<p><em><strong>Rodolfo Mohr<\/strong> &#8211; <\/em><em>Coordenador Geral do DCE\/UFRGS e militante do PSOL\/RS<\/em><\/p>\n","protected":false},"excerpt":{"rendered":"<p>O afastamento imediado e definitivo do Reitor da Universidade de Bras\u00edlia, a democratiza\u00e7\u00e3o de seus espa\u00e7os institucionais e a sa\u00edda das funda\u00e7\u00f5es de apoio s\u00e3o as pautas que hoje provocam mais debates na UnB, al\u00e9m dos argumentos fr\u00e1geis dos defensores de Thimothy sobre &#8220;a conspira\u00e7\u00e3o da m\u00eddia&#8221;.<\/p>\n","protected":false},"author":2,"featured_media":0,"comment_status":"open","ping_status":"open","sticky":false,"template":"","format":"standard","meta":{"_acf_changed":false,"footnotes":""},"categories":[4766],"tags":[],"class_list":{"0":"post-661","1":"post","2":"type-post","3":"status-publish","4":"format-standard","6":"category-arquivo"},"acf":[],"yoast_head":"<!-- This site is optimized with the Yoast SEO plugin v26.5 - https:\/\/yoast.com\/wordpress\/plugins\/seo\/ -->\n<title>Acabar com os privil\u00e9gios e defender a UnB - PSOL 50<\/title>\n<meta name=\"robots\" content=\"index, follow, max-snippet:-1, max-image-preview:large, max-video-preview:-1\" \/>\n<link rel=\"canonical\" href=\"https:\/\/psol50.org.br\/acabar-com-os-privilegios-e-defender-a-unb\/\" \/>\n<meta property=\"og:locale\" content=\"pt_BR\" \/>\n<meta property=\"og:type\" content=\"article\" \/>\n<meta property=\"og:title\" content=\"Acabar com os privil\u00e9gios e defender a UnB - PSOL 50\" \/>\n<meta property=\"og:description\" content=\"O afastamento imediado e definitivo do Reitor da Universidade de Bras\u00edlia, a democratiza\u00e7\u00e3o de seus espa\u00e7os institucionais e a sa\u00edda das funda\u00e7\u00f5es de apoio s\u00e3o as pautas que hoje provocam mais debates na UnB, al\u00e9m dos argumentos fr\u00e1geis dos defensores de Thimothy sobre &#8220;a conspira\u00e7\u00e3o da m\u00eddia&#8221;.\" \/>\n<meta property=\"og:url\" content=\"https:\/\/psol50.org.br\/acabar-com-os-privilegios-e-defender-a-unb\/\" \/>\n<meta property=\"og:site_name\" content=\"PSOL 50\" \/>\n<meta property=\"article:publisher\" content=\"https:\/\/www.facebook.com\/psol50\" \/>\n<meta property=\"article:published_time\" content=\"2008-04-10T00:00:00+00:00\" \/>\n<meta property=\"og:image\" content=\"http:\/\/images\/stories\/manchetes\/20080410unb.jpg\" \/>\n<meta name=\"author\" content=\"Comunica\u00e7\u00e3o PSOL\" \/>\n<meta name=\"twitter:card\" content=\"summary_large_image\" \/>\n<meta name=\"twitter:creator\" content=\"@psol50\" \/>\n<meta name=\"twitter:site\" content=\"@psol50\" \/>\n<meta name=\"twitter:label1\" content=\"Escrito por\" \/>\n\t<meta name=\"twitter:data1\" content=\"Comunica\u00e7\u00e3o PSOL\" \/>\n\t<meta name=\"twitter:label2\" content=\"Est. tempo de leitura\" \/>\n\t<meta name=\"twitter:data2\" content=\"8 minutos\" \/>\n<script type=\"application\/ld+json\" class=\"yoast-schema-graph\">{\"@context\":\"https:\/\/schema.org\",\"@graph\":[{\"@type\":\"Article\",\"@id\":\"https:\/\/psol50.org.br\/acabar-com-os-privilegios-e-defender-a-unb\/#article\",\"isPartOf\":{\"@id\":\"https:\/\/psol50.org.br\/acabar-com-os-privilegios-e-defender-a-unb\/\"},\"author\":{\"name\":\"Comunica\u00e7\u00e3o PSOL\",\"@id\":\"https:\/\/psol50.org.br\/#\/schema\/person\/475dfa57d0b815993c714c2e96491fcd\"},\"headline\":\"Acabar com os privil\u00e9gios e defender a UnB\",\"datePublished\":\"2008-04-10T00:00:00+00:00\",\"mainEntityOfPage\":{\"@id\":\"https:\/\/psol50.org.br\/acabar-com-os-privilegios-e-defender-a-unb\/\"},\"wordCount\":1594,\"commentCount\":0,\"publisher\":{\"@id\":\"https:\/\/psol50.org.br\/#organization\"},\"articleSection\":[\"Arquivo\"],\"inLanguage\":\"pt-BR\",\"potentialAction\":[{\"@type\":\"CommentAction\",\"name\":\"Comment\",\"target\":[\"https:\/\/psol50.org.br\/acabar-com-os-privilegios-e-defender-a-unb\/#respond\"]}]},{\"@type\":\"WebPage\",\"@id\":\"https:\/\/psol50.org.br\/acabar-com-os-privilegios-e-defender-a-unb\/\",\"url\":\"https:\/\/psol50.org.br\/acabar-com-os-privilegios-e-defender-a-unb\/\",\"name\":\"Acabar com os privil\u00e9gios e defender a UnB - PSOL 50\",\"isPartOf\":{\"@id\":\"https:\/\/psol50.org.br\/#website\"},\"datePublished\":\"2008-04-10T00:00:00+00:00\",\"breadcrumb\":{\"@id\":\"https:\/\/psol50.org.br\/acabar-com-os-privilegios-e-defender-a-unb\/#breadcrumb\"},\"inLanguage\":\"pt-BR\",\"potentialAction\":[{\"@type\":\"ReadAction\",\"target\":[\"https:\/\/psol50.org.br\/acabar-com-os-privilegios-e-defender-a-unb\/\"]}]},{\"@type\":\"BreadcrumbList\",\"@id\":\"https:\/\/psol50.org.br\/acabar-com-os-privilegios-e-defender-a-unb\/#breadcrumb\",\"itemListElement\":[{\"@type\":\"ListItem\",\"position\":1,\"name\":\"In\u00edcio\",\"item\":\"https:\/\/psol50.org.br\/\"},{\"@type\":\"ListItem\",\"position\":2,\"name\":\"Acabar com os privil\u00e9gios e defender a UnB\"}]},{\"@type\":\"WebSite\",\"@id\":\"https:\/\/psol50.org.br\/#website\",\"url\":\"https:\/\/psol50.org.br\/\",\"name\":\"PSOL 50\",\"description\":\"Site oficial do Partido Socialismo e Liberdade\",\"publisher\":{\"@id\":\"https:\/\/psol50.org.br\/#organization\"},\"alternateName\":\"PSOL50\",\"potentialAction\":[{\"@type\":\"SearchAction\",\"target\":{\"@type\":\"EntryPoint\",\"urlTemplate\":\"https:\/\/psol50.org.br\/?s={search_term_string}\"},\"query-input\":{\"@type\":\"PropertyValueSpecification\",\"valueRequired\":true,\"valueName\":\"search_term_string\"}}],\"inLanguage\":\"pt-BR\"},{\"@type\":\"Organization\",\"@id\":\"https:\/\/psol50.org.br\/#organization\",\"name\":\"PSOL 50\",\"alternateName\":\"PSOL 50\",\"url\":\"https:\/\/psol50.org.br\/\",\"logo\":{\"@type\":\"ImageObject\",\"inLanguage\":\"pt-BR\",\"@id\":\"https:\/\/psol50.org.br\/#\/schema\/logo\/image\/\",\"url\":\"https:\/\/psol50.org.br\/inc\/uploads\/2018\/07\/capa.png\",\"contentUrl\":\"https:\/\/psol50.org.br\/inc\/uploads\/2018\/07\/capa.png\",\"width\":1350,\"height\":900,\"caption\":\"PSOL 50\"},\"image\":{\"@id\":\"https:\/\/psol50.org.br\/#\/schema\/logo\/image\/\"},\"sameAs\":[\"https:\/\/www.facebook.com\/psol50\",\"https:\/\/x.com\/psol50\",\"https:\/\/www.instagram.com\/psol50\/\",\"https:\/\/www.youtube.com\/channel\/UC7SnJS5o1os7a6CaiNabzcg\"]},{\"@type\":\"Person\",\"@id\":\"https:\/\/psol50.org.br\/#\/schema\/person\/475dfa57d0b815993c714c2e96491fcd\",\"name\":\"Comunica\u00e7\u00e3o PSOL\",\"image\":{\"@type\":\"ImageObject\",\"inLanguage\":\"pt-BR\",\"@id\":\"https:\/\/psol50.org.br\/#\/schema\/person\/image\/\",\"url\":\"https:\/\/secure.gravatar.com\/avatar\/b34fc4f4e468a4e51785917065a3db57b841f5c95dba6ad8c73aaf8f66f8f9bf?s=96&d=mm&r=g\",\"contentUrl\":\"https:\/\/secure.gravatar.com\/avatar\/b34fc4f4e468a4e51785917065a3db57b841f5c95dba6ad8c73aaf8f66f8f9bf?s=96&d=mm&r=g\",\"caption\":\"Comunica\u00e7\u00e3o PSOL\"}}]}<\/script>\n<!-- \/ Yoast SEO plugin. -->","yoast_head_json":{"title":"Acabar com os privil\u00e9gios e defender a UnB - PSOL 50","robots":{"index":"index","follow":"follow","max-snippet":"max-snippet:-1","max-image-preview":"max-image-preview:large","max-video-preview":"max-video-preview:-1"},"canonical":"https:\/\/psol50.org.br\/acabar-com-os-privilegios-e-defender-a-unb\/","og_locale":"pt_BR","og_type":"article","og_title":"Acabar com os privil\u00e9gios e defender a UnB - PSOL 50","og_description":"O afastamento imediado e definitivo do Reitor da Universidade de Bras\u00edlia, a democratiza\u00e7\u00e3o de seus espa\u00e7os institucionais e a sa\u00edda das funda\u00e7\u00f5es de apoio s\u00e3o as pautas que hoje provocam mais debates na UnB, al\u00e9m dos argumentos fr\u00e1geis dos defensores de Thimothy sobre &#8220;a conspira\u00e7\u00e3o da m\u00eddia&#8221;.","og_url":"https:\/\/psol50.org.br\/acabar-com-os-privilegios-e-defender-a-unb\/","og_site_name":"PSOL 50","article_publisher":"https:\/\/www.facebook.com\/psol50","article_published_time":"2008-04-10T00:00:00+00:00","og_image":[{"url":"images\/stories\/manchetes\/20080410unb.jpg","type":"","width":"","height":""}],"author":"Comunica\u00e7\u00e3o PSOL","twitter_card":"summary_large_image","twitter_creator":"@psol50","twitter_site":"@psol50","twitter_misc":{"Escrito por":"Comunica\u00e7\u00e3o PSOL","Est. tempo de leitura":"8 minutos"},"schema":{"@context":"https:\/\/schema.org","@graph":[{"@type":"Article","@id":"https:\/\/psol50.org.br\/acabar-com-os-privilegios-e-defender-a-unb\/#article","isPartOf":{"@id":"https:\/\/psol50.org.br\/acabar-com-os-privilegios-e-defender-a-unb\/"},"author":{"name":"Comunica\u00e7\u00e3o PSOL","@id":"https:\/\/psol50.org.br\/#\/schema\/person\/475dfa57d0b815993c714c2e96491fcd"},"headline":"Acabar com os privil\u00e9gios e defender a UnB","datePublished":"2008-04-10T00:00:00+00:00","mainEntityOfPage":{"@id":"https:\/\/psol50.org.br\/acabar-com-os-privilegios-e-defender-a-unb\/"},"wordCount":1594,"commentCount":0,"publisher":{"@id":"https:\/\/psol50.org.br\/#organization"},"articleSection":["Arquivo"],"inLanguage":"pt-BR","potentialAction":[{"@type":"CommentAction","name":"Comment","target":["https:\/\/psol50.org.br\/acabar-com-os-privilegios-e-defender-a-unb\/#respond"]}]},{"@type":"WebPage","@id":"https:\/\/psol50.org.br\/acabar-com-os-privilegios-e-defender-a-unb\/","url":"https:\/\/psol50.org.br\/acabar-com-os-privilegios-e-defender-a-unb\/","name":"Acabar com os privil\u00e9gios e defender a UnB - PSOL 50","isPartOf":{"@id":"https:\/\/psol50.org.br\/#website"},"datePublished":"2008-04-10T00:00:00+00:00","breadcrumb":{"@id":"https:\/\/psol50.org.br\/acabar-com-os-privilegios-e-defender-a-unb\/#breadcrumb"},"inLanguage":"pt-BR","potentialAction":[{"@type":"ReadAction","target":["https:\/\/psol50.org.br\/acabar-com-os-privilegios-e-defender-a-unb\/"]}]},{"@type":"BreadcrumbList","@id":"https:\/\/psol50.org.br\/acabar-com-os-privilegios-e-defender-a-unb\/#breadcrumb","itemListElement":[{"@type":"ListItem","position":1,"name":"In\u00edcio","item":"https:\/\/psol50.org.br\/"},{"@type":"ListItem","position":2,"name":"Acabar com os privil\u00e9gios e defender a UnB"}]},{"@type":"WebSite","@id":"https:\/\/psol50.org.br\/#website","url":"https:\/\/psol50.org.br\/","name":"PSOL 50","description":"Site oficial do Partido Socialismo e Liberdade","publisher":{"@id":"https:\/\/psol50.org.br\/#organization"},"alternateName":"PSOL50","potentialAction":[{"@type":"SearchAction","target":{"@type":"EntryPoint","urlTemplate":"https:\/\/psol50.org.br\/?s={search_term_string}"},"query-input":{"@type":"PropertyValueSpecification","valueRequired":true,"valueName":"search_term_string"}}],"inLanguage":"pt-BR"},{"@type":"Organization","@id":"https:\/\/psol50.org.br\/#organization","name":"PSOL 50","alternateName":"PSOL 50","url":"https:\/\/psol50.org.br\/","logo":{"@type":"ImageObject","inLanguage":"pt-BR","@id":"https:\/\/psol50.org.br\/#\/schema\/logo\/image\/","url":"https:\/\/psol50.org.br\/inc\/uploads\/2018\/07\/capa.png","contentUrl":"https:\/\/psol50.org.br\/inc\/uploads\/2018\/07\/capa.png","width":1350,"height":900,"caption":"PSOL 50"},"image":{"@id":"https:\/\/psol50.org.br\/#\/schema\/logo\/image\/"},"sameAs":["https:\/\/www.facebook.com\/psol50","https:\/\/x.com\/psol50","https:\/\/www.instagram.com\/psol50\/","https:\/\/www.youtube.com\/channel\/UC7SnJS5o1os7a6CaiNabzcg"]},{"@type":"Person","@id":"https:\/\/psol50.org.br\/#\/schema\/person\/475dfa57d0b815993c714c2e96491fcd","name":"Comunica\u00e7\u00e3o PSOL","image":{"@type":"ImageObject","inLanguage":"pt-BR","@id":"https:\/\/psol50.org.br\/#\/schema\/person\/image\/","url":"https:\/\/secure.gravatar.com\/avatar\/b34fc4f4e468a4e51785917065a3db57b841f5c95dba6ad8c73aaf8f66f8f9bf?s=96&d=mm&r=g","contentUrl":"https:\/\/secure.gravatar.com\/avatar\/b34fc4f4e468a4e51785917065a3db57b841f5c95dba6ad8c73aaf8f66f8f9bf?s=96&d=mm&r=g","caption":"Comunica\u00e7\u00e3o PSOL"}}]}},"_links":{"self":[{"href":"https:\/\/psol50.org.br\/rest\/wp\/v2\/posts\/661","targetHints":{"allow":["GET"]}}],"collection":[{"href":"https:\/\/psol50.org.br\/rest\/wp\/v2\/posts"}],"about":[{"href":"https:\/\/psol50.org.br\/rest\/wp\/v2\/types\/post"}],"author":[{"embeddable":true,"href":"https:\/\/psol50.org.br\/rest\/wp\/v2\/users\/2"}],"replies":[{"embeddable":true,"href":"https:\/\/psol50.org.br\/rest\/wp\/v2\/comments?post=661"}],"version-history":[{"count":0,"href":"https:\/\/psol50.org.br\/rest\/wp\/v2\/posts\/661\/revisions"}],"wp:attachment":[{"href":"https:\/\/psol50.org.br\/rest\/wp\/v2\/media?parent=661"}],"wp:term":[{"taxonomy":"category","embeddable":true,"href":"https:\/\/psol50.org.br\/rest\/wp\/v2\/categories?post=661"},{"taxonomy":"post_tag","embeddable":true,"href":"https:\/\/psol50.org.br\/rest\/wp\/v2\/tags?post=661"}],"curies":[{"name":"wp","href":"https:\/\/api.w.org\/{rel}","templated":true}]}}