{"id":664,"date":"2008-12-14T00:00:00","date_gmt":"2008-12-14T00:00:00","guid":{"rendered":"http:\/\/psol50.org.br\/arquivo\/2008\/12\/14\/a-rebeliao-da-juventude-na-grecia\/"},"modified":"2008-12-14T00:00:00","modified_gmt":"2008-12-14T00:00:00","slug":"a-rebeliao-da-juventude-na-grecia","status":"publish","type":"post","link":"https:\/\/psol50.org.br\/a-rebeliao-da-juventude-na-grecia\/","title":{"rendered":"A rebeli\u00e3o da juventude na Gr\u00e9cia"},"content":{"rendered":"<p>Em uma das lendas mais conhecidas da mitologia grega, um novo universo \u00e9 aberto com a revela\u00e7\u00e3o dos segredos contidos na caixa de Pandora. A linda filha de Zeus \u00e9 enviada para a Terra como uma armadilha contra os tit\u00e3s, em especial Epimeteu. Aproveitando-se da distra\u00e7\u00e3o de Epimeteu, Pandora abre a caixa, libertando energias e males humanos. Estamos assistindo no presente, um acontecimento de propor\u00e7\u00f5es similares a uma &#8220;caixa de pandora&#8221; nas lutas sociais europ\u00e9ias. \u00c9 a primeira manifesta\u00e7\u00e3o com contornos insurrecionais e pol\u00edticos que acontece ap\u00f3s a explos\u00e3o da nova &#8220;crise&#8221; econ\u00f4mica mundial.\u00a0 E quis a hist\u00f3ria que fosse a Gr\u00e9cia o palco destes enfrentamentos. <\/p>\n<p><!--more--><\/p>\n<p>N\u00e3o querendo entrar em caracteriza\u00e7\u00f5es ou exageros, apenas temos que chamar aten\u00e7\u00e3o para os novos eventos que est\u00e3o comovendo o mundo e que tem na sua juventude a primeira fileira de combate destas batalhas. H\u00e1 quase dez dias, por toda a Gr\u00e9cia assistimos manifesta\u00e7\u00f5es massivas, radicalizadas, ocupa\u00e7\u00f5es de dezenas de universidades e milhares de escolas secund\u00e1rias, passeatas, concentra\u00e7\u00f5es de categorias profissionais e uma greve geral que paralisou o pa\u00eds. O fato que desencadeou oito dias de manifesta\u00e7\u00f5es ininterruptas\u00a0 foi a morte do jovem Alexandris Grigoropulus, de apenas 15 anos, no s\u00e1bado,\u00a0 6 de dezembro, assassinado pela pol\u00edcia no bairro popular Exarchia, em Atenas. A morte de Grigoropulus se inscreve na hist\u00f3ria pol\u00edtica do movimento estudantil. Como a de um m\u00e1rtir que consegue expressar a ang\u00fastia e a atitude de toda uma gera\u00e7\u00e3o, estando ao lado de Carlo Giuliani (jovem italiano morto em Genova, 2001, em meio aos protestos contra o G8) e mesmo de m\u00e1rtires latinos como o estudante L\u00edber Arce (m\u00e1rtir da ditadura Uruguaia) e nosso compatriota paraense Edson Lu\u00eds (morto a 28 de mar\u00e7o de 1968). Por\u00e9m, s\u00f3 a indigna\u00e7\u00e3o pela morte de &#8220;Alexis&#8221; como era conhecido o jovem grego n\u00e3o explica o fen\u00f4meno de levante da juventude; temos que buscar as ra\u00edzes primeiras deste intenso processo.<\/p>\n<p><strong>O fracasso do governo conservador<\/strong><\/p>\n<p>O partido governista grego, o conservador &#8220;Nova Democracia&#8221;, tem uma maioria simples no parlamento (apenas um deputado a mais), encabe\u00e7ada pelo primeiro ministro Costas Caramanlis. O governo est\u00e1 alinhado com os demais governos conservadores da Europa, como no caso da It\u00e1lia, Alemanha e Fran\u00e7a. Entre suas medidas\u00a0 impopulares est\u00e3o as reformas trabalhista e previdenci\u00e1ria e a venda de importantes estatais como a empresa de transporte a\u00e9reo (lembremos que grande parte da economia grega \u00e9 impulsionada pelo turismo). Por outro lado, alguns esc\u00e2ndalos de corrup\u00e7\u00e3o em seu minist\u00e9rio levaram a uma brusca queda de popularidade. Com a intensifica\u00e7\u00e3o da crise econ\u00f4mica, v\u00e1rias f\u00e1bricas fecharam suas portas, aumentando o desemprego. A desacelera\u00e7\u00e3o da economia dos pa\u00edses da regi\u00e3o diminuiu os investimentos estrangeiros no setor de servi\u00e7os do pa\u00eds. Em conson\u00e2ncia com a Uni\u00e3o Europ\u00e9ia, o governo da Nova Democracia apelou para um plano de salva\u00e7\u00e3o dos banqueiros em seu pa\u00eds, nos moldes do que foi aprovado na\u00a0 Alemanha.\u00a0\u00a0 <\/p>\n<p><strong>A juventude: uma gera\u00e7\u00e3o precarizada <\/strong><\/p>\n<p>A principal caracter\u00edstica dos recentes protestos gregos \u00e9 a participa\u00e7\u00e3o massiva e radicalizada da juventude. Boa parte dos manifestantes tem 15 anos ou menos. A morte do jovem detonou uma indigna\u00e7\u00e3o acumulada. A chamada gera\u00e7\u00e3o dos &#8220;600 euros&#8221; \u2013 referencia a m\u00e9dia salarial para os empregos precarizados \u2013 est\u00e1 farta do modelo de altern\u00e2ncia de apenas dois partidos no poder. Por um lado, a Nova Democracia, e por outro o moderado PASOK (Partido Socialista Pan-Helenico), monopolizaram desde a queda da ditadura, em 1974, o poder pol\u00edtico, demonstrando estagna\u00e7\u00e3o e falta de perspectivas para a juventude. <\/p>\n<p>A luta dentro das universidades tamb\u00e9m se radicaliza. O governo prop\u00f4s uma reforma educacional que evidencia mais corte or\u00e7ament\u00e1rio e perda de direito \u00e0 assist\u00eancia estudantil, jogando o movimento estudantil em p\u00e9 de guerra contra estes planos. Al\u00e9m disso, os \u00edndices de desemprego s\u00e3o ainda mais altos quando tomados na faixa entre 16 e 25 anos. <\/p>\n<p>O levante juvenil come\u00e7ou na madrugada do s\u00e1bado, dia 6 de dezembro. Rapidamente se espalhou para todo o pa\u00eds, chegando a importantes cidades como Heraklion, Sal\u00f3nica, Hania, al\u00e9m de uma grande concentra\u00e7\u00e3o, com mais de 20 mil pessoas, em Atenas nos dias 7 e 8. A f\u00faria n\u00e3o parou por a\u00ed. Centenas de carros, bancos e estabelecimentos comerciais foram incendiados, os manifestantes cercaram v\u00e1rias delegacias de pol\u00edcia (algumas foram incendiadas) nas noites que se seguiram. O centro da revolta foram os bairros perif\u00e9ricos de Atenas e a Universidade Polit\u00e9cnica. As manifesta\u00e7\u00f5es lembraram a chamada &#8220;revolta do sub\u00farbio&#8221;, que aconteceu na Fran\u00e7a em 2005.<\/p>\n<p>Na quarta, dia 10 de dezembro, uma greve geral parou todo o pa\u00eds.<\/p>\n<p><strong>A tradi\u00e7\u00e3o de luta do povo grego<\/strong><\/p>\n<p>O povo grego enfrentou o fascismo na segunda guerra mundial.\u00a0 A resist\u00eancia armada, composta por mil\u00edcias oper\u00e1rias e camponesas, conseguiu derrotar Mussolini e seus aliados. Terminada a guerra, na retomada da democracia, Churchill tentava impor um governo monarquista, para evitar a &#8220;vit\u00f3ria vermelha&#8221;. Armado e com valentes combatentes, o ELAS (Ex\u00e9rcito de Liberta\u00e7\u00e3o Nacional) combateu contra as for\u00e7as monarquistas, para a proclama\u00e7\u00e3o de uma rep\u00fablica popular. A URSS, sob o dom\u00ednio de Stalin, atuou para isolar as for\u00e7as revolucion\u00e1rias, auxiliando a Gr\u00e3-Bretanha a vencer a guerra civil e restituir, assim, a monarquia. <\/p>\n<p>Com o golpe militar de 1967 foi instaurada a chamada &#8220;Ditadura dos coron\u00e9is&#8221; &#8211; tendo a frente Georgio Papad\u00f3pulos- que seguiria no poder at\u00e9 o ano de 1974. Esta ditadura ficou conhecida como uma das mais cru\u00e9is do s\u00e9culo XX, deportando, prendendo e matando milhares de opositores. No dia 17 de novembro de 1973, os tanques esmagaram as cercas de ferro da Universidade Polit\u00e9cnica para suprimir um levante estudantil. Acredita-se que pelo menos 40 pessoas tenham perdido suas vidas no epis\u00f3dio. O sacrif\u00edcio da Polit\u00e9cnica foi t\u00e3o importante, que se incluiu na constitui\u00e7\u00e3o da Gr\u00e9cia &#8211; criada no per\u00edodo posterior \u00e0 ditadura &#8211; o direito de asilo, proibindo as autoridades de entrar em escolas e universidades. <\/p>\n<p>Em 1985, um novo movimento nacional, em protesto contra a morte de um professor, tomou conta das ruas da Gr\u00e9cia. Desde ent\u00e3o, manifesta\u00e7\u00f5es e ocupa\u00e7\u00f5es nas universidades s\u00e3o recorrentes no pa\u00eds.<\/p>\n<p><strong>O papel dos trabalhadores<\/strong><\/p>\n<p>A Greve Geral de 10 de dezembro de 2008 foi a quarta greve do ano. Na paraliza\u00e7\u00e3o anterior, realizada em 21 e 22 de outubro, todos os principais servi\u00e7os do pa\u00eds foram paralisados em protestos contra a pol\u00edtica econ\u00f4mica do governo. Os escrit\u00f3rios da Olimpikus Airlines foram ocupados por centenas de trabalhadores, contra sua privatiza\u00e7\u00e3o. Este ano, uma greve por melhores sal\u00e1rios,\u00a0 que durou duas semanas,\u00a0 afetou o sistema de transporte metropolitano de Atenas e arredores.<\/p>\n<p>Neste \u00faltimo processo, apesar da juventude ser a referencia mais contundente, centenas de milhares de trabalhadores tomaram parte, como se verificou na greve geral convocada pelas Centrais sindicais GSEE e ADEDY (que agrupa os trabalhadores estatais). <\/p>\n<p>Do ponto de vista da representa\u00e7\u00e3o pol\u00edtica, v\u00e1rias alternativas come\u00e7am a ser discutidas. Os socialistas (PASOK), que estavam no governo antes de Caramanlis tentam capitalizar eleitoralmente, pedido &#8220;calma&#8221; e atuando para esvaziar a greve do dia 10. Apesar de pedir a renuncia do atual primeiro ministro, sua atua\u00e7\u00e3o \u00e9 t\u00edmida.\u00a0 O partido comunista, conhecido internacionalmente como &#8220;ortodoxo&#8221; tem endossado o pedido de ren\u00fancia do governo, enquanto desdenha convoca\u00e7\u00f5es unit\u00e1rias, chamando seus pr\u00f3prios atos contra o governo.\u00a0 A esquerda anticapitalista est\u00e1 dividida. A maior for\u00e7a, a Coliga\u00e7\u00e3o da Esquerda Radical (SYRIZA) afirma em um comunicado: &#8220;A Nova Democracia n\u00e3o pode c<br \/>\nontinuar no governo na Gr\u00e9cia&#8221; (assinado pelo presidente do seu grupo parlamentar, Alecos Alavanos). A coliga\u00e7\u00e3o defende o fim imediato da presen\u00e7a provocat\u00f3ria das For\u00e7as Especiais da Pol\u00edcia, e a sua dissolu\u00e7\u00e3o, responsabilizando o governo pela viol\u00eancia. H\u00e1 organiza\u00e7\u00f5es menores, mais radicais, que aparecem fragmentadas.<\/p>\n<p>Outro elemento a ser considerado \u00e9 a conduta de grupos de jovens encapuzados, que atacam de forma indistinta tanto a sucursais de grandes bancos, como pequenos com\u00e9rcios da regi\u00e3o central de Atenas. Este m\u00e9todo afasta os setores da classe trabalhadora e amea\u00e7a com levar ao isolamento do movimento, perdendo o foco da cr\u00edtica ao governo e levando o debate para outro terreno. Superar esta contradi\u00e7\u00e3o \u00e9, quem sabe, a tarefa mais imediata. <\/p>\n<p><strong>Perspectivas <\/strong><\/p>\n<p>A possibilidade que est\u00e1 aberta \u00e9 \u00edmpar: derrubar pela via da mobiliza\u00e7\u00e3o nas ruas um governo conservador, fato novo no contexto europeu &#8211; que se repetiu v\u00e1rias vezes nos pa\u00edses perif\u00e9ricos, em particular na Am\u00e9rica Latina na \u00faltima d\u00e9cada. A revolta pode provocar um cont\u00e1gio em toda a Europa, num contexto onde os estudantes italianos promovem duras jornadas contra a reforma educativa (havia uma greve geral convocada no dia 12\/12 pela central CGIL, adiada pelo mau tempo); onde os estudantes espanh\u00f3is ocupam diversas universidades contra o &#8220;Plano Bolonha&#8221; (processo iniciado em 1999 na cidade italiana de Bolonha que prev\u00ea a cobran\u00e7a de taxas nas universidades p\u00fablicas); os professores portugueses realizam as maiores manifesta\u00e7\u00f5es da categoria em muitos anos; na Irlanda, mais de 75 mil pessoas se manifestaram no come\u00e7o de dezembro contra os planos educacionais do atual governo; a Alemanha vive um processo similar. <\/p>\n<p>Os novos ventos que sopram do mar Egeu, por\u00e9m, ter\u00e3o efeitos positivos se encontrarem uma esquerda capaz de responder aos novos desafios. Contra a Europa do capital \u00e9 necess\u00e1rio construir uma alternativa de unidade das esquerdas, com car\u00e1ter anticapitalista e plural. O Novo Partido Anticapitalista (NPA), liderado por Olivier Bensacenot na Fran\u00e7a pode ser um embri\u00e3o desta alternativa. Em um momento onde se celebra a retomada de Marx, em meio a mais grave crise do neoliberalismo, a Europa se levanta.\u00a0 2009 promete. Mas, lembremos que 2008 ainda n\u00e3o acabou.<\/p>\n<p><em><strong>Israel Dutra<\/strong> \u00e9 soci\u00f3logo e membro da Dire\u00e7\u00e3o Estadual do PSOL-RS.<\/em><\/p>\n","protected":false},"excerpt":{"rendered":"<p>Em uma das lendas mais conhecidas da mitologia grega, um novo universo \u00e9 aberto com a revela\u00e7\u00e3o dos segredos contidos na caixa de Pandora. A linda filha de Zeus \u00e9 enviada para a Terra como uma armadilha contra os tit\u00e3s, em especial Epimeteu. Aproveitando-se da distra\u00e7\u00e3o de Epimeteu, Pandora abre a caixa, libertando energias e [&hellip;]<\/p>\n","protected":false},"author":2,"featured_media":0,"comment_status":"open","ping_status":"open","sticky":false,"template":"","format":"standard","meta":{"_acf_changed":false,"footnotes":""},"categories":[4766,4764,836],"tags":[],"class_list":{"0":"post-664","1":"post","2":"type-post","3":"status-publish","4":"format-standard","6":"category-arquivo","7":"category-grecia","8":"category-internacional"},"acf":[],"yoast_head":"<!-- This site is optimized with the Yoast SEO plugin v26.5 - https:\/\/yoast.com\/wordpress\/plugins\/seo\/ -->\n<title>A rebeli\u00e3o da juventude na Gr\u00e9cia - PSOL 50<\/title>\n<meta name=\"robots\" content=\"index, follow, max-snippet:-1, max-image-preview:large, max-video-preview:-1\" \/>\n<link rel=\"canonical\" href=\"https:\/\/psol50.org.br\/a-rebeliao-da-juventude-na-grecia\/\" \/>\n<meta property=\"og:locale\" content=\"pt_BR\" \/>\n<meta property=\"og:type\" content=\"article\" \/>\n<meta property=\"og:title\" content=\"A rebeli\u00e3o da juventude na Gr\u00e9cia - PSOL 50\" \/>\n<meta property=\"og:description\" content=\"Em uma das lendas mais conhecidas da mitologia grega, um novo universo \u00e9 aberto com a revela\u00e7\u00e3o dos segredos contidos na caixa de Pandora. A linda filha de Zeus \u00e9 enviada para a Terra como uma armadilha contra os tit\u00e3s, em especial Epimeteu. Aproveitando-se da distra\u00e7\u00e3o de Epimeteu, Pandora abre a caixa, libertando energias e [&hellip;]\" \/>\n<meta property=\"og:url\" content=\"https:\/\/psol50.org.br\/a-rebeliao-da-juventude-na-grecia\/\" \/>\n<meta property=\"og:site_name\" content=\"PSOL 50\" \/>\n<meta property=\"article:publisher\" content=\"https:\/\/www.facebook.com\/psol50\" \/>\n<meta property=\"article:published_time\" content=\"2008-12-14T00:00:00+00:00\" \/>\n<meta property=\"og:image\" content=\"https:\/\/psol50.org.br\/inc\/uploads\/2018\/07\/capa.png\" \/>\n\t<meta property=\"og:image:width\" content=\"1350\" \/>\n\t<meta property=\"og:image:height\" content=\"900\" \/>\n\t<meta property=\"og:image:type\" content=\"image\/png\" \/>\n<meta name=\"author\" content=\"Comunica\u00e7\u00e3o PSOL\" \/>\n<meta name=\"twitter:card\" content=\"summary_large_image\" \/>\n<meta name=\"twitter:creator\" content=\"@psol50\" \/>\n<meta name=\"twitter:site\" content=\"@psol50\" \/>\n<meta name=\"twitter:label1\" content=\"Escrito por\" \/>\n\t<meta name=\"twitter:data1\" content=\"Comunica\u00e7\u00e3o PSOL\" \/>\n\t<meta name=\"twitter:label2\" content=\"Est. tempo de leitura\" \/>\n\t<meta name=\"twitter:data2\" content=\"9 minutos\" \/>\n<script type=\"application\/ld+json\" class=\"yoast-schema-graph\">{\"@context\":\"https:\/\/schema.org\",\"@graph\":[{\"@type\":\"Article\",\"@id\":\"https:\/\/psol50.org.br\/a-rebeliao-da-juventude-na-grecia\/#article\",\"isPartOf\":{\"@id\":\"https:\/\/psol50.org.br\/a-rebeliao-da-juventude-na-grecia\/\"},\"author\":{\"name\":\"Comunica\u00e7\u00e3o PSOL\",\"@id\":\"https:\/\/psol50.org.br\/#\/schema\/person\/475dfa57d0b815993c714c2e96491fcd\"},\"headline\":\"A rebeli\u00e3o da juventude na Gr\u00e9cia\",\"datePublished\":\"2008-12-14T00:00:00+00:00\",\"mainEntityOfPage\":{\"@id\":\"https:\/\/psol50.org.br\/a-rebeliao-da-juventude-na-grecia\/\"},\"wordCount\":1717,\"commentCount\":0,\"publisher\":{\"@id\":\"https:\/\/psol50.org.br\/#organization\"},\"articleSection\":[\"Arquivo\",\"Gr\u00e9cia\",\"Internacional\"],\"inLanguage\":\"pt-BR\",\"potentialAction\":[{\"@type\":\"CommentAction\",\"name\":\"Comment\",\"target\":[\"https:\/\/psol50.org.br\/a-rebeliao-da-juventude-na-grecia\/#respond\"]}]},{\"@type\":\"WebPage\",\"@id\":\"https:\/\/psol50.org.br\/a-rebeliao-da-juventude-na-grecia\/\",\"url\":\"https:\/\/psol50.org.br\/a-rebeliao-da-juventude-na-grecia\/\",\"name\":\"A rebeli\u00e3o da juventude na Gr\u00e9cia - PSOL 50\",\"isPartOf\":{\"@id\":\"https:\/\/psol50.org.br\/#website\"},\"datePublished\":\"2008-12-14T00:00:00+00:00\",\"breadcrumb\":{\"@id\":\"https:\/\/psol50.org.br\/a-rebeliao-da-juventude-na-grecia\/#breadcrumb\"},\"inLanguage\":\"pt-BR\",\"potentialAction\":[{\"@type\":\"ReadAction\",\"target\":[\"https:\/\/psol50.org.br\/a-rebeliao-da-juventude-na-grecia\/\"]}]},{\"@type\":\"BreadcrumbList\",\"@id\":\"https:\/\/psol50.org.br\/a-rebeliao-da-juventude-na-grecia\/#breadcrumb\",\"itemListElement\":[{\"@type\":\"ListItem\",\"position\":1,\"name\":\"In\u00edcio\",\"item\":\"https:\/\/psol50.org.br\/\"},{\"@type\":\"ListItem\",\"position\":2,\"name\":\"A rebeli\u00e3o da juventude na Gr\u00e9cia\"}]},{\"@type\":\"WebSite\",\"@id\":\"https:\/\/psol50.org.br\/#website\",\"url\":\"https:\/\/psol50.org.br\/\",\"name\":\"PSOL 50\",\"description\":\"Site oficial do Partido Socialismo e Liberdade\",\"publisher\":{\"@id\":\"https:\/\/psol50.org.br\/#organization\"},\"alternateName\":\"PSOL50\",\"potentialAction\":[{\"@type\":\"SearchAction\",\"target\":{\"@type\":\"EntryPoint\",\"urlTemplate\":\"https:\/\/psol50.org.br\/?s={search_term_string}\"},\"query-input\":{\"@type\":\"PropertyValueSpecification\",\"valueRequired\":true,\"valueName\":\"search_term_string\"}}],\"inLanguage\":\"pt-BR\"},{\"@type\":\"Organization\",\"@id\":\"https:\/\/psol50.org.br\/#organization\",\"name\":\"PSOL 50\",\"alternateName\":\"PSOL 50\",\"url\":\"https:\/\/psol50.org.br\/\",\"logo\":{\"@type\":\"ImageObject\",\"inLanguage\":\"pt-BR\",\"@id\":\"https:\/\/psol50.org.br\/#\/schema\/logo\/image\/\",\"url\":\"https:\/\/psol50.org.br\/inc\/uploads\/2018\/07\/capa.png\",\"contentUrl\":\"https:\/\/psol50.org.br\/inc\/uploads\/2018\/07\/capa.png\",\"width\":1350,\"height\":900,\"caption\":\"PSOL 50\"},\"image\":{\"@id\":\"https:\/\/psol50.org.br\/#\/schema\/logo\/image\/\"},\"sameAs\":[\"https:\/\/www.facebook.com\/psol50\",\"https:\/\/x.com\/psol50\",\"https:\/\/www.instagram.com\/psol50\/\",\"https:\/\/www.youtube.com\/channel\/UC7SnJS5o1os7a6CaiNabzcg\"]},{\"@type\":\"Person\",\"@id\":\"https:\/\/psol50.org.br\/#\/schema\/person\/475dfa57d0b815993c714c2e96491fcd\",\"name\":\"Comunica\u00e7\u00e3o PSOL\",\"image\":{\"@type\":\"ImageObject\",\"inLanguage\":\"pt-BR\",\"@id\":\"https:\/\/psol50.org.br\/#\/schema\/person\/image\/\",\"url\":\"https:\/\/secure.gravatar.com\/avatar\/b34fc4f4e468a4e51785917065a3db57b841f5c95dba6ad8c73aaf8f66f8f9bf?s=96&d=mm&r=g\",\"contentUrl\":\"https:\/\/secure.gravatar.com\/avatar\/b34fc4f4e468a4e51785917065a3db57b841f5c95dba6ad8c73aaf8f66f8f9bf?s=96&d=mm&r=g\",\"caption\":\"Comunica\u00e7\u00e3o PSOL\"}}]}<\/script>\n<!-- \/ Yoast SEO plugin. -->","yoast_head_json":{"title":"A rebeli\u00e3o da juventude na Gr\u00e9cia - PSOL 50","robots":{"index":"index","follow":"follow","max-snippet":"max-snippet:-1","max-image-preview":"max-image-preview:large","max-video-preview":"max-video-preview:-1"},"canonical":"https:\/\/psol50.org.br\/a-rebeliao-da-juventude-na-grecia\/","og_locale":"pt_BR","og_type":"article","og_title":"A rebeli\u00e3o da juventude na Gr\u00e9cia - PSOL 50","og_description":"Em uma das lendas mais conhecidas da mitologia grega, um novo universo \u00e9 aberto com a revela\u00e7\u00e3o dos segredos contidos na caixa de Pandora. A linda filha de Zeus \u00e9 enviada para a Terra como uma armadilha contra os tit\u00e3s, em especial Epimeteu. Aproveitando-se da distra\u00e7\u00e3o de Epimeteu, Pandora abre a caixa, libertando energias e [&hellip;]","og_url":"https:\/\/psol50.org.br\/a-rebeliao-da-juventude-na-grecia\/","og_site_name":"PSOL 50","article_publisher":"https:\/\/www.facebook.com\/psol50","article_published_time":"2008-12-14T00:00:00+00:00","og_image":[{"width":1350,"height":900,"url":"https:\/\/psol50.org.br\/inc\/uploads\/2018\/07\/capa.png","type":"image\/png"}],"author":"Comunica\u00e7\u00e3o PSOL","twitter_card":"summary_large_image","twitter_creator":"@psol50","twitter_site":"@psol50","twitter_misc":{"Escrito por":"Comunica\u00e7\u00e3o PSOL","Est. tempo de leitura":"9 minutos"},"schema":{"@context":"https:\/\/schema.org","@graph":[{"@type":"Article","@id":"https:\/\/psol50.org.br\/a-rebeliao-da-juventude-na-grecia\/#article","isPartOf":{"@id":"https:\/\/psol50.org.br\/a-rebeliao-da-juventude-na-grecia\/"},"author":{"name":"Comunica\u00e7\u00e3o PSOL","@id":"https:\/\/psol50.org.br\/#\/schema\/person\/475dfa57d0b815993c714c2e96491fcd"},"headline":"A rebeli\u00e3o da juventude na Gr\u00e9cia","datePublished":"2008-12-14T00:00:00+00:00","mainEntityOfPage":{"@id":"https:\/\/psol50.org.br\/a-rebeliao-da-juventude-na-grecia\/"},"wordCount":1717,"commentCount":0,"publisher":{"@id":"https:\/\/psol50.org.br\/#organization"},"articleSection":["Arquivo","Gr\u00e9cia","Internacional"],"inLanguage":"pt-BR","potentialAction":[{"@type":"CommentAction","name":"Comment","target":["https:\/\/psol50.org.br\/a-rebeliao-da-juventude-na-grecia\/#respond"]}]},{"@type":"WebPage","@id":"https:\/\/psol50.org.br\/a-rebeliao-da-juventude-na-grecia\/","url":"https:\/\/psol50.org.br\/a-rebeliao-da-juventude-na-grecia\/","name":"A rebeli\u00e3o da juventude na Gr\u00e9cia - PSOL 50","isPartOf":{"@id":"https:\/\/psol50.org.br\/#website"},"datePublished":"2008-12-14T00:00:00+00:00","breadcrumb":{"@id":"https:\/\/psol50.org.br\/a-rebeliao-da-juventude-na-grecia\/#breadcrumb"},"inLanguage":"pt-BR","potentialAction":[{"@type":"ReadAction","target":["https:\/\/psol50.org.br\/a-rebeliao-da-juventude-na-grecia\/"]}]},{"@type":"BreadcrumbList","@id":"https:\/\/psol50.org.br\/a-rebeliao-da-juventude-na-grecia\/#breadcrumb","itemListElement":[{"@type":"ListItem","position":1,"name":"In\u00edcio","item":"https:\/\/psol50.org.br\/"},{"@type":"ListItem","position":2,"name":"A rebeli\u00e3o da juventude na Gr\u00e9cia"}]},{"@type":"WebSite","@id":"https:\/\/psol50.org.br\/#website","url":"https:\/\/psol50.org.br\/","name":"PSOL 50","description":"Site oficial do Partido Socialismo e Liberdade","publisher":{"@id":"https:\/\/psol50.org.br\/#organization"},"alternateName":"PSOL50","potentialAction":[{"@type":"SearchAction","target":{"@type":"EntryPoint","urlTemplate":"https:\/\/psol50.org.br\/?s={search_term_string}"},"query-input":{"@type":"PropertyValueSpecification","valueRequired":true,"valueName":"search_term_string"}}],"inLanguage":"pt-BR"},{"@type":"Organization","@id":"https:\/\/psol50.org.br\/#organization","name":"PSOL 50","alternateName":"PSOL 50","url":"https:\/\/psol50.org.br\/","logo":{"@type":"ImageObject","inLanguage":"pt-BR","@id":"https:\/\/psol50.org.br\/#\/schema\/logo\/image\/","url":"https:\/\/psol50.org.br\/inc\/uploads\/2018\/07\/capa.png","contentUrl":"https:\/\/psol50.org.br\/inc\/uploads\/2018\/07\/capa.png","width":1350,"height":900,"caption":"PSOL 50"},"image":{"@id":"https:\/\/psol50.org.br\/#\/schema\/logo\/image\/"},"sameAs":["https:\/\/www.facebook.com\/psol50","https:\/\/x.com\/psol50","https:\/\/www.instagram.com\/psol50\/","https:\/\/www.youtube.com\/channel\/UC7SnJS5o1os7a6CaiNabzcg"]},{"@type":"Person","@id":"https:\/\/psol50.org.br\/#\/schema\/person\/475dfa57d0b815993c714c2e96491fcd","name":"Comunica\u00e7\u00e3o PSOL","image":{"@type":"ImageObject","inLanguage":"pt-BR","@id":"https:\/\/psol50.org.br\/#\/schema\/person\/image\/","url":"https:\/\/secure.gravatar.com\/avatar\/b34fc4f4e468a4e51785917065a3db57b841f5c95dba6ad8c73aaf8f66f8f9bf?s=96&d=mm&r=g","contentUrl":"https:\/\/secure.gravatar.com\/avatar\/b34fc4f4e468a4e51785917065a3db57b841f5c95dba6ad8c73aaf8f66f8f9bf?s=96&d=mm&r=g","caption":"Comunica\u00e7\u00e3o PSOL"}}]}},"_links":{"self":[{"href":"https:\/\/psol50.org.br\/rest\/wp\/v2\/posts\/664","targetHints":{"allow":["GET"]}}],"collection":[{"href":"https:\/\/psol50.org.br\/rest\/wp\/v2\/posts"}],"about":[{"href":"https:\/\/psol50.org.br\/rest\/wp\/v2\/types\/post"}],"author":[{"embeddable":true,"href":"https:\/\/psol50.org.br\/rest\/wp\/v2\/users\/2"}],"replies":[{"embeddable":true,"href":"https:\/\/psol50.org.br\/rest\/wp\/v2\/comments?post=664"}],"version-history":[{"count":0,"href":"https:\/\/psol50.org.br\/rest\/wp\/v2\/posts\/664\/revisions"}],"wp:attachment":[{"href":"https:\/\/psol50.org.br\/rest\/wp\/v2\/media?parent=664"}],"wp:term":[{"taxonomy":"category","embeddable":true,"href":"https:\/\/psol50.org.br\/rest\/wp\/v2\/categories?post=664"},{"taxonomy":"post_tag","embeddable":true,"href":"https:\/\/psol50.org.br\/rest\/wp\/v2\/tags?post=664"}],"curies":[{"name":"wp","href":"https:\/\/api.w.org\/{rel}","templated":true}]}}