{"id":667,"date":"2007-10-30T00:00:00","date_gmt":"2007-10-30T00:00:00","guid":{"rendered":"http:\/\/psol50.org.br\/arquivo\/2007\/10\/30\/a-amazonia-dos-paulistas-e-o-capital\/"},"modified":"2007-10-30T00:00:00","modified_gmt":"2007-10-30T00:00:00","slug":"a-amazonia-dos-paulistas-e-o-capital","status":"publish","type":"post","link":"https:\/\/psol50.org.br\/a-amazonia-dos-paulistas-e-o-capital\/","title":{"rendered":"A Amaz\u00f4nia dos paulistas e o Capital"},"content":{"rendered":"<p>Importantes conflitos pol\u00edticos est\u00e3o em curso no estado de S\u00e3o Paulo. De um lado, \u00edndios guaranis, quilombolas, pequenos agricultores e trabalhadores em geral; do outro, os interesses da Companhia Brasileira de Alum\u00ednio \u2013 CBA e de seu propriet\u00e1rio, Antonio Erm\u00edrio de Moraes. A luta acontece na regi\u00e3o do vale do Ribeira e envolve a inten\u00e7\u00e3o de construir a usina hidroel\u00e9trica de Tijuco Alto, com barragem no rio Ribeira de Iguape, que corta toda a regi\u00e3o. <\/p>\n<p><!--more--><\/p>\n<p>O projeto, que pretende alagar 51,8 km2 (cerca de 11 mil campos de futebol), abrange os munic\u00edpios paulistas de Ribeira e Itapirapu\u00e3, e de Adrian\u00f3polis e Cerro Azul, no Paran\u00e1. A previs\u00e3o \u00e9 gerar 144 MW de energia, consumidos unicamente pela ind\u00fastria de alum\u00ednio do Grupo CBA, localizada a 250 km dali, na cidade de Alum\u00ednio (SP).<\/p>\n<p>A regi\u00e3o do vale do Ribeira vive um paradoxo. Com imensa riqueza natural (2,1 milh\u00f5es de \u00e1rea de mata Atl\u00e2ntica cont\u00ednua, que representa 21% do total preservado do pa\u00eds), amarga o pior \u00edndice de desenvolvimento humano do estado de S\u00e3o Paulo. O vale det\u00e9m ainda uma importante riqueza social, s\u00e3o 51 quilombos, 400 \u00edndios guaranis, assentamentos da reforma agr\u00e1ria agroecol\u00f3gicos, pescadores e muitos pequenos agricultores, totalizando 38% da popula\u00e7\u00e3o que vive na zona rural do estado. Mesmo com in\u00fameras \u00e1reas de preserva\u00e7\u00e3o ambiental e a declara\u00e7\u00e3o de Patrim\u00f4nio da Humanidade da Unesco, o rio Ribeira e sua bacia hidrogr\u00e1fica passam por um r\u00e1pido processo de degrada\u00e7\u00e3o, com desmatamento da mata ciliar e assoreamento de suas nascentes. <\/p>\n<p>A CBA \u00e9 uma das mais antigas empresas do grupo Votorantin, que atua em distintos ramos de atividades. Com dezoito usinas hidroel\u00e9tricas, que abastecem 60% do consumo total de energia de suas ind\u00fastrias, a produ\u00e7\u00e3o da CBA destina-se em 60% para o mercado interno e 40% para exporta\u00e7\u00e3o. Entretanto, estes dados n\u00e3o mostram a rela\u00e7\u00e3o da empresa com as comunidades e cidades onde se instala. Segundo o Atlas do Desenvolvimento Humano, organizado pelo Programa das Na\u00e7\u00f5es Unidas do Brasil (PNUD), as cidades paulistas onde, a partir da d\u00e9cada de 50, o grupo Votorantim construiu hidroel\u00e9tricas, n\u00e3o obtiveram melhorias no seu \u00cdndice de Desenvolvimento Humano Municipal (IDH-M), que relaciona educa\u00e7\u00e3o, longevidade e distribui\u00e7\u00e3o de renda, como podemos constatar no quadro abaixo. <\/p>\n<p>O processo de licenciamento para a libera\u00e7\u00e3o da constru\u00e7\u00e3o da Usina Tijuco Alto entrou em fase final, ap\u00f3s cinco audi\u00eancias p\u00fablicas organizadas pelo Ibama na regi\u00e3o do vale, onde a rejei\u00e7\u00e3o ao empreendimento foi un\u00e2nime nos movimentos sociais, ambientalistas e moradores. No entanto, a palavra final cabe ao governo Lula. Assim, como aconteceu com a hidrel\u00e9trica do rio Madeira, h\u00e1 possibilidade da libera\u00e7\u00e3o da barragem do Tijuco Alto e de outras tr\u00eas (Funil, Itaoca e Batatal), o que acabaria com o patrim\u00f4nio hist\u00f3rico, social e ambiental da regi\u00e3o.<\/p>\n<p>Em audi\u00eancia p\u00fablica convocada para articular uma campanha nacional contra a constru\u00e7\u00e3o da barragem do Tijuco Alto e das outras previstas no rio Ribeira, foi institu\u00eddo um comit\u00ea em defesa do desenvolvimento do vale sem a constru\u00e7\u00e3o de barragens. A possibilidade de derrotarmos o capital nesta batalha depende, em grande medida, da capacidade de articula\u00e7\u00e3o de um movimento de enfrentamento nacional, unificando amplos setores sociais.<\/p>\n<p><em>Raul Marcelo &#8211; Deputado Estadual PSOL\/SP.<\/em><\/p>\n","protected":false},"excerpt":{"rendered":"<p>Importantes conflitos pol\u00edticos est\u00e3o em curso no estado de S\u00e3o Paulo. De um lado, \u00edndios guaranis, quilombolas, pequenos agricultores e trabalhadores em geral; do outro, os interesses da Companhia Brasileira de Alum\u00ednio \u2013 CBA e de seu propriet\u00e1rio, Antonio Erm\u00edrio de Moraes. A luta acontece na regi\u00e3o do vale do Ribeira e envolve a inten\u00e7\u00e3o [&hellip;]<\/p>\n","protected":false},"author":2,"featured_media":0,"comment_status":"open","ping_status":"open","sticky":false,"template":"","format":"standard","meta":{"_acf_changed":false,"footnotes":""},"categories":[4766],"tags":[],"class_list":{"0":"post-667","1":"post","2":"type-post","3":"status-publish","4":"format-standard","6":"category-arquivo"},"acf":[],"yoast_head":"<!-- This site is optimized with the Yoast SEO plugin v26.5 - https:\/\/yoast.com\/wordpress\/plugins\/seo\/ -->\n<title>A Amaz\u00f4nia dos paulistas e o Capital - PSOL 50<\/title>\n<meta name=\"robots\" content=\"index, follow, max-snippet:-1, max-image-preview:large, max-video-preview:-1\" \/>\n<link rel=\"canonical\" href=\"https:\/\/psol50.org.br\/a-amazonia-dos-paulistas-e-o-capital\/\" \/>\n<meta property=\"og:locale\" content=\"pt_BR\" \/>\n<meta property=\"og:type\" content=\"article\" \/>\n<meta property=\"og:title\" content=\"A Amaz\u00f4nia dos paulistas e o Capital - PSOL 50\" \/>\n<meta property=\"og:description\" content=\"Importantes conflitos pol\u00edticos est\u00e3o em curso no estado de S\u00e3o Paulo. De um lado, \u00edndios guaranis, quilombolas, pequenos agricultores e trabalhadores em geral; do outro, os interesses da Companhia Brasileira de Alum\u00ednio \u2013 CBA e de seu propriet\u00e1rio, Antonio Erm\u00edrio de Moraes. A luta acontece na regi\u00e3o do vale do Ribeira e envolve a inten\u00e7\u00e3o [&hellip;]\" \/>\n<meta property=\"og:url\" content=\"https:\/\/psol50.org.br\/a-amazonia-dos-paulistas-e-o-capital\/\" \/>\n<meta property=\"og:site_name\" content=\"PSOL 50\" \/>\n<meta property=\"article:publisher\" content=\"https:\/\/www.facebook.com\/psol50\" \/>\n<meta property=\"article:published_time\" content=\"2007-10-30T00:00:00+00:00\" \/>\n<meta property=\"og:image\" content=\"https:\/\/psol50.org.br\/inc\/uploads\/2018\/07\/capa.png\" \/>\n\t<meta property=\"og:image:width\" content=\"1350\" \/>\n\t<meta property=\"og:image:height\" content=\"900\" \/>\n\t<meta property=\"og:image:type\" content=\"image\/png\" \/>\n<meta name=\"author\" content=\"Comunica\u00e7\u00e3o PSOL\" \/>\n<meta name=\"twitter:card\" content=\"summary_large_image\" \/>\n<meta name=\"twitter:creator\" content=\"@psol50\" \/>\n<meta name=\"twitter:site\" content=\"@psol50\" \/>\n<meta name=\"twitter:label1\" content=\"Escrito por\" \/>\n\t<meta name=\"twitter:data1\" content=\"Comunica\u00e7\u00e3o PSOL\" \/>\n\t<meta name=\"twitter:label2\" content=\"Est. tempo de leitura\" \/>\n\t<meta name=\"twitter:data2\" content=\"3 minutos\" \/>\n<script type=\"application\/ld+json\" class=\"yoast-schema-graph\">{\"@context\":\"https:\/\/schema.org\",\"@graph\":[{\"@type\":\"Article\",\"@id\":\"https:\/\/psol50.org.br\/a-amazonia-dos-paulistas-e-o-capital\/#article\",\"isPartOf\":{\"@id\":\"https:\/\/psol50.org.br\/a-amazonia-dos-paulistas-e-o-capital\/\"},\"author\":{\"name\":\"Comunica\u00e7\u00e3o PSOL\",\"@id\":\"https:\/\/psol50.org.br\/#\/schema\/person\/475dfa57d0b815993c714c2e96491fcd\"},\"headline\":\"A Amaz\u00f4nia dos paulistas e o Capital\",\"datePublished\":\"2007-10-30T00:00:00+00:00\",\"mainEntityOfPage\":{\"@id\":\"https:\/\/psol50.org.br\/a-amazonia-dos-paulistas-e-o-capital\/\"},\"wordCount\":586,\"commentCount\":0,\"publisher\":{\"@id\":\"https:\/\/psol50.org.br\/#organization\"},\"articleSection\":[\"Arquivo\"],\"inLanguage\":\"pt-BR\",\"potentialAction\":[{\"@type\":\"CommentAction\",\"name\":\"Comment\",\"target\":[\"https:\/\/psol50.org.br\/a-amazonia-dos-paulistas-e-o-capital\/#respond\"]}]},{\"@type\":\"WebPage\",\"@id\":\"https:\/\/psol50.org.br\/a-amazonia-dos-paulistas-e-o-capital\/\",\"url\":\"https:\/\/psol50.org.br\/a-amazonia-dos-paulistas-e-o-capital\/\",\"name\":\"A Amaz\u00f4nia dos paulistas e o Capital - PSOL 50\",\"isPartOf\":{\"@id\":\"https:\/\/psol50.org.br\/#website\"},\"datePublished\":\"2007-10-30T00:00:00+00:00\",\"breadcrumb\":{\"@id\":\"https:\/\/psol50.org.br\/a-amazonia-dos-paulistas-e-o-capital\/#breadcrumb\"},\"inLanguage\":\"pt-BR\",\"potentialAction\":[{\"@type\":\"ReadAction\",\"target\":[\"https:\/\/psol50.org.br\/a-amazonia-dos-paulistas-e-o-capital\/\"]}]},{\"@type\":\"BreadcrumbList\",\"@id\":\"https:\/\/psol50.org.br\/a-amazonia-dos-paulistas-e-o-capital\/#breadcrumb\",\"itemListElement\":[{\"@type\":\"ListItem\",\"position\":1,\"name\":\"In\u00edcio\",\"item\":\"https:\/\/psol50.org.br\/\"},{\"@type\":\"ListItem\",\"position\":2,\"name\":\"A Amaz\u00f4nia dos paulistas e o Capital\"}]},{\"@type\":\"WebSite\",\"@id\":\"https:\/\/psol50.org.br\/#website\",\"url\":\"https:\/\/psol50.org.br\/\",\"name\":\"PSOL 50\",\"description\":\"Site oficial do Partido Socialismo e Liberdade\",\"publisher\":{\"@id\":\"https:\/\/psol50.org.br\/#organization\"},\"alternateName\":\"PSOL50\",\"potentialAction\":[{\"@type\":\"SearchAction\",\"target\":{\"@type\":\"EntryPoint\",\"urlTemplate\":\"https:\/\/psol50.org.br\/?s={search_term_string}\"},\"query-input\":{\"@type\":\"PropertyValueSpecification\",\"valueRequired\":true,\"valueName\":\"search_term_string\"}}],\"inLanguage\":\"pt-BR\"},{\"@type\":\"Organization\",\"@id\":\"https:\/\/psol50.org.br\/#organization\",\"name\":\"PSOL 50\",\"alternateName\":\"PSOL 50\",\"url\":\"https:\/\/psol50.org.br\/\",\"logo\":{\"@type\":\"ImageObject\",\"inLanguage\":\"pt-BR\",\"@id\":\"https:\/\/psol50.org.br\/#\/schema\/logo\/image\/\",\"url\":\"https:\/\/psol50.org.br\/inc\/uploads\/2018\/07\/capa.png\",\"contentUrl\":\"https:\/\/psol50.org.br\/inc\/uploads\/2018\/07\/capa.png\",\"width\":1350,\"height\":900,\"caption\":\"PSOL 50\"},\"image\":{\"@id\":\"https:\/\/psol50.org.br\/#\/schema\/logo\/image\/\"},\"sameAs\":[\"https:\/\/www.facebook.com\/psol50\",\"https:\/\/x.com\/psol50\",\"https:\/\/www.instagram.com\/psol50\/\",\"https:\/\/www.youtube.com\/channel\/UC7SnJS5o1os7a6CaiNabzcg\"]},{\"@type\":\"Person\",\"@id\":\"https:\/\/psol50.org.br\/#\/schema\/person\/475dfa57d0b815993c714c2e96491fcd\",\"name\":\"Comunica\u00e7\u00e3o PSOL\",\"image\":{\"@type\":\"ImageObject\",\"inLanguage\":\"pt-BR\",\"@id\":\"https:\/\/psol50.org.br\/#\/schema\/person\/image\/\",\"url\":\"https:\/\/secure.gravatar.com\/avatar\/b34fc4f4e468a4e51785917065a3db57b841f5c95dba6ad8c73aaf8f66f8f9bf?s=96&d=mm&r=g\",\"contentUrl\":\"https:\/\/secure.gravatar.com\/avatar\/b34fc4f4e468a4e51785917065a3db57b841f5c95dba6ad8c73aaf8f66f8f9bf?s=96&d=mm&r=g\",\"caption\":\"Comunica\u00e7\u00e3o PSOL\"}}]}<\/script>\n<!-- \/ Yoast SEO plugin. -->","yoast_head_json":{"title":"A Amaz\u00f4nia dos paulistas e o Capital - PSOL 50","robots":{"index":"index","follow":"follow","max-snippet":"max-snippet:-1","max-image-preview":"max-image-preview:large","max-video-preview":"max-video-preview:-1"},"canonical":"https:\/\/psol50.org.br\/a-amazonia-dos-paulistas-e-o-capital\/","og_locale":"pt_BR","og_type":"article","og_title":"A Amaz\u00f4nia dos paulistas e o Capital - PSOL 50","og_description":"Importantes conflitos pol\u00edticos est\u00e3o em curso no estado de S\u00e3o Paulo. De um lado, \u00edndios guaranis, quilombolas, pequenos agricultores e trabalhadores em geral; do outro, os interesses da Companhia Brasileira de Alum\u00ednio \u2013 CBA e de seu propriet\u00e1rio, Antonio Erm\u00edrio de Moraes. A luta acontece na regi\u00e3o do vale do Ribeira e envolve a inten\u00e7\u00e3o [&hellip;]","og_url":"https:\/\/psol50.org.br\/a-amazonia-dos-paulistas-e-o-capital\/","og_site_name":"PSOL 50","article_publisher":"https:\/\/www.facebook.com\/psol50","article_published_time":"2007-10-30T00:00:00+00:00","og_image":[{"width":1350,"height":900,"url":"https:\/\/psol50.org.br\/inc\/uploads\/2018\/07\/capa.png","type":"image\/png"}],"author":"Comunica\u00e7\u00e3o PSOL","twitter_card":"summary_large_image","twitter_creator":"@psol50","twitter_site":"@psol50","twitter_misc":{"Escrito por":"Comunica\u00e7\u00e3o PSOL","Est. tempo de leitura":"3 minutos"},"schema":{"@context":"https:\/\/schema.org","@graph":[{"@type":"Article","@id":"https:\/\/psol50.org.br\/a-amazonia-dos-paulistas-e-o-capital\/#article","isPartOf":{"@id":"https:\/\/psol50.org.br\/a-amazonia-dos-paulistas-e-o-capital\/"},"author":{"name":"Comunica\u00e7\u00e3o PSOL","@id":"https:\/\/psol50.org.br\/#\/schema\/person\/475dfa57d0b815993c714c2e96491fcd"},"headline":"A Amaz\u00f4nia dos paulistas e o Capital","datePublished":"2007-10-30T00:00:00+00:00","mainEntityOfPage":{"@id":"https:\/\/psol50.org.br\/a-amazonia-dos-paulistas-e-o-capital\/"},"wordCount":586,"commentCount":0,"publisher":{"@id":"https:\/\/psol50.org.br\/#organization"},"articleSection":["Arquivo"],"inLanguage":"pt-BR","potentialAction":[{"@type":"CommentAction","name":"Comment","target":["https:\/\/psol50.org.br\/a-amazonia-dos-paulistas-e-o-capital\/#respond"]}]},{"@type":"WebPage","@id":"https:\/\/psol50.org.br\/a-amazonia-dos-paulistas-e-o-capital\/","url":"https:\/\/psol50.org.br\/a-amazonia-dos-paulistas-e-o-capital\/","name":"A Amaz\u00f4nia dos paulistas e o Capital - PSOL 50","isPartOf":{"@id":"https:\/\/psol50.org.br\/#website"},"datePublished":"2007-10-30T00:00:00+00:00","breadcrumb":{"@id":"https:\/\/psol50.org.br\/a-amazonia-dos-paulistas-e-o-capital\/#breadcrumb"},"inLanguage":"pt-BR","potentialAction":[{"@type":"ReadAction","target":["https:\/\/psol50.org.br\/a-amazonia-dos-paulistas-e-o-capital\/"]}]},{"@type":"BreadcrumbList","@id":"https:\/\/psol50.org.br\/a-amazonia-dos-paulistas-e-o-capital\/#breadcrumb","itemListElement":[{"@type":"ListItem","position":1,"name":"In\u00edcio","item":"https:\/\/psol50.org.br\/"},{"@type":"ListItem","position":2,"name":"A Amaz\u00f4nia dos paulistas e o Capital"}]},{"@type":"WebSite","@id":"https:\/\/psol50.org.br\/#website","url":"https:\/\/psol50.org.br\/","name":"PSOL 50","description":"Site oficial do Partido Socialismo e Liberdade","publisher":{"@id":"https:\/\/psol50.org.br\/#organization"},"alternateName":"PSOL50","potentialAction":[{"@type":"SearchAction","target":{"@type":"EntryPoint","urlTemplate":"https:\/\/psol50.org.br\/?s={search_term_string}"},"query-input":{"@type":"PropertyValueSpecification","valueRequired":true,"valueName":"search_term_string"}}],"inLanguage":"pt-BR"},{"@type":"Organization","@id":"https:\/\/psol50.org.br\/#organization","name":"PSOL 50","alternateName":"PSOL 50","url":"https:\/\/psol50.org.br\/","logo":{"@type":"ImageObject","inLanguage":"pt-BR","@id":"https:\/\/psol50.org.br\/#\/schema\/logo\/image\/","url":"https:\/\/psol50.org.br\/inc\/uploads\/2018\/07\/capa.png","contentUrl":"https:\/\/psol50.org.br\/inc\/uploads\/2018\/07\/capa.png","width":1350,"height":900,"caption":"PSOL 50"},"image":{"@id":"https:\/\/psol50.org.br\/#\/schema\/logo\/image\/"},"sameAs":["https:\/\/www.facebook.com\/psol50","https:\/\/x.com\/psol50","https:\/\/www.instagram.com\/psol50\/","https:\/\/www.youtube.com\/channel\/UC7SnJS5o1os7a6CaiNabzcg"]},{"@type":"Person","@id":"https:\/\/psol50.org.br\/#\/schema\/person\/475dfa57d0b815993c714c2e96491fcd","name":"Comunica\u00e7\u00e3o PSOL","image":{"@type":"ImageObject","inLanguage":"pt-BR","@id":"https:\/\/psol50.org.br\/#\/schema\/person\/image\/","url":"https:\/\/secure.gravatar.com\/avatar\/b34fc4f4e468a4e51785917065a3db57b841f5c95dba6ad8c73aaf8f66f8f9bf?s=96&d=mm&r=g","contentUrl":"https:\/\/secure.gravatar.com\/avatar\/b34fc4f4e468a4e51785917065a3db57b841f5c95dba6ad8c73aaf8f66f8f9bf?s=96&d=mm&r=g","caption":"Comunica\u00e7\u00e3o PSOL"}}]}},"_links":{"self":[{"href":"https:\/\/psol50.org.br\/rest\/wp\/v2\/posts\/667","targetHints":{"allow":["GET"]}}],"collection":[{"href":"https:\/\/psol50.org.br\/rest\/wp\/v2\/posts"}],"about":[{"href":"https:\/\/psol50.org.br\/rest\/wp\/v2\/types\/post"}],"author":[{"embeddable":true,"href":"https:\/\/psol50.org.br\/rest\/wp\/v2\/users\/2"}],"replies":[{"embeddable":true,"href":"https:\/\/psol50.org.br\/rest\/wp\/v2\/comments?post=667"}],"version-history":[{"count":0,"href":"https:\/\/psol50.org.br\/rest\/wp\/v2\/posts\/667\/revisions"}],"wp:attachment":[{"href":"https:\/\/psol50.org.br\/rest\/wp\/v2\/media?parent=667"}],"wp:term":[{"taxonomy":"category","embeddable":true,"href":"https:\/\/psol50.org.br\/rest\/wp\/v2\/categories?post=667"},{"taxonomy":"post_tag","embeddable":true,"href":"https:\/\/psol50.org.br\/rest\/wp\/v2\/tags?post=667"}],"curies":[{"name":"wp","href":"https:\/\/api.w.org\/{rel}","templated":true}]}}