{"id":673,"date":"2012-03-21T00:00:00","date_gmt":"2012-03-21T00:00:00","guid":{"rendered":"http:\/\/psol50.org.br\/arquivo\/2012\/03\/21\/nao-as-migalhas-mentiras-e-ilusoes-da-norte-energia-e-do-governo-federal\/"},"modified":"2012-03-21T00:00:00","modified_gmt":"2012-03-21T00:00:00","slug":"nao-as-migalhas-mentiras-e-ilusoes-da-norte-energia-e-do-governo-federal","status":"publish","type":"post","link":"https:\/\/psol50.org.br\/nao-as-migalhas-mentiras-e-ilusoes-da-norte-energia-e-do-governo-federal\/","title":{"rendered":"N\u00e3o \u00e0s migalhas, mentiras e ilus\u00f5es da Norte Energia e do Governo Federal"},"content":{"rendered":"<p style=\"text-align: justify\"><a href=\"http:\/\/psol50.org.br\/blog\/2012\/03\/21\/nao-as-migalhas-mentiras-e-ilusoes-da-norte-energia-e-do-governo-federal\/destaquebelomonte\/\" rel=\"attachment wp-att-14513\"><img loading=\"lazy\" decoding=\"async\" class=\"alignleft size-medium wp-image-14513\" src=\"http:\/\/psol50.org.br\/files\/2012\/03\/DestaqueBeloMonte-300x132.jpg\" alt=\"\" width=\"300\" height=\"132\" \/><\/a>Primeiro capturaram, violentaram e escravizaram os \u00edndios da Amaz\u00f4nia. Ap\u00f3s um s\u00e9culo de her\u00f3ica resist\u00eancia, o destino da maioria foi trabalhar como escravo das elites portuguesas e de seus representantes. Felizmente, a for\u00e7a espiritual de guerreiros e guerreiras manteve viva a esperan\u00e7a por liberdade, e dignidade.<\/p>\n<p style=\"text-align: justify\">Logo come\u00e7aram a explorar, quase exaurindo, nossas castanheiras, nossas seringueiras, nossas riquezas vegetais, nossa floresta enfim. Latif\u00fandio, capim, gado, trabalho escravo, pistoleiro, fazendeiro, madeireiro, grileiro, agroneg\u00f3cio, assassinatos, s\u00e3o palavras que expressam essa triste situa\u00e7\u00e3o.<\/p>\n<p style=\"text-align: justify\">Depois come\u00e7aram a violar o solo. Imensos buracos foram feitos para extrair riquezas minerais. Mis\u00e9ria, pobreza, prostitui\u00e7\u00e3o, destrui\u00e7\u00e3o, viol\u00eancia contra os povos do campo e da cidade, contra a m\u00e3e-terra, transformou-se na dura realidade amaz\u00f4nica.<\/p>\n<p style=\"text-align: justify\">Os senhores do \u201cdesenvolvimento\u201d, donos do mundo, agora exigem a for\u00e7a de nossos rios. Grandes pared\u00f5es de concreto matam as \u00e1guas que antes levavam vida. Tucuru\u00ed, Curu\u00e1-una, Balbina, Samuel, Estreito, Teles Pires, Madeira, Tapaj\u00f3s, Marab\u00e1, Santa Izabel, etc. Belo Monte \u00e9 um s\u00edmbolo.<\/p>\n<p style=\"text-align: justify\">Os movimentos articulados em torno da luta contra as barragens na Amaz\u00f4nia sempre entenderam que o Brasil n\u00e3o precisa do sacrif\u00edcio deste povo, e desta regi\u00e3o. Quem exige este sacrifico s\u00e3o as grandes ind\u00fastrias, empresas eletro-intensivas, mineradoras, empreiteiras, algumas delas figurando como as campe\u00e3s quando se fala de desrespeito aos direitos humanos e ambientais no planeta. Empresas cujos donos figuram sorridentes nas listas dos maiores bilion\u00e1rios do mundo.<\/p>\n<p style=\"text-align: justify\">Somos organiza\u00e7\u00f5es que nos \u00faltimos anos t\u00eam se empenhado arduamente a mostrar a sociedade o qu\u00e3o desastroso ser\u00e1 para os povos da regi\u00e3o a constru\u00e7\u00e3o da barragem de Belo Monte, no rio Xingu. Os malef\u00edcios trazidos por essa obra hoje j\u00e1 se fazem sentir na cidade de Altamira.<\/p>\n<p style=\"text-align: justify\">Muito se tem feito nesses anos, atos e ocupa\u00e7\u00f5es em Bel\u00e9m, semin\u00e1rios e ocupa\u00e7\u00f5es em Altamira. Den\u00fancias a ju\u00edzes que, nos \u00faltimos tempos, tomam decis\u00f5es pol\u00edticas contra os interesses dos povos da Amaz\u00f4nia. Todas as inst\u00e2ncias legais poss\u00edveis j\u00e1 foram acionadas. Em todas temos sa\u00eddo vitoriosos, mas o governo prossegue com sua sanha voraz de servir \u00e0s corpora\u00e7\u00f5es e destruir o Xingu.<\/p>\n<p style=\"text-align: justify\">Em todos os momentos reafirmamos que esta obra \u00e9 o fim deste rio, \u00e9 a consolida\u00e7\u00e3o da espolia\u00e7\u00e3o de um povo. Expropria\u00e7\u00e3o t\u00e3o grande quanto aquela realizada pelos colonizadores, cinco s\u00e9culos atr\u00e1s. A diferen\u00e7a \u00e9 que agora tudo pode ser assistido pela TV, ou pela Internet.<\/p>\n<p style=\"text-align: justify\">Os recursos p\u00fablicos destinados para essa obra deveriam ser aplicados em moradias populares, sa\u00fade e educa\u00e7\u00e3o, e n\u00e3o para agredir a natureza e os povos origin\u00e1rios e tradicionais da Amaz\u00f4nia.<\/p>\n<p style=\"text-align: justify\">\u00c9 por tudo isso que bradamos enfaticamente, SOMOS CONTRA A CONSTRU\u00c7\u00c3O DA USINA HIDREL\u00c9TRICA DE BELO MONTE. Coerentemente com essa posi\u00e7\u00e3o afirmamos, N\u00c3O NEGOCIAMOS CONDICIONANTES OU MITIGA\u00c7\u00c3O.<\/p>\n<p style=\"text-align: justify\">Chamamos, neste manifesto, as organiza\u00e7\u00f5es s\u00e9rias e combativas a n\u00e3o aceitarem as migalhas, mentiras e ilus\u00f5es do Governo Federal e da Norte Energia. A n\u00e3o aceitarem discutir condicionantes ou mitiga\u00e7\u00e3o, pois essa \u00e9 a estrat\u00e9gia para enfiar Belo Monte \u201cgoela abaixo\u201d dos povos do Xingu. Armadilha trai\u00e7oeira para cooptar organiza\u00e7\u00f5es que, de fato, j\u00e1 est\u00e3o derrotadas.<\/p>\n<p style=\"text-align: justify\">Organizar, resistir, lutar. Estas devem ser nossas palavras de ordem. A for\u00e7a e a sabedoria dos povos ind\u00edgenas, ribeirinhos, pescadores, quilombolas, estudantes, trabalhadores e trabalhadoras do campo e da cidade, devem ser o nosso alimento. Barrar Belo Monte deve ser a nossa obstina\u00e7\u00e3o.<\/p>\n<p style=\"text-align: justify\"><strong>Bel\u00e9m, 15 de mar\u00e7o de 2012<\/strong><\/p>\n<p style=\"text-align: justify\"><strong>Assinam este manifesto:<\/strong><\/p>\n<p style=\"text-align: justify\">&#8211; Associa\u00e7\u00e3o Ind\u00edgena Temb\u00e9 de Santa Maria do Par\u00e1 (AITESAMPA)<br \/>\n&#8211; Comiss\u00e3o Pastora da Terra (CPT\/PA)<br \/>\n&#8211; Comit\u00ea Dorothy<br \/>\n&#8211; Companhia Papo Show<br \/>\n&#8211; Juntos! Coletivo de Juventude<br \/>\n&#8211; Central Sindical e Popular CONLUTAS<br \/>\n&#8211; Diret\u00f3rio Central dos Estudantes da UFPA<br \/>\n&#8211; Associa\u00e7\u00e3o Paraense de Apoio \u00e0s Comunidades Carentes (APACC)<br \/>\n&#8211; Diret\u00f3rio Central dos Estudantes da UNAMA<br \/>\n&#8211; Instituto Universidade Popular (UNIPOP)<br \/>\n&#8211; F\u00f3rum de Mulheres da Amaz\u00f4nia Paraense (FMAP)<br \/>\n&#8211; Funda\u00e7\u00e3o Tocaia (FunTocaia)<br \/>\n&#8211; Conselho Indigenista Mission\u00e1rio Regional Norte II (CIMI)<br \/>\n&#8211; F\u00f3rum da Amaz\u00f4nia Oriental (FAOR)<br \/>\n&#8211; T\u00d4! Coletivo \u2013 Coletivo de Juventude<br \/>\n&#8211; F\u00f3rum Social Pan-amaz\u00f4nico (FSPA)<br \/>\n&#8211; Associa\u00e7\u00e3o dos Empregados do Banco da Amaz\u00f4nia (AEBA)<br \/>\n&#8211; Instituto Amaz\u00f4nia Solid\u00e1ria e Sustent\u00e1vel (IAMAS)<br \/>\n&#8211; Movimento de Mulheres do Campo e da Cidade do Estado do Par\u00e1 (MMCC-PA)<br \/>\n&#8211; Movimento Luta de Classes (MLC)<br \/>\n&#8211; Associa\u00e7\u00e3o Sindical Unidos Pra Lutar<br \/>\n&#8211; Mana-Man\u00ed C\u00edrculo Aberto de Comunica\u00e7\u00e3o, Educa\u00e7\u00e3o e Cultura<br \/>\n&#8211; Movimento Hip-Hop da Floresta (MHF\/NRP)<br \/>\n&#8211; Partido Socialismo e Liberdade (PSOL)<br \/>\n&#8211; Instituto Amaz\u00f4nico de Planejamento, Gest\u00e3o Urbana e Ambiental (IAGUA)<br \/>\n&#8211; Diret\u00f3rio Central dos Estudantes da UEPA<br \/>\n&#8211; Partido Comunista Revolucion\u00e1rio (PCR)<br \/>\n&#8211; Sociedade Paraense de Defesa dos Direitos Humanos (SDDH)<br \/>\n&#8211; Sindicato dos Trabalhadores do Servi\u00e7o P\u00fablico Federal do Par\u00e1 (SINTSEP\/PA)<br \/>\n&#8211; Movimento Estudantil Vamos \u00e0 Luta<br \/>\n&#8211; Sindicato Nacional dos Docentes das Institui\u00e7\u00f5es de Ensino Superior (ANDES-SN)<br \/>\n&#8211; Partido Socialista dos Trabalhadores Unificados (PSTU)<br \/>\n&#8211; Sindicato dos Trabalhadores e Trabalhadoras da Gest\u00e3o Ambiental do Estado do Par\u00e1 (SINDIAMBIENTAL)<br \/>\n&#8211; Sindicato dos Trabalhadores Rodovi\u00e1rios de Ananindeua e Marituba (SINTRAM)<br \/>\n&#8211; Vegetarianos em Movimento (VEM)<br \/>\n&#8211; Assembl\u00e9ia Nacional dos Estudantes Livre (ANEL)<br \/>\n&#8211; Associa\u00e7\u00e3o dos Concursados do Par\u00e1 (ASCONPA)<br \/>\n&#8211; Pastorais Sociais Ampliadas da Diocese de Marab\u00e1<br \/>\n&#8211; Associa\u00e7\u00e3o Ind\u00edgena Te Mempapytarkate Akr\u00e3tikat\u00eaj\u00ea da Montanha<br \/>\n&#8211; Movimento Xingu Vivo Para Sempre<br \/>\n&#8211; Movimento de Mulheres Trabalhadoras de Altamira Campo e Cidade<br \/>\n&#8211; Movimento Negro da Transamaz\u00f4nica e Xingu,<br \/>\n&#8211; Movimento de Mulheres Campo e Cidade Regional Transamaz\u00f4nica e Xingu<br \/>\n&#8211; Mutir\u00e3o Pela Cidadania<br \/>\n&#8211; Sindicato dos Trabalhadores na Constru\u00e7\u00e3o Civil de Bel\u00e9m e Ananindeua<br \/>\n&#8211; Partido Comunista Brasileiro (PCB)<br \/>\n&#8211; Sintepp<br \/>\n&#8211; Sintprevs<br \/>\n&#8211; MLP \u2013 Movimento de luta popular\/PA<br \/>\n&#8211; C\u00edrculo Palmarino\/PA<br \/>\n&#8211; Intersindical<\/p>\n","protected":false},"excerpt":{"rendered":"<p>Primeiro capturaram, violentaram e escravizaram os \u00edndios da Amaz\u00f4nia. Ap\u00f3s um s\u00e9culo de her\u00f3ica resist\u00eancia, o destino da maioria foi trabalhar como escravo das elites portuguesas e de seus representantes. Felizmente, a for\u00e7a espiritual de guerreiros e guerreiras manteve viva a esperan\u00e7a por liberdade, e dignidade. Logo come\u00e7aram a explorar, quase exaurindo, nossas castanheiras, nossas [&hellip;]<\/p>\n","protected":false},"author":2,"featured_media":0,"comment_status":"open","ping_status":"open","sticky":false,"template":"","format":"standard","meta":{"_acf_changed":false,"footnotes":""},"categories":[4766],"tags":[],"class_list":{"0":"post-673","1":"post","2":"type-post","3":"status-publish","4":"format-standard","6":"category-arquivo"},"acf":[],"yoast_head":"<!-- This site is optimized with the Yoast SEO plugin v26.5 - https:\/\/yoast.com\/wordpress\/plugins\/seo\/ -->\n<title>N\u00e3o \u00e0s migalhas, mentiras e ilus\u00f5es da Norte Energia e do Governo Federal - PSOL 50<\/title>\n<meta name=\"robots\" content=\"index, follow, max-snippet:-1, max-image-preview:large, max-video-preview:-1\" \/>\n<link rel=\"canonical\" href=\"https:\/\/psol50.org.br\/nao-as-migalhas-mentiras-e-ilusoes-da-norte-energia-e-do-governo-federal\/\" \/>\n<meta property=\"og:locale\" content=\"pt_BR\" \/>\n<meta property=\"og:type\" content=\"article\" \/>\n<meta property=\"og:title\" content=\"N\u00e3o \u00e0s migalhas, mentiras e ilus\u00f5es da Norte Energia e do Governo Federal - PSOL 50\" \/>\n<meta property=\"og:description\" content=\"Primeiro capturaram, violentaram e escravizaram os \u00edndios da Amaz\u00f4nia. Ap\u00f3s um s\u00e9culo de her\u00f3ica resist\u00eancia, o destino da maioria foi trabalhar como escravo das elites portuguesas e de seus representantes. Felizmente, a for\u00e7a espiritual de guerreiros e guerreiras manteve viva a esperan\u00e7a por liberdade, e dignidade. Logo come\u00e7aram a explorar, quase exaurindo, nossas castanheiras, nossas [&hellip;]\" \/>\n<meta property=\"og:url\" content=\"https:\/\/psol50.org.br\/nao-as-migalhas-mentiras-e-ilusoes-da-norte-energia-e-do-governo-federal\/\" \/>\n<meta property=\"og:site_name\" content=\"PSOL 50\" \/>\n<meta property=\"article:publisher\" content=\"https:\/\/www.facebook.com\/psol50\" \/>\n<meta property=\"article:published_time\" content=\"2012-03-21T00:00:00+00:00\" \/>\n<meta property=\"og:image\" content=\"http:\/\/psol50.org.br\/files\/2012\/03\/DestaqueBeloMonte-300x132.jpg\" \/>\n<meta name=\"author\" content=\"Comunica\u00e7\u00e3o PSOL\" \/>\n<meta name=\"twitter:card\" content=\"summary_large_image\" \/>\n<meta name=\"twitter:creator\" content=\"@psol50\" \/>\n<meta name=\"twitter:site\" content=\"@psol50\" \/>\n<meta name=\"twitter:label1\" content=\"Escrito por\" \/>\n\t<meta name=\"twitter:data1\" content=\"Comunica\u00e7\u00e3o PSOL\" \/>\n\t<meta name=\"twitter:label2\" content=\"Est. tempo de leitura\" \/>\n\t<meta name=\"twitter:data2\" content=\"5 minutos\" \/>\n<script type=\"application\/ld+json\" class=\"yoast-schema-graph\">{\"@context\":\"https:\/\/schema.org\",\"@graph\":[{\"@type\":\"Article\",\"@id\":\"https:\/\/psol50.org.br\/nao-as-migalhas-mentiras-e-ilusoes-da-norte-energia-e-do-governo-federal\/#article\",\"isPartOf\":{\"@id\":\"https:\/\/psol50.org.br\/nao-as-migalhas-mentiras-e-ilusoes-da-norte-energia-e-do-governo-federal\/\"},\"author\":{\"name\":\"Comunica\u00e7\u00e3o PSOL\",\"@id\":\"https:\/\/psol50.org.br\/#\/schema\/person\/475dfa57d0b815993c714c2e96491fcd\"},\"headline\":\"N\u00e3o \u00e0s migalhas, mentiras e ilus\u00f5es da Norte Energia e do Governo Federal\",\"datePublished\":\"2012-03-21T00:00:00+00:00\",\"mainEntityOfPage\":{\"@id\":\"https:\/\/psol50.org.br\/nao-as-migalhas-mentiras-e-ilusoes-da-norte-energia-e-do-governo-federal\/\"},\"wordCount\":1042,\"commentCount\":0,\"publisher\":{\"@id\":\"https:\/\/psol50.org.br\/#organization\"},\"image\":{\"@id\":\"https:\/\/psol50.org.br\/nao-as-migalhas-mentiras-e-ilusoes-da-norte-energia-e-do-governo-federal\/#primaryimage\"},\"thumbnailUrl\":\"http:\/\/psol50.org.br\/files\/2012\/03\/DestaqueBeloMonte-300x132.jpg\",\"articleSection\":[\"Arquivo\"],\"inLanguage\":\"pt-BR\",\"potentialAction\":[{\"@type\":\"CommentAction\",\"name\":\"Comment\",\"target\":[\"https:\/\/psol50.org.br\/nao-as-migalhas-mentiras-e-ilusoes-da-norte-energia-e-do-governo-federal\/#respond\"]}]},{\"@type\":\"WebPage\",\"@id\":\"https:\/\/psol50.org.br\/nao-as-migalhas-mentiras-e-ilusoes-da-norte-energia-e-do-governo-federal\/\",\"url\":\"https:\/\/psol50.org.br\/nao-as-migalhas-mentiras-e-ilusoes-da-norte-energia-e-do-governo-federal\/\",\"name\":\"N\u00e3o \u00e0s migalhas, mentiras e ilus\u00f5es da Norte Energia e do Governo Federal - PSOL 50\",\"isPartOf\":{\"@id\":\"https:\/\/psol50.org.br\/#website\"},\"primaryImageOfPage\":{\"@id\":\"https:\/\/psol50.org.br\/nao-as-migalhas-mentiras-e-ilusoes-da-norte-energia-e-do-governo-federal\/#primaryimage\"},\"image\":{\"@id\":\"https:\/\/psol50.org.br\/nao-as-migalhas-mentiras-e-ilusoes-da-norte-energia-e-do-governo-federal\/#primaryimage\"},\"thumbnailUrl\":\"http:\/\/psol50.org.br\/files\/2012\/03\/DestaqueBeloMonte-300x132.jpg\",\"datePublished\":\"2012-03-21T00:00:00+00:00\",\"breadcrumb\":{\"@id\":\"https:\/\/psol50.org.br\/nao-as-migalhas-mentiras-e-ilusoes-da-norte-energia-e-do-governo-federal\/#breadcrumb\"},\"inLanguage\":\"pt-BR\",\"potentialAction\":[{\"@type\":\"ReadAction\",\"target\":[\"https:\/\/psol50.org.br\/nao-as-migalhas-mentiras-e-ilusoes-da-norte-energia-e-do-governo-federal\/\"]}]},{\"@type\":\"ImageObject\",\"inLanguage\":\"pt-BR\",\"@id\":\"https:\/\/psol50.org.br\/nao-as-migalhas-mentiras-e-ilusoes-da-norte-energia-e-do-governo-federal\/#primaryimage\",\"url\":\"http:\/\/psol50.org.br\/files\/2012\/03\/DestaqueBeloMonte-300x132.jpg\",\"contentUrl\":\"http:\/\/psol50.org.br\/files\/2012\/03\/DestaqueBeloMonte-300x132.jpg\"},{\"@type\":\"BreadcrumbList\",\"@id\":\"https:\/\/psol50.org.br\/nao-as-migalhas-mentiras-e-ilusoes-da-norte-energia-e-do-governo-federal\/#breadcrumb\",\"itemListElement\":[{\"@type\":\"ListItem\",\"position\":1,\"name\":\"In\u00edcio\",\"item\":\"https:\/\/psol50.org.br\/\"},{\"@type\":\"ListItem\",\"position\":2,\"name\":\"N\u00e3o \u00e0s migalhas, mentiras e ilus\u00f5es da Norte Energia e do Governo Federal\"}]},{\"@type\":\"WebSite\",\"@id\":\"https:\/\/psol50.org.br\/#website\",\"url\":\"https:\/\/psol50.org.br\/\",\"name\":\"PSOL 50\",\"description\":\"Site oficial do Partido Socialismo e Liberdade\",\"publisher\":{\"@id\":\"https:\/\/psol50.org.br\/#organization\"},\"alternateName\":\"PSOL50\",\"potentialAction\":[{\"@type\":\"SearchAction\",\"target\":{\"@type\":\"EntryPoint\",\"urlTemplate\":\"https:\/\/psol50.org.br\/?s={search_term_string}\"},\"query-input\":{\"@type\":\"PropertyValueSpecification\",\"valueRequired\":true,\"valueName\":\"search_term_string\"}}],\"inLanguage\":\"pt-BR\"},{\"@type\":\"Organization\",\"@id\":\"https:\/\/psol50.org.br\/#organization\",\"name\":\"PSOL 50\",\"alternateName\":\"PSOL 50\",\"url\":\"https:\/\/psol50.org.br\/\",\"logo\":{\"@type\":\"ImageObject\",\"inLanguage\":\"pt-BR\",\"@id\":\"https:\/\/psol50.org.br\/#\/schema\/logo\/image\/\",\"url\":\"https:\/\/psol50.org.br\/inc\/uploads\/2018\/07\/capa.png\",\"contentUrl\":\"https:\/\/psol50.org.br\/inc\/uploads\/2018\/07\/capa.png\",\"width\":1350,\"height\":900,\"caption\":\"PSOL 50\"},\"image\":{\"@id\":\"https:\/\/psol50.org.br\/#\/schema\/logo\/image\/\"},\"sameAs\":[\"https:\/\/www.facebook.com\/psol50\",\"https:\/\/x.com\/psol50\",\"https:\/\/www.instagram.com\/psol50\/\",\"https:\/\/www.youtube.com\/channel\/UC7SnJS5o1os7a6CaiNabzcg\"]},{\"@type\":\"Person\",\"@id\":\"https:\/\/psol50.org.br\/#\/schema\/person\/475dfa57d0b815993c714c2e96491fcd\",\"name\":\"Comunica\u00e7\u00e3o PSOL\",\"image\":{\"@type\":\"ImageObject\",\"inLanguage\":\"pt-BR\",\"@id\":\"https:\/\/psol50.org.br\/#\/schema\/person\/image\/\",\"url\":\"https:\/\/secure.gravatar.com\/avatar\/b34fc4f4e468a4e51785917065a3db57b841f5c95dba6ad8c73aaf8f66f8f9bf?s=96&d=mm&r=g\",\"contentUrl\":\"https:\/\/secure.gravatar.com\/avatar\/b34fc4f4e468a4e51785917065a3db57b841f5c95dba6ad8c73aaf8f66f8f9bf?s=96&d=mm&r=g\",\"caption\":\"Comunica\u00e7\u00e3o PSOL\"}}]}<\/script>\n<!-- \/ Yoast SEO plugin. -->","yoast_head_json":{"title":"N\u00e3o \u00e0s migalhas, mentiras e ilus\u00f5es da Norte Energia e do Governo Federal - PSOL 50","robots":{"index":"index","follow":"follow","max-snippet":"max-snippet:-1","max-image-preview":"max-image-preview:large","max-video-preview":"max-video-preview:-1"},"canonical":"https:\/\/psol50.org.br\/nao-as-migalhas-mentiras-e-ilusoes-da-norte-energia-e-do-governo-federal\/","og_locale":"pt_BR","og_type":"article","og_title":"N\u00e3o \u00e0s migalhas, mentiras e ilus\u00f5es da Norte Energia e do Governo Federal - PSOL 50","og_description":"Primeiro capturaram, violentaram e escravizaram os \u00edndios da Amaz\u00f4nia. Ap\u00f3s um s\u00e9culo de her\u00f3ica resist\u00eancia, o destino da maioria foi trabalhar como escravo das elites portuguesas e de seus representantes. Felizmente, a for\u00e7a espiritual de guerreiros e guerreiras manteve viva a esperan\u00e7a por liberdade, e dignidade. Logo come\u00e7aram a explorar, quase exaurindo, nossas castanheiras, nossas [&hellip;]","og_url":"https:\/\/psol50.org.br\/nao-as-migalhas-mentiras-e-ilusoes-da-norte-energia-e-do-governo-federal\/","og_site_name":"PSOL 50","article_publisher":"https:\/\/www.facebook.com\/psol50","article_published_time":"2012-03-21T00:00:00+00:00","og_image":[{"url":"http:\/\/psol50.org.br\/files\/2012\/03\/DestaqueBeloMonte-300x132.jpg","type":"","width":"","height":""}],"author":"Comunica\u00e7\u00e3o PSOL","twitter_card":"summary_large_image","twitter_creator":"@psol50","twitter_site":"@psol50","twitter_misc":{"Escrito por":"Comunica\u00e7\u00e3o PSOL","Est. tempo de leitura":"5 minutos"},"schema":{"@context":"https:\/\/schema.org","@graph":[{"@type":"Article","@id":"https:\/\/psol50.org.br\/nao-as-migalhas-mentiras-e-ilusoes-da-norte-energia-e-do-governo-federal\/#article","isPartOf":{"@id":"https:\/\/psol50.org.br\/nao-as-migalhas-mentiras-e-ilusoes-da-norte-energia-e-do-governo-federal\/"},"author":{"name":"Comunica\u00e7\u00e3o PSOL","@id":"https:\/\/psol50.org.br\/#\/schema\/person\/475dfa57d0b815993c714c2e96491fcd"},"headline":"N\u00e3o \u00e0s migalhas, mentiras e ilus\u00f5es da Norte Energia e do Governo Federal","datePublished":"2012-03-21T00:00:00+00:00","mainEntityOfPage":{"@id":"https:\/\/psol50.org.br\/nao-as-migalhas-mentiras-e-ilusoes-da-norte-energia-e-do-governo-federal\/"},"wordCount":1042,"commentCount":0,"publisher":{"@id":"https:\/\/psol50.org.br\/#organization"},"image":{"@id":"https:\/\/psol50.org.br\/nao-as-migalhas-mentiras-e-ilusoes-da-norte-energia-e-do-governo-federal\/#primaryimage"},"thumbnailUrl":"http:\/\/psol50.org.br\/files\/2012\/03\/DestaqueBeloMonte-300x132.jpg","articleSection":["Arquivo"],"inLanguage":"pt-BR","potentialAction":[{"@type":"CommentAction","name":"Comment","target":["https:\/\/psol50.org.br\/nao-as-migalhas-mentiras-e-ilusoes-da-norte-energia-e-do-governo-federal\/#respond"]}]},{"@type":"WebPage","@id":"https:\/\/psol50.org.br\/nao-as-migalhas-mentiras-e-ilusoes-da-norte-energia-e-do-governo-federal\/","url":"https:\/\/psol50.org.br\/nao-as-migalhas-mentiras-e-ilusoes-da-norte-energia-e-do-governo-federal\/","name":"N\u00e3o \u00e0s migalhas, mentiras e ilus\u00f5es da Norte Energia e do Governo Federal - PSOL 50","isPartOf":{"@id":"https:\/\/psol50.org.br\/#website"},"primaryImageOfPage":{"@id":"https:\/\/psol50.org.br\/nao-as-migalhas-mentiras-e-ilusoes-da-norte-energia-e-do-governo-federal\/#primaryimage"},"image":{"@id":"https:\/\/psol50.org.br\/nao-as-migalhas-mentiras-e-ilusoes-da-norte-energia-e-do-governo-federal\/#primaryimage"},"thumbnailUrl":"http:\/\/psol50.org.br\/files\/2012\/03\/DestaqueBeloMonte-300x132.jpg","datePublished":"2012-03-21T00:00:00+00:00","breadcrumb":{"@id":"https:\/\/psol50.org.br\/nao-as-migalhas-mentiras-e-ilusoes-da-norte-energia-e-do-governo-federal\/#breadcrumb"},"inLanguage":"pt-BR","potentialAction":[{"@type":"ReadAction","target":["https:\/\/psol50.org.br\/nao-as-migalhas-mentiras-e-ilusoes-da-norte-energia-e-do-governo-federal\/"]}]},{"@type":"ImageObject","inLanguage":"pt-BR","@id":"https:\/\/psol50.org.br\/nao-as-migalhas-mentiras-e-ilusoes-da-norte-energia-e-do-governo-federal\/#primaryimage","url":"http:\/\/psol50.org.br\/files\/2012\/03\/DestaqueBeloMonte-300x132.jpg","contentUrl":"http:\/\/psol50.org.br\/files\/2012\/03\/DestaqueBeloMonte-300x132.jpg"},{"@type":"BreadcrumbList","@id":"https:\/\/psol50.org.br\/nao-as-migalhas-mentiras-e-ilusoes-da-norte-energia-e-do-governo-federal\/#breadcrumb","itemListElement":[{"@type":"ListItem","position":1,"name":"In\u00edcio","item":"https:\/\/psol50.org.br\/"},{"@type":"ListItem","position":2,"name":"N\u00e3o \u00e0s migalhas, mentiras e ilus\u00f5es da Norte Energia e do Governo Federal"}]},{"@type":"WebSite","@id":"https:\/\/psol50.org.br\/#website","url":"https:\/\/psol50.org.br\/","name":"PSOL 50","description":"Site oficial do Partido Socialismo e Liberdade","publisher":{"@id":"https:\/\/psol50.org.br\/#organization"},"alternateName":"PSOL50","potentialAction":[{"@type":"SearchAction","target":{"@type":"EntryPoint","urlTemplate":"https:\/\/psol50.org.br\/?s={search_term_string}"},"query-input":{"@type":"PropertyValueSpecification","valueRequired":true,"valueName":"search_term_string"}}],"inLanguage":"pt-BR"},{"@type":"Organization","@id":"https:\/\/psol50.org.br\/#organization","name":"PSOL 50","alternateName":"PSOL 50","url":"https:\/\/psol50.org.br\/","logo":{"@type":"ImageObject","inLanguage":"pt-BR","@id":"https:\/\/psol50.org.br\/#\/schema\/logo\/image\/","url":"https:\/\/psol50.org.br\/inc\/uploads\/2018\/07\/capa.png","contentUrl":"https:\/\/psol50.org.br\/inc\/uploads\/2018\/07\/capa.png","width":1350,"height":900,"caption":"PSOL 50"},"image":{"@id":"https:\/\/psol50.org.br\/#\/schema\/logo\/image\/"},"sameAs":["https:\/\/www.facebook.com\/psol50","https:\/\/x.com\/psol50","https:\/\/www.instagram.com\/psol50\/","https:\/\/www.youtube.com\/channel\/UC7SnJS5o1os7a6CaiNabzcg"]},{"@type":"Person","@id":"https:\/\/psol50.org.br\/#\/schema\/person\/475dfa57d0b815993c714c2e96491fcd","name":"Comunica\u00e7\u00e3o PSOL","image":{"@type":"ImageObject","inLanguage":"pt-BR","@id":"https:\/\/psol50.org.br\/#\/schema\/person\/image\/","url":"https:\/\/secure.gravatar.com\/avatar\/b34fc4f4e468a4e51785917065a3db57b841f5c95dba6ad8c73aaf8f66f8f9bf?s=96&d=mm&r=g","contentUrl":"https:\/\/secure.gravatar.com\/avatar\/b34fc4f4e468a4e51785917065a3db57b841f5c95dba6ad8c73aaf8f66f8f9bf?s=96&d=mm&r=g","caption":"Comunica\u00e7\u00e3o PSOL"}}]}},"_links":{"self":[{"href":"https:\/\/psol50.org.br\/rest\/wp\/v2\/posts\/673","targetHints":{"allow":["GET"]}}],"collection":[{"href":"https:\/\/psol50.org.br\/rest\/wp\/v2\/posts"}],"about":[{"href":"https:\/\/psol50.org.br\/rest\/wp\/v2\/types\/post"}],"author":[{"embeddable":true,"href":"https:\/\/psol50.org.br\/rest\/wp\/v2\/users\/2"}],"replies":[{"embeddable":true,"href":"https:\/\/psol50.org.br\/rest\/wp\/v2\/comments?post=673"}],"version-history":[{"count":0,"href":"https:\/\/psol50.org.br\/rest\/wp\/v2\/posts\/673\/revisions"}],"wp:attachment":[{"href":"https:\/\/psol50.org.br\/rest\/wp\/v2\/media?parent=673"}],"wp:term":[{"taxonomy":"category","embeddable":true,"href":"https:\/\/psol50.org.br\/rest\/wp\/v2\/categories?post=673"},{"taxonomy":"post_tag","embeddable":true,"href":"https:\/\/psol50.org.br\/rest\/wp\/v2\/tags?post=673"}],"curies":[{"name":"wp","href":"https:\/\/api.w.org\/{rel}","templated":true}]}}