{"id":674,"date":"2012-03-22T00:00:00","date_gmt":"2012-03-22T00:00:00","guid":{"rendered":"http:\/\/psol50.org.br\/arquivo\/2012\/03\/22\/pec-215-acaba-com-as-unidades-de-conservacao-e-demarcacao-de-terras-indigenas-e-quilombolas-congresso-nacional-passa-demarcar-e-pode-ratificar-as-terras-tradicionalmente-ocupadas-somos-contra-a-pec\/"},"modified":"2012-03-22T00:00:00","modified_gmt":"2012-03-22T00:00:00","slug":"pec-215-acaba-com-as-unidades-de-conservacao-e-demarcacao-de-terras-indigenas-e-quilombolas-congresso-nacional-passa-demarcar-e-pode-ratificar-as-terras-tradicionalmente-ocupadas-somos-contra-a-pec","status":"publish","type":"post","link":"https:\/\/psol50.org.br\/pec-215-acaba-com-as-unidades-de-conservacao-e-demarcacao-de-terras-indigenas-e-quilombolas-congresso-nacional-passa-demarcar-e-pode-ratificar-as-terras-tradicionalmente-ocupadas-somos-contra-a-pec\/","title":{"rendered":"PEC 215 acaba com as unidades de conserva\u00e7\u00e3o e demarca\u00e7\u00e3o de terras ind\u00edgenas e quilombolas. Congresso Nacional passa demarcar e pode ratificar as terras tradicionalmente ocupadas. Somos contra a PEC 215!"},"content":{"rendered":"<p style=\"text-align: justify\"><em><a href=\"http:\/\/psol50.org.br\/blog\/2012\/03\/22\/pec-215-acaba-com-as-unidades-de-conservacao-e-demarcacao-de-terras-indigenas-e-quilombolas-congresso-nacional-passa-demarcar-e-pode-ratificar-as-terras-tradicionalmente-ocupadas-somos-contra-a-pec\/pec215ab\/\" rel=\"attachment wp-att-14569\"><img loading=\"lazy\" decoding=\"async\" class=\"alignleft size-medium wp-image-14569\" src=\"http:\/\/psol50.org.br\/files\/2012\/03\/PEC215ab-300x132.jpg\" alt=\"\" width=\"300\" height=\"132\" \/><\/a>A Proposta de Emenda \u00e0 Constitui\u00e7\u00e3o n\u00ba. 215\/2000 (PEC 215\/2000) acaba com as unidades de conserva\u00e7\u00e3o e demarca\u00e7\u00e3o de terras ind\u00edgenas e quilombolas. Inclui dentre as compet\u00eancias exclusivas do Congresso Nacional a aprova\u00e7\u00e3o de demarca\u00e7\u00e3o das terras tradicionalmente ocupadas pelos \u00edndios e a ratifica\u00e7\u00e3o das demarca\u00e7\u00f5es j\u00e1 homologadas; estabelecendo que os crit\u00e9rios e procedimentos de demarca\u00e7\u00e3o ser\u00e3o regulamentados por lei. \u00c9 o mesmo que colocar as raposas para tomarem conta do galinheiro com consequ\u00eancias muito piores. Veja aqui uma reflex\u00e3o sobre a quest\u00e3o:<\/em><\/p>\n<h2 id=\"post-3522\" style=\"text-align: justify\">PEC 215 \u00e9 risco de uma nova invas\u00e3o\u00a0colonial<\/h2>\n<p style=\"text-align: justify\"><strong>*Direitos ind\u00edgenas e quilombolas amea\u00e7ados<\/strong><\/p>\n<p style=\"text-align: justify\">Por Daniel Calazans Pierri<\/p>\n<p style=\"text-align: justify\">Hoje, dia 21 de mar\u00e7o de 2012, ficou evidente que o Congresso Brasileiro representa tudo o que h\u00e1 de mais retr\u00f3grado na pol\u00edtica mundial. A aprova\u00e7\u00e3o da chamada PEC 215 na Comiss\u00e3o de Constitui\u00e7\u00e3o e Justi\u00e7a da C\u00e2mara indica a disposi\u00e7\u00e3o de grande parte do parlamento brasileiro em reinaugurar o per\u00edodo de Invas\u00e3o Colonial, dilapidando territ\u00f3rios ind\u00edgenas atrav\u00e9s de um neobandeirantismo ruralista vergonhoso e inimagin\u00e1vel para o s\u00e9culo XXI.<\/p>\n<p style=\"text-align: justify\">A PEC 215 pretende modificar o Artigo 231 da Constitui\u00e7\u00e3o Federal, passando para o Congresso Nacional a prerrogativa n\u00e3o s\u00f3 de realizar novas demarca\u00e7\u00f5es de terras ind\u00edgenas no pa\u00eds, como tamb\u00e9m a atribui\u00e7\u00e3o de ratificar as homologa\u00e7\u00f5es j\u00e1 realizadas at\u00e9 aqui. Na pr\u00e1tica, isso significa que seria poss\u00edvel para o Congresso at\u00e9 mesmo dissolver terras ind\u00edgenas j\u00e1 demarcadas, que representam um direito adquirido para as popula\u00e7\u00f5es que nelas habitam, reabrindo a fronteira colonial e usurpando territ\u00f3rios reconquistados a custa j\u00e1 de muito sangue.<\/p>\n<p style=\"text-align: justify\">Num Congresso Nacional dominado por ruralistas nem o mais ing\u00eanuo dos cidad\u00e3os poderia imaginar tamb\u00e9m que novas terras ind\u00edgenas possam demarcadas se essa PEC for aprovada. Isso significa a perpetua\u00e7\u00e3o do genoc\u00eddio que atualmente est\u00e1 em marcha contra as popula\u00e7\u00f5es que n\u00e3o tiveram ainda suas terras reconhecidas como \u00e9 o caso dos Guarani e Kaiowa que habitam o Mato Grosso do Sul, al\u00e9m do Sul e Sudeste do pa\u00eds.<\/p>\n<p style=\"text-align: justify\">A PEC 215 agravaria todos os conflitos fundi\u00e1rios j\u00e1 existentes, uma vez que a situa\u00e7\u00e3o desesperadora dessas popula\u00e7\u00f5es tornar-se-ia fato irrevers\u00edvel e al\u00e9m de tudo abriria caminho para que os ruralistas inaugurassem novos genoc\u00eddios contra povos que atualmente tem seu direito territorial consolidado.<\/p>\n<p style=\"text-align: justify\">O cap\u00edtulo \u201cDos \u00cdndios\u201d da Constitui\u00e7\u00e3o Federal \u00e9 uma cl\u00e1usula p\u00e9trea de nossa carta magna, tendo sido um dos poucos votados quase que por unanimidade durante a Constituinte. A tentativa da bancada ruralista de dilapid\u00e1-lo na sua ess\u00eancia \u00e9 um atentado contra a democracia brasileira, e fere em tudo o esp\u00edrito dos constituintes origin\u00e1rios.<\/p>\n<p style=\"text-align: justify\">No dia de hoje tamb\u00e9m, os ruralistas chantagearam o governo, do qual supostamente formam a base, chegando ao absurdo de condicionar a aprova\u00e7\u00e3o da Lei Geral da Copa \u00e0 vota\u00e7\u00e3o do C\u00f3digo Florestal, em formatos cada vez mais prejudiciais \u00e0s florestas brasileiras, \u00e0 cada negocia\u00e7\u00e3o.&lt;<\/p>\n<p style=\"text-align: justify\">O que se v\u00ea \u00e9 uma flagrante tentativa de golpe de Estado por parte da bancada ruralista, que pretende tornar todas as pautas de interesse da na\u00e7\u00e3o subordinadas ao seu interesse mais mesquinho de amplia\u00e7\u00e3o da fronteira agr\u00edcola a todo e qualquer custo.<\/p>\n<p style=\"text-align: justify\"><em><strong>A democracia brasileira est\u00e1 em risco, \u00e9 preciso mobiliza\u00e7\u00e3o urgente de toda a sociedade civil para conter a gana dos ruralistas em destruir as florestas, os \u00edndios, o governo e o pa\u00eds.<\/strong><\/em><\/p>\n","protected":false},"excerpt":{"rendered":"<p>A Proposta de Emenda \u00e0 Constitui\u00e7\u00e3o n\u00ba. 215\/2000 (PEC 215\/2000) acaba com as unidades de conserva\u00e7\u00e3o e demarca\u00e7\u00e3o de terras ind\u00edgenas e quilombolas. Inclui dentre as compet\u00eancias exclusivas do Congresso Nacional a aprova\u00e7\u00e3o de demarca\u00e7\u00e3o das terras tradicionalmente ocupadas pelos \u00edndios e a ratifica\u00e7\u00e3o das demarca\u00e7\u00f5es j\u00e1 homologadas; estabelecendo que os crit\u00e9rios e procedimentos de [&hellip;]<\/p>\n","protected":false},"author":2,"featured_media":0,"comment_status":"open","ping_status":"open","sticky":false,"template":"","format":"standard","meta":{"_acf_changed":false,"footnotes":""},"categories":[4766],"tags":[],"class_list":{"0":"post-674","1":"post","2":"type-post","3":"status-publish","4":"format-standard","6":"category-arquivo"},"acf":[],"yoast_head":"<!-- This site is optimized with the Yoast SEO plugin v26.5 - https:\/\/yoast.com\/wordpress\/plugins\/seo\/ -->\n<title>PEC 215 acaba com as unidades de conserva\u00e7\u00e3o e demarca\u00e7\u00e3o de terras ind\u00edgenas e quilombolas. Congresso Nacional passa demarcar e pode ratificar as terras tradicionalmente ocupadas. Somos contra a PEC 215! - PSOL 50<\/title>\n<meta name=\"robots\" content=\"index, follow, max-snippet:-1, max-image-preview:large, max-video-preview:-1\" \/>\n<link rel=\"canonical\" href=\"https:\/\/psol50.org.br\/pec-215-acaba-com-as-unidades-de-conservacao-e-demarcacao-de-terras-indigenas-e-quilombolas-congresso-nacional-passa-demarcar-e-pode-ratificar-as-terras-tradicionalmente-ocupadas-somos-contra-a-pec\/\" \/>\n<meta property=\"og:locale\" content=\"pt_BR\" \/>\n<meta property=\"og:type\" content=\"article\" \/>\n<meta property=\"og:title\" content=\"PEC 215 acaba com as unidades de conserva\u00e7\u00e3o e demarca\u00e7\u00e3o de terras ind\u00edgenas e quilombolas. Congresso Nacional passa demarcar e pode ratificar as terras tradicionalmente ocupadas. Somos contra a PEC 215! - PSOL 50\" \/>\n<meta property=\"og:description\" content=\"A Proposta de Emenda \u00e0 Constitui\u00e7\u00e3o n\u00ba. 215\/2000 (PEC 215\/2000) acaba com as unidades de conserva\u00e7\u00e3o e demarca\u00e7\u00e3o de terras ind\u00edgenas e quilombolas. Inclui dentre as compet\u00eancias exclusivas do Congresso Nacional a aprova\u00e7\u00e3o de demarca\u00e7\u00e3o das terras tradicionalmente ocupadas pelos \u00edndios e a ratifica\u00e7\u00e3o das demarca\u00e7\u00f5es j\u00e1 homologadas; estabelecendo que os crit\u00e9rios e procedimentos de [&hellip;]\" \/>\n<meta property=\"og:url\" content=\"https:\/\/psol50.org.br\/pec-215-acaba-com-as-unidades-de-conservacao-e-demarcacao-de-terras-indigenas-e-quilombolas-congresso-nacional-passa-demarcar-e-pode-ratificar-as-terras-tradicionalmente-ocupadas-somos-contra-a-pec\/\" \/>\n<meta property=\"og:site_name\" content=\"PSOL 50\" \/>\n<meta property=\"article:publisher\" content=\"https:\/\/www.facebook.com\/psol50\" \/>\n<meta property=\"article:published_time\" content=\"2012-03-22T00:00:00+00:00\" \/>\n<meta property=\"og:image\" content=\"http:\/\/psol50.org.br\/files\/2012\/03\/PEC215ab-300x132.jpg\" \/>\n<meta name=\"author\" content=\"Comunica\u00e7\u00e3o PSOL\" \/>\n<meta name=\"twitter:card\" content=\"summary_large_image\" \/>\n<meta name=\"twitter:creator\" content=\"@psol50\" \/>\n<meta name=\"twitter:site\" content=\"@psol50\" \/>\n<meta name=\"twitter:label1\" content=\"Escrito por\" \/>\n\t<meta name=\"twitter:data1\" content=\"Comunica\u00e7\u00e3o PSOL\" \/>\n\t<meta name=\"twitter:label2\" content=\"Est. tempo de leitura\" \/>\n\t<meta name=\"twitter:data2\" content=\"3 minutos\" \/>\n<script type=\"application\/ld+json\" class=\"yoast-schema-graph\">{\"@context\":\"https:\/\/schema.org\",\"@graph\":[{\"@type\":\"Article\",\"@id\":\"https:\/\/psol50.org.br\/pec-215-acaba-com-as-unidades-de-conservacao-e-demarcacao-de-terras-indigenas-e-quilombolas-congresso-nacional-passa-demarcar-e-pode-ratificar-as-terras-tradicionalmente-ocupadas-somos-contra-a-pec\/#article\",\"isPartOf\":{\"@id\":\"https:\/\/psol50.org.br\/pec-215-acaba-com-as-unidades-de-conservacao-e-demarcacao-de-terras-indigenas-e-quilombolas-congresso-nacional-passa-demarcar-e-pode-ratificar-as-terras-tradicionalmente-ocupadas-somos-contra-a-pec\/\"},\"author\":{\"name\":\"Comunica\u00e7\u00e3o PSOL\",\"@id\":\"https:\/\/psol50.org.br\/#\/schema\/person\/475dfa57d0b815993c714c2e96491fcd\"},\"headline\":\"PEC 215 acaba com as unidades de conserva\u00e7\u00e3o e demarca\u00e7\u00e3o de terras ind\u00edgenas e quilombolas. Congresso Nacional passa demarcar e pode ratificar as terras tradicionalmente ocupadas. Somos contra a PEC 215!\",\"datePublished\":\"2012-03-22T00:00:00+00:00\",\"mainEntityOfPage\":{\"@id\":\"https:\/\/psol50.org.br\/pec-215-acaba-com-as-unidades-de-conservacao-e-demarcacao-de-terras-indigenas-e-quilombolas-congresso-nacional-passa-demarcar-e-pode-ratificar-as-terras-tradicionalmente-ocupadas-somos-contra-a-pec\/\"},\"wordCount\":634,\"commentCount\":0,\"publisher\":{\"@id\":\"https:\/\/psol50.org.br\/#organization\"},\"image\":{\"@id\":\"https:\/\/psol50.org.br\/pec-215-acaba-com-as-unidades-de-conservacao-e-demarcacao-de-terras-indigenas-e-quilombolas-congresso-nacional-passa-demarcar-e-pode-ratificar-as-terras-tradicionalmente-ocupadas-somos-contra-a-pec\/#primaryimage\"},\"thumbnailUrl\":\"http:\/\/psol50.org.br\/files\/2012\/03\/PEC215ab-300x132.jpg\",\"articleSection\":[\"Arquivo\"],\"inLanguage\":\"pt-BR\",\"potentialAction\":[{\"@type\":\"CommentAction\",\"name\":\"Comment\",\"target\":[\"https:\/\/psol50.org.br\/pec-215-acaba-com-as-unidades-de-conservacao-e-demarcacao-de-terras-indigenas-e-quilombolas-congresso-nacional-passa-demarcar-e-pode-ratificar-as-terras-tradicionalmente-ocupadas-somos-contra-a-pec\/#respond\"]}]},{\"@type\":\"WebPage\",\"@id\":\"https:\/\/psol50.org.br\/pec-215-acaba-com-as-unidades-de-conservacao-e-demarcacao-de-terras-indigenas-e-quilombolas-congresso-nacional-passa-demarcar-e-pode-ratificar-as-terras-tradicionalmente-ocupadas-somos-contra-a-pec\/\",\"url\":\"https:\/\/psol50.org.br\/pec-215-acaba-com-as-unidades-de-conservacao-e-demarcacao-de-terras-indigenas-e-quilombolas-congresso-nacional-passa-demarcar-e-pode-ratificar-as-terras-tradicionalmente-ocupadas-somos-contra-a-pec\/\",\"name\":\"PEC 215 acaba com as unidades de conserva\u00e7\u00e3o e demarca\u00e7\u00e3o de terras ind\u00edgenas e quilombolas. Congresso Nacional passa demarcar e pode ratificar as terras tradicionalmente ocupadas. Somos contra a PEC 215! - PSOL 50\",\"isPartOf\":{\"@id\":\"https:\/\/psol50.org.br\/#website\"},\"primaryImageOfPage\":{\"@id\":\"https:\/\/psol50.org.br\/pec-215-acaba-com-as-unidades-de-conservacao-e-demarcacao-de-terras-indigenas-e-quilombolas-congresso-nacional-passa-demarcar-e-pode-ratificar-as-terras-tradicionalmente-ocupadas-somos-contra-a-pec\/#primaryimage\"},\"image\":{\"@id\":\"https:\/\/psol50.org.br\/pec-215-acaba-com-as-unidades-de-conservacao-e-demarcacao-de-terras-indigenas-e-quilombolas-congresso-nacional-passa-demarcar-e-pode-ratificar-as-terras-tradicionalmente-ocupadas-somos-contra-a-pec\/#primaryimage\"},\"thumbnailUrl\":\"http:\/\/psol50.org.br\/files\/2012\/03\/PEC215ab-300x132.jpg\",\"datePublished\":\"2012-03-22T00:00:00+00:00\",\"breadcrumb\":{\"@id\":\"https:\/\/psol50.org.br\/pec-215-acaba-com-as-unidades-de-conservacao-e-demarcacao-de-terras-indigenas-e-quilombolas-congresso-nacional-passa-demarcar-e-pode-ratificar-as-terras-tradicionalmente-ocupadas-somos-contra-a-pec\/#breadcrumb\"},\"inLanguage\":\"pt-BR\",\"potentialAction\":[{\"@type\":\"ReadAction\",\"target\":[\"https:\/\/psol50.org.br\/pec-215-acaba-com-as-unidades-de-conservacao-e-demarcacao-de-terras-indigenas-e-quilombolas-congresso-nacional-passa-demarcar-e-pode-ratificar-as-terras-tradicionalmente-ocupadas-somos-contra-a-pec\/\"]}]},{\"@type\":\"ImageObject\",\"inLanguage\":\"pt-BR\",\"@id\":\"https:\/\/psol50.org.br\/pec-215-acaba-com-as-unidades-de-conservacao-e-demarcacao-de-terras-indigenas-e-quilombolas-congresso-nacional-passa-demarcar-e-pode-ratificar-as-terras-tradicionalmente-ocupadas-somos-contra-a-pec\/#primaryimage\",\"url\":\"http:\/\/psol50.org.br\/files\/2012\/03\/PEC215ab-300x132.jpg\",\"contentUrl\":\"http:\/\/psol50.org.br\/files\/2012\/03\/PEC215ab-300x132.jpg\"},{\"@type\":\"BreadcrumbList\",\"@id\":\"https:\/\/psol50.org.br\/pec-215-acaba-com-as-unidades-de-conservacao-e-demarcacao-de-terras-indigenas-e-quilombolas-congresso-nacional-passa-demarcar-e-pode-ratificar-as-terras-tradicionalmente-ocupadas-somos-contra-a-pec\/#breadcrumb\",\"itemListElement\":[{\"@type\":\"ListItem\",\"position\":1,\"name\":\"In\u00edcio\",\"item\":\"https:\/\/psol50.org.br\/\"},{\"@type\":\"ListItem\",\"position\":2,\"name\":\"PEC 215 acaba com as unidades de conserva\u00e7\u00e3o e demarca\u00e7\u00e3o de terras ind\u00edgenas e quilombolas. Congresso Nacional passa demarcar e pode ratificar as terras tradicionalmente ocupadas. Somos contra a PEC 215!\"}]},{\"@type\":\"WebSite\",\"@id\":\"https:\/\/psol50.org.br\/#website\",\"url\":\"https:\/\/psol50.org.br\/\",\"name\":\"PSOL 50\",\"description\":\"Site oficial do Partido Socialismo e Liberdade\",\"publisher\":{\"@id\":\"https:\/\/psol50.org.br\/#organization\"},\"alternateName\":\"PSOL50\",\"potentialAction\":[{\"@type\":\"SearchAction\",\"target\":{\"@type\":\"EntryPoint\",\"urlTemplate\":\"https:\/\/psol50.org.br\/?s={search_term_string}\"},\"query-input\":{\"@type\":\"PropertyValueSpecification\",\"valueRequired\":true,\"valueName\":\"search_term_string\"}}],\"inLanguage\":\"pt-BR\"},{\"@type\":\"Organization\",\"@id\":\"https:\/\/psol50.org.br\/#organization\",\"name\":\"PSOL 50\",\"alternateName\":\"PSOL 50\",\"url\":\"https:\/\/psol50.org.br\/\",\"logo\":{\"@type\":\"ImageObject\",\"inLanguage\":\"pt-BR\",\"@id\":\"https:\/\/psol50.org.br\/#\/schema\/logo\/image\/\",\"url\":\"https:\/\/psol50.org.br\/inc\/uploads\/2018\/07\/capa.png\",\"contentUrl\":\"https:\/\/psol50.org.br\/inc\/uploads\/2018\/07\/capa.png\",\"width\":1350,\"height\":900,\"caption\":\"PSOL 50\"},\"image\":{\"@id\":\"https:\/\/psol50.org.br\/#\/schema\/logo\/image\/\"},\"sameAs\":[\"https:\/\/www.facebook.com\/psol50\",\"https:\/\/x.com\/psol50\",\"https:\/\/www.instagram.com\/psol50\/\",\"https:\/\/www.youtube.com\/channel\/UC7SnJS5o1os7a6CaiNabzcg\"]},{\"@type\":\"Person\",\"@id\":\"https:\/\/psol50.org.br\/#\/schema\/person\/475dfa57d0b815993c714c2e96491fcd\",\"name\":\"Comunica\u00e7\u00e3o PSOL\",\"image\":{\"@type\":\"ImageObject\",\"inLanguage\":\"pt-BR\",\"@id\":\"https:\/\/psol50.org.br\/#\/schema\/person\/image\/\",\"url\":\"https:\/\/secure.gravatar.com\/avatar\/b34fc4f4e468a4e51785917065a3db57b841f5c95dba6ad8c73aaf8f66f8f9bf?s=96&d=mm&r=g\",\"contentUrl\":\"https:\/\/secure.gravatar.com\/avatar\/b34fc4f4e468a4e51785917065a3db57b841f5c95dba6ad8c73aaf8f66f8f9bf?s=96&d=mm&r=g\",\"caption\":\"Comunica\u00e7\u00e3o PSOL\"}}]}<\/script>\n<!-- \/ Yoast SEO plugin. -->","yoast_head_json":{"title":"PEC 215 acaba com as unidades de conserva\u00e7\u00e3o e demarca\u00e7\u00e3o de terras ind\u00edgenas e quilombolas. Congresso Nacional passa demarcar e pode ratificar as terras tradicionalmente ocupadas. Somos contra a PEC 215! - PSOL 50","robots":{"index":"index","follow":"follow","max-snippet":"max-snippet:-1","max-image-preview":"max-image-preview:large","max-video-preview":"max-video-preview:-1"},"canonical":"https:\/\/psol50.org.br\/pec-215-acaba-com-as-unidades-de-conservacao-e-demarcacao-de-terras-indigenas-e-quilombolas-congresso-nacional-passa-demarcar-e-pode-ratificar-as-terras-tradicionalmente-ocupadas-somos-contra-a-pec\/","og_locale":"pt_BR","og_type":"article","og_title":"PEC 215 acaba com as unidades de conserva\u00e7\u00e3o e demarca\u00e7\u00e3o de terras ind\u00edgenas e quilombolas. Congresso Nacional passa demarcar e pode ratificar as terras tradicionalmente ocupadas. Somos contra a PEC 215! - PSOL 50","og_description":"A Proposta de Emenda \u00e0 Constitui\u00e7\u00e3o n\u00ba. 215\/2000 (PEC 215\/2000) acaba com as unidades de conserva\u00e7\u00e3o e demarca\u00e7\u00e3o de terras ind\u00edgenas e quilombolas. Inclui dentre as compet\u00eancias exclusivas do Congresso Nacional a aprova\u00e7\u00e3o de demarca\u00e7\u00e3o das terras tradicionalmente ocupadas pelos \u00edndios e a ratifica\u00e7\u00e3o das demarca\u00e7\u00f5es j\u00e1 homologadas; estabelecendo que os crit\u00e9rios e procedimentos de [&hellip;]","og_url":"https:\/\/psol50.org.br\/pec-215-acaba-com-as-unidades-de-conservacao-e-demarcacao-de-terras-indigenas-e-quilombolas-congresso-nacional-passa-demarcar-e-pode-ratificar-as-terras-tradicionalmente-ocupadas-somos-contra-a-pec\/","og_site_name":"PSOL 50","article_publisher":"https:\/\/www.facebook.com\/psol50","article_published_time":"2012-03-22T00:00:00+00:00","og_image":[{"url":"http:\/\/psol50.org.br\/files\/2012\/03\/PEC215ab-300x132.jpg","type":"","width":"","height":""}],"author":"Comunica\u00e7\u00e3o PSOL","twitter_card":"summary_large_image","twitter_creator":"@psol50","twitter_site":"@psol50","twitter_misc":{"Escrito por":"Comunica\u00e7\u00e3o PSOL","Est. tempo de leitura":"3 minutos"},"schema":{"@context":"https:\/\/schema.org","@graph":[{"@type":"Article","@id":"https:\/\/psol50.org.br\/pec-215-acaba-com-as-unidades-de-conservacao-e-demarcacao-de-terras-indigenas-e-quilombolas-congresso-nacional-passa-demarcar-e-pode-ratificar-as-terras-tradicionalmente-ocupadas-somos-contra-a-pec\/#article","isPartOf":{"@id":"https:\/\/psol50.org.br\/pec-215-acaba-com-as-unidades-de-conservacao-e-demarcacao-de-terras-indigenas-e-quilombolas-congresso-nacional-passa-demarcar-e-pode-ratificar-as-terras-tradicionalmente-ocupadas-somos-contra-a-pec\/"},"author":{"name":"Comunica\u00e7\u00e3o PSOL","@id":"https:\/\/psol50.org.br\/#\/schema\/person\/475dfa57d0b815993c714c2e96491fcd"},"headline":"PEC 215 acaba com as unidades de conserva\u00e7\u00e3o e demarca\u00e7\u00e3o de terras ind\u00edgenas e quilombolas. Congresso Nacional passa demarcar e pode ratificar as terras tradicionalmente ocupadas. Somos contra a PEC 215!","datePublished":"2012-03-22T00:00:00+00:00","mainEntityOfPage":{"@id":"https:\/\/psol50.org.br\/pec-215-acaba-com-as-unidades-de-conservacao-e-demarcacao-de-terras-indigenas-e-quilombolas-congresso-nacional-passa-demarcar-e-pode-ratificar-as-terras-tradicionalmente-ocupadas-somos-contra-a-pec\/"},"wordCount":634,"commentCount":0,"publisher":{"@id":"https:\/\/psol50.org.br\/#organization"},"image":{"@id":"https:\/\/psol50.org.br\/pec-215-acaba-com-as-unidades-de-conservacao-e-demarcacao-de-terras-indigenas-e-quilombolas-congresso-nacional-passa-demarcar-e-pode-ratificar-as-terras-tradicionalmente-ocupadas-somos-contra-a-pec\/#primaryimage"},"thumbnailUrl":"http:\/\/psol50.org.br\/files\/2012\/03\/PEC215ab-300x132.jpg","articleSection":["Arquivo"],"inLanguage":"pt-BR","potentialAction":[{"@type":"CommentAction","name":"Comment","target":["https:\/\/psol50.org.br\/pec-215-acaba-com-as-unidades-de-conservacao-e-demarcacao-de-terras-indigenas-e-quilombolas-congresso-nacional-passa-demarcar-e-pode-ratificar-as-terras-tradicionalmente-ocupadas-somos-contra-a-pec\/#respond"]}]},{"@type":"WebPage","@id":"https:\/\/psol50.org.br\/pec-215-acaba-com-as-unidades-de-conservacao-e-demarcacao-de-terras-indigenas-e-quilombolas-congresso-nacional-passa-demarcar-e-pode-ratificar-as-terras-tradicionalmente-ocupadas-somos-contra-a-pec\/","url":"https:\/\/psol50.org.br\/pec-215-acaba-com-as-unidades-de-conservacao-e-demarcacao-de-terras-indigenas-e-quilombolas-congresso-nacional-passa-demarcar-e-pode-ratificar-as-terras-tradicionalmente-ocupadas-somos-contra-a-pec\/","name":"PEC 215 acaba com as unidades de conserva\u00e7\u00e3o e demarca\u00e7\u00e3o de terras ind\u00edgenas e quilombolas. Congresso Nacional passa demarcar e pode ratificar as terras tradicionalmente ocupadas. Somos contra a PEC 215! - PSOL 50","isPartOf":{"@id":"https:\/\/psol50.org.br\/#website"},"primaryImageOfPage":{"@id":"https:\/\/psol50.org.br\/pec-215-acaba-com-as-unidades-de-conservacao-e-demarcacao-de-terras-indigenas-e-quilombolas-congresso-nacional-passa-demarcar-e-pode-ratificar-as-terras-tradicionalmente-ocupadas-somos-contra-a-pec\/#primaryimage"},"image":{"@id":"https:\/\/psol50.org.br\/pec-215-acaba-com-as-unidades-de-conservacao-e-demarcacao-de-terras-indigenas-e-quilombolas-congresso-nacional-passa-demarcar-e-pode-ratificar-as-terras-tradicionalmente-ocupadas-somos-contra-a-pec\/#primaryimage"},"thumbnailUrl":"http:\/\/psol50.org.br\/files\/2012\/03\/PEC215ab-300x132.jpg","datePublished":"2012-03-22T00:00:00+00:00","breadcrumb":{"@id":"https:\/\/psol50.org.br\/pec-215-acaba-com-as-unidades-de-conservacao-e-demarcacao-de-terras-indigenas-e-quilombolas-congresso-nacional-passa-demarcar-e-pode-ratificar-as-terras-tradicionalmente-ocupadas-somos-contra-a-pec\/#breadcrumb"},"inLanguage":"pt-BR","potentialAction":[{"@type":"ReadAction","target":["https:\/\/psol50.org.br\/pec-215-acaba-com-as-unidades-de-conservacao-e-demarcacao-de-terras-indigenas-e-quilombolas-congresso-nacional-passa-demarcar-e-pode-ratificar-as-terras-tradicionalmente-ocupadas-somos-contra-a-pec\/"]}]},{"@type":"ImageObject","inLanguage":"pt-BR","@id":"https:\/\/psol50.org.br\/pec-215-acaba-com-as-unidades-de-conservacao-e-demarcacao-de-terras-indigenas-e-quilombolas-congresso-nacional-passa-demarcar-e-pode-ratificar-as-terras-tradicionalmente-ocupadas-somos-contra-a-pec\/#primaryimage","url":"http:\/\/psol50.org.br\/files\/2012\/03\/PEC215ab-300x132.jpg","contentUrl":"http:\/\/psol50.org.br\/files\/2012\/03\/PEC215ab-300x132.jpg"},{"@type":"BreadcrumbList","@id":"https:\/\/psol50.org.br\/pec-215-acaba-com-as-unidades-de-conservacao-e-demarcacao-de-terras-indigenas-e-quilombolas-congresso-nacional-passa-demarcar-e-pode-ratificar-as-terras-tradicionalmente-ocupadas-somos-contra-a-pec\/#breadcrumb","itemListElement":[{"@type":"ListItem","position":1,"name":"In\u00edcio","item":"https:\/\/psol50.org.br\/"},{"@type":"ListItem","position":2,"name":"PEC 215 acaba com as unidades de conserva\u00e7\u00e3o e demarca\u00e7\u00e3o de terras ind\u00edgenas e quilombolas. Congresso Nacional passa demarcar e pode ratificar as terras tradicionalmente ocupadas. Somos contra a PEC 215!"}]},{"@type":"WebSite","@id":"https:\/\/psol50.org.br\/#website","url":"https:\/\/psol50.org.br\/","name":"PSOL 50","description":"Site oficial do Partido Socialismo e Liberdade","publisher":{"@id":"https:\/\/psol50.org.br\/#organization"},"alternateName":"PSOL50","potentialAction":[{"@type":"SearchAction","target":{"@type":"EntryPoint","urlTemplate":"https:\/\/psol50.org.br\/?s={search_term_string}"},"query-input":{"@type":"PropertyValueSpecification","valueRequired":true,"valueName":"search_term_string"}}],"inLanguage":"pt-BR"},{"@type":"Organization","@id":"https:\/\/psol50.org.br\/#organization","name":"PSOL 50","alternateName":"PSOL 50","url":"https:\/\/psol50.org.br\/","logo":{"@type":"ImageObject","inLanguage":"pt-BR","@id":"https:\/\/psol50.org.br\/#\/schema\/logo\/image\/","url":"https:\/\/psol50.org.br\/inc\/uploads\/2018\/07\/capa.png","contentUrl":"https:\/\/psol50.org.br\/inc\/uploads\/2018\/07\/capa.png","width":1350,"height":900,"caption":"PSOL 50"},"image":{"@id":"https:\/\/psol50.org.br\/#\/schema\/logo\/image\/"},"sameAs":["https:\/\/www.facebook.com\/psol50","https:\/\/x.com\/psol50","https:\/\/www.instagram.com\/psol50\/","https:\/\/www.youtube.com\/channel\/UC7SnJS5o1os7a6CaiNabzcg"]},{"@type":"Person","@id":"https:\/\/psol50.org.br\/#\/schema\/person\/475dfa57d0b815993c714c2e96491fcd","name":"Comunica\u00e7\u00e3o PSOL","image":{"@type":"ImageObject","inLanguage":"pt-BR","@id":"https:\/\/psol50.org.br\/#\/schema\/person\/image\/","url":"https:\/\/secure.gravatar.com\/avatar\/b34fc4f4e468a4e51785917065a3db57b841f5c95dba6ad8c73aaf8f66f8f9bf?s=96&d=mm&r=g","contentUrl":"https:\/\/secure.gravatar.com\/avatar\/b34fc4f4e468a4e51785917065a3db57b841f5c95dba6ad8c73aaf8f66f8f9bf?s=96&d=mm&r=g","caption":"Comunica\u00e7\u00e3o PSOL"}}]}},"_links":{"self":[{"href":"https:\/\/psol50.org.br\/rest\/wp\/v2\/posts\/674","targetHints":{"allow":["GET"]}}],"collection":[{"href":"https:\/\/psol50.org.br\/rest\/wp\/v2\/posts"}],"about":[{"href":"https:\/\/psol50.org.br\/rest\/wp\/v2\/types\/post"}],"author":[{"embeddable":true,"href":"https:\/\/psol50.org.br\/rest\/wp\/v2\/users\/2"}],"replies":[{"embeddable":true,"href":"https:\/\/psol50.org.br\/rest\/wp\/v2\/comments?post=674"}],"version-history":[{"count":0,"href":"https:\/\/psol50.org.br\/rest\/wp\/v2\/posts\/674\/revisions"}],"wp:attachment":[{"href":"https:\/\/psol50.org.br\/rest\/wp\/v2\/media?parent=674"}],"wp:term":[{"taxonomy":"category","embeddable":true,"href":"https:\/\/psol50.org.br\/rest\/wp\/v2\/categories?post=674"},{"taxonomy":"post_tag","embeddable":true,"href":"https:\/\/psol50.org.br\/rest\/wp\/v2\/tags?post=674"}],"curies":[{"name":"wp","href":"https:\/\/api.w.org\/{rel}","templated":true}]}}