{"id":684,"date":"2008-05-13T00:00:00","date_gmt":"2008-05-13T00:00:00","guid":{"rendered":"http:\/\/psol50.org.br\/arquivo\/2008\/05\/13\/resolucao-do-ii-encontro-nacional-da-intersindical\/"},"modified":"2008-05-13T00:00:00","modified_gmt":"2008-05-13T00:00:00","slug":"resolucao-do-ii-encontro-nacional-da-intersindical","status":"publish","type":"post","link":"https:\/\/psol50.org.br\/resolucao-do-ii-encontro-nacional-da-intersindical\/","title":{"rendered":"Resolu\u00e7\u00e3o do II Encontro Nacional da INTERSINDICAL"},"content":{"rendered":"<p>A Intersindical decide construir uma plataforma unit\u00e1ria de lutas e abrir um debate sobre a necess\u00e1ria a constru\u00e7\u00e3o de uma Central Sindical ampla, plural, classista, democr\u00e1tica.<\/p>\n<p><!--more--><\/p>\n<p>Resolu\u00e7\u00e3o votada no II Encontro Nacional da Intersindical<\/p>\n<p>Diante da gravidade da crise do capitalismo, que tem como conseq\u00fc\u00eancia o aumento ainda maior dos ataques aos direitos dos\/das trabalhadores\/trabalhadoras, \u00e0 autodetermina\u00e7\u00e3o dos povos e a degrada\u00e7\u00e3o da vida e do planeta, a INTERSINDICAL est\u00e1 chamada no seu II Encontro Nacional a aprofundar sua reflex\u00e3o sobre a reorganiza\u00e7\u00e3o do movimento sindical no Brasil e a definir um plano de a\u00e7\u00e3o que amplie e fortale\u00e7a\u00a0 a luta\u00a0 contra as pol\u00edticas neoliberais do Governo Lula e contra os ataques do capital.<\/p>\n<p>Enquanto Lula cassa os direitos trabalhistas, sociais, previdenci\u00e1rios e sindicais; congela sal\u00e1rios do funcionalismo, imp\u00f5e a avalia\u00e7\u00e3o de desempenho como instrumento de pol\u00edtica salarial, press\u00e3o e demiss\u00e3o de servidores\/servidoras; discrimina aposentados\/aposentadas e castra o sonho da aposentadoria; adota uma pol\u00edtica que favorece a corrup\u00e7\u00e3o e a sangria dos recursos p\u00fablicos, para beneficiar o grande capital e cooptar aliados.<\/p>\n<p>S\u00f3 em 2007, o governo federal pagou R$ 237 bilh\u00f5es aos banqueiros e ao grande capital, nacional e internacional. Para a sa\u00fade sobrou apenas R$ 40 bi, para a educa\u00e7\u00e3o R$ 20 bi e a Reforma Agr\u00e1ria R$ 3,5 bi. Esse \u00e9 o quadro que favorece as doen\u00e7as, a morte, epidemias como a dengue que se alastra pelo pa\u00eds, a viol\u00eancia na cidade e no campo, a fome, a desesperan\u00e7a e o medo.<\/p>\n<p>O Bolsa-Fam\u00edlia, t\u00e3o alardeado pelos governistas, custa apenas 1% do PIB para ser distribu\u00eddo a cerca de 30 milh\u00f5es de trabalhadores pobres, enquanto meia d\u00fazia de banqueiros e financistas abocanham bilh\u00f5es e bilh\u00f5es do dinheiro p\u00fablico.\u00a0\u00a0 \u00a0<\/p>\n<p>A coopta\u00e7\u00e3o atrav\u00e9s dos instrumentos do governo Lula, num quadro j\u00e1 de dificuldades em fun\u00e7\u00e3o da reestrutura\u00e7\u00e3o, aumentou a fragmenta\u00e7\u00e3o e a dispers\u00e3o, por um lado, e um intenso processo de criminaliza\u00e7\u00e3o dos que lutam, por outro, s\u00e3o elementos que contribuem para desarmar os trabalhadores diante dos ataques aos direitos. Enfrentar essa situa\u00e7\u00e3o exige reconstruir la\u00e7os de solidariedade e unidade com os setores que n\u00e3o se renderam, pois do outro lado estar\u00e3o as centrais governistas unidas pelos bilion\u00e1rios recursos e cargos. A capitula\u00e7\u00e3o da CUT e sua fal\u00eancia como instrumento de unifica\u00e7\u00e3o e representa\u00e7\u00e3o dos interesses imediatos e hist\u00f3ricos encerra o ciclo CUT\/PT. \u00c9 nesse contexto que se d\u00e1 um processo de reorganiza\u00e7\u00e3o do movimento sindical, da esquerda e do conjunto dos movimentos sociais, onde a Intersindical \u00e9 parte decisiva.<\/p>\n<p>Por todas essas raz\u00f5es, o II Encontro Nacional da Intersindical resolve:<\/p>\n<p>a) construir uma plataforma unit\u00e1ria de lutas e impulsionar a unidade atrav\u00e9s de organismos a exemplo do F\u00f3rum Nacional de Mobiliza\u00e7\u00f5es, aprovado no Encontro Nacional contra as Reformas Neoliberais, de 25 de Mar\u00e7o de 2007, ampliando para outros importantes setores, particularmente o MST.<\/p>\n<p>b) Para fazer avan\u00e7ar a unidade, fortalecer a luta e reorganizar o movimento sindical em patamares superiores entende tamb\u00e9m, que \u00e9 necess\u00e1ria a constru\u00e7\u00e3o de uma Central Sindical ampla, plural, classista, democr\u00e1tica, que seja livre, independente e aut\u00f4noma, frente aos patr\u00f5es, ao Estado e aos partidos pol\u00edticos, organizada pela base, que defenda a unidade da classe como valor estrat\u00e9gico, que unifique todos os setores que n\u00e3o se renderam \u00e0 l\u00f3gica neoliberal e \u00e0s benesses do poder e se mant\u00e9m determinados a seguir na luta contra o neoliberalismo e o capital, e pela constru\u00e7\u00e3o de uma sociedade sem explorados nem exploradores \u2013 uma sociedade socialista.<\/p>\n<p>c) organizar internamente essa discuss\u00e3o nos sindicatos e nos locais de trabalho, bem como impulsionar o debate com outras organiza\u00e7\u00f5es, como a Conlutas e seus diversos setores e todos os que se dispuserem a enfrentar o capital e o governo Lula e demais governos. Para a Intersindical, \u00e9 condi\u00e7\u00e3o essencial para a constru\u00e7\u00e3o de um novo instrumento e uma nova pr\u00e1tica sindical refletir sobre os seguintes temas: estrat\u00e9gia, concep\u00e7\u00e3o e pr\u00e1tica, car\u00e1ter e composi\u00e7\u00e3o da central sindical, organiza\u00e7\u00e3o por local de trabalho, realidade da classe e de suas organiza\u00e7\u00f5es. A realidade brasileira exige a constru\u00e7\u00e3o de uma Central Sindical, que organize e represente de conjunto, o mundo do trabalho, dos setores formais ou informais, da cidade e do campo, ativo ou aposentado, categorias j\u00e1 organizadas em sindicatos, bem como os precarizados como terceirizados, estagi\u00e1rios, cooperativados, prestadores de servi\u00e7os, ambulantes e todas as formas de interposi\u00e7\u00e3o ou contrata\u00e7\u00e3o fraudulenta de m\u00e3o-de-obra.<\/p>\n","protected":false},"excerpt":{"rendered":"<p>A Intersindical decide construir uma plataforma unit\u00e1ria de lutas e abrir um debate sobre a necess\u00e1ria a constru\u00e7\u00e3o de uma Central Sindical ampla, plural, classista, democr\u00e1tica.<\/p>\n","protected":false},"author":2,"featured_media":0,"comment_status":"open","ping_status":"open","sticky":false,"template":"","format":"standard","meta":{"_acf_changed":false,"footnotes":""},"categories":[4766,1104],"tags":[],"class_list":{"0":"post-684","1":"post","2":"type-post","3":"status-publish","4":"format-standard","6":"category-arquivo","7":"category-movimento"},"acf":[],"yoast_head":"<!-- This site is optimized with the Yoast SEO plugin v26.5 - https:\/\/yoast.com\/wordpress\/plugins\/seo\/ -->\n<title>Resolu\u00e7\u00e3o do II Encontro Nacional da INTERSINDICAL - PSOL 50<\/title>\n<meta name=\"robots\" content=\"index, follow, max-snippet:-1, max-image-preview:large, max-video-preview:-1\" \/>\n<link rel=\"canonical\" href=\"https:\/\/psol50.org.br\/resolucao-do-ii-encontro-nacional-da-intersindical\/\" \/>\n<meta property=\"og:locale\" content=\"pt_BR\" \/>\n<meta property=\"og:type\" content=\"article\" \/>\n<meta property=\"og:title\" content=\"Resolu\u00e7\u00e3o do II Encontro Nacional da INTERSINDICAL - PSOL 50\" \/>\n<meta property=\"og:description\" content=\"A Intersindical decide construir uma plataforma unit\u00e1ria de lutas e abrir um debate sobre a necess\u00e1ria a constru\u00e7\u00e3o de uma Central Sindical ampla, plural, classista, democr\u00e1tica.\" \/>\n<meta property=\"og:url\" content=\"https:\/\/psol50.org.br\/resolucao-do-ii-encontro-nacional-da-intersindical\/\" \/>\n<meta property=\"og:site_name\" content=\"PSOL 50\" \/>\n<meta property=\"article:publisher\" content=\"https:\/\/www.facebook.com\/psol50\" \/>\n<meta property=\"article:published_time\" content=\"2008-05-13T00:00:00+00:00\" \/>\n<meta property=\"og:image\" content=\"https:\/\/psol50.org.br\/inc\/uploads\/2018\/07\/capa.png\" \/>\n\t<meta property=\"og:image:width\" content=\"1350\" \/>\n\t<meta property=\"og:image:height\" content=\"900\" \/>\n\t<meta property=\"og:image:type\" content=\"image\/png\" \/>\n<meta name=\"author\" content=\"Comunica\u00e7\u00e3o PSOL\" \/>\n<meta name=\"twitter:card\" content=\"summary_large_image\" \/>\n<meta name=\"twitter:creator\" content=\"@psol50\" \/>\n<meta name=\"twitter:site\" content=\"@psol50\" \/>\n<meta name=\"twitter:label1\" content=\"Escrito por\" \/>\n\t<meta name=\"twitter:data1\" content=\"Comunica\u00e7\u00e3o PSOL\" \/>\n\t<meta name=\"twitter:label2\" content=\"Est. tempo de leitura\" \/>\n\t<meta name=\"twitter:data2\" content=\"4 minutos\" \/>\n<script type=\"application\/ld+json\" class=\"yoast-schema-graph\">{\"@context\":\"https:\/\/schema.org\",\"@graph\":[{\"@type\":\"Article\",\"@id\":\"https:\/\/psol50.org.br\/resolucao-do-ii-encontro-nacional-da-intersindical\/#article\",\"isPartOf\":{\"@id\":\"https:\/\/psol50.org.br\/resolucao-do-ii-encontro-nacional-da-intersindical\/\"},\"author\":{\"name\":\"Comunica\u00e7\u00e3o PSOL\",\"@id\":\"https:\/\/psol50.org.br\/#\/schema\/person\/475dfa57d0b815993c714c2e96491fcd\"},\"headline\":\"Resolu\u00e7\u00e3o do II Encontro Nacional da INTERSINDICAL\",\"datePublished\":\"2008-05-13T00:00:00+00:00\",\"mainEntityOfPage\":{\"@id\":\"https:\/\/psol50.org.br\/resolucao-do-ii-encontro-nacional-da-intersindical\/\"},\"wordCount\":810,\"commentCount\":0,\"publisher\":{\"@id\":\"https:\/\/psol50.org.br\/#organization\"},\"articleSection\":[\"Arquivo\",\"Movimento\"],\"inLanguage\":\"pt-BR\",\"potentialAction\":[{\"@type\":\"CommentAction\",\"name\":\"Comment\",\"target\":[\"https:\/\/psol50.org.br\/resolucao-do-ii-encontro-nacional-da-intersindical\/#respond\"]}]},{\"@type\":\"WebPage\",\"@id\":\"https:\/\/psol50.org.br\/resolucao-do-ii-encontro-nacional-da-intersindical\/\",\"url\":\"https:\/\/psol50.org.br\/resolucao-do-ii-encontro-nacional-da-intersindical\/\",\"name\":\"Resolu\u00e7\u00e3o do II Encontro Nacional da INTERSINDICAL - PSOL 50\",\"isPartOf\":{\"@id\":\"https:\/\/psol50.org.br\/#website\"},\"datePublished\":\"2008-05-13T00:00:00+00:00\",\"breadcrumb\":{\"@id\":\"https:\/\/psol50.org.br\/resolucao-do-ii-encontro-nacional-da-intersindical\/#breadcrumb\"},\"inLanguage\":\"pt-BR\",\"potentialAction\":[{\"@type\":\"ReadAction\",\"target\":[\"https:\/\/psol50.org.br\/resolucao-do-ii-encontro-nacional-da-intersindical\/\"]}]},{\"@type\":\"BreadcrumbList\",\"@id\":\"https:\/\/psol50.org.br\/resolucao-do-ii-encontro-nacional-da-intersindical\/#breadcrumb\",\"itemListElement\":[{\"@type\":\"ListItem\",\"position\":1,\"name\":\"In\u00edcio\",\"item\":\"https:\/\/psol50.org.br\/\"},{\"@type\":\"ListItem\",\"position\":2,\"name\":\"Resolu\u00e7\u00e3o do II Encontro Nacional da INTERSINDICAL\"}]},{\"@type\":\"WebSite\",\"@id\":\"https:\/\/psol50.org.br\/#website\",\"url\":\"https:\/\/psol50.org.br\/\",\"name\":\"PSOL 50\",\"description\":\"Site oficial do Partido Socialismo e Liberdade\",\"publisher\":{\"@id\":\"https:\/\/psol50.org.br\/#organization\"},\"alternateName\":\"PSOL50\",\"potentialAction\":[{\"@type\":\"SearchAction\",\"target\":{\"@type\":\"EntryPoint\",\"urlTemplate\":\"https:\/\/psol50.org.br\/?s={search_term_string}\"},\"query-input\":{\"@type\":\"PropertyValueSpecification\",\"valueRequired\":true,\"valueName\":\"search_term_string\"}}],\"inLanguage\":\"pt-BR\"},{\"@type\":\"Organization\",\"@id\":\"https:\/\/psol50.org.br\/#organization\",\"name\":\"PSOL 50\",\"alternateName\":\"PSOL 50\",\"url\":\"https:\/\/psol50.org.br\/\",\"logo\":{\"@type\":\"ImageObject\",\"inLanguage\":\"pt-BR\",\"@id\":\"https:\/\/psol50.org.br\/#\/schema\/logo\/image\/\",\"url\":\"https:\/\/psol50.org.br\/inc\/uploads\/2018\/07\/capa.png\",\"contentUrl\":\"https:\/\/psol50.org.br\/inc\/uploads\/2018\/07\/capa.png\",\"width\":1350,\"height\":900,\"caption\":\"PSOL 50\"},\"image\":{\"@id\":\"https:\/\/psol50.org.br\/#\/schema\/logo\/image\/\"},\"sameAs\":[\"https:\/\/www.facebook.com\/psol50\",\"https:\/\/x.com\/psol50\",\"https:\/\/www.instagram.com\/psol50\/\",\"https:\/\/www.youtube.com\/channel\/UC7SnJS5o1os7a6CaiNabzcg\"]},{\"@type\":\"Person\",\"@id\":\"https:\/\/psol50.org.br\/#\/schema\/person\/475dfa57d0b815993c714c2e96491fcd\",\"name\":\"Comunica\u00e7\u00e3o PSOL\",\"image\":{\"@type\":\"ImageObject\",\"inLanguage\":\"pt-BR\",\"@id\":\"https:\/\/psol50.org.br\/#\/schema\/person\/image\/\",\"url\":\"https:\/\/secure.gravatar.com\/avatar\/b34fc4f4e468a4e51785917065a3db57b841f5c95dba6ad8c73aaf8f66f8f9bf?s=96&d=mm&r=g\",\"contentUrl\":\"https:\/\/secure.gravatar.com\/avatar\/b34fc4f4e468a4e51785917065a3db57b841f5c95dba6ad8c73aaf8f66f8f9bf?s=96&d=mm&r=g\",\"caption\":\"Comunica\u00e7\u00e3o PSOL\"}}]}<\/script>\n<!-- \/ Yoast SEO plugin. -->","yoast_head_json":{"title":"Resolu\u00e7\u00e3o do II Encontro Nacional da INTERSINDICAL - PSOL 50","robots":{"index":"index","follow":"follow","max-snippet":"max-snippet:-1","max-image-preview":"max-image-preview:large","max-video-preview":"max-video-preview:-1"},"canonical":"https:\/\/psol50.org.br\/resolucao-do-ii-encontro-nacional-da-intersindical\/","og_locale":"pt_BR","og_type":"article","og_title":"Resolu\u00e7\u00e3o do II Encontro Nacional da INTERSINDICAL - PSOL 50","og_description":"A Intersindical decide construir uma plataforma unit\u00e1ria de lutas e abrir um debate sobre a necess\u00e1ria a constru\u00e7\u00e3o de uma Central Sindical ampla, plural, classista, democr\u00e1tica.","og_url":"https:\/\/psol50.org.br\/resolucao-do-ii-encontro-nacional-da-intersindical\/","og_site_name":"PSOL 50","article_publisher":"https:\/\/www.facebook.com\/psol50","article_published_time":"2008-05-13T00:00:00+00:00","og_image":[{"width":1350,"height":900,"url":"https:\/\/psol50.org.br\/inc\/uploads\/2018\/07\/capa.png","type":"image\/png"}],"author":"Comunica\u00e7\u00e3o PSOL","twitter_card":"summary_large_image","twitter_creator":"@psol50","twitter_site":"@psol50","twitter_misc":{"Escrito por":"Comunica\u00e7\u00e3o PSOL","Est. tempo de leitura":"4 minutos"},"schema":{"@context":"https:\/\/schema.org","@graph":[{"@type":"Article","@id":"https:\/\/psol50.org.br\/resolucao-do-ii-encontro-nacional-da-intersindical\/#article","isPartOf":{"@id":"https:\/\/psol50.org.br\/resolucao-do-ii-encontro-nacional-da-intersindical\/"},"author":{"name":"Comunica\u00e7\u00e3o PSOL","@id":"https:\/\/psol50.org.br\/#\/schema\/person\/475dfa57d0b815993c714c2e96491fcd"},"headline":"Resolu\u00e7\u00e3o do II Encontro Nacional da INTERSINDICAL","datePublished":"2008-05-13T00:00:00+00:00","mainEntityOfPage":{"@id":"https:\/\/psol50.org.br\/resolucao-do-ii-encontro-nacional-da-intersindical\/"},"wordCount":810,"commentCount":0,"publisher":{"@id":"https:\/\/psol50.org.br\/#organization"},"articleSection":["Arquivo","Movimento"],"inLanguage":"pt-BR","potentialAction":[{"@type":"CommentAction","name":"Comment","target":["https:\/\/psol50.org.br\/resolucao-do-ii-encontro-nacional-da-intersindical\/#respond"]}]},{"@type":"WebPage","@id":"https:\/\/psol50.org.br\/resolucao-do-ii-encontro-nacional-da-intersindical\/","url":"https:\/\/psol50.org.br\/resolucao-do-ii-encontro-nacional-da-intersindical\/","name":"Resolu\u00e7\u00e3o do II Encontro Nacional da INTERSINDICAL - PSOL 50","isPartOf":{"@id":"https:\/\/psol50.org.br\/#website"},"datePublished":"2008-05-13T00:00:00+00:00","breadcrumb":{"@id":"https:\/\/psol50.org.br\/resolucao-do-ii-encontro-nacional-da-intersindical\/#breadcrumb"},"inLanguage":"pt-BR","potentialAction":[{"@type":"ReadAction","target":["https:\/\/psol50.org.br\/resolucao-do-ii-encontro-nacional-da-intersindical\/"]}]},{"@type":"BreadcrumbList","@id":"https:\/\/psol50.org.br\/resolucao-do-ii-encontro-nacional-da-intersindical\/#breadcrumb","itemListElement":[{"@type":"ListItem","position":1,"name":"In\u00edcio","item":"https:\/\/psol50.org.br\/"},{"@type":"ListItem","position":2,"name":"Resolu\u00e7\u00e3o do II Encontro Nacional da INTERSINDICAL"}]},{"@type":"WebSite","@id":"https:\/\/psol50.org.br\/#website","url":"https:\/\/psol50.org.br\/","name":"PSOL 50","description":"Site oficial do Partido Socialismo e Liberdade","publisher":{"@id":"https:\/\/psol50.org.br\/#organization"},"alternateName":"PSOL50","potentialAction":[{"@type":"SearchAction","target":{"@type":"EntryPoint","urlTemplate":"https:\/\/psol50.org.br\/?s={search_term_string}"},"query-input":{"@type":"PropertyValueSpecification","valueRequired":true,"valueName":"search_term_string"}}],"inLanguage":"pt-BR"},{"@type":"Organization","@id":"https:\/\/psol50.org.br\/#organization","name":"PSOL 50","alternateName":"PSOL 50","url":"https:\/\/psol50.org.br\/","logo":{"@type":"ImageObject","inLanguage":"pt-BR","@id":"https:\/\/psol50.org.br\/#\/schema\/logo\/image\/","url":"https:\/\/psol50.org.br\/inc\/uploads\/2018\/07\/capa.png","contentUrl":"https:\/\/psol50.org.br\/inc\/uploads\/2018\/07\/capa.png","width":1350,"height":900,"caption":"PSOL 50"},"image":{"@id":"https:\/\/psol50.org.br\/#\/schema\/logo\/image\/"},"sameAs":["https:\/\/www.facebook.com\/psol50","https:\/\/x.com\/psol50","https:\/\/www.instagram.com\/psol50\/","https:\/\/www.youtube.com\/channel\/UC7SnJS5o1os7a6CaiNabzcg"]},{"@type":"Person","@id":"https:\/\/psol50.org.br\/#\/schema\/person\/475dfa57d0b815993c714c2e96491fcd","name":"Comunica\u00e7\u00e3o PSOL","image":{"@type":"ImageObject","inLanguage":"pt-BR","@id":"https:\/\/psol50.org.br\/#\/schema\/person\/image\/","url":"https:\/\/secure.gravatar.com\/avatar\/b34fc4f4e468a4e51785917065a3db57b841f5c95dba6ad8c73aaf8f66f8f9bf?s=96&d=mm&r=g","contentUrl":"https:\/\/secure.gravatar.com\/avatar\/b34fc4f4e468a4e51785917065a3db57b841f5c95dba6ad8c73aaf8f66f8f9bf?s=96&d=mm&r=g","caption":"Comunica\u00e7\u00e3o PSOL"}}]}},"_links":{"self":[{"href":"https:\/\/psol50.org.br\/rest\/wp\/v2\/posts\/684","targetHints":{"allow":["GET"]}}],"collection":[{"href":"https:\/\/psol50.org.br\/rest\/wp\/v2\/posts"}],"about":[{"href":"https:\/\/psol50.org.br\/rest\/wp\/v2\/types\/post"}],"author":[{"embeddable":true,"href":"https:\/\/psol50.org.br\/rest\/wp\/v2\/users\/2"}],"replies":[{"embeddable":true,"href":"https:\/\/psol50.org.br\/rest\/wp\/v2\/comments?post=684"}],"version-history":[{"count":0,"href":"https:\/\/psol50.org.br\/rest\/wp\/v2\/posts\/684\/revisions"}],"wp:attachment":[{"href":"https:\/\/psol50.org.br\/rest\/wp\/v2\/media?parent=684"}],"wp:term":[{"taxonomy":"category","embeddable":true,"href":"https:\/\/psol50.org.br\/rest\/wp\/v2\/categories?post=684"},{"taxonomy":"post_tag","embeddable":true,"href":"https:\/\/psol50.org.br\/rest\/wp\/v2\/tags?post=684"}],"curies":[{"name":"wp","href":"https:\/\/api.w.org\/{rel}","templated":true}]}}