{"id":693,"date":"2005-11-22T00:00:00","date_gmt":"2005-11-22T00:00:00","guid":{"rendered":"http:\/\/psol50.org.br\/arquivo\/2005\/11\/22\/joao-alfredo-critica-atuacao-do-governo-na-reforma-agraria\/"},"modified":"2005-11-22T00:00:00","modified_gmt":"2005-11-22T00:00:00","slug":"joao-alfredo-critica-atuacao-do-governo-na-reforma-agraria","status":"publish","type":"post","link":"https:\/\/psol50.org.br\/joao-alfredo-critica-atuacao-do-governo-na-reforma-agraria\/","title":{"rendered":"Jo\u00e3o Alfredo critica atua\u00e7\u00e3o do governo na reforma agr\u00e1ria"},"content":{"rendered":"<p><a href=\"http:\/\/www.camara.gov.br\/internet\/bancoimagem\/banco\/DSC_02142211es.jpg\" target=\"_blank\" rel=\"noopener\"><img loading=\"lazy\" decoding=\"async\" width=\"60\" vspace=\"4\" hspace=\"4\" height=\"40\" border=\"0\" align=\"left\" src=\"images\/stories\/fotos\/micro051122joao.jpg\" alt=\"Clique para ampliar\" title=\"Clique para ampliar\" \/><\/a>O relator da CPMI da Terra denunciou a alta concentra&ccedil;&atilde;o fundi\u00e1ria do pa\u00eds e n&atilde;o<br \/>\npoupou cr\u00edticas ao governo federal por n&atilde;o cumprir a meta prevista no II Plano Nacional de Reforma Agr\u00e1ria.<\/p>\n<p><!--more--><\/p>\n<p>O relator da CPMI da Terra, deputado Jo&atilde;o Alfredo (P-SOL\/CE), n&atilde;o<br \/>\npoupou cr\u00edticas ao governo federal por n&atilde;o cumprir a meta prevista no<br \/>\nsegundo Plano Nacional de Reforma Agr\u00e1ria. A culpa, segundo ele, \u00e9 de<br \/>\numa &quot;pol\u00edtica econ&ocirc;mica equivocada, que transfere recursos que deveriam<br \/>\nser investidos em a&ccedil;&otilde;es sociais, como a reforma agr\u00e1ria, para o setor<br \/>\nfinanceiro&quot;. <\/p>\n<p>Jo&atilde;o Alfredo lamentou que o governo federal at\u00e9 o momento tenha<br \/>\ncumprido apenas 45% das metas previstas para a reforma agr\u00e1ria. &quot;Com o<br \/>\ncorte de 40% dos recursos or&ccedil;ament\u00e1rios previstos para desapropria&ccedil;&otilde;es<br \/>\nno Or&ccedil;amento deste ano, o governo n&atilde;o vai conseguir cumprir as suas<br \/>\npromessas&quot;, disse.<\/p>\n<p>\n<strong>2% da popula&ccedil;&atilde;o t&ecirc;m quase metade das terras, diz relator<\/strong><\/p>\n<p>O relator disse que o principal entrave para a resolu&ccedil;&atilde;o dos<br \/>\nconflitos no campo \u00e9 alta concentra&ccedil;&atilde;o fundi\u00e1ria existente no Pa\u00eds.<br \/>\nSegundo ele, cerca de 1,6% da popula&ccedil;&atilde;o ret\u00e9m 46,8% das terras. &quot;Com<br \/>\nisso, 5 milh&otilde;es de fam\u00edlias vivem no meio rural com menos de dois<br \/>\nsal\u00e1rio m\u00ednimos de renda mensal&quot;, afirmou.<\/p>\n<p>Durante a leitura de seu relat\u00f3rio, o deputado ressaltou ainda que,<br \/>\nembora representem 90,4% dos im\u00f3veis, as pequenas propriedades abrangem<br \/>\napenas 27% da \u00e1rea cadastrada.<\/p>\n<p>\n<strong>Criticas &agrave; vis&atilde;o policial sobre conflito nos estados<\/strong><\/p>\n<p>O relat\u00f3rio final da CPMI da Terra avalia a situa&ccedil;&atilde;o fundi\u00e1ria nos<br \/>\nestados de Pernambuco, Par\u00e1, S&atilde;o Paulo, Rond&ocirc;nia, Paran\u00e1, Minas Gerais,<br \/>\nMato Grosso, Cear\u00e1 e Amap\u00e1. A conclus&atilde;o \u00e9 que, apesar das<br \/>\nparticularidades regionais, as causas dos conflitos s&atilde;o praticamente as<br \/>\nmesmas.<\/p>\n<p>Em termos gerais, Jo&atilde;o Alfredo aponta que &quot;um dos grandes erros das<br \/>\nautoridades estaduais \u00e9 tratar o assunto como se fosse caso de pol\u00edcia<br \/>\ne n&atilde;o um problema social que est\u00e1 atrelado a um quadro de desemprego,<br \/>\nfalta de terras p\u00fablicas para reforma agr\u00e1ria e concentra&ccedil;&atilde;o da<br \/>\npropriedade das terras particulares&quot;.<\/p>\n<p>Em termos espec\u00edficos, o relat\u00f3rio destaca a rela&ccedil;&atilde;o entre esse<br \/>\nquadro e a ocorr&ecirc;ncia de trabalho escravo (ou similar) e da pistolagem,<br \/>\nno casos do Par\u00e1, de Minas Gerais e de Mato Grosso. No Paran\u00e1, o texto<br \/>\natribui &agrave;s mil\u00edcias privadas e ao tr\u00e1fico de armas o agravamento dos<br \/>\nconflitos e o elevado \u00edndice de assassinatos no campo.<\/p>\n<p>O relat\u00f3rio destaca ainda a regi&atilde;o do Pontal do Paranapanema, no<br \/>\noeste de S&atilde;o Paulo, onde a pecu\u00e1ria extensiva e a estagna&ccedil;&atilde;o da<br \/>\neconomia regional &quot;t&ecirc;m feito crescer o desemprego e levado muitas<br \/>\nfam\u00edlias a procurar ocupa&ccedil;&atilde;o na atividade prim\u00e1ria, para a qual a terra<br \/>\n\u00e9 essencial&quot;.<\/p>\n<p>\n<strong>Aprova&ccedil;&atilde;o da PEC do Trabalho Escravo<\/strong> <\/p>\n<p>O deputado Jo&atilde;o Alfredo cobrou a aprova&ccedil;&atilde;o da PEC do Trabalho<br \/>\nEscravo com o argumento de que os propriet\u00e1rios rurais que usam o<br \/>\ntrabalho escravo recebem como puni&ccedil;&atilde;o apenas multas. Para o deputado, o<br \/>\ncorreto seria a desapropria&ccedil;&atilde;o das propriedades em que esse tipo de<br \/>\npr\u00e1tica for utilizado. <\/p>\n<p>Em seu relat\u00f3rio, ele aponta conex&atilde;o entre trabalho escravo,<br \/>\ndevasta&ccedil;&atilde;o da floresta amaz&ocirc;nica e sonega&ccedil;&atilde;o fiscal. &quot;A Amaz&ocirc;nia vem<br \/>\nsendo ocupada desordenadamente com o emprego de trabalho escravo e<br \/>\ndesrespeito &agrave; legisla&ccedil;&atilde;o tribut\u00e1ria&quot;, avaliou. <\/p>\n<p>\n<strong>Diagn\u00f3stico<\/strong><\/p>\n<p>A an\u00e1lise sobre a estrutura fundi\u00e1ria brasileira realizada pela CPMI<br \/>\nda Terra identifica as causas principais para o conflito no campo. A<br \/>\nprimeiro delas \u00e9 a concentra&ccedil;&atilde;o da propriedade da terra, com o<br \/>\nconseq&uuml;ente empobrecimento daqueles que n&atilde;o t&ecirc;m acesso &agrave; terra, o que<br \/>\nleva &agrave; migra&ccedil;&atilde;o de trabalhadores rurais para as periferias e favelas<br \/>\ndas grandes cidades.<\/p>\n<p>O cen\u00e1rio traz como conseq&uuml;&ecirc;ncias n&atilde;o s\u00f3 a viol&ecirc;ncia no campo, mas<br \/>\ntamb\u00e9m a viol&ecirc;ncia urbana. Al\u00e9m disso, o texto destaca a resist&ecirc;ncia<br \/>\ndos trabalhadores, &quot;que t&ecirc;m na luta pela terra a \u00fanica alternativa de<br \/>\nsobreviv&ecirc;ncia&quot;. <\/p>\n<p>Todos esses fatores, na avalia&ccedil;&atilde;o do relator, entrela&ccedil;am-se de tal<br \/>\nmodo que &quot;somente ser\u00e1 poss\u00edvel resolver a problem\u00e1tica da viol&ecirc;ncia no<br \/>\ncampo se for realizada uma verdadeira reforma agr\u00e1ria, que, por sua<br \/>\nvez, passa pela desconcentra&ccedil;&atilde;o fundi\u00e1ria e pelo estabelecimento de<br \/>\nnovas rela&ccedil;&otilde;es sociais, pol\u00edticas e econ&ocirc;micas no meio rural&quot;.<\/p>\n<p>\n<strong>A&ccedil;&otilde;es concretas para reforma agr\u00e1ria<\/strong><\/p>\n<p>O parecer do relator recomenda a&ccedil;&otilde;es concretas e urgentes para<br \/>\napressar a reforma agr\u00e1ria no Brasil e diminuir os conflitos fundi\u00e1rios<br \/>\ne a viol&ecirc;ncia no campo. As sugest&otilde;es, que passam de 150, s&atilde;o feitas ao<br \/>\npresidente da Rep\u00fablica, ao Congresso Nacional, ao Tribunal de Contas<br \/>\nda Uni&atilde;o (TCU), ao Poder Judici\u00e1rio, ao Minist\u00e9rio P\u00fablico e aos<br \/>\ngovernadores.<\/p>\n<p>Ao presidente da Rep\u00fablica, por exemplo, o relat\u00f3rio recomenda o<br \/>\ncumprimento das metas previstas no Plano Nacional de Reforma Agr\u00e1ria; o<br \/>\nCadastro de Im\u00f3veis Rurais, criado pela Lei 10267\/01; al\u00e9m do combate &agrave;<br \/>\ngrilagem e ao trabalho escravo e da ado&ccedil;&atilde;o de pol\u00edticas de controle das<br \/>\nempresas de seguran&ccedil;a privada para evitar conflitos decorrentes de<br \/>\ninvas&otilde;es.<\/p>\n<p>O texto prev&ecirc; tamb\u00e9m a implementa&ccedil;&atilde;o de pol\u00edticas p\u00fablicas para<br \/>\nassist&ecirc;ncia t\u00e9cnica, jur\u00eddica e social &agrave;s fam\u00edlias de assentamentos j\u00e1<br \/>\nrealizados. Outra medida sugerida \u00e9 a cria&ccedil;&atilde;o de ouvidorias agr\u00e1rias<br \/>\nfederais, para maximizar o trabalho de preven&ccedil;&atilde;o extrajudicial e<br \/>\ndescentralizada dos conflitos no campo.<\/p>\n<p>Veja abaixo outras recomenda&ccedil;&otilde;es do relat\u00f3rio:<\/p>\n<p><u>Legislativo<\/u><\/p>\n<p>&#8211; Aprova&ccedil;&atilde;o de medidas legais para estimular a&ccedil;&otilde;es de reforma<br \/>\nagr\u00e1ria, como garantir, na Lei Or&ccedil;ament\u00e1ria de 2006, os recursos<br \/>\nnecess\u00e1rios para o cumprimento das metas previstas no II Plano Nacional<br \/>\nde Reforma Agr\u00e1ria.<\/p>\n<p>&#8211; Aprova&ccedil;&atilde;o da PEC 287\/00, de autoria da deputada Luci Choinacki<br \/>\n(PT-SC), que estabelece o limite da propriedade rural no Brasil em 35<br \/>\nm\u00f3dulos fiscais.<\/p>\n<p>&#8211; Conclus&atilde;o da vota&ccedil;&atilde;o da PEC 438\/01, que estabelece a expropria&ccedil;&atilde;o de propriedades que utilizem trabalho escravo.<\/p>\n<p>&#8211; Cria&ccedil;&atilde;o de comiss&atilde;o para analisar projetos de lei que aprimoram a<br \/>\nlegisla&ccedil;&atilde;o civil referente a indeniza&ccedil;&otilde;es por trabalho escravo e<br \/>\ndesrespeito aos direitos humanos e &agrave; organiza&ccedil;&atilde;o do trabalho.<\/p>\n<p>&#8211; Altera&ccedil;&otilde;es na Lei da Reforma Agr\u00e1ria (8629\/93) para facilitar a<br \/>\nvistoria e a avalia&ccedil;&atilde;o preliminar de im\u00f3veis para fins de<br \/>\ndesapropria&ccedil;&atilde;o.<\/p>\n<p>&#8211; An\u00e1lise das propostas de cria&ccedil;&atilde;o da Justi&ccedil;a Agr\u00e1ria. <\/p>\n<p><u>Tribunal de Contas<\/u><\/p>\n<p>&#8211; Realiza&ccedil;&atilde;o ou conclus&atilde;o de auditorias para apurar irregularidades<br \/>\nem todos os conv&ecirc;nios celebrados entre os \u00f3rg&atilde;os da Uni&atilde;o e entidades<br \/>\ncontratadas para a presta&ccedil;&atilde;o de servi&ccedil;os ao Incra (Instituto Nacional<br \/>\nde Coloniza&ccedil;&atilde;o e Reforma Agr\u00e1ria). Entre as institui&ccedil;&otilde;es citadas est\u00e1 o<br \/>\nInstituto T\u00e9cnico de Capacita&ccedil;&atilde;o e Pesquisa da Reforma Agr\u00e1ria<br \/>\n(Iterra), que entre 1998 e 2005 recebeu R$ 9,4 milh&otilde;es para forma&ccedil;&atilde;o de<br \/>\ntrabalhadores rurais. Tamb\u00e9m aparecem no relat\u00f3rio a Associa&ccedil;&atilde;o<br \/>\nNacional de Cooperativas Agr\u00edcolas (Anca) e a Organiza&ccedil;&atilde;o das<br \/>\nCooperativas Brasileiras (OCBB), entre outras entidades ligadas aos<br \/>\nmovimentos de trabalhadores rurais sem terra.<\/p>\n<p><u>Judici\u00e1rio e Minist\u00e9rio P\u00fablico<\/u><\/p>\n<p>&#8211; Prioriza&ccedil;&atilde;o do julgamento das a&ccedil;&otilde;es e dos recursos judiciais sobre<br \/>\ndesapropria&ccedil;&atilde;o, discrimina&ccedil;&atilde;o de terras devolutas e retomada de terras<br \/>\np\u00fablicas, para tornar mais \u00e1gil a reforma agr\u00e1ria e viabilizar a<br \/>\nJusti&ccedil;a no campo.<\/p>\n<p>&#8211; Reativa&ccedil;&atilde;o do Grupo de Trabalho da Procuradoria Federal dos<br \/>\nDireitos do Cidad&atilde;o da Procuradoria da Rep\u00fablica sobre Trabalho Escravo.<\/p>\n<p>&#8211; Indiciamento dos casos j\u00e1 investigados e realiza&ccedil;&atilde;o de novas investiga&ccedil;&otilde;es.<\/p>\n<p><u>Estados<\/u><\/p>\n<p>Para as recomenda&ccedil;&otilde;es espec\u00edficas &agrave;s autoridades estaduais, o texto<br \/>\nconsiderou a situa&ccedil;&atilde;o particular de cada local, a partir dos fatores<br \/>\nque causam a viol&ecirc;ncia no campo e os conflitos fundi\u00e1rios. Entre as<br \/>\nprincipais sugest&otilde;es est&atilde;o o combate ao trabalho escravo, medidas para<br \/>\nimpedir a pistolagem e o abuso das mil\u00edcias privadas, al\u00e9m da<br \/>\ndemarca&ccedil;&atilde;o de terras ind\u00edgenas e do maior empenho dos \u00f3rg&atilde;os estaduais<br \/>\nencarregados da fiscaliza&ccedil;&atilde;o e do controle das atividades no campo, em<br \/>\nconjunto com os \u00f3rg&atilde;os federais.<\/p>\n<p>\n<strong>Balan&ccedil;o<\/strong>\n<\/p>\n<p>Ap\u00f3s quase dois anos de funcionamento, a CPMI realizou 43 reuni&otilde;es, 10<br \/>\nviagens e ouviu 125 pessoas, entre elas trabalhadores rurais,<br \/>\npropriet\u00e1rios de terra, entidades representativas de ambos,<br \/>\npesquisadores e autoridades.\n<\/p>\n<p>\n<strong>Fonte:<\/strong> Ag&ecirc;ncia C&acirc;mara<\/p>\n","protected":false},"excerpt":{"rendered":"<p>O relator da CPMI da Terra denunciou a alta concentra&ccedil;&atilde;o fundi\u00e1ria do pa\u00eds e n&atilde;o poupou cr\u00edticas ao governo federal por n&atilde;o cumprir a meta prevista no II Plano Nacional de Reforma Agr\u00e1ria.<\/p>\n","protected":false},"author":2,"featured_media":0,"comment_status":"open","ping_status":"open","sticky":false,"template":"","format":"standard","meta":{"_acf_changed":false,"footnotes":""},"categories":[4766],"tags":[],"class_list":{"0":"post-693","1":"post","2":"type-post","3":"status-publish","4":"format-standard","6":"category-arquivo"},"acf":[],"yoast_head":"<!-- This site is optimized with the Yoast SEO plugin v26.5 - https:\/\/yoast.com\/wordpress\/plugins\/seo\/ -->\n<title>Jo\u00e3o Alfredo critica atua\u00e7\u00e3o do governo na reforma agr\u00e1ria - PSOL 50<\/title>\n<meta name=\"robots\" content=\"index, follow, max-snippet:-1, max-image-preview:large, max-video-preview:-1\" \/>\n<link rel=\"canonical\" href=\"https:\/\/psol50.org.br\/joao-alfredo-critica-atuacao-do-governo-na-reforma-agraria\/\" \/>\n<meta property=\"og:locale\" content=\"pt_BR\" \/>\n<meta property=\"og:type\" content=\"article\" \/>\n<meta property=\"og:title\" content=\"Jo\u00e3o Alfredo critica atua\u00e7\u00e3o do governo na reforma agr\u00e1ria - PSOL 50\" \/>\n<meta property=\"og:description\" content=\"O relator da CPMI da Terra denunciou a alta concentra&ccedil;&atilde;o fundi\u00e1ria do pa\u00eds e n&atilde;o poupou cr\u00edticas ao governo federal por n&atilde;o cumprir a meta prevista no II Plano Nacional de Reforma Agr\u00e1ria.\" \/>\n<meta property=\"og:url\" content=\"https:\/\/psol50.org.br\/joao-alfredo-critica-atuacao-do-governo-na-reforma-agraria\/\" \/>\n<meta property=\"og:site_name\" content=\"PSOL 50\" \/>\n<meta property=\"article:publisher\" content=\"https:\/\/www.facebook.com\/psol50\" \/>\n<meta property=\"article:published_time\" content=\"2005-11-22T00:00:00+00:00\" \/>\n<meta property=\"og:image\" content=\"http:\/\/images\/stories\/fotos\/micro051122joao.jpg\" \/>\n<meta name=\"author\" content=\"Comunica\u00e7\u00e3o PSOL\" \/>\n<meta name=\"twitter:card\" content=\"summary_large_image\" \/>\n<meta name=\"twitter:creator\" content=\"@psol50\" \/>\n<meta name=\"twitter:site\" content=\"@psol50\" \/>\n<meta name=\"twitter:label1\" content=\"Escrito por\" \/>\n\t<meta name=\"twitter:data1\" content=\"Comunica\u00e7\u00e3o PSOL\" \/>\n\t<meta name=\"twitter:label2\" content=\"Est. tempo de leitura\" \/>\n\t<meta name=\"twitter:data2\" content=\"8 minutos\" \/>\n<script type=\"application\/ld+json\" class=\"yoast-schema-graph\">{\"@context\":\"https:\/\/schema.org\",\"@graph\":[{\"@type\":\"Article\",\"@id\":\"https:\/\/psol50.org.br\/joao-alfredo-critica-atuacao-do-governo-na-reforma-agraria\/#article\",\"isPartOf\":{\"@id\":\"https:\/\/psol50.org.br\/joao-alfredo-critica-atuacao-do-governo-na-reforma-agraria\/\"},\"author\":{\"name\":\"Comunica\u00e7\u00e3o PSOL\",\"@id\":\"https:\/\/psol50.org.br\/#\/schema\/person\/475dfa57d0b815993c714c2e96491fcd\"},\"headline\":\"Jo\u00e3o Alfredo critica atua\u00e7\u00e3o do governo na reforma agr\u00e1ria\",\"datePublished\":\"2005-11-22T00:00:00+00:00\",\"mainEntityOfPage\":{\"@id\":\"https:\/\/psol50.org.br\/joao-alfredo-critica-atuacao-do-governo-na-reforma-agraria\/\"},\"wordCount\":1678,\"commentCount\":0,\"publisher\":{\"@id\":\"https:\/\/psol50.org.br\/#organization\"},\"articleSection\":[\"Arquivo\"],\"inLanguage\":\"pt-BR\",\"potentialAction\":[{\"@type\":\"CommentAction\",\"name\":\"Comment\",\"target\":[\"https:\/\/psol50.org.br\/joao-alfredo-critica-atuacao-do-governo-na-reforma-agraria\/#respond\"]}]},{\"@type\":\"WebPage\",\"@id\":\"https:\/\/psol50.org.br\/joao-alfredo-critica-atuacao-do-governo-na-reforma-agraria\/\",\"url\":\"https:\/\/psol50.org.br\/joao-alfredo-critica-atuacao-do-governo-na-reforma-agraria\/\",\"name\":\"Jo\u00e3o Alfredo critica atua\u00e7\u00e3o do governo na reforma agr\u00e1ria - PSOL 50\",\"isPartOf\":{\"@id\":\"https:\/\/psol50.org.br\/#website\"},\"datePublished\":\"2005-11-22T00:00:00+00:00\",\"breadcrumb\":{\"@id\":\"https:\/\/psol50.org.br\/joao-alfredo-critica-atuacao-do-governo-na-reforma-agraria\/#breadcrumb\"},\"inLanguage\":\"pt-BR\",\"potentialAction\":[{\"@type\":\"ReadAction\",\"target\":[\"https:\/\/psol50.org.br\/joao-alfredo-critica-atuacao-do-governo-na-reforma-agraria\/\"]}]},{\"@type\":\"BreadcrumbList\",\"@id\":\"https:\/\/psol50.org.br\/joao-alfredo-critica-atuacao-do-governo-na-reforma-agraria\/#breadcrumb\",\"itemListElement\":[{\"@type\":\"ListItem\",\"position\":1,\"name\":\"In\u00edcio\",\"item\":\"https:\/\/psol50.org.br\/\"},{\"@type\":\"ListItem\",\"position\":2,\"name\":\"Jo\u00e3o Alfredo critica atua\u00e7\u00e3o do governo na reforma agr\u00e1ria\"}]},{\"@type\":\"WebSite\",\"@id\":\"https:\/\/psol50.org.br\/#website\",\"url\":\"https:\/\/psol50.org.br\/\",\"name\":\"PSOL 50\",\"description\":\"Site oficial do Partido Socialismo e Liberdade\",\"publisher\":{\"@id\":\"https:\/\/psol50.org.br\/#organization\"},\"alternateName\":\"PSOL50\",\"potentialAction\":[{\"@type\":\"SearchAction\",\"target\":{\"@type\":\"EntryPoint\",\"urlTemplate\":\"https:\/\/psol50.org.br\/?s={search_term_string}\"},\"query-input\":{\"@type\":\"PropertyValueSpecification\",\"valueRequired\":true,\"valueName\":\"search_term_string\"}}],\"inLanguage\":\"pt-BR\"},{\"@type\":\"Organization\",\"@id\":\"https:\/\/psol50.org.br\/#organization\",\"name\":\"PSOL 50\",\"alternateName\":\"PSOL 50\",\"url\":\"https:\/\/psol50.org.br\/\",\"logo\":{\"@type\":\"ImageObject\",\"inLanguage\":\"pt-BR\",\"@id\":\"https:\/\/psol50.org.br\/#\/schema\/logo\/image\/\",\"url\":\"https:\/\/psol50.org.br\/inc\/uploads\/2018\/07\/capa.png\",\"contentUrl\":\"https:\/\/psol50.org.br\/inc\/uploads\/2018\/07\/capa.png\",\"width\":1350,\"height\":900,\"caption\":\"PSOL 50\"},\"image\":{\"@id\":\"https:\/\/psol50.org.br\/#\/schema\/logo\/image\/\"},\"sameAs\":[\"https:\/\/www.facebook.com\/psol50\",\"https:\/\/x.com\/psol50\",\"https:\/\/www.instagram.com\/psol50\/\",\"https:\/\/www.youtube.com\/channel\/UC7SnJS5o1os7a6CaiNabzcg\"]},{\"@type\":\"Person\",\"@id\":\"https:\/\/psol50.org.br\/#\/schema\/person\/475dfa57d0b815993c714c2e96491fcd\",\"name\":\"Comunica\u00e7\u00e3o PSOL\",\"image\":{\"@type\":\"ImageObject\",\"inLanguage\":\"pt-BR\",\"@id\":\"https:\/\/psol50.org.br\/#\/schema\/person\/image\/\",\"url\":\"https:\/\/secure.gravatar.com\/avatar\/b34fc4f4e468a4e51785917065a3db57b841f5c95dba6ad8c73aaf8f66f8f9bf?s=96&d=mm&r=g\",\"contentUrl\":\"https:\/\/secure.gravatar.com\/avatar\/b34fc4f4e468a4e51785917065a3db57b841f5c95dba6ad8c73aaf8f66f8f9bf?s=96&d=mm&r=g\",\"caption\":\"Comunica\u00e7\u00e3o PSOL\"}}]}<\/script>\n<!-- \/ Yoast SEO plugin. -->","yoast_head_json":{"title":"Jo\u00e3o Alfredo critica atua\u00e7\u00e3o do governo na reforma agr\u00e1ria - PSOL 50","robots":{"index":"index","follow":"follow","max-snippet":"max-snippet:-1","max-image-preview":"max-image-preview:large","max-video-preview":"max-video-preview:-1"},"canonical":"https:\/\/psol50.org.br\/joao-alfredo-critica-atuacao-do-governo-na-reforma-agraria\/","og_locale":"pt_BR","og_type":"article","og_title":"Jo\u00e3o Alfredo critica atua\u00e7\u00e3o do governo na reforma agr\u00e1ria - PSOL 50","og_description":"O relator da CPMI da Terra denunciou a alta concentra&ccedil;&atilde;o fundi\u00e1ria do pa\u00eds e n&atilde;o poupou cr\u00edticas ao governo federal por n&atilde;o cumprir a meta prevista no II Plano Nacional de Reforma Agr\u00e1ria.","og_url":"https:\/\/psol50.org.br\/joao-alfredo-critica-atuacao-do-governo-na-reforma-agraria\/","og_site_name":"PSOL 50","article_publisher":"https:\/\/www.facebook.com\/psol50","article_published_time":"2005-11-22T00:00:00+00:00","og_image":[{"url":"images\/stories\/fotos\/micro051122joao.jpg","type":"","width":"","height":""}],"author":"Comunica\u00e7\u00e3o PSOL","twitter_card":"summary_large_image","twitter_creator":"@psol50","twitter_site":"@psol50","twitter_misc":{"Escrito por":"Comunica\u00e7\u00e3o PSOL","Est. tempo de leitura":"8 minutos"},"schema":{"@context":"https:\/\/schema.org","@graph":[{"@type":"Article","@id":"https:\/\/psol50.org.br\/joao-alfredo-critica-atuacao-do-governo-na-reforma-agraria\/#article","isPartOf":{"@id":"https:\/\/psol50.org.br\/joao-alfredo-critica-atuacao-do-governo-na-reforma-agraria\/"},"author":{"name":"Comunica\u00e7\u00e3o PSOL","@id":"https:\/\/psol50.org.br\/#\/schema\/person\/475dfa57d0b815993c714c2e96491fcd"},"headline":"Jo\u00e3o Alfredo critica atua\u00e7\u00e3o do governo na reforma agr\u00e1ria","datePublished":"2005-11-22T00:00:00+00:00","mainEntityOfPage":{"@id":"https:\/\/psol50.org.br\/joao-alfredo-critica-atuacao-do-governo-na-reforma-agraria\/"},"wordCount":1678,"commentCount":0,"publisher":{"@id":"https:\/\/psol50.org.br\/#organization"},"articleSection":["Arquivo"],"inLanguage":"pt-BR","potentialAction":[{"@type":"CommentAction","name":"Comment","target":["https:\/\/psol50.org.br\/joao-alfredo-critica-atuacao-do-governo-na-reforma-agraria\/#respond"]}]},{"@type":"WebPage","@id":"https:\/\/psol50.org.br\/joao-alfredo-critica-atuacao-do-governo-na-reforma-agraria\/","url":"https:\/\/psol50.org.br\/joao-alfredo-critica-atuacao-do-governo-na-reforma-agraria\/","name":"Jo\u00e3o Alfredo critica atua\u00e7\u00e3o do governo na reforma agr\u00e1ria - PSOL 50","isPartOf":{"@id":"https:\/\/psol50.org.br\/#website"},"datePublished":"2005-11-22T00:00:00+00:00","breadcrumb":{"@id":"https:\/\/psol50.org.br\/joao-alfredo-critica-atuacao-do-governo-na-reforma-agraria\/#breadcrumb"},"inLanguage":"pt-BR","potentialAction":[{"@type":"ReadAction","target":["https:\/\/psol50.org.br\/joao-alfredo-critica-atuacao-do-governo-na-reforma-agraria\/"]}]},{"@type":"BreadcrumbList","@id":"https:\/\/psol50.org.br\/joao-alfredo-critica-atuacao-do-governo-na-reforma-agraria\/#breadcrumb","itemListElement":[{"@type":"ListItem","position":1,"name":"In\u00edcio","item":"https:\/\/psol50.org.br\/"},{"@type":"ListItem","position":2,"name":"Jo\u00e3o Alfredo critica atua\u00e7\u00e3o do governo na reforma agr\u00e1ria"}]},{"@type":"WebSite","@id":"https:\/\/psol50.org.br\/#website","url":"https:\/\/psol50.org.br\/","name":"PSOL 50","description":"Site oficial do Partido Socialismo e Liberdade","publisher":{"@id":"https:\/\/psol50.org.br\/#organization"},"alternateName":"PSOL50","potentialAction":[{"@type":"SearchAction","target":{"@type":"EntryPoint","urlTemplate":"https:\/\/psol50.org.br\/?s={search_term_string}"},"query-input":{"@type":"PropertyValueSpecification","valueRequired":true,"valueName":"search_term_string"}}],"inLanguage":"pt-BR"},{"@type":"Organization","@id":"https:\/\/psol50.org.br\/#organization","name":"PSOL 50","alternateName":"PSOL 50","url":"https:\/\/psol50.org.br\/","logo":{"@type":"ImageObject","inLanguage":"pt-BR","@id":"https:\/\/psol50.org.br\/#\/schema\/logo\/image\/","url":"https:\/\/psol50.org.br\/inc\/uploads\/2018\/07\/capa.png","contentUrl":"https:\/\/psol50.org.br\/inc\/uploads\/2018\/07\/capa.png","width":1350,"height":900,"caption":"PSOL 50"},"image":{"@id":"https:\/\/psol50.org.br\/#\/schema\/logo\/image\/"},"sameAs":["https:\/\/www.facebook.com\/psol50","https:\/\/x.com\/psol50","https:\/\/www.instagram.com\/psol50\/","https:\/\/www.youtube.com\/channel\/UC7SnJS5o1os7a6CaiNabzcg"]},{"@type":"Person","@id":"https:\/\/psol50.org.br\/#\/schema\/person\/475dfa57d0b815993c714c2e96491fcd","name":"Comunica\u00e7\u00e3o PSOL","image":{"@type":"ImageObject","inLanguage":"pt-BR","@id":"https:\/\/psol50.org.br\/#\/schema\/person\/image\/","url":"https:\/\/secure.gravatar.com\/avatar\/b34fc4f4e468a4e51785917065a3db57b841f5c95dba6ad8c73aaf8f66f8f9bf?s=96&d=mm&r=g","contentUrl":"https:\/\/secure.gravatar.com\/avatar\/b34fc4f4e468a4e51785917065a3db57b841f5c95dba6ad8c73aaf8f66f8f9bf?s=96&d=mm&r=g","caption":"Comunica\u00e7\u00e3o PSOL"}}]}},"_links":{"self":[{"href":"https:\/\/psol50.org.br\/rest\/wp\/v2\/posts\/693","targetHints":{"allow":["GET"]}}],"collection":[{"href":"https:\/\/psol50.org.br\/rest\/wp\/v2\/posts"}],"about":[{"href":"https:\/\/psol50.org.br\/rest\/wp\/v2\/types\/post"}],"author":[{"embeddable":true,"href":"https:\/\/psol50.org.br\/rest\/wp\/v2\/users\/2"}],"replies":[{"embeddable":true,"href":"https:\/\/psol50.org.br\/rest\/wp\/v2\/comments?post=693"}],"version-history":[{"count":0,"href":"https:\/\/psol50.org.br\/rest\/wp\/v2\/posts\/693\/revisions"}],"wp:attachment":[{"href":"https:\/\/psol50.org.br\/rest\/wp\/v2\/media?parent=693"}],"wp:term":[{"taxonomy":"category","embeddable":true,"href":"https:\/\/psol50.org.br\/rest\/wp\/v2\/categories?post=693"},{"taxonomy":"post_tag","embeddable":true,"href":"https:\/\/psol50.org.br\/rest\/wp\/v2\/tags?post=693"}],"curies":[{"name":"wp","href":"https:\/\/api.w.org\/{rel}","templated":true}]}}