{"id":7,"date":"2012-09-01T00:00:00","date_gmt":"2012-09-01T00:00:00","guid":{"rendered":"http:\/\/psol50.org.br\/arquivo\/2012\/09\/01\/deputado-ruralista-se-surpreende-com-trabalho-escravo-no-para\/"},"modified":"2012-09-01T00:00:00","modified_gmt":"2012-09-01T00:00:00","slug":"deputado-ruralista-se-surpreende-com-trabalho-escravo-no-para","status":"publish","type":"post","link":"https:\/\/psol50.org.br\/deputado-ruralista-se-surpreende-com-trabalho-escravo-no-para\/","title":{"rendered":"Deputado ruralista se surpreende com trabalho escravo no Par\u00e1"},"content":{"rendered":"<p>\u201cPensei que n\u00e3o existisse mais isso no Brasil.\u201d A declara\u00e7\u00e3o do deputado federal Giovanni Queiroz (PDT-PA), um dos vice-presidentes da Frente Parlamentar da Agropecu\u00e1ria no Congresso Nacional, trata da situa\u00e7\u00e3o de oito v\u00edtimas resgatadas pelo governo federal de condi\u00e7\u00f5es an\u00e1logas \u00e0s de escravos, na semana passada, no Sudeste do Par\u00e1. \u201cVimos uma situa\u00e7\u00e3o vergonhosa, constrangedora. Nunca vi nada t\u00e3o rid\u00edculo\u201d, descreveu.<\/p>\n<p>Queiroz acompanhou uma opera\u00e7\u00e3o do grupo especial de fiscaliza\u00e7\u00e3o m\u00f3vel junto com outros membros da Comiss\u00e3o Parlamentar de Inqu\u00e9rito do Trabalho Escravo da C\u00e2mara dos Deputados. O presidente da CPI, Cl\u00e1udio Puty (PT-PA), o relator, Walter Feldman (PSDB-SP), Ivan Valente (PSol-SP) e ele presenciaram o resgate de pessoas que limpavam o pasto para a\u00a0 atividade pecu\u00e1ria na fazenda Al\u00f4 Brasil, que pertence a Lu\u00eds Batista Mariano, localizada no munic\u00edpio de\u00a0Marab\u00e1. De acordo com Queiroz, o propriet\u00e1rio n\u00e3o tinha \u201cnenhuma desculpa\u201d para tratar\u00a0os empregados de tal\u00a0maneira, pois a fazenda era de meio porte, inclusive com \u201ccurral bem feito\u201d.<\/p>\n<p>O pr\u00f3prio Giovanni Queiroz, antes de ter participado desta a\u00e7\u00e3o de fiscaliza\u00e7\u00e3o, tinha avaliado como \u201cuma piada\u201d casos de trabalho escravo no pa\u00eds, durante audi\u00eancia no Congresso Nacional em 2009. Abaixo, est\u00e3o os principais trechos de mat\u00e9ria de\u00a0<strong>Bianca Pyl<\/strong>, da Rep\u00f3rter Brasil, sobre a opera\u00e7\u00e3o.<\/p>\n<p><a href=\"http:\/\/blogdosakamoto.blogosfera.uol.com.br\/files\/2012\/09\/AloBrasil1.jpg\"><img loading=\"lazy\" decoding=\"async\" src=\"http:\/\/blogdosakamoto.blogosfera.uol.com.br\/files\/2012\/09\/AloBrasil1.jpg\" alt=\"\" width=\"460\" height=\"302\" \/><\/a><\/p>\n<p>Composta tamb\u00e9m por integrantes do Minist\u00e9rio do Trabalho e Emprego, do Minist\u00e9rio P\u00fablico do Trabalho e da Pol\u00edcia Federal, a opera\u00e7\u00e3o encontrou trabalhadores alojados em barracos prec\u00e1rios de lona e terra de ch\u00e3o batido, sem acesso \u00e0 \u00e1gua pot\u00e1vel, \u00e0 alimenta\u00e7\u00e3o adequada e\u00a0\u00e0 banheiro, sob isolamento geogr\u00e1fico, sem receber sal\u00e1rios h\u00e1 dois meses,\u00a0submetidos\u00a0tanto \u00e0 servid\u00e3o por\u00a0d\u00edvida. O deputado Cl\u00e1udio Puty,\u00a0 que j\u00e1 havia acompanhado um resgate de trabalhadores em S\u00e3o Paulo, tamb\u00e9m ficou impressionado com o que viu. \u201cUma coisa \u00e9 voc\u00ea saber o que \u00e9 trabalho degradante pela letra da lei e outra \u00e9 ver uma situa\u00e7\u00e3o chocante como essa\u201d, avaliou.<br \/>\n<strong><\/strong><br \/>\nForam\u00a0cinco horas de estrada de terra at\u00e9 a fiscaliza\u00e7\u00e3o alcan\u00e7ar a fazenda. \u201cO local \u00e9 de dif\u00edcil acesso e o povoado mais pr\u00f3ximo fica a 30 quil\u00f4metros da fazenda\u201d,\u00a0salientou Ivan Valente,\u00a0outro parlamentar que esteve na opera\u00e7\u00e3o, enfatizando o grau de dificuldade de acesso ao local. Os regatados\u00a0foram atra\u00eddos pela promessa\u00a0de\u00a0ganhar R$ 130\u00a0por alqueire convertido em pasto \u2013 o que, em m\u00e9dia, levaria\u00a015 dias. Contudo, o empregador n\u00e3o cumpriu a promessa. H\u00e1 cerca de dois meses no local,\u00a0tinham sido contemplados apenas com pequenos adiantamentos, que posteriormente seriam descontados de seus vencimentos.\u00a0Sem sal\u00e1rios,\u00a0eles viam\u00a0que dificultava ainda mais o deslocamento da fazenda Al\u00f4 Brasil.<\/p>\n<p>A \u00e1gua consumida pelos resgatados \u2013 para tomar banho, matar a sede e cozinhar \u2013 era a mesma consumida pelo gado.\u00a0As v\u00edtimas dormiam em barracas de lona abertas, sem nenhuma prote\u00e7\u00e3o. \u201cNa regi\u00e3o,\u00a0o calor \u00e9 intenso e, durante\u00a0a noite, \u00e9 muito frio. Os trabalhadores estavam expostos, ao relento\u201d, completou o experiente deputado do\u00a0PSol. N\u00e3o havia instala\u00e7\u00f5es sanit\u00e1rias no local, o que obrigava\u00a0os empregados\u00a0a\u00a0utilizar\u00a0o mato como banheiro.\u00a0 A alimenta\u00e7\u00e3o era preparada por um dos trabalhadores, que recebia um adiantamento e comprava a comida, que era escassa. A carne consumida pelos trabalhadores estava estragada, com moscas. A jornada de trabalho era extensa, iniciando por volta das 6h30 at\u00e9 o\u00a0anoitecer, de segunda \u00e0 s\u00e1bado. Aos domingos, os trabalhadores costumavam pescar para tentar compensar a falta de comida \u00e0 disposi\u00e7\u00e3o. Por conta da dist\u00e2ncia e da falta de dinheiro, n\u00e3o sa\u00edam da propriedade. Os auditores fiscais encontraram cadernos com anota\u00e7\u00f5es de d\u00edvidas referentes \u00e0 compra de fumo, botas e\u00a0sabonetes, entre outros itens. Ningu\u00e9m tinha a Carteira de Trabalho preenchida.<\/p>\n<p>De acordo com o auditor fiscal Benedito de Lima e Silva Filho, coordenador da fiscaliza\u00e7\u00e3o, foram lavrados 12 autos de infra\u00e7\u00e3o contra o empregador, que pagou as verbas rescis\u00f3rias no total de R$ 25 mil. Representado pelo procurador do trabalho Allan de Miranda Bruno na fiscaliza\u00e7\u00e3o, o\u00a0MPT firmou Termo de Ajustamento de Conduta (TAC) com os respons\u00e1veis pela \u00e1rea que prev\u00ea indeniza\u00e7\u00e3o de R$ 30 mil por danos morais coletivos e outros\u00a0R$ 10 mil por danos morais individuais.<br \/>\n<strong><br \/>\n<\/strong>Na vis\u00e3o de\u00a0Benedito, a participa\u00e7\u00e3o de\u00a0congressistas na fiscaliza\u00e7\u00e3o ajuda a desmistificar as a\u00e7\u00f5es empreendidas contra esse tipo de crime. \u201cEu achei de suma import\u00e2ncia a participa\u00e7\u00e3o dos deputados nesta opera\u00e7\u00e3o. Ao longo do tempo, quem n\u00e3o acompanha o combate ao trabalho escravo tende a n\u00e3o compreender a situa\u00e7\u00e3o que relatamos. Alguns acham at\u00e9 que o grupo m\u00f3vel exagera. Mas, nesta ocasi\u00e3o, os parlamentares puderam ver que os relat\u00f3rios correspondem\u00a0\u00e0 realidade\u201d, avaliou Benedito, que tem mais de dez anos de experi\u00eancia no combate ao trabalho escravo.<\/p>\n<p>O presidente da CPI, Cl\u00e1udio Puty afirmou que deve solicitar a convoca\u00e7\u00e3o dos propriet\u00e1rios da fazenda pela CPI. A Rep\u00f3rter Brasil n\u00e3o\u00a0conseguiu contato com\u00a0o\u00a0propriet\u00e1rio para falar sobre o flagrante.<\/p>\n<p>Leonardo Sakamoto<\/p>\n<p><em>Fonte: <a href=\"http:\/\/blogdosakamoto.blogosfera.uol.com.br\/\">http:\/\/blogdosakamoto.blogosfera.uol.com.br<\/a><\/em><\/p>\n","protected":false},"excerpt":{"rendered":"<p>\u201cPensei que n\u00e3o existisse mais isso no Brasil.\u201d A declara\u00e7\u00e3o do deputado federal Giovanni Queiroz (PDT-PA), um dos vice-presidentes da Frente Parlamentar da Agropecu\u00e1ria no Congresso Nacional, trata da situa\u00e7\u00e3o de oito v\u00edtimas resgatadas pelo governo federal de condi\u00e7\u00f5es an\u00e1logas \u00e0s de escravos, na semana passada, no Sudeste do Par\u00e1. \u201cVimos uma situa\u00e7\u00e3o vergonhosa, constrangedora. [&hellip;]<\/p>\n","protected":false},"author":2,"featured_media":0,"comment_status":"open","ping_status":"open","sticky":false,"template":"","format":"standard","meta":{"_acf_changed":false,"footnotes":""},"categories":[4766],"tags":[],"class_list":{"0":"post-7","1":"post","2":"type-post","3":"status-publish","4":"format-standard","6":"category-arquivo"},"acf":[],"yoast_head":"<!-- This site is optimized with the Yoast SEO plugin v26.5 - https:\/\/yoast.com\/wordpress\/plugins\/seo\/ -->\n<title>Deputado ruralista se surpreende com trabalho escravo no Par\u00e1 - PSOL 50<\/title>\n<meta name=\"robots\" content=\"index, follow, max-snippet:-1, max-image-preview:large, max-video-preview:-1\" \/>\n<link rel=\"canonical\" href=\"https:\/\/psol50.org.br\/deputado-ruralista-se-surpreende-com-trabalho-escravo-no-para\/\" \/>\n<meta property=\"og:locale\" content=\"pt_BR\" \/>\n<meta property=\"og:type\" content=\"article\" \/>\n<meta property=\"og:title\" content=\"Deputado ruralista se surpreende com trabalho escravo no Par\u00e1 - PSOL 50\" \/>\n<meta property=\"og:description\" content=\"\u201cPensei que n\u00e3o existisse mais isso no Brasil.\u201d A declara\u00e7\u00e3o do deputado federal Giovanni Queiroz (PDT-PA), um dos vice-presidentes da Frente Parlamentar da Agropecu\u00e1ria no Congresso Nacional, trata da situa\u00e7\u00e3o de oito v\u00edtimas resgatadas pelo governo federal de condi\u00e7\u00f5es an\u00e1logas \u00e0s de escravos, na semana passada, no Sudeste do Par\u00e1. \u201cVimos uma situa\u00e7\u00e3o vergonhosa, constrangedora. [&hellip;]\" \/>\n<meta property=\"og:url\" content=\"https:\/\/psol50.org.br\/deputado-ruralista-se-surpreende-com-trabalho-escravo-no-para\/\" \/>\n<meta property=\"og:site_name\" content=\"PSOL 50\" \/>\n<meta property=\"article:publisher\" content=\"https:\/\/www.facebook.com\/psol50\" \/>\n<meta property=\"article:published_time\" content=\"2012-09-01T00:00:00+00:00\" \/>\n<meta property=\"og:image\" content=\"http:\/\/blogdosakamoto.blogosfera.uol.com.br\/files\/2012\/09\/AloBrasil1.jpg\" \/>\n<meta name=\"author\" content=\"Comunica\u00e7\u00e3o PSOL\" \/>\n<meta name=\"twitter:card\" content=\"summary_large_image\" \/>\n<meta name=\"twitter:creator\" content=\"@psol50\" \/>\n<meta name=\"twitter:site\" content=\"@psol50\" \/>\n<meta name=\"twitter:label1\" content=\"Escrito por\" \/>\n\t<meta name=\"twitter:data1\" content=\"Comunica\u00e7\u00e3o PSOL\" \/>\n\t<meta name=\"twitter:label2\" content=\"Est. tempo de leitura\" \/>\n\t<meta name=\"twitter:data2\" content=\"4 minutos\" \/>\n<script type=\"application\/ld+json\" class=\"yoast-schema-graph\">{\"@context\":\"https:\/\/schema.org\",\"@graph\":[{\"@type\":\"Article\",\"@id\":\"https:\/\/psol50.org.br\/deputado-ruralista-se-surpreende-com-trabalho-escravo-no-para\/#article\",\"isPartOf\":{\"@id\":\"https:\/\/psol50.org.br\/deputado-ruralista-se-surpreende-com-trabalho-escravo-no-para\/\"},\"author\":{\"name\":\"Comunica\u00e7\u00e3o PSOL\",\"@id\":\"https:\/\/psol50.org.br\/#\/schema\/person\/475dfa57d0b815993c714c2e96491fcd\"},\"headline\":\"Deputado ruralista se surpreende com trabalho escravo no Par\u00e1\",\"datePublished\":\"2012-09-01T00:00:00+00:00\",\"mainEntityOfPage\":{\"@id\":\"https:\/\/psol50.org.br\/deputado-ruralista-se-surpreende-com-trabalho-escravo-no-para\/\"},\"wordCount\":894,\"commentCount\":0,\"publisher\":{\"@id\":\"https:\/\/psol50.org.br\/#organization\"},\"image\":{\"@id\":\"https:\/\/psol50.org.br\/deputado-ruralista-se-surpreende-com-trabalho-escravo-no-para\/#primaryimage\"},\"thumbnailUrl\":\"http:\/\/blogdosakamoto.blogosfera.uol.com.br\/files\/2012\/09\/AloBrasil1.jpg\",\"articleSection\":[\"Arquivo\"],\"inLanguage\":\"pt-BR\",\"potentialAction\":[{\"@type\":\"CommentAction\",\"name\":\"Comment\",\"target\":[\"https:\/\/psol50.org.br\/deputado-ruralista-se-surpreende-com-trabalho-escravo-no-para\/#respond\"]}]},{\"@type\":\"WebPage\",\"@id\":\"https:\/\/psol50.org.br\/deputado-ruralista-se-surpreende-com-trabalho-escravo-no-para\/\",\"url\":\"https:\/\/psol50.org.br\/deputado-ruralista-se-surpreende-com-trabalho-escravo-no-para\/\",\"name\":\"Deputado ruralista se surpreende com trabalho escravo no Par\u00e1 - PSOL 50\",\"isPartOf\":{\"@id\":\"https:\/\/psol50.org.br\/#website\"},\"primaryImageOfPage\":{\"@id\":\"https:\/\/psol50.org.br\/deputado-ruralista-se-surpreende-com-trabalho-escravo-no-para\/#primaryimage\"},\"image\":{\"@id\":\"https:\/\/psol50.org.br\/deputado-ruralista-se-surpreende-com-trabalho-escravo-no-para\/#primaryimage\"},\"thumbnailUrl\":\"http:\/\/blogdosakamoto.blogosfera.uol.com.br\/files\/2012\/09\/AloBrasil1.jpg\",\"datePublished\":\"2012-09-01T00:00:00+00:00\",\"breadcrumb\":{\"@id\":\"https:\/\/psol50.org.br\/deputado-ruralista-se-surpreende-com-trabalho-escravo-no-para\/#breadcrumb\"},\"inLanguage\":\"pt-BR\",\"potentialAction\":[{\"@type\":\"ReadAction\",\"target\":[\"https:\/\/psol50.org.br\/deputado-ruralista-se-surpreende-com-trabalho-escravo-no-para\/\"]}]},{\"@type\":\"ImageObject\",\"inLanguage\":\"pt-BR\",\"@id\":\"https:\/\/psol50.org.br\/deputado-ruralista-se-surpreende-com-trabalho-escravo-no-para\/#primaryimage\",\"url\":\"http:\/\/blogdosakamoto.blogosfera.uol.com.br\/files\/2012\/09\/AloBrasil1.jpg\",\"contentUrl\":\"http:\/\/blogdosakamoto.blogosfera.uol.com.br\/files\/2012\/09\/AloBrasil1.jpg\"},{\"@type\":\"BreadcrumbList\",\"@id\":\"https:\/\/psol50.org.br\/deputado-ruralista-se-surpreende-com-trabalho-escravo-no-para\/#breadcrumb\",\"itemListElement\":[{\"@type\":\"ListItem\",\"position\":1,\"name\":\"In\u00edcio\",\"item\":\"https:\/\/psol50.org.br\/\"},{\"@type\":\"ListItem\",\"position\":2,\"name\":\"Deputado ruralista se surpreende com trabalho escravo no Par\u00e1\"}]},{\"@type\":\"WebSite\",\"@id\":\"https:\/\/psol50.org.br\/#website\",\"url\":\"https:\/\/psol50.org.br\/\",\"name\":\"PSOL 50\",\"description\":\"Site oficial do Partido Socialismo e Liberdade\",\"publisher\":{\"@id\":\"https:\/\/psol50.org.br\/#organization\"},\"alternateName\":\"PSOL50\",\"potentialAction\":[{\"@type\":\"SearchAction\",\"target\":{\"@type\":\"EntryPoint\",\"urlTemplate\":\"https:\/\/psol50.org.br\/?s={search_term_string}\"},\"query-input\":{\"@type\":\"PropertyValueSpecification\",\"valueRequired\":true,\"valueName\":\"search_term_string\"}}],\"inLanguage\":\"pt-BR\"},{\"@type\":\"Organization\",\"@id\":\"https:\/\/psol50.org.br\/#organization\",\"name\":\"PSOL 50\",\"alternateName\":\"PSOL 50\",\"url\":\"https:\/\/psol50.org.br\/\",\"logo\":{\"@type\":\"ImageObject\",\"inLanguage\":\"pt-BR\",\"@id\":\"https:\/\/psol50.org.br\/#\/schema\/logo\/image\/\",\"url\":\"https:\/\/psol50.org.br\/inc\/uploads\/2018\/07\/capa.png\",\"contentUrl\":\"https:\/\/psol50.org.br\/inc\/uploads\/2018\/07\/capa.png\",\"width\":1350,\"height\":900,\"caption\":\"PSOL 50\"},\"image\":{\"@id\":\"https:\/\/psol50.org.br\/#\/schema\/logo\/image\/\"},\"sameAs\":[\"https:\/\/www.facebook.com\/psol50\",\"https:\/\/x.com\/psol50\",\"https:\/\/www.instagram.com\/psol50\/\",\"https:\/\/www.youtube.com\/channel\/UC7SnJS5o1os7a6CaiNabzcg\"]},{\"@type\":\"Person\",\"@id\":\"https:\/\/psol50.org.br\/#\/schema\/person\/475dfa57d0b815993c714c2e96491fcd\",\"name\":\"Comunica\u00e7\u00e3o PSOL\",\"image\":{\"@type\":\"ImageObject\",\"inLanguage\":\"pt-BR\",\"@id\":\"https:\/\/psol50.org.br\/#\/schema\/person\/image\/\",\"url\":\"https:\/\/secure.gravatar.com\/avatar\/b34fc4f4e468a4e51785917065a3db57b841f5c95dba6ad8c73aaf8f66f8f9bf?s=96&d=mm&r=g\",\"contentUrl\":\"https:\/\/secure.gravatar.com\/avatar\/b34fc4f4e468a4e51785917065a3db57b841f5c95dba6ad8c73aaf8f66f8f9bf?s=96&d=mm&r=g\",\"caption\":\"Comunica\u00e7\u00e3o PSOL\"}}]}<\/script>\n<!-- \/ Yoast SEO plugin. -->","yoast_head_json":{"title":"Deputado ruralista se surpreende com trabalho escravo no Par\u00e1 - PSOL 50","robots":{"index":"index","follow":"follow","max-snippet":"max-snippet:-1","max-image-preview":"max-image-preview:large","max-video-preview":"max-video-preview:-1"},"canonical":"https:\/\/psol50.org.br\/deputado-ruralista-se-surpreende-com-trabalho-escravo-no-para\/","og_locale":"pt_BR","og_type":"article","og_title":"Deputado ruralista se surpreende com trabalho escravo no Par\u00e1 - PSOL 50","og_description":"\u201cPensei que n\u00e3o existisse mais isso no Brasil.\u201d A declara\u00e7\u00e3o do deputado federal Giovanni Queiroz (PDT-PA), um dos vice-presidentes da Frente Parlamentar da Agropecu\u00e1ria no Congresso Nacional, trata da situa\u00e7\u00e3o de oito v\u00edtimas resgatadas pelo governo federal de condi\u00e7\u00f5es an\u00e1logas \u00e0s de escravos, na semana passada, no Sudeste do Par\u00e1. \u201cVimos uma situa\u00e7\u00e3o vergonhosa, constrangedora. [&hellip;]","og_url":"https:\/\/psol50.org.br\/deputado-ruralista-se-surpreende-com-trabalho-escravo-no-para\/","og_site_name":"PSOL 50","article_publisher":"https:\/\/www.facebook.com\/psol50","article_published_time":"2012-09-01T00:00:00+00:00","og_image":[{"url":"http:\/\/blogdosakamoto.blogosfera.uol.com.br\/files\/2012\/09\/AloBrasil1.jpg","type":"","width":"","height":""}],"author":"Comunica\u00e7\u00e3o PSOL","twitter_card":"summary_large_image","twitter_creator":"@psol50","twitter_site":"@psol50","twitter_misc":{"Escrito por":"Comunica\u00e7\u00e3o PSOL","Est. tempo de leitura":"4 minutos"},"schema":{"@context":"https:\/\/schema.org","@graph":[{"@type":"Article","@id":"https:\/\/psol50.org.br\/deputado-ruralista-se-surpreende-com-trabalho-escravo-no-para\/#article","isPartOf":{"@id":"https:\/\/psol50.org.br\/deputado-ruralista-se-surpreende-com-trabalho-escravo-no-para\/"},"author":{"name":"Comunica\u00e7\u00e3o PSOL","@id":"https:\/\/psol50.org.br\/#\/schema\/person\/475dfa57d0b815993c714c2e96491fcd"},"headline":"Deputado ruralista se surpreende com trabalho escravo no Par\u00e1","datePublished":"2012-09-01T00:00:00+00:00","mainEntityOfPage":{"@id":"https:\/\/psol50.org.br\/deputado-ruralista-se-surpreende-com-trabalho-escravo-no-para\/"},"wordCount":894,"commentCount":0,"publisher":{"@id":"https:\/\/psol50.org.br\/#organization"},"image":{"@id":"https:\/\/psol50.org.br\/deputado-ruralista-se-surpreende-com-trabalho-escravo-no-para\/#primaryimage"},"thumbnailUrl":"http:\/\/blogdosakamoto.blogosfera.uol.com.br\/files\/2012\/09\/AloBrasil1.jpg","articleSection":["Arquivo"],"inLanguage":"pt-BR","potentialAction":[{"@type":"CommentAction","name":"Comment","target":["https:\/\/psol50.org.br\/deputado-ruralista-se-surpreende-com-trabalho-escravo-no-para\/#respond"]}]},{"@type":"WebPage","@id":"https:\/\/psol50.org.br\/deputado-ruralista-se-surpreende-com-trabalho-escravo-no-para\/","url":"https:\/\/psol50.org.br\/deputado-ruralista-se-surpreende-com-trabalho-escravo-no-para\/","name":"Deputado ruralista se surpreende com trabalho escravo no Par\u00e1 - PSOL 50","isPartOf":{"@id":"https:\/\/psol50.org.br\/#website"},"primaryImageOfPage":{"@id":"https:\/\/psol50.org.br\/deputado-ruralista-se-surpreende-com-trabalho-escravo-no-para\/#primaryimage"},"image":{"@id":"https:\/\/psol50.org.br\/deputado-ruralista-se-surpreende-com-trabalho-escravo-no-para\/#primaryimage"},"thumbnailUrl":"http:\/\/blogdosakamoto.blogosfera.uol.com.br\/files\/2012\/09\/AloBrasil1.jpg","datePublished":"2012-09-01T00:00:00+00:00","breadcrumb":{"@id":"https:\/\/psol50.org.br\/deputado-ruralista-se-surpreende-com-trabalho-escravo-no-para\/#breadcrumb"},"inLanguage":"pt-BR","potentialAction":[{"@type":"ReadAction","target":["https:\/\/psol50.org.br\/deputado-ruralista-se-surpreende-com-trabalho-escravo-no-para\/"]}]},{"@type":"ImageObject","inLanguage":"pt-BR","@id":"https:\/\/psol50.org.br\/deputado-ruralista-se-surpreende-com-trabalho-escravo-no-para\/#primaryimage","url":"http:\/\/blogdosakamoto.blogosfera.uol.com.br\/files\/2012\/09\/AloBrasil1.jpg","contentUrl":"http:\/\/blogdosakamoto.blogosfera.uol.com.br\/files\/2012\/09\/AloBrasil1.jpg"},{"@type":"BreadcrumbList","@id":"https:\/\/psol50.org.br\/deputado-ruralista-se-surpreende-com-trabalho-escravo-no-para\/#breadcrumb","itemListElement":[{"@type":"ListItem","position":1,"name":"In\u00edcio","item":"https:\/\/psol50.org.br\/"},{"@type":"ListItem","position":2,"name":"Deputado ruralista se surpreende com trabalho escravo no Par\u00e1"}]},{"@type":"WebSite","@id":"https:\/\/psol50.org.br\/#website","url":"https:\/\/psol50.org.br\/","name":"PSOL 50","description":"Site oficial do Partido Socialismo e Liberdade","publisher":{"@id":"https:\/\/psol50.org.br\/#organization"},"alternateName":"PSOL50","potentialAction":[{"@type":"SearchAction","target":{"@type":"EntryPoint","urlTemplate":"https:\/\/psol50.org.br\/?s={search_term_string}"},"query-input":{"@type":"PropertyValueSpecification","valueRequired":true,"valueName":"search_term_string"}}],"inLanguage":"pt-BR"},{"@type":"Organization","@id":"https:\/\/psol50.org.br\/#organization","name":"PSOL 50","alternateName":"PSOL 50","url":"https:\/\/psol50.org.br\/","logo":{"@type":"ImageObject","inLanguage":"pt-BR","@id":"https:\/\/psol50.org.br\/#\/schema\/logo\/image\/","url":"https:\/\/psol50.org.br\/inc\/uploads\/2018\/07\/capa.png","contentUrl":"https:\/\/psol50.org.br\/inc\/uploads\/2018\/07\/capa.png","width":1350,"height":900,"caption":"PSOL 50"},"image":{"@id":"https:\/\/psol50.org.br\/#\/schema\/logo\/image\/"},"sameAs":["https:\/\/www.facebook.com\/psol50","https:\/\/x.com\/psol50","https:\/\/www.instagram.com\/psol50\/","https:\/\/www.youtube.com\/channel\/UC7SnJS5o1os7a6CaiNabzcg"]},{"@type":"Person","@id":"https:\/\/psol50.org.br\/#\/schema\/person\/475dfa57d0b815993c714c2e96491fcd","name":"Comunica\u00e7\u00e3o PSOL","image":{"@type":"ImageObject","inLanguage":"pt-BR","@id":"https:\/\/psol50.org.br\/#\/schema\/person\/image\/","url":"https:\/\/secure.gravatar.com\/avatar\/b34fc4f4e468a4e51785917065a3db57b841f5c95dba6ad8c73aaf8f66f8f9bf?s=96&d=mm&r=g","contentUrl":"https:\/\/secure.gravatar.com\/avatar\/b34fc4f4e468a4e51785917065a3db57b841f5c95dba6ad8c73aaf8f66f8f9bf?s=96&d=mm&r=g","caption":"Comunica\u00e7\u00e3o PSOL"}}]}},"_links":{"self":[{"href":"https:\/\/psol50.org.br\/rest\/wp\/v2\/posts\/7","targetHints":{"allow":["GET"]}}],"collection":[{"href":"https:\/\/psol50.org.br\/rest\/wp\/v2\/posts"}],"about":[{"href":"https:\/\/psol50.org.br\/rest\/wp\/v2\/types\/post"}],"author":[{"embeddable":true,"href":"https:\/\/psol50.org.br\/rest\/wp\/v2\/users\/2"}],"replies":[{"embeddable":true,"href":"https:\/\/psol50.org.br\/rest\/wp\/v2\/comments?post=7"}],"version-history":[{"count":0,"href":"https:\/\/psol50.org.br\/rest\/wp\/v2\/posts\/7\/revisions"}],"wp:attachment":[{"href":"https:\/\/psol50.org.br\/rest\/wp\/v2\/media?parent=7"}],"wp:term":[{"taxonomy":"category","embeddable":true,"href":"https:\/\/psol50.org.br\/rest\/wp\/v2\/categories?post=7"},{"taxonomy":"post_tag","embeddable":true,"href":"https:\/\/psol50.org.br\/rest\/wp\/v2\/tags?post=7"}],"curies":[{"name":"wp","href":"https:\/\/api.w.org\/{rel}","templated":true}]}}