{"id":700,"date":"2007-11-30T00:00:00","date_gmt":"2007-11-30T00:00:00","guid":{"rendered":"http:\/\/psol50.org.br\/arquivo\/2007\/11\/30\/entrevista-criada-associacao-nacional-de-policiais-e-bombeiros-militares\/"},"modified":"2007-11-30T00:00:00","modified_gmt":"2007-11-30T00:00:00","slug":"entrevista-criada-associacao-nacional-de-policiais-e-bombeiros-militares","status":"publish","type":"post","link":"https:\/\/psol50.org.br\/entrevista-criada-associacao-nacional-de-policiais-e-bombeiros-militares\/","title":{"rendered":"Entrevista &#8211; Criada Associa\u00e7\u00e3o Nacional de Policiais e Bombeiros Militares"},"content":{"rendered":"<p>Nos dias 13 e 14 de setembro de 2007 aconteceu o III Encontro Nacional das Entidades Representativas de Pra\u00e7as (Policiais Militares e Bombeiros) &#8211; III ENERP. O Encontro, ocorrido em Campo Grande\/MS, reuniu diversos representantes das entidades representativas estaduais e culminou com a funda\u00e7\u00e3o de uma Associa\u00e7\u00e3o Nacional, a ANASPRA. Entrevistamos Marcos Prisco, da ASPOL\/BA, que participou do Encontro e foi eleito para compor a primeira diretoria da entidade nacional. <\/p>\n<p><!--more--><\/p>\n<p><em>Entrevista realizada por Henrique Maffei<\/em><\/p>\n<p><strong>Quais s\u00e3o as suas impress\u00f5es sobre o Encontro?<\/strong><\/p>\n<p>As melhores poss\u00edveis. O III ENERP \u00e9 resultado de outros encontros realizados pelas entidades representativas de pra\u00e7as militares estaduais que j\u00e1 vinham se mobilizando h\u00e1 muito tempo em n\u00edvel de Brasil, buscando uma representatividade nacional e considerando a necessidade de mudan\u00e7as para a valoriza\u00e7\u00e3o profissional dos homens respons\u00e1veis pela seguran\u00e7a p\u00fablica do povo brasileiro no \u00e2mbito dos seus entes federativos. Portanto, o III ENERP teve resultados positivos que marcar\u00e3o para sempre a hist\u00f3ria das lutas dos pra\u00e7as militares estaduais e os destinos dos movimentos com participa\u00e7\u00e3o social.<\/p>\n<p>&nbsp;<\/p>\n<p><strong>A principal resolu\u00e7\u00e3o foi a cria\u00e7\u00e3o de uma entidade nacional. Como funcionar\u00e1 essa entidade?<\/strong><\/p>\n<p>J\u00e1 v\u00ednhamos com a id\u00e9ia pensada desde os encontros nacionais realizados no Rio de Janeiro e em Fortaleza. A ANASPRA \u2013 Associa\u00e7\u00e3o Nacional de Entidades Representativas de Pra\u00e7as Militares Estaduais \u2013 tem por objetivo representar o segmento em n\u00edvel nacional, participando e debatendo todos os assuntos inerentes \u00e0 classe, de modo que os profissionais da seguran\u00e7a p\u00fablica, esses que realmente atendem \u00e0 popula\u00e7\u00e3o, sejam ouvidos e atendidos pelos governantes. Seu funcionamento ter\u00e1 abrang\u00eancia nacional, levando em considera\u00e7\u00e3o as peculiaridades regionais, mas, acima de tudo, tendo em conta a necessidade de transforma\u00e7\u00e3o e mudan\u00e7a no sistema, de modo a resultar na valoriza\u00e7\u00e3o dos policiais e bombeiros militares em sua condi\u00e7\u00e3o de cidad\u00e3os plenos, conforme prev\u00ea a Constitui\u00e7\u00e3o Federal.<\/p>\n<p>&nbsp;<\/p>\n<p><strong>Como voc\u00ea v\u00ea o apoio e a solidariedade da sociedade civil ao movimento dos pra\u00e7as?<\/strong><\/p>\n<p>A sociedade em geral ainda n\u00e3o conhece muito bem o sistema das pol\u00edcias militarizadas, mas tem sido a grande propositora de mudan\u00e7as no sistema de seguran\u00e7a do pa\u00eds, devido \u00e0 aus\u00eancia do Estado nas quest\u00f5es sociais e \u00e0 falta de ado\u00e7\u00e3o de pol\u00edticas p\u00fablicas s\u00e9rias. Diante disto, a nossa proposta de moderniza\u00e7\u00e3o do sistema \u00e9 aceita e apoiada pela sociedade civil como forma de acatamento do Estado democr\u00e1tico de direito no qual estamos vivendo. Cabe afirmar que a sociedade organizada \u00e9 a nossa maior parceira em rela\u00e7\u00e3o ao movimento dos pra\u00e7as em n\u00edvel de Brasil. Portanto, todos s\u00e3o bem vindos; inclusive, houve presen\u00e7a marcante de muitas lideran\u00e7as civis da sociedade organizada no encontro em que foi fundada a ANASPRA e todos, em uma s\u00f3 voz, apoiaram plenamente esta entidade.<\/p>\n<p>&nbsp;<\/p>\n<p><strong>Quais ser\u00e3o os pr\u00f3ximos passos do movimento?<\/strong><\/p>\n<p>Estaremos realizando reuni\u00f5es nos estados, atrav\u00e9s das entidades de pra\u00e7as, buscando a uni\u00e3o e participa\u00e7\u00e3o no movimento nacional. Paralelamente, estaremos acompanhando a PEC 21\/05, de autoria do senador Tasso Jereissati do Cear\u00e1 (proposta de emenda constitucional que trata da desmilitariza\u00e7\u00e3o das pol\u00edcias e bombeiros militares estaduais, da unifica\u00e7\u00e3o das pol\u00edcias militares e civis nos estados e da isonomia salarial), e outros projetos que tramitam no Congresso Nacional. Estaremos, tamb\u00e9m, fortalecendo as entidades em seus estados e buscando audi\u00eancia junto aos governos estaduais e federal para ado\u00e7\u00e3o de medidas que resultem na valoriza\u00e7\u00e3o do segmento em n\u00edvel nacional.<\/p>\n<p>Das quest\u00f5es de porte nacional, est\u00e3o em destaque: c\u00f3digo de \u00e9tica nacional, programas habitacionais e piso salarial \u2013 ado\u00e7\u00e3o de uma pol\u00edtica de equipara\u00e7\u00e3o salarial dos profissionais da seguran\u00e7a p\u00fablica \u2013, entre outros itens importantes que podem elevar a auto-estima destes profissionais e propiciar uma qualidade de vida melhor.<\/p>\n<p>Estamos confiantes que as sementes que estamos plantando hoje resultar\u00e3o bons frutos para este segmento da sociedade e para ela pr\u00f3pria como um todo.<\/p>\n<p>Estavam presentes na funda\u00e7\u00e3o da ANASPRA as seguintes entidades, representadas por seus dirigentes:<\/p>\n<p>Jos\u00e9 Flor\u00eancio de Melo Irm\u00e3o, Coordenador do III ENERP \u2013 ACSPMBM\/MS * Jos\u00e9 Itamar Pires Lima e Natal\u00edcio Braga \u2013 AME\/AC * Marcos Prisco Caldas Machado \u2013 ASPOL\/BA * Agnaldo Pinto de Souza e Roque Santos \u2013 APPM\/BA * Pedro Queiroz \u2013 ASPRAMECE\/CE * Carlos Roberto Caetano, Josimar Noval Braga e Ronaldo Carlos Scheibel \u2013 ACS\/ES * Cl\u00e1udio Jose Nogueira \u2013 ASSES\/ES * Sidney da Silva Patr\u00edcio \u2013 ASPOL\/DF * Gilberto Candido de Lima e Ney Cleiton da Silva \u2013 ACS\/GO * Leonide Santos Souza \u2013 ARCSPMIA\/MA * Luiz Gonzaga Ribeiro \u2013 ASPRA\/MG * Francisco Edivaldo Xavier Bezerra e Deonildo Jos\u00e9 G. Gomes \u2013 ACS\/PA * Denis Soares dos Santos \u2013 ASPRA\/PB * Jeo\u00e1s Nascimento dos Santos \u2013 ACS\/RN * Antonio Carlos do Amaral Duca, Jos\u00e9 Luiz de Lira e Wilson de Oliveira Moraes \u2013 ACS\/SP * Alexandre da Silva Prado e Anderson Pereira Ara\u00fajo \u2013 ASPRASE\/SE * Elizandro Lotin de Souza, Alexandre Silva Brand\u00e3o, Manoel Jo\u00e3o da Costa e Nelson Gomes \u2013 ASPRASC\/SC * Manoel Arag\u00e3o da Silva \u2013 ASSPMETO\/TO.<\/p>\n","protected":false},"excerpt":{"rendered":"<p>Nos dias 13 e 14 de setembro de 2007 aconteceu o III Encontro Nacional das Entidades Representativas de Pra\u00e7as (Policiais Militares e Bombeiros) &#8211; III ENERP. O Encontro, ocorrido em Campo Grande\/MS, reuniu diversos representantes das entidades representativas estaduais e culminou com a funda\u00e7\u00e3o de uma Associa\u00e7\u00e3o Nacional, a ANASPRA. Entrevistamos Marcos Prisco, da ASPOL\/BA, [&hellip;]<\/p>\n","protected":false},"author":2,"featured_media":0,"comment_status":"open","ping_status":"open","sticky":false,"template":"","format":"standard","meta":{"_acf_changed":false,"footnotes":""},"categories":[4766],"tags":[],"class_list":{"0":"post-700","1":"post","2":"type-post","3":"status-publish","4":"format-standard","6":"category-arquivo"},"acf":[],"yoast_head":"<!-- This site is optimized with the Yoast SEO plugin v26.5 - https:\/\/yoast.com\/wordpress\/plugins\/seo\/ -->\n<title>Entrevista - Criada Associa\u00e7\u00e3o Nacional de Policiais e Bombeiros Militares - PSOL 50<\/title>\n<meta name=\"robots\" content=\"index, follow, max-snippet:-1, max-image-preview:large, max-video-preview:-1\" \/>\n<link rel=\"canonical\" href=\"https:\/\/psol50.org.br\/entrevista-criada-associacao-nacional-de-policiais-e-bombeiros-militares\/\" \/>\n<meta property=\"og:locale\" content=\"pt_BR\" \/>\n<meta property=\"og:type\" content=\"article\" \/>\n<meta property=\"og:title\" content=\"Entrevista - Criada Associa\u00e7\u00e3o Nacional de Policiais e Bombeiros Militares - PSOL 50\" \/>\n<meta property=\"og:description\" content=\"Nos dias 13 e 14 de setembro de 2007 aconteceu o III Encontro Nacional das Entidades Representativas de Pra\u00e7as (Policiais Militares e Bombeiros) &#8211; III ENERP. O Encontro, ocorrido em Campo Grande\/MS, reuniu diversos representantes das entidades representativas estaduais e culminou com a funda\u00e7\u00e3o de uma Associa\u00e7\u00e3o Nacional, a ANASPRA. Entrevistamos Marcos Prisco, da ASPOL\/BA, [&hellip;]\" \/>\n<meta property=\"og:url\" content=\"https:\/\/psol50.org.br\/entrevista-criada-associacao-nacional-de-policiais-e-bombeiros-militares\/\" \/>\n<meta property=\"og:site_name\" content=\"PSOL 50\" \/>\n<meta property=\"article:publisher\" content=\"https:\/\/www.facebook.com\/psol50\" \/>\n<meta property=\"article:published_time\" content=\"2007-11-30T00:00:00+00:00\" \/>\n<meta property=\"og:image\" content=\"https:\/\/psol50.org.br\/inc\/uploads\/2018\/07\/capa.png\" \/>\n\t<meta property=\"og:image:width\" content=\"1350\" \/>\n\t<meta property=\"og:image:height\" content=\"900\" \/>\n\t<meta property=\"og:image:type\" content=\"image\/png\" \/>\n<meta name=\"author\" content=\"Comunica\u00e7\u00e3o PSOL\" \/>\n<meta name=\"twitter:card\" content=\"summary_large_image\" \/>\n<meta name=\"twitter:creator\" content=\"@psol50\" \/>\n<meta name=\"twitter:site\" content=\"@psol50\" \/>\n<meta name=\"twitter:label1\" content=\"Escrito por\" \/>\n\t<meta name=\"twitter:data1\" content=\"Comunica\u00e7\u00e3o PSOL\" \/>\n\t<meta name=\"twitter:label2\" content=\"Est. tempo de leitura\" \/>\n\t<meta name=\"twitter:data2\" content=\"4 minutos\" \/>\n<script type=\"application\/ld+json\" class=\"yoast-schema-graph\">{\"@context\":\"https:\/\/schema.org\",\"@graph\":[{\"@type\":\"Article\",\"@id\":\"https:\/\/psol50.org.br\/entrevista-criada-associacao-nacional-de-policiais-e-bombeiros-militares\/#article\",\"isPartOf\":{\"@id\":\"https:\/\/psol50.org.br\/entrevista-criada-associacao-nacional-de-policiais-e-bombeiros-militares\/\"},\"author\":{\"name\":\"Comunica\u00e7\u00e3o PSOL\",\"@id\":\"https:\/\/psol50.org.br\/#\/schema\/person\/475dfa57d0b815993c714c2e96491fcd\"},\"headline\":\"Entrevista &#8211; Criada Associa\u00e7\u00e3o Nacional de Policiais e Bombeiros Militares\",\"datePublished\":\"2007-11-30T00:00:00+00:00\",\"mainEntityOfPage\":{\"@id\":\"https:\/\/psol50.org.br\/entrevista-criada-associacao-nacional-de-policiais-e-bombeiros-militares\/\"},\"wordCount\":882,\"commentCount\":0,\"publisher\":{\"@id\":\"https:\/\/psol50.org.br\/#organization\"},\"articleSection\":[\"Arquivo\"],\"inLanguage\":\"pt-BR\",\"potentialAction\":[{\"@type\":\"CommentAction\",\"name\":\"Comment\",\"target\":[\"https:\/\/psol50.org.br\/entrevista-criada-associacao-nacional-de-policiais-e-bombeiros-militares\/#respond\"]}]},{\"@type\":\"WebPage\",\"@id\":\"https:\/\/psol50.org.br\/entrevista-criada-associacao-nacional-de-policiais-e-bombeiros-militares\/\",\"url\":\"https:\/\/psol50.org.br\/entrevista-criada-associacao-nacional-de-policiais-e-bombeiros-militares\/\",\"name\":\"Entrevista - Criada Associa\u00e7\u00e3o Nacional de Policiais e Bombeiros Militares - PSOL 50\",\"isPartOf\":{\"@id\":\"https:\/\/psol50.org.br\/#website\"},\"datePublished\":\"2007-11-30T00:00:00+00:00\",\"breadcrumb\":{\"@id\":\"https:\/\/psol50.org.br\/entrevista-criada-associacao-nacional-de-policiais-e-bombeiros-militares\/#breadcrumb\"},\"inLanguage\":\"pt-BR\",\"potentialAction\":[{\"@type\":\"ReadAction\",\"target\":[\"https:\/\/psol50.org.br\/entrevista-criada-associacao-nacional-de-policiais-e-bombeiros-militares\/\"]}]},{\"@type\":\"BreadcrumbList\",\"@id\":\"https:\/\/psol50.org.br\/entrevista-criada-associacao-nacional-de-policiais-e-bombeiros-militares\/#breadcrumb\",\"itemListElement\":[{\"@type\":\"ListItem\",\"position\":1,\"name\":\"In\u00edcio\",\"item\":\"https:\/\/psol50.org.br\/\"},{\"@type\":\"ListItem\",\"position\":2,\"name\":\"Entrevista &#8211; Criada Associa\u00e7\u00e3o Nacional de Policiais e Bombeiros Militares\"}]},{\"@type\":\"WebSite\",\"@id\":\"https:\/\/psol50.org.br\/#website\",\"url\":\"https:\/\/psol50.org.br\/\",\"name\":\"PSOL 50\",\"description\":\"Site oficial do Partido Socialismo e Liberdade\",\"publisher\":{\"@id\":\"https:\/\/psol50.org.br\/#organization\"},\"alternateName\":\"PSOL50\",\"potentialAction\":[{\"@type\":\"SearchAction\",\"target\":{\"@type\":\"EntryPoint\",\"urlTemplate\":\"https:\/\/psol50.org.br\/?s={search_term_string}\"},\"query-input\":{\"@type\":\"PropertyValueSpecification\",\"valueRequired\":true,\"valueName\":\"search_term_string\"}}],\"inLanguage\":\"pt-BR\"},{\"@type\":\"Organization\",\"@id\":\"https:\/\/psol50.org.br\/#organization\",\"name\":\"PSOL 50\",\"alternateName\":\"PSOL 50\",\"url\":\"https:\/\/psol50.org.br\/\",\"logo\":{\"@type\":\"ImageObject\",\"inLanguage\":\"pt-BR\",\"@id\":\"https:\/\/psol50.org.br\/#\/schema\/logo\/image\/\",\"url\":\"https:\/\/psol50.org.br\/inc\/uploads\/2018\/07\/capa.png\",\"contentUrl\":\"https:\/\/psol50.org.br\/inc\/uploads\/2018\/07\/capa.png\",\"width\":1350,\"height\":900,\"caption\":\"PSOL 50\"},\"image\":{\"@id\":\"https:\/\/psol50.org.br\/#\/schema\/logo\/image\/\"},\"sameAs\":[\"https:\/\/www.facebook.com\/psol50\",\"https:\/\/x.com\/psol50\",\"https:\/\/www.instagram.com\/psol50\/\",\"https:\/\/www.youtube.com\/channel\/UC7SnJS5o1os7a6CaiNabzcg\"]},{\"@type\":\"Person\",\"@id\":\"https:\/\/psol50.org.br\/#\/schema\/person\/475dfa57d0b815993c714c2e96491fcd\",\"name\":\"Comunica\u00e7\u00e3o PSOL\",\"image\":{\"@type\":\"ImageObject\",\"inLanguage\":\"pt-BR\",\"@id\":\"https:\/\/psol50.org.br\/#\/schema\/person\/image\/\",\"url\":\"https:\/\/secure.gravatar.com\/avatar\/b34fc4f4e468a4e51785917065a3db57b841f5c95dba6ad8c73aaf8f66f8f9bf?s=96&d=mm&r=g\",\"contentUrl\":\"https:\/\/secure.gravatar.com\/avatar\/b34fc4f4e468a4e51785917065a3db57b841f5c95dba6ad8c73aaf8f66f8f9bf?s=96&d=mm&r=g\",\"caption\":\"Comunica\u00e7\u00e3o PSOL\"}}]}<\/script>\n<!-- \/ Yoast SEO plugin. -->","yoast_head_json":{"title":"Entrevista - Criada Associa\u00e7\u00e3o Nacional de Policiais e Bombeiros Militares - PSOL 50","robots":{"index":"index","follow":"follow","max-snippet":"max-snippet:-1","max-image-preview":"max-image-preview:large","max-video-preview":"max-video-preview:-1"},"canonical":"https:\/\/psol50.org.br\/entrevista-criada-associacao-nacional-de-policiais-e-bombeiros-militares\/","og_locale":"pt_BR","og_type":"article","og_title":"Entrevista - Criada Associa\u00e7\u00e3o Nacional de Policiais e Bombeiros Militares - PSOL 50","og_description":"Nos dias 13 e 14 de setembro de 2007 aconteceu o III Encontro Nacional das Entidades Representativas de Pra\u00e7as (Policiais Militares e Bombeiros) &#8211; III ENERP. O Encontro, ocorrido em Campo Grande\/MS, reuniu diversos representantes das entidades representativas estaduais e culminou com a funda\u00e7\u00e3o de uma Associa\u00e7\u00e3o Nacional, a ANASPRA. Entrevistamos Marcos Prisco, da ASPOL\/BA, [&hellip;]","og_url":"https:\/\/psol50.org.br\/entrevista-criada-associacao-nacional-de-policiais-e-bombeiros-militares\/","og_site_name":"PSOL 50","article_publisher":"https:\/\/www.facebook.com\/psol50","article_published_time":"2007-11-30T00:00:00+00:00","og_image":[{"width":1350,"height":900,"url":"https:\/\/psol50.org.br\/inc\/uploads\/2018\/07\/capa.png","type":"image\/png"}],"author":"Comunica\u00e7\u00e3o PSOL","twitter_card":"summary_large_image","twitter_creator":"@psol50","twitter_site":"@psol50","twitter_misc":{"Escrito por":"Comunica\u00e7\u00e3o PSOL","Est. tempo de leitura":"4 minutos"},"schema":{"@context":"https:\/\/schema.org","@graph":[{"@type":"Article","@id":"https:\/\/psol50.org.br\/entrevista-criada-associacao-nacional-de-policiais-e-bombeiros-militares\/#article","isPartOf":{"@id":"https:\/\/psol50.org.br\/entrevista-criada-associacao-nacional-de-policiais-e-bombeiros-militares\/"},"author":{"name":"Comunica\u00e7\u00e3o PSOL","@id":"https:\/\/psol50.org.br\/#\/schema\/person\/475dfa57d0b815993c714c2e96491fcd"},"headline":"Entrevista &#8211; Criada Associa\u00e7\u00e3o Nacional de Policiais e Bombeiros Militares","datePublished":"2007-11-30T00:00:00+00:00","mainEntityOfPage":{"@id":"https:\/\/psol50.org.br\/entrevista-criada-associacao-nacional-de-policiais-e-bombeiros-militares\/"},"wordCount":882,"commentCount":0,"publisher":{"@id":"https:\/\/psol50.org.br\/#organization"},"articleSection":["Arquivo"],"inLanguage":"pt-BR","potentialAction":[{"@type":"CommentAction","name":"Comment","target":["https:\/\/psol50.org.br\/entrevista-criada-associacao-nacional-de-policiais-e-bombeiros-militares\/#respond"]}]},{"@type":"WebPage","@id":"https:\/\/psol50.org.br\/entrevista-criada-associacao-nacional-de-policiais-e-bombeiros-militares\/","url":"https:\/\/psol50.org.br\/entrevista-criada-associacao-nacional-de-policiais-e-bombeiros-militares\/","name":"Entrevista - Criada Associa\u00e7\u00e3o Nacional de Policiais e Bombeiros Militares - PSOL 50","isPartOf":{"@id":"https:\/\/psol50.org.br\/#website"},"datePublished":"2007-11-30T00:00:00+00:00","breadcrumb":{"@id":"https:\/\/psol50.org.br\/entrevista-criada-associacao-nacional-de-policiais-e-bombeiros-militares\/#breadcrumb"},"inLanguage":"pt-BR","potentialAction":[{"@type":"ReadAction","target":["https:\/\/psol50.org.br\/entrevista-criada-associacao-nacional-de-policiais-e-bombeiros-militares\/"]}]},{"@type":"BreadcrumbList","@id":"https:\/\/psol50.org.br\/entrevista-criada-associacao-nacional-de-policiais-e-bombeiros-militares\/#breadcrumb","itemListElement":[{"@type":"ListItem","position":1,"name":"In\u00edcio","item":"https:\/\/psol50.org.br\/"},{"@type":"ListItem","position":2,"name":"Entrevista &#8211; Criada Associa\u00e7\u00e3o Nacional de Policiais e Bombeiros Militares"}]},{"@type":"WebSite","@id":"https:\/\/psol50.org.br\/#website","url":"https:\/\/psol50.org.br\/","name":"PSOL 50","description":"Site oficial do Partido Socialismo e Liberdade","publisher":{"@id":"https:\/\/psol50.org.br\/#organization"},"alternateName":"PSOL50","potentialAction":[{"@type":"SearchAction","target":{"@type":"EntryPoint","urlTemplate":"https:\/\/psol50.org.br\/?s={search_term_string}"},"query-input":{"@type":"PropertyValueSpecification","valueRequired":true,"valueName":"search_term_string"}}],"inLanguage":"pt-BR"},{"@type":"Organization","@id":"https:\/\/psol50.org.br\/#organization","name":"PSOL 50","alternateName":"PSOL 50","url":"https:\/\/psol50.org.br\/","logo":{"@type":"ImageObject","inLanguage":"pt-BR","@id":"https:\/\/psol50.org.br\/#\/schema\/logo\/image\/","url":"https:\/\/psol50.org.br\/inc\/uploads\/2018\/07\/capa.png","contentUrl":"https:\/\/psol50.org.br\/inc\/uploads\/2018\/07\/capa.png","width":1350,"height":900,"caption":"PSOL 50"},"image":{"@id":"https:\/\/psol50.org.br\/#\/schema\/logo\/image\/"},"sameAs":["https:\/\/www.facebook.com\/psol50","https:\/\/x.com\/psol50","https:\/\/www.instagram.com\/psol50\/","https:\/\/www.youtube.com\/channel\/UC7SnJS5o1os7a6CaiNabzcg"]},{"@type":"Person","@id":"https:\/\/psol50.org.br\/#\/schema\/person\/475dfa57d0b815993c714c2e96491fcd","name":"Comunica\u00e7\u00e3o PSOL","image":{"@type":"ImageObject","inLanguage":"pt-BR","@id":"https:\/\/psol50.org.br\/#\/schema\/person\/image\/","url":"https:\/\/secure.gravatar.com\/avatar\/b34fc4f4e468a4e51785917065a3db57b841f5c95dba6ad8c73aaf8f66f8f9bf?s=96&d=mm&r=g","contentUrl":"https:\/\/secure.gravatar.com\/avatar\/b34fc4f4e468a4e51785917065a3db57b841f5c95dba6ad8c73aaf8f66f8f9bf?s=96&d=mm&r=g","caption":"Comunica\u00e7\u00e3o PSOL"}}]}},"_links":{"self":[{"href":"https:\/\/psol50.org.br\/rest\/wp\/v2\/posts\/700","targetHints":{"allow":["GET"]}}],"collection":[{"href":"https:\/\/psol50.org.br\/rest\/wp\/v2\/posts"}],"about":[{"href":"https:\/\/psol50.org.br\/rest\/wp\/v2\/types\/post"}],"author":[{"embeddable":true,"href":"https:\/\/psol50.org.br\/rest\/wp\/v2\/users\/2"}],"replies":[{"embeddable":true,"href":"https:\/\/psol50.org.br\/rest\/wp\/v2\/comments?post=700"}],"version-history":[{"count":0,"href":"https:\/\/psol50.org.br\/rest\/wp\/v2\/posts\/700\/revisions"}],"wp:attachment":[{"href":"https:\/\/psol50.org.br\/rest\/wp\/v2\/media?parent=700"}],"wp:term":[{"taxonomy":"category","embeddable":true,"href":"https:\/\/psol50.org.br\/rest\/wp\/v2\/categories?post=700"},{"taxonomy":"post_tag","embeddable":true,"href":"https:\/\/psol50.org.br\/rest\/wp\/v2\/tags?post=700"}],"curies":[{"name":"wp","href":"https:\/\/api.w.org\/{rel}","templated":true}]}}