{"id":723,"date":"2009-04-28T00:00:00","date_gmt":"2009-04-28T00:00:00","guid":{"rendered":"http:\/\/psol50.org.br\/arquivo\/2009\/04\/28\/organizacao-de-alternativa-unitaria-dos-trabalhadores-avanca-em-seminario-nacional-realizado-em-sp\/"},"modified":"2009-04-28T00:00:00","modified_gmt":"2009-04-28T00:00:00","slug":"organizacao-de-alternativa-unitaria-dos-trabalhadores-avanca-em-seminario-nacional-realizado-em-sp","status":"publish","type":"post","link":"https:\/\/psol50.org.br\/organizacao-de-alternativa-unitaria-dos-trabalhadores-avanca-em-seminario-nacional-realizado-em-sp\/","title":{"rendered":"Organiza\u00e7\u00e3o de alternativa unit\u00e1ria dos trabalhadores avan\u00e7a em Semin\u00e1rio Nacional realizado em SP"},"content":{"rendered":"<p>Representantes de 16 estados &#8211; de entidades e organiza\u00e7\u00f5es &#8211; se reuniram por tr\u00eas dias em S\u00e3o Paulo, no feriado de 19 a 21 de abril, para debater a reorganiza\u00e7\u00e3o do movimento no Brasil. Eram cerca de 20 setores representados, entre eles, metal\u00fargicos, qu\u00edmicos, petroleiros, banc\u00e1rios, servidores p\u00fablicos, professores, metrovi\u00e1rios, comerci\u00e1rios e movimentos popular e estudantil.<\/p>\n<p><!--more--><\/p>\n<p>Os debates foram ricos e acalorados. Decis\u00f5es de consenso, pol\u00eamicas e a perspectiva de que os trabalhadores brasileiros vivem um momento \u00fanico no processo de reorganiza\u00e7\u00e3o do movimento. Os debates permitiram que fossem identificados os pontos comuns sobre estrat\u00e9gia e concep\u00e7\u00e3o para o programa da organiza\u00e7\u00e3o unit\u00e1ria que est\u00e1 sendo constru\u00edda, e permitiram tamb\u00e9m equacionar de forma clara e respeitosa as diferen\u00e7as existentes e temas sobre os quais ser\u00e1 necess\u00e1rio aprofundar a discuss\u00e3o.<\/p>\n<p><strong>Calend\u00e1rio da Reorganiza\u00e7\u00e3o<\/strong> &#8211; As entidades que participaram o encontro voltam para suas regi\u00f5es para organizar esse processo na base. Haver\u00e1 semin\u00e1rios e reuni\u00f5es regionais, estaduais ou por categorias para discutir a necessidade de reorganizar o movimento de luta no Brasil. Ap\u00f3s a realiza\u00e7\u00e3o dessas atividades, previstas para acontecerem at\u00e9 outubro, ser\u00e1 marcado um novo semin\u00e1rio nacional ainda em outubro na perspectiva de preparar um Congresso Nacional no in\u00edcio de 2010 para consumar a unifica\u00e7\u00e3o.<\/p>\n<p><strong>Manifesto<\/strong> &#8211; No semin\u00e1rio foi reafirmado o manifesto aprovado no Encontro Nacional realizado no F\u00f3rum Social Mundial (FSM), em janeiro: &#8220;Manifesto Contra o Pacto Social! Em defesa do emprego, sal\u00e1rio e direitos! Patr\u00f5es e banqueiros \u00e9 que devem pagar pela crise! Avan\u00e7ar na constru\u00e7\u00e3o de uma alternativa unit\u00e1ria&#8221;.<\/p>\n<p>Diante da crise econ\u00f4mica mundial em que o governo Lula editou medidas provis\u00f3rias para socorrer os bancos, construtoras e outras empresas com dinheiro p\u00fablico, quer ajudar o FMI (Fundo Monet\u00e1rio Internacional) e declarou que os trabalhadores n\u00e3o devem pedir aumento salarial, os participantes do semin\u00e1rio decidiram continuar a luta dos trabalhadores e trabalhadoras brasileiros.<\/p>\n<p>Por isso, entidades de luta de norte a sul do Brasil v\u00e3o continuar a fortalecer as mobiliza\u00e7\u00f5es contra as demiss\u00f5es e a redu\u00e7\u00e3o dos direitos, contra os cortes no investimento em pol\u00edticas p\u00fablicas e apoiar e unificar as campanhas por sal\u00e1rios. Apoiar o Comit\u00ea pela Reestatiza\u00e7\u00e3o da Embraer e o abaixo-assinado que est\u00e1 sendo lan\u00e7ado por parte das entidades que participaram do semin\u00e1rio, com as exig\u00eancias dos trabalhadores dirigidas ao governo Lula, ao Congresso Nacional e ao Judici\u00e1rio. Al\u00e9m disso, haver\u00e1 a den\u00fancia da natureza dessa crise capitalista.<\/p>\n<p>Tamb\u00e9m foram reafirmadas as exig\u00eancias aos patr\u00f5es e aos governos aprovadas no Encontro Nacional no FSM: estabilidade no emprego; reintegra\u00e7\u00e3o dos demitidos: estabilidade no emprego; reintegra\u00e7\u00e3o dos demitidos e isen\u00e7\u00e3o de impostos e tarifas p\u00fablicas para os desempregados; n\u00e3o \u00e0 flexibiliza\u00e7\u00e3o dos direitos trabalhistas; manuten\u00e7\u00e3o e aumento dos investimentos em pol\u00edticas p\u00fablicas, sa\u00fade, educa\u00e7\u00e3o, moradia e saneamento; defesa dos servi\u00e7os p\u00fablicos e do funcionalismo; defesa da Petrobras nacional; n\u00e3o pagamento das d\u00edvidas interna e externa e outras bandeiras.<\/p>\n<p><strong>Dia de luta<\/strong> &#8211; Todas as exig\u00eancias ser\u00e3o apresentadas nas lutas que ocorrerem no pr\u00f3ximo per\u00edodo, assim como ser\u00e3o divulgadas em todo o pa\u00eds no dia nacional de paralisa\u00e7\u00f5es e manifesta\u00e7\u00f5es que est\u00e1 indicado para o m\u00eas de junho.<\/p>\n<p><strong>Relat\u00f3rio<\/strong> &#8211; In\u00fameros aspectos foram abordados no Semin\u00e1rio Nacional. Os debates s\u00e3o muitos. Todos ser\u00e3o apresentados no relat\u00f3rio que est\u00e1 sendo preparado por uma coordena\u00e7\u00e3o e ser\u00e1 enviado \u00e0s entidades que participaram da atividade.<\/p>\n<p>As mo\u00e7\u00f5es aprovadas tamb\u00e9m ser\u00e3o enviadas com o relat\u00f3rio.<\/p>\n<p>As entidades e organiza\u00e7\u00f5es que promoveram o semin\u00e1rio s\u00e3o a Conlutas, Intersindical, MAS, MTL, MTST, Pastoral Oper\u00e1ria Metropolitana (SP) e setores independentes.<\/p>\n","protected":false},"excerpt":{"rendered":"<p>Representantes de 16 estados &#8211; de entidades e organiza\u00e7\u00f5es &#8211; se reuniram por tr\u00eas dias em S\u00e3o Paulo, no feriado de 19 a 21 de abril, para debater a reorganiza\u00e7\u00e3o do movimento no Brasil. Eram cerca de 20 setores representados, entre eles, metal\u00fargicos, qu\u00edmicos, petroleiros, banc\u00e1rios, servidores p\u00fablicos, professores, metrovi\u00e1rios, comerci\u00e1rios e movimentos popular e [&hellip;]<\/p>\n","protected":false},"author":2,"featured_media":0,"comment_status":"open","ping_status":"open","sticky":false,"template":"","format":"standard","meta":{"_acf_changed":false,"footnotes":""},"categories":[4766,1104],"tags":[],"class_list":{"0":"post-723","1":"post","2":"type-post","3":"status-publish","4":"format-standard","6":"category-arquivo","7":"category-movimento"},"acf":[],"yoast_head":"<!-- This site is optimized with the Yoast SEO plugin v26.5 - https:\/\/yoast.com\/wordpress\/plugins\/seo\/ -->\n<title>Organiza\u00e7\u00e3o de alternativa unit\u00e1ria dos trabalhadores avan\u00e7a em Semin\u00e1rio Nacional realizado em SP - PSOL 50<\/title>\n<meta name=\"robots\" content=\"index, follow, max-snippet:-1, max-image-preview:large, max-video-preview:-1\" \/>\n<link rel=\"canonical\" href=\"https:\/\/psol50.org.br\/organizacao-de-alternativa-unitaria-dos-trabalhadores-avanca-em-seminario-nacional-realizado-em-sp\/\" \/>\n<meta property=\"og:locale\" content=\"pt_BR\" \/>\n<meta property=\"og:type\" content=\"article\" \/>\n<meta property=\"og:title\" content=\"Organiza\u00e7\u00e3o de alternativa unit\u00e1ria dos trabalhadores avan\u00e7a em Semin\u00e1rio Nacional realizado em SP - PSOL 50\" \/>\n<meta property=\"og:description\" content=\"Representantes de 16 estados &#8211; de entidades e organiza\u00e7\u00f5es &#8211; se reuniram por tr\u00eas dias em S\u00e3o Paulo, no feriado de 19 a 21 de abril, para debater a reorganiza\u00e7\u00e3o do movimento no Brasil. Eram cerca de 20 setores representados, entre eles, metal\u00fargicos, qu\u00edmicos, petroleiros, banc\u00e1rios, servidores p\u00fablicos, professores, metrovi\u00e1rios, comerci\u00e1rios e movimentos popular e [&hellip;]\" \/>\n<meta property=\"og:url\" content=\"https:\/\/psol50.org.br\/organizacao-de-alternativa-unitaria-dos-trabalhadores-avanca-em-seminario-nacional-realizado-em-sp\/\" \/>\n<meta property=\"og:site_name\" content=\"PSOL 50\" \/>\n<meta property=\"article:publisher\" content=\"https:\/\/www.facebook.com\/psol50\" \/>\n<meta property=\"article:published_time\" content=\"2009-04-28T00:00:00+00:00\" \/>\n<meta property=\"og:image\" content=\"https:\/\/psol50.org.br\/inc\/uploads\/2018\/07\/capa.png\" \/>\n\t<meta property=\"og:image:width\" content=\"1350\" \/>\n\t<meta property=\"og:image:height\" content=\"900\" \/>\n\t<meta property=\"og:image:type\" content=\"image\/png\" \/>\n<meta name=\"author\" content=\"Comunica\u00e7\u00e3o PSOL\" \/>\n<meta name=\"twitter:card\" content=\"summary_large_image\" \/>\n<meta name=\"twitter:creator\" content=\"@psol50\" \/>\n<meta name=\"twitter:site\" content=\"@psol50\" \/>\n<meta name=\"twitter:label1\" content=\"Escrito por\" \/>\n\t<meta name=\"twitter:data1\" content=\"Comunica\u00e7\u00e3o PSOL\" \/>\n\t<meta name=\"twitter:label2\" content=\"Est. tempo de leitura\" \/>\n\t<meta name=\"twitter:data2\" content=\"3 minutos\" \/>\n<script type=\"application\/ld+json\" class=\"yoast-schema-graph\">{\"@context\":\"https:\/\/schema.org\",\"@graph\":[{\"@type\":\"Article\",\"@id\":\"https:\/\/psol50.org.br\/organizacao-de-alternativa-unitaria-dos-trabalhadores-avanca-em-seminario-nacional-realizado-em-sp\/#article\",\"isPartOf\":{\"@id\":\"https:\/\/psol50.org.br\/organizacao-de-alternativa-unitaria-dos-trabalhadores-avanca-em-seminario-nacional-realizado-em-sp\/\"},\"author\":{\"name\":\"Comunica\u00e7\u00e3o PSOL\",\"@id\":\"https:\/\/psol50.org.br\/#\/schema\/person\/475dfa57d0b815993c714c2e96491fcd\"},\"headline\":\"Organiza\u00e7\u00e3o de alternativa unit\u00e1ria dos trabalhadores avan\u00e7a em Semin\u00e1rio Nacional realizado em SP\",\"datePublished\":\"2009-04-28T00:00:00+00:00\",\"mainEntityOfPage\":{\"@id\":\"https:\/\/psol50.org.br\/organizacao-de-alternativa-unitaria-dos-trabalhadores-avanca-em-seminario-nacional-realizado-em-sp\/\"},\"wordCount\":687,\"commentCount\":0,\"publisher\":{\"@id\":\"https:\/\/psol50.org.br\/#organization\"},\"articleSection\":[\"Arquivo\",\"Movimento\"],\"inLanguage\":\"pt-BR\",\"potentialAction\":[{\"@type\":\"CommentAction\",\"name\":\"Comment\",\"target\":[\"https:\/\/psol50.org.br\/organizacao-de-alternativa-unitaria-dos-trabalhadores-avanca-em-seminario-nacional-realizado-em-sp\/#respond\"]}]},{\"@type\":\"WebPage\",\"@id\":\"https:\/\/psol50.org.br\/organizacao-de-alternativa-unitaria-dos-trabalhadores-avanca-em-seminario-nacional-realizado-em-sp\/\",\"url\":\"https:\/\/psol50.org.br\/organizacao-de-alternativa-unitaria-dos-trabalhadores-avanca-em-seminario-nacional-realizado-em-sp\/\",\"name\":\"Organiza\u00e7\u00e3o de alternativa unit\u00e1ria dos trabalhadores avan\u00e7a em Semin\u00e1rio Nacional realizado em SP - PSOL 50\",\"isPartOf\":{\"@id\":\"https:\/\/psol50.org.br\/#website\"},\"datePublished\":\"2009-04-28T00:00:00+00:00\",\"breadcrumb\":{\"@id\":\"https:\/\/psol50.org.br\/organizacao-de-alternativa-unitaria-dos-trabalhadores-avanca-em-seminario-nacional-realizado-em-sp\/#breadcrumb\"},\"inLanguage\":\"pt-BR\",\"potentialAction\":[{\"@type\":\"ReadAction\",\"target\":[\"https:\/\/psol50.org.br\/organizacao-de-alternativa-unitaria-dos-trabalhadores-avanca-em-seminario-nacional-realizado-em-sp\/\"]}]},{\"@type\":\"BreadcrumbList\",\"@id\":\"https:\/\/psol50.org.br\/organizacao-de-alternativa-unitaria-dos-trabalhadores-avanca-em-seminario-nacional-realizado-em-sp\/#breadcrumb\",\"itemListElement\":[{\"@type\":\"ListItem\",\"position\":1,\"name\":\"In\u00edcio\",\"item\":\"https:\/\/psol50.org.br\/\"},{\"@type\":\"ListItem\",\"position\":2,\"name\":\"Organiza\u00e7\u00e3o de alternativa unit\u00e1ria dos trabalhadores avan\u00e7a em Semin\u00e1rio Nacional realizado em SP\"}]},{\"@type\":\"WebSite\",\"@id\":\"https:\/\/psol50.org.br\/#website\",\"url\":\"https:\/\/psol50.org.br\/\",\"name\":\"PSOL 50\",\"description\":\"Site oficial do Partido Socialismo e Liberdade\",\"publisher\":{\"@id\":\"https:\/\/psol50.org.br\/#organization\"},\"alternateName\":\"PSOL50\",\"potentialAction\":[{\"@type\":\"SearchAction\",\"target\":{\"@type\":\"EntryPoint\",\"urlTemplate\":\"https:\/\/psol50.org.br\/?s={search_term_string}\"},\"query-input\":{\"@type\":\"PropertyValueSpecification\",\"valueRequired\":true,\"valueName\":\"search_term_string\"}}],\"inLanguage\":\"pt-BR\"},{\"@type\":\"Organization\",\"@id\":\"https:\/\/psol50.org.br\/#organization\",\"name\":\"PSOL 50\",\"alternateName\":\"PSOL 50\",\"url\":\"https:\/\/psol50.org.br\/\",\"logo\":{\"@type\":\"ImageObject\",\"inLanguage\":\"pt-BR\",\"@id\":\"https:\/\/psol50.org.br\/#\/schema\/logo\/image\/\",\"url\":\"https:\/\/psol50.org.br\/inc\/uploads\/2018\/07\/capa.png\",\"contentUrl\":\"https:\/\/psol50.org.br\/inc\/uploads\/2018\/07\/capa.png\",\"width\":1350,\"height\":900,\"caption\":\"PSOL 50\"},\"image\":{\"@id\":\"https:\/\/psol50.org.br\/#\/schema\/logo\/image\/\"},\"sameAs\":[\"https:\/\/www.facebook.com\/psol50\",\"https:\/\/x.com\/psol50\",\"https:\/\/www.instagram.com\/psol50\/\",\"https:\/\/www.youtube.com\/channel\/UC7SnJS5o1os7a6CaiNabzcg\"]},{\"@type\":\"Person\",\"@id\":\"https:\/\/psol50.org.br\/#\/schema\/person\/475dfa57d0b815993c714c2e96491fcd\",\"name\":\"Comunica\u00e7\u00e3o PSOL\",\"image\":{\"@type\":\"ImageObject\",\"inLanguage\":\"pt-BR\",\"@id\":\"https:\/\/psol50.org.br\/#\/schema\/person\/image\/\",\"url\":\"https:\/\/secure.gravatar.com\/avatar\/b34fc4f4e468a4e51785917065a3db57b841f5c95dba6ad8c73aaf8f66f8f9bf?s=96&d=mm&r=g\",\"contentUrl\":\"https:\/\/secure.gravatar.com\/avatar\/b34fc4f4e468a4e51785917065a3db57b841f5c95dba6ad8c73aaf8f66f8f9bf?s=96&d=mm&r=g\",\"caption\":\"Comunica\u00e7\u00e3o PSOL\"}}]}<\/script>\n<!-- \/ Yoast SEO plugin. -->","yoast_head_json":{"title":"Organiza\u00e7\u00e3o de alternativa unit\u00e1ria dos trabalhadores avan\u00e7a em Semin\u00e1rio Nacional realizado em SP - PSOL 50","robots":{"index":"index","follow":"follow","max-snippet":"max-snippet:-1","max-image-preview":"max-image-preview:large","max-video-preview":"max-video-preview:-1"},"canonical":"https:\/\/psol50.org.br\/organizacao-de-alternativa-unitaria-dos-trabalhadores-avanca-em-seminario-nacional-realizado-em-sp\/","og_locale":"pt_BR","og_type":"article","og_title":"Organiza\u00e7\u00e3o de alternativa unit\u00e1ria dos trabalhadores avan\u00e7a em Semin\u00e1rio Nacional realizado em SP - PSOL 50","og_description":"Representantes de 16 estados &#8211; de entidades e organiza\u00e7\u00f5es &#8211; se reuniram por tr\u00eas dias em S\u00e3o Paulo, no feriado de 19 a 21 de abril, para debater a reorganiza\u00e7\u00e3o do movimento no Brasil. Eram cerca de 20 setores representados, entre eles, metal\u00fargicos, qu\u00edmicos, petroleiros, banc\u00e1rios, servidores p\u00fablicos, professores, metrovi\u00e1rios, comerci\u00e1rios e movimentos popular e [&hellip;]","og_url":"https:\/\/psol50.org.br\/organizacao-de-alternativa-unitaria-dos-trabalhadores-avanca-em-seminario-nacional-realizado-em-sp\/","og_site_name":"PSOL 50","article_publisher":"https:\/\/www.facebook.com\/psol50","article_published_time":"2009-04-28T00:00:00+00:00","og_image":[{"width":1350,"height":900,"url":"https:\/\/psol50.org.br\/inc\/uploads\/2018\/07\/capa.png","type":"image\/png"}],"author":"Comunica\u00e7\u00e3o PSOL","twitter_card":"summary_large_image","twitter_creator":"@psol50","twitter_site":"@psol50","twitter_misc":{"Escrito por":"Comunica\u00e7\u00e3o PSOL","Est. tempo de leitura":"3 minutos"},"schema":{"@context":"https:\/\/schema.org","@graph":[{"@type":"Article","@id":"https:\/\/psol50.org.br\/organizacao-de-alternativa-unitaria-dos-trabalhadores-avanca-em-seminario-nacional-realizado-em-sp\/#article","isPartOf":{"@id":"https:\/\/psol50.org.br\/organizacao-de-alternativa-unitaria-dos-trabalhadores-avanca-em-seminario-nacional-realizado-em-sp\/"},"author":{"name":"Comunica\u00e7\u00e3o PSOL","@id":"https:\/\/psol50.org.br\/#\/schema\/person\/475dfa57d0b815993c714c2e96491fcd"},"headline":"Organiza\u00e7\u00e3o de alternativa unit\u00e1ria dos trabalhadores avan\u00e7a em Semin\u00e1rio Nacional realizado em SP","datePublished":"2009-04-28T00:00:00+00:00","mainEntityOfPage":{"@id":"https:\/\/psol50.org.br\/organizacao-de-alternativa-unitaria-dos-trabalhadores-avanca-em-seminario-nacional-realizado-em-sp\/"},"wordCount":687,"commentCount":0,"publisher":{"@id":"https:\/\/psol50.org.br\/#organization"},"articleSection":["Arquivo","Movimento"],"inLanguage":"pt-BR","potentialAction":[{"@type":"CommentAction","name":"Comment","target":["https:\/\/psol50.org.br\/organizacao-de-alternativa-unitaria-dos-trabalhadores-avanca-em-seminario-nacional-realizado-em-sp\/#respond"]}]},{"@type":"WebPage","@id":"https:\/\/psol50.org.br\/organizacao-de-alternativa-unitaria-dos-trabalhadores-avanca-em-seminario-nacional-realizado-em-sp\/","url":"https:\/\/psol50.org.br\/organizacao-de-alternativa-unitaria-dos-trabalhadores-avanca-em-seminario-nacional-realizado-em-sp\/","name":"Organiza\u00e7\u00e3o de alternativa unit\u00e1ria dos trabalhadores avan\u00e7a em Semin\u00e1rio Nacional realizado em SP - PSOL 50","isPartOf":{"@id":"https:\/\/psol50.org.br\/#website"},"datePublished":"2009-04-28T00:00:00+00:00","breadcrumb":{"@id":"https:\/\/psol50.org.br\/organizacao-de-alternativa-unitaria-dos-trabalhadores-avanca-em-seminario-nacional-realizado-em-sp\/#breadcrumb"},"inLanguage":"pt-BR","potentialAction":[{"@type":"ReadAction","target":["https:\/\/psol50.org.br\/organizacao-de-alternativa-unitaria-dos-trabalhadores-avanca-em-seminario-nacional-realizado-em-sp\/"]}]},{"@type":"BreadcrumbList","@id":"https:\/\/psol50.org.br\/organizacao-de-alternativa-unitaria-dos-trabalhadores-avanca-em-seminario-nacional-realizado-em-sp\/#breadcrumb","itemListElement":[{"@type":"ListItem","position":1,"name":"In\u00edcio","item":"https:\/\/psol50.org.br\/"},{"@type":"ListItem","position":2,"name":"Organiza\u00e7\u00e3o de alternativa unit\u00e1ria dos trabalhadores avan\u00e7a em Semin\u00e1rio Nacional realizado em SP"}]},{"@type":"WebSite","@id":"https:\/\/psol50.org.br\/#website","url":"https:\/\/psol50.org.br\/","name":"PSOL 50","description":"Site oficial do Partido Socialismo e Liberdade","publisher":{"@id":"https:\/\/psol50.org.br\/#organization"},"alternateName":"PSOL50","potentialAction":[{"@type":"SearchAction","target":{"@type":"EntryPoint","urlTemplate":"https:\/\/psol50.org.br\/?s={search_term_string}"},"query-input":{"@type":"PropertyValueSpecification","valueRequired":true,"valueName":"search_term_string"}}],"inLanguage":"pt-BR"},{"@type":"Organization","@id":"https:\/\/psol50.org.br\/#organization","name":"PSOL 50","alternateName":"PSOL 50","url":"https:\/\/psol50.org.br\/","logo":{"@type":"ImageObject","inLanguage":"pt-BR","@id":"https:\/\/psol50.org.br\/#\/schema\/logo\/image\/","url":"https:\/\/psol50.org.br\/inc\/uploads\/2018\/07\/capa.png","contentUrl":"https:\/\/psol50.org.br\/inc\/uploads\/2018\/07\/capa.png","width":1350,"height":900,"caption":"PSOL 50"},"image":{"@id":"https:\/\/psol50.org.br\/#\/schema\/logo\/image\/"},"sameAs":["https:\/\/www.facebook.com\/psol50","https:\/\/x.com\/psol50","https:\/\/www.instagram.com\/psol50\/","https:\/\/www.youtube.com\/channel\/UC7SnJS5o1os7a6CaiNabzcg"]},{"@type":"Person","@id":"https:\/\/psol50.org.br\/#\/schema\/person\/475dfa57d0b815993c714c2e96491fcd","name":"Comunica\u00e7\u00e3o PSOL","image":{"@type":"ImageObject","inLanguage":"pt-BR","@id":"https:\/\/psol50.org.br\/#\/schema\/person\/image\/","url":"https:\/\/secure.gravatar.com\/avatar\/b34fc4f4e468a4e51785917065a3db57b841f5c95dba6ad8c73aaf8f66f8f9bf?s=96&d=mm&r=g","contentUrl":"https:\/\/secure.gravatar.com\/avatar\/b34fc4f4e468a4e51785917065a3db57b841f5c95dba6ad8c73aaf8f66f8f9bf?s=96&d=mm&r=g","caption":"Comunica\u00e7\u00e3o PSOL"}}]}},"_links":{"self":[{"href":"https:\/\/psol50.org.br\/rest\/wp\/v2\/posts\/723","targetHints":{"allow":["GET"]}}],"collection":[{"href":"https:\/\/psol50.org.br\/rest\/wp\/v2\/posts"}],"about":[{"href":"https:\/\/psol50.org.br\/rest\/wp\/v2\/types\/post"}],"author":[{"embeddable":true,"href":"https:\/\/psol50.org.br\/rest\/wp\/v2\/users\/2"}],"replies":[{"embeddable":true,"href":"https:\/\/psol50.org.br\/rest\/wp\/v2\/comments?post=723"}],"version-history":[{"count":0,"href":"https:\/\/psol50.org.br\/rest\/wp\/v2\/posts\/723\/revisions"}],"wp:attachment":[{"href":"https:\/\/psol50.org.br\/rest\/wp\/v2\/media?parent=723"}],"wp:term":[{"taxonomy":"category","embeddable":true,"href":"https:\/\/psol50.org.br\/rest\/wp\/v2\/categories?post=723"},{"taxonomy":"post_tag","embeddable":true,"href":"https:\/\/psol50.org.br\/rest\/wp\/v2\/tags?post=723"}],"curies":[{"name":"wp","href":"https:\/\/api.w.org\/{rel}","templated":true}]}}