{"id":724,"date":"2009-05-26T00:00:00","date_gmt":"2009-05-26T00:00:00","guid":{"rendered":"http:\/\/psol50.org.br\/arquivo\/2009\/05\/26\/forum-reafirma-indicativo-de-greve-nas-universidades-estaduais-paulistas\/"},"modified":"2009-05-26T00:00:00","modified_gmt":"2009-05-26T00:00:00","slug":"forum-reafirma-indicativo-de-greve-nas-universidades-estaduais-paulistas","status":"publish","type":"post","link":"https:\/\/psol50.org.br\/forum-reafirma-indicativo-de-greve-nas-universidades-estaduais-paulistas\/","title":{"rendered":"F\u00f3rum reafirma indicativo de greve nas universidades estaduais paulistas"},"content":{"rendered":"<p>N\u00e3o tendo como justificar sua proposta p\u00edfia de reajuste salarial, mesmo diante da comprovada folga de caixa nas universidades, o Cruesp optou pelo desrespeito ao F\u00f3rum das Seis e aos cerca de dois mil manifestantes presentes no ato realizado nesta segunda-feira, 25\/5\/2009, data prevista para a segunda rodada de negocia\u00e7\u00e3o da data-base 2009.<\/p>\n<p>\u00a0<\/p>\n<p><!--more--><\/p>\n<p>Em franca atitude de provoca\u00e7\u00e3o ao F\u00f3rum das Seis e \u00e0 comunidade universit\u00e1ria, os reitores apresentaram um conjunto de barreiras \u00e0 negocia\u00e7\u00e3o:<\/p>\n<p>1) Numa inaceit\u00e1vel inger\u00eancia na autonomia e independ\u00eancia das entidades, vetaram a entrada de um dos representantes do Sintusp, Claudionor Brand\u00e3o, legitimamente eleito por sua categoria, na reuni\u00e3o;<\/p>\n<p>2) Vetaram a entrada de representantes de entidades nacionais de docentes e servidores, que sempre estiveram presentes em tais reuni\u00f5es;<\/p>\n<p>3) Comunicaram que n\u00e3o aceitariam a entrada de dois representantes por entidade estudantil, mas apenas um, contrariando o que sempre ocorreu. Ap\u00f3s breve negocia\u00e7\u00e3o, esta barreira foi superada;<\/p>\n<p>4) Por fim, numa atitude infantil e inexplic\u00e1vel, exigiram que os representantes do F\u00f3rum entrassem na reitoria da USP pela porta dos fundos.<\/p>\n<p><strong>Deturpa\u00e7\u00e3o dos fatos<\/strong><\/p>\n<p>S\u00e3o afrontosas e inver\u00eddicas as afirma\u00e7\u00f5es do Cruesp, em seus comunicados divulgados ainda na tarde do dia 25:<\/p>\n<p>1) De que as entidades que comp\u00f5em o F\u00f3rum das Seis n\u00e3o compareceram ao local previamente agendado para a realiza\u00e7\u00e3o dessa reuni\u00e3o.<\/p>\n<p>2) De que os representantes do F\u00f3rum das Seis tenham se recusado a participar da reuni\u00e3o.<\/p>\n<p>3) De que as entidades que comp\u00f5em o F\u00f3rum das Seis invadiram violentamente o pr\u00e9dio da reitoria.<\/p>\n<p>O F\u00f3rum repudia as acusa\u00e7\u00f5es porque nunca priorizou a viol\u00eancia ao di\u00e1logo. As acusa\u00e7\u00f5es s\u00e3o tendenciosas e provocativas. Quem tem negado o di\u00e1logo s\u00e3o as reitorias, que n\u00e3o privilegiam o car\u00e1ter p\u00fablico, gratuito, laico e democr\u00e1tico que deve presidir nossas institui\u00e7\u00f5es universit\u00e1rias.<\/p>\n<p>Apesar do conjunto de provoca\u00e7\u00f5es e dificuldades, a coordena\u00e7\u00e3o do F\u00f3rum esteve no interior da reitoria da USP para a negocia\u00e7\u00e3o, tentou dialogar com o Cruesp, mas n\u00e3o obteve sucesso.<\/p>\n<p>Parte dos membros do F\u00f3rum, inclusive, n\u00e3o conseguiu entrar na reitoria porque foi barrada pelos seguran\u00e7as. \u00c9 preciso lembrar que, desde a sua cria\u00e7\u00e3o, o F\u00f3rum nunca se furtou a uma \u00fanica reuni\u00e3o de negocia\u00e7\u00e3o.<\/p>\n<p>Com suas manobras protelat\u00f3rias, os reitores conseguiram exasperar os \u00e2nimos dos manifestantes.<\/p>\n<p>Isso gerou um conflito com seguran\u00e7as da USP, que barravam o acesso \u00e0 portaria, cujo local foi ocupado momentaneamente por parte dos manifestantes.<\/p>\n<p><strong>Quando o debate incomoda, o neg\u00f3cio \u00e9 criar confus\u00e3o<\/strong><\/p>\n<p>Esse conjunto de barreiras e dificuldades levantadas pelos reitores reflete uma manobra para maquiar um dado incontest\u00e1vel: h\u00e1 recursos nas universidades estaduais para um reajuste digno e para o atendimento das<br \/>nossas reivindica\u00e7\u00f5es.<\/p>\n<p>A reuni\u00e3o com a comiss\u00e3o t\u00e9cnica do Cruesp na sexta-feira, 22 de maio, refor\u00e7ou nossa convic\u00e7\u00e3o de que os reitores est\u00e3o inchando a folha de pagamento e subestimando a arrecada\u00e7\u00e3o do ICMS.<\/p>\n<p>Os t\u00e9cnicos transmitiram uma s\u00e9rie de dados para justificar um aumento m\u00e9dio de 12,68% nas folhas de pagamento do quadrimestre, enquanto o reajuste salarial do ano passado foi de apenas 6,51%. Somente a USP entregou-os por escrito, permitindo uma an\u00e1lise mais precisa. O que pudemos  observar \u00e9 que o reajuste dos aposentados, por exemplo, foi lan\u00e7ado duas vezes (como aposentados e como folha de pagamento); o dito pr\u00eamio de excel\u00eancia, al\u00e9m de ser gasto eventual, foi computado de forma integral, ao inv\u00e9s de distribu\u00eddo ao longo do ano. Apenas estes dois fatores representam \u00bc da justificativa de incremento de folha, o que j\u00e1 alteraria profundamente o n\u00edvel de comprometimento estimado pelo Cruesp. Some-se a isso que, em ano<br \/>dito de crise, os reitores mantiveram todas as previs\u00f5es de contrata\u00e7\u00f5es para expans\u00e3o de vagas, contabilizando-as para o comprometimento com a folha. N\u00e3o se vislumbra qualquer iniciativa para buscar recursos espec\u00edficos para a expans\u00e3o.<\/p>\n<p>Tampouco, h\u00e1 cr\u00edtica \u00e0 LDO\/2010 do governador, que prev\u00ea exatamente 9,57% de repasse para as universidades estaduais paulistas, quando anteriormente o texto previa no m\u00ednimo 9,57%, o que abria possibilidade de complementa\u00e7\u00f5es.<\/p>\n<p>Quanto \u00e0 arrecada\u00e7\u00e3o, apegamse \u00e0 previs\u00e3o do or\u00e7amento do estado, de R$ 56,2 bilh\u00f5es, estimada em meados de 2008. Isso significaria um crescimento nominal de apenas 0,74% em rela\u00e7\u00e3o ao que foi realizado em 2008.<\/p>\n<p>Destaque-se que o valor nominal da arrecada\u00e7\u00e3o neste primeiro quadrimestre de 2009 (descontado o PPI) est\u00e1 4,07% acima de igual per\u00edodo do ano passado. N\u00e3o levam em considera\u00e7\u00e3o, por exemplo, nem a pr\u00f3pria metodologia de elabora\u00e7\u00e3o do or\u00e7amento, que costuma usar a soma do incremento de infla\u00e7\u00e3o previsto (aumento dos pre\u00e7os) mais o crescimento econ\u00f4mico projetado (estimado hoje oficialmente em 1%).<\/p>\n<p>Como mostra a tabela, at\u00e9 2008 acumulou-se um potencial bastante significativo de recursos para que seja poss\u00edvel recuperarmos parte das perdas salariais hist\u00f3ricas que tivemos. Na falta de resposta para estes fatos, o Cruesp tenta gerar confus\u00e3o. A comunidade das universidades estaduais paulistas exige respeito e respostas s\u00e9rias dos reitores.<\/p>\n<p>Compare!<\/p>\n<p>Crescimento de 2006 a 2008<br \/>ICMS (sem PPI)<br \/>49,60%<\/p>\n<p>Reajustes salariais<br \/>14,60%<\/p>\n<p>Folha de pagamento (at\u00e9 abril de 2009)<br \/>27,70%<\/p>\n<p>Varia\u00e7\u00e3o do ICMS (sem PPI)<br \/>No 1\u00ba quadrimestre de 2009<br \/>4,07%<\/p>\n<p>Acumulada desde 2006<br \/>55,70%<\/p>\n<p>Reajuste proposto pelo Cruesp<br \/>6,05%<\/p>\n<p>Cresceu o ICMS!<\/p>\n<p>Cresceu o caixa das universidades!<\/p>\n<p>Cresceu a intransig\u00eancia dos reitores!<\/p>\n<p>Cresce a nossa mobiliza\u00e7\u00e3o!<\/p>\n<p>Em vez de priorizar sal\u00e1rios, assist\u00eancia estudantil, condi\u00e7\u00f5es dignas de trabalho e outros pr\u00e9-requisitos b\u00e1sicos \u00e0 qualidade da universidade p\u00fablica, os reitores querem usar o caixa que disp\u00f5em para implementar a pol\u00edtica do governo Serra.<\/p>\n<p>Trata-se de absorver, \u00e0s custas dos sal\u00e1rios, o impacto das expans\u00f5es j\u00e1 realizadas, bem como de outros projetos em curso (cria\u00e7\u00e3o de novos cursos, ensino \u00e0 dist\u00e2ncia, Univesp etc.).<\/p>\n<p>Pela democracia nas universidades! Por liberdade de organiza\u00e7\u00e3o e autonomia sindical! Pela dignidade salarial! Por respeito \u00e0s entidades que representam os trabalhadores!<\/p>\n<p><strong>Vamos \u00e0 luta por nossas reivindica\u00e7\u00f5es<\/strong><\/p>\n<p>Salariais:<\/p>\n<p>* Reposi\u00e7\u00e3o da Infla\u00e7\u00e3o dos \u00faltimos 12 meses (estimada em 6,1%);<br \/>* 10% de reposi\u00e7\u00e3o para recuperar parcialmente perdas hist\u00f3ricas acumuladas;<br \/>* Uma parcela para reduzir injusti\u00e7as sociais, diminuindo a rela\u00e7\u00e3o entre o maior e o menor sal\u00e1rio, tendo como refer\u00eancia a parcela fixa citada no comunicado Cruesp 3\/2007, em resposta \u00e0 nossa reivindica\u00e7\u00e3o de R$200;<br \/>* Pol\u00edtica salarial do Cruesp para o Centro Paula Souza e a Engenharia de Lorena;<\/p>\n<p>Outras reivindica\u00e7\u00f5es:<\/p>\n<p>* Mais democracia, mais autonomia!<br \/>* N\u00e3o \u00e0 repress\u00e3o e \u00e0 criminaliza\u00e7\u00e3o dos movimentos sociais;<br \/>* Contrata\u00e7\u00f5es s\u00f3 por concurso p\u00fablico e garantia de emprego aos trabalhadores;<br \/>* Mais recursos p\u00fablicos para a educa\u00e7\u00e3o;<br \/>* Pol\u00edticas de perman\u00eancia estudantil;<br \/>* Contra o Ensino \u00e0 Dist\u00e2ncia nos moldes propostos pelo governo; em defesa da qualidade do ensino superior;<br \/>* Creche para filhos de funcion\u00e1rios e de estudantes;<br \/>* Licen\u00e7a pr\u00eamio para celetistas e possibilidade de convers\u00e3o em pec\u00fania (aplica\u00e7\u00e3o da Resolu\u00e7\u00e3o SGP-7, de 6\/2\/2009);<br \/>* Cumprir os direitos constitucionais dos trabalhadores em condi\u00e7\u00f5es prejudiciais.<\/p>\n<p>TODOS \u00c0S ASSEMBLEIAS! GREVE A PARTIR DE 26 DE MAIO!<br \/>DINHEIRO TEM, NEGOCIA\u00c7\u00c3O, J\u00c1!<\/p>\n<p>PELA REINTEGRA\u00c7\u00c3O IMEDIATA DO SINDICALISTA BRAND\u00c3O!<br \/>RETIRADA DE TODOS OS PROCESSOS CONTRA TRABALHADORES E ESTUDANTES!<\/p>\n<p>ASSEMBL\u00c9IA GERAL DA ADUSP<br \/>3\u00aa f, 26\/5, \u00e0s 17h, no Anf. da Geografia<\/p>\n<p>COMPARE\u00c7A!<\/p>\n","protected":false},"excerpt":{"rendered":"<p>N\u00e3o tendo como justificar sua proposta p\u00edfia de reajuste salarial, mesmo diante da comprovada folga de caixa nas universidades, o Cruesp optou pelo desrespeito ao F\u00f3rum das Seis e aos cerca de dois mil manifestantes presentes no ato realizado nesta segunda-feira, 25\/5\/2009, data prevista para a segunda rodada de negocia\u00e7\u00e3o da data-base 2009. \u00a0<\/p>\n","protected":false},"author":2,"featured_media":0,"comment_status":"open","ping_status":"open","sticky":false,"template":"","format":"standard","meta":{"_acf_changed":false,"footnotes":""},"categories":[4766],"tags":[],"class_list":{"0":"post-724","1":"post","2":"type-post","3":"status-publish","4":"format-standard","6":"category-arquivo"},"acf":[],"yoast_head":"<!-- This site is optimized with the Yoast SEO plugin v26.5 - https:\/\/yoast.com\/wordpress\/plugins\/seo\/ -->\n<title>F\u00f3rum reafirma indicativo de greve nas universidades estaduais paulistas - PSOL 50<\/title>\n<meta name=\"robots\" content=\"index, follow, max-snippet:-1, max-image-preview:large, max-video-preview:-1\" \/>\n<link rel=\"canonical\" href=\"https:\/\/psol50.org.br\/forum-reafirma-indicativo-de-greve-nas-universidades-estaduais-paulistas\/\" \/>\n<meta property=\"og:locale\" content=\"pt_BR\" \/>\n<meta property=\"og:type\" content=\"article\" \/>\n<meta property=\"og:title\" content=\"F\u00f3rum reafirma indicativo de greve nas universidades estaduais paulistas - PSOL 50\" \/>\n<meta property=\"og:description\" content=\"N\u00e3o tendo como justificar sua proposta p\u00edfia de reajuste salarial, mesmo diante da comprovada folga de caixa nas universidades, o Cruesp optou pelo desrespeito ao F\u00f3rum das Seis e aos cerca de dois mil manifestantes presentes no ato realizado nesta segunda-feira, 25\/5\/2009, data prevista para a segunda rodada de negocia\u00e7\u00e3o da data-base 2009. \u00a0\" \/>\n<meta property=\"og:url\" content=\"https:\/\/psol50.org.br\/forum-reafirma-indicativo-de-greve-nas-universidades-estaduais-paulistas\/\" \/>\n<meta property=\"og:site_name\" content=\"PSOL 50\" \/>\n<meta property=\"article:publisher\" content=\"https:\/\/www.facebook.com\/psol50\" \/>\n<meta property=\"article:published_time\" content=\"2009-05-26T00:00:00+00:00\" \/>\n<meta property=\"og:image\" content=\"https:\/\/psol50.org.br\/inc\/uploads\/2018\/07\/capa.png\" \/>\n\t<meta property=\"og:image:width\" content=\"1350\" \/>\n\t<meta property=\"og:image:height\" content=\"900\" \/>\n\t<meta property=\"og:image:type\" content=\"image\/png\" \/>\n<meta name=\"author\" content=\"Comunica\u00e7\u00e3o PSOL\" \/>\n<meta name=\"twitter:card\" content=\"summary_large_image\" \/>\n<meta name=\"twitter:creator\" content=\"@psol50\" \/>\n<meta name=\"twitter:site\" content=\"@psol50\" \/>\n<meta name=\"twitter:label1\" content=\"Escrito por\" \/>\n\t<meta name=\"twitter:data1\" content=\"Comunica\u00e7\u00e3o PSOL\" \/>\n\t<meta name=\"twitter:label2\" content=\"Est. tempo de leitura\" \/>\n\t<meta name=\"twitter:data2\" content=\"6 minutos\" \/>\n<script type=\"application\/ld+json\" class=\"yoast-schema-graph\">{\"@context\":\"https:\/\/schema.org\",\"@graph\":[{\"@type\":\"Article\",\"@id\":\"https:\/\/psol50.org.br\/forum-reafirma-indicativo-de-greve-nas-universidades-estaduais-paulistas\/#article\",\"isPartOf\":{\"@id\":\"https:\/\/psol50.org.br\/forum-reafirma-indicativo-de-greve-nas-universidades-estaduais-paulistas\/\"},\"author\":{\"name\":\"Comunica\u00e7\u00e3o PSOL\",\"@id\":\"https:\/\/psol50.org.br\/#\/schema\/person\/475dfa57d0b815993c714c2e96491fcd\"},\"headline\":\"F\u00f3rum reafirma indicativo de greve nas universidades estaduais paulistas\",\"datePublished\":\"2009-05-26T00:00:00+00:00\",\"mainEntityOfPage\":{\"@id\":\"https:\/\/psol50.org.br\/forum-reafirma-indicativo-de-greve-nas-universidades-estaduais-paulistas\/\"},\"wordCount\":1253,\"commentCount\":0,\"publisher\":{\"@id\":\"https:\/\/psol50.org.br\/#organization\"},\"articleSection\":[\"Arquivo\"],\"inLanguage\":\"pt-BR\",\"potentialAction\":[{\"@type\":\"CommentAction\",\"name\":\"Comment\",\"target\":[\"https:\/\/psol50.org.br\/forum-reafirma-indicativo-de-greve-nas-universidades-estaduais-paulistas\/#respond\"]}]},{\"@type\":\"WebPage\",\"@id\":\"https:\/\/psol50.org.br\/forum-reafirma-indicativo-de-greve-nas-universidades-estaduais-paulistas\/\",\"url\":\"https:\/\/psol50.org.br\/forum-reafirma-indicativo-de-greve-nas-universidades-estaduais-paulistas\/\",\"name\":\"F\u00f3rum reafirma indicativo de greve nas universidades estaduais paulistas - PSOL 50\",\"isPartOf\":{\"@id\":\"https:\/\/psol50.org.br\/#website\"},\"datePublished\":\"2009-05-26T00:00:00+00:00\",\"breadcrumb\":{\"@id\":\"https:\/\/psol50.org.br\/forum-reafirma-indicativo-de-greve-nas-universidades-estaduais-paulistas\/#breadcrumb\"},\"inLanguage\":\"pt-BR\",\"potentialAction\":[{\"@type\":\"ReadAction\",\"target\":[\"https:\/\/psol50.org.br\/forum-reafirma-indicativo-de-greve-nas-universidades-estaduais-paulistas\/\"]}]},{\"@type\":\"BreadcrumbList\",\"@id\":\"https:\/\/psol50.org.br\/forum-reafirma-indicativo-de-greve-nas-universidades-estaduais-paulistas\/#breadcrumb\",\"itemListElement\":[{\"@type\":\"ListItem\",\"position\":1,\"name\":\"In\u00edcio\",\"item\":\"https:\/\/psol50.org.br\/\"},{\"@type\":\"ListItem\",\"position\":2,\"name\":\"F\u00f3rum reafirma indicativo de greve nas universidades estaduais paulistas\"}]},{\"@type\":\"WebSite\",\"@id\":\"https:\/\/psol50.org.br\/#website\",\"url\":\"https:\/\/psol50.org.br\/\",\"name\":\"PSOL 50\",\"description\":\"Site oficial do Partido Socialismo e Liberdade\",\"publisher\":{\"@id\":\"https:\/\/psol50.org.br\/#organization\"},\"alternateName\":\"PSOL50\",\"potentialAction\":[{\"@type\":\"SearchAction\",\"target\":{\"@type\":\"EntryPoint\",\"urlTemplate\":\"https:\/\/psol50.org.br\/?s={search_term_string}\"},\"query-input\":{\"@type\":\"PropertyValueSpecification\",\"valueRequired\":true,\"valueName\":\"search_term_string\"}}],\"inLanguage\":\"pt-BR\"},{\"@type\":\"Organization\",\"@id\":\"https:\/\/psol50.org.br\/#organization\",\"name\":\"PSOL 50\",\"alternateName\":\"PSOL 50\",\"url\":\"https:\/\/psol50.org.br\/\",\"logo\":{\"@type\":\"ImageObject\",\"inLanguage\":\"pt-BR\",\"@id\":\"https:\/\/psol50.org.br\/#\/schema\/logo\/image\/\",\"url\":\"https:\/\/psol50.org.br\/inc\/uploads\/2018\/07\/capa.png\",\"contentUrl\":\"https:\/\/psol50.org.br\/inc\/uploads\/2018\/07\/capa.png\",\"width\":1350,\"height\":900,\"caption\":\"PSOL 50\"},\"image\":{\"@id\":\"https:\/\/psol50.org.br\/#\/schema\/logo\/image\/\"},\"sameAs\":[\"https:\/\/www.facebook.com\/psol50\",\"https:\/\/x.com\/psol50\",\"https:\/\/www.instagram.com\/psol50\/\",\"https:\/\/www.youtube.com\/channel\/UC7SnJS5o1os7a6CaiNabzcg\"]},{\"@type\":\"Person\",\"@id\":\"https:\/\/psol50.org.br\/#\/schema\/person\/475dfa57d0b815993c714c2e96491fcd\",\"name\":\"Comunica\u00e7\u00e3o PSOL\",\"image\":{\"@type\":\"ImageObject\",\"inLanguage\":\"pt-BR\",\"@id\":\"https:\/\/psol50.org.br\/#\/schema\/person\/image\/\",\"url\":\"https:\/\/secure.gravatar.com\/avatar\/b34fc4f4e468a4e51785917065a3db57b841f5c95dba6ad8c73aaf8f66f8f9bf?s=96&d=mm&r=g\",\"contentUrl\":\"https:\/\/secure.gravatar.com\/avatar\/b34fc4f4e468a4e51785917065a3db57b841f5c95dba6ad8c73aaf8f66f8f9bf?s=96&d=mm&r=g\",\"caption\":\"Comunica\u00e7\u00e3o PSOL\"}}]}<\/script>\n<!-- \/ Yoast SEO plugin. -->","yoast_head_json":{"title":"F\u00f3rum reafirma indicativo de greve nas universidades estaduais paulistas - PSOL 50","robots":{"index":"index","follow":"follow","max-snippet":"max-snippet:-1","max-image-preview":"max-image-preview:large","max-video-preview":"max-video-preview:-1"},"canonical":"https:\/\/psol50.org.br\/forum-reafirma-indicativo-de-greve-nas-universidades-estaduais-paulistas\/","og_locale":"pt_BR","og_type":"article","og_title":"F\u00f3rum reafirma indicativo de greve nas universidades estaduais paulistas - PSOL 50","og_description":"N\u00e3o tendo como justificar sua proposta p\u00edfia de reajuste salarial, mesmo diante da comprovada folga de caixa nas universidades, o Cruesp optou pelo desrespeito ao F\u00f3rum das Seis e aos cerca de dois mil manifestantes presentes no ato realizado nesta segunda-feira, 25\/5\/2009, data prevista para a segunda rodada de negocia\u00e7\u00e3o da data-base 2009. \u00a0","og_url":"https:\/\/psol50.org.br\/forum-reafirma-indicativo-de-greve-nas-universidades-estaduais-paulistas\/","og_site_name":"PSOL 50","article_publisher":"https:\/\/www.facebook.com\/psol50","article_published_time":"2009-05-26T00:00:00+00:00","og_image":[{"width":1350,"height":900,"url":"https:\/\/psol50.org.br\/inc\/uploads\/2018\/07\/capa.png","type":"image\/png"}],"author":"Comunica\u00e7\u00e3o PSOL","twitter_card":"summary_large_image","twitter_creator":"@psol50","twitter_site":"@psol50","twitter_misc":{"Escrito por":"Comunica\u00e7\u00e3o PSOL","Est. tempo de leitura":"6 minutos"},"schema":{"@context":"https:\/\/schema.org","@graph":[{"@type":"Article","@id":"https:\/\/psol50.org.br\/forum-reafirma-indicativo-de-greve-nas-universidades-estaduais-paulistas\/#article","isPartOf":{"@id":"https:\/\/psol50.org.br\/forum-reafirma-indicativo-de-greve-nas-universidades-estaduais-paulistas\/"},"author":{"name":"Comunica\u00e7\u00e3o PSOL","@id":"https:\/\/psol50.org.br\/#\/schema\/person\/475dfa57d0b815993c714c2e96491fcd"},"headline":"F\u00f3rum reafirma indicativo de greve nas universidades estaduais paulistas","datePublished":"2009-05-26T00:00:00+00:00","mainEntityOfPage":{"@id":"https:\/\/psol50.org.br\/forum-reafirma-indicativo-de-greve-nas-universidades-estaduais-paulistas\/"},"wordCount":1253,"commentCount":0,"publisher":{"@id":"https:\/\/psol50.org.br\/#organization"},"articleSection":["Arquivo"],"inLanguage":"pt-BR","potentialAction":[{"@type":"CommentAction","name":"Comment","target":["https:\/\/psol50.org.br\/forum-reafirma-indicativo-de-greve-nas-universidades-estaduais-paulistas\/#respond"]}]},{"@type":"WebPage","@id":"https:\/\/psol50.org.br\/forum-reafirma-indicativo-de-greve-nas-universidades-estaduais-paulistas\/","url":"https:\/\/psol50.org.br\/forum-reafirma-indicativo-de-greve-nas-universidades-estaduais-paulistas\/","name":"F\u00f3rum reafirma indicativo de greve nas universidades estaduais paulistas - PSOL 50","isPartOf":{"@id":"https:\/\/psol50.org.br\/#website"},"datePublished":"2009-05-26T00:00:00+00:00","breadcrumb":{"@id":"https:\/\/psol50.org.br\/forum-reafirma-indicativo-de-greve-nas-universidades-estaduais-paulistas\/#breadcrumb"},"inLanguage":"pt-BR","potentialAction":[{"@type":"ReadAction","target":["https:\/\/psol50.org.br\/forum-reafirma-indicativo-de-greve-nas-universidades-estaduais-paulistas\/"]}]},{"@type":"BreadcrumbList","@id":"https:\/\/psol50.org.br\/forum-reafirma-indicativo-de-greve-nas-universidades-estaduais-paulistas\/#breadcrumb","itemListElement":[{"@type":"ListItem","position":1,"name":"In\u00edcio","item":"https:\/\/psol50.org.br\/"},{"@type":"ListItem","position":2,"name":"F\u00f3rum reafirma indicativo de greve nas universidades estaduais paulistas"}]},{"@type":"WebSite","@id":"https:\/\/psol50.org.br\/#website","url":"https:\/\/psol50.org.br\/","name":"PSOL 50","description":"Site oficial do Partido Socialismo e Liberdade","publisher":{"@id":"https:\/\/psol50.org.br\/#organization"},"alternateName":"PSOL50","potentialAction":[{"@type":"SearchAction","target":{"@type":"EntryPoint","urlTemplate":"https:\/\/psol50.org.br\/?s={search_term_string}"},"query-input":{"@type":"PropertyValueSpecification","valueRequired":true,"valueName":"search_term_string"}}],"inLanguage":"pt-BR"},{"@type":"Organization","@id":"https:\/\/psol50.org.br\/#organization","name":"PSOL 50","alternateName":"PSOL 50","url":"https:\/\/psol50.org.br\/","logo":{"@type":"ImageObject","inLanguage":"pt-BR","@id":"https:\/\/psol50.org.br\/#\/schema\/logo\/image\/","url":"https:\/\/psol50.org.br\/inc\/uploads\/2018\/07\/capa.png","contentUrl":"https:\/\/psol50.org.br\/inc\/uploads\/2018\/07\/capa.png","width":1350,"height":900,"caption":"PSOL 50"},"image":{"@id":"https:\/\/psol50.org.br\/#\/schema\/logo\/image\/"},"sameAs":["https:\/\/www.facebook.com\/psol50","https:\/\/x.com\/psol50","https:\/\/www.instagram.com\/psol50\/","https:\/\/www.youtube.com\/channel\/UC7SnJS5o1os7a6CaiNabzcg"]},{"@type":"Person","@id":"https:\/\/psol50.org.br\/#\/schema\/person\/475dfa57d0b815993c714c2e96491fcd","name":"Comunica\u00e7\u00e3o PSOL","image":{"@type":"ImageObject","inLanguage":"pt-BR","@id":"https:\/\/psol50.org.br\/#\/schema\/person\/image\/","url":"https:\/\/secure.gravatar.com\/avatar\/b34fc4f4e468a4e51785917065a3db57b841f5c95dba6ad8c73aaf8f66f8f9bf?s=96&d=mm&r=g","contentUrl":"https:\/\/secure.gravatar.com\/avatar\/b34fc4f4e468a4e51785917065a3db57b841f5c95dba6ad8c73aaf8f66f8f9bf?s=96&d=mm&r=g","caption":"Comunica\u00e7\u00e3o PSOL"}}]}},"_links":{"self":[{"href":"https:\/\/psol50.org.br\/rest\/wp\/v2\/posts\/724","targetHints":{"allow":["GET"]}}],"collection":[{"href":"https:\/\/psol50.org.br\/rest\/wp\/v2\/posts"}],"about":[{"href":"https:\/\/psol50.org.br\/rest\/wp\/v2\/types\/post"}],"author":[{"embeddable":true,"href":"https:\/\/psol50.org.br\/rest\/wp\/v2\/users\/2"}],"replies":[{"embeddable":true,"href":"https:\/\/psol50.org.br\/rest\/wp\/v2\/comments?post=724"}],"version-history":[{"count":0,"href":"https:\/\/psol50.org.br\/rest\/wp\/v2\/posts\/724\/revisions"}],"wp:attachment":[{"href":"https:\/\/psol50.org.br\/rest\/wp\/v2\/media?parent=724"}],"wp:term":[{"taxonomy":"category","embeddable":true,"href":"https:\/\/psol50.org.br\/rest\/wp\/v2\/categories?post=724"},{"taxonomy":"post_tag","embeddable":true,"href":"https:\/\/psol50.org.br\/rest\/wp\/v2\/tags?post=724"}],"curies":[{"name":"wp","href":"https:\/\/api.w.org\/{rel}","templated":true}]}}