{"id":747,"date":"2010-05-27T00:00:00","date_gmt":"2010-05-27T00:00:00","guid":{"rendered":"http:\/\/psol50.org.br\/arquivo\/2010\/05\/27\/mais-de-280-mil-assinaturas-contra-o-trabalho-escravo-sao-entregues-na-camara\/"},"modified":"2010-05-27T00:00:00","modified_gmt":"2010-05-27T00:00:00","slug":"mais-de-280-mil-assinaturas-contra-o-trabalho-escravo-sao-entregues-na-camara","status":"publish","type":"post","link":"https:\/\/psol50.org.br\/mais-de-280-mil-assinaturas-contra-o-trabalho-escravo-sao-entregues-na-camara\/","title":{"rendered":"Mais de 280 mil assinaturas contra o trabalho escravo s\u00e3o entregues na C\u00e2mara"},"content":{"rendered":"<p><a rel=\"attachment wp-att-2755\" href=\"http:\/\/psol50.org.br\/?attachment_id=2755\"><img loading=\"lazy\" decoding=\"async\" class=\"alignleft size-full wp-image-2755\" style=\"margin-left: 5px;margin-right: 5px\" title=\"C\u00f3pia de Assinaturas 3\" src=\"http:\/\/psol50.org.br\/files\/2010\/05\/C\u00f3pia-de-Assinaturas-3.jpg\" alt=\"\" width=\"269\" height=\"206\" \/><\/a>Mais de 280 mil assinaturas em favor da Proposta de Emenda Constitucional (PEC 438\/01), que pede o confisco de \u00e1reas urbanas e rurais onde seja comprovada a pr\u00e1tica de trabalho an\u00e1logo \u00e0 escravid\u00e3o, foram entregues, nesta quarta-feira, 26, ao presidente da C\u00e2mara dos Deputados, Michel Temer. A mat\u00e9ria espera vota\u00e7\u00e3o em segundo turno na C\u00e2mara h\u00e1 sete anos. Temer se mostrou sensibilizado com a entrega do abaixo assinado, que reuniu ades\u00f5es de todo o Pa\u00eds, e afirmou que vai levar o assunto ao col\u00e9gio de l\u00edderes para tentar garantir um acordo para votar a PEC 438\/01 o mais r\u00e1pido poss\u00edvel.<\/p>\n<p>O ato simb\u00f3lico fez parte da programa\u00e7\u00e3o do I Encontro Nacional pela Erradica\u00e7\u00e3o do Trabalho Escravo realizado Secretaria Especial de Direitos Humanos da Presid\u00eancia da Rep\u00fablica (SEDH) que come\u00e7ou no dia 25 e termina amanh\u00e3. Representantes da Frente Nacional Contra o Trabalho Escravo, Frente Parlamentar Mista pela Erradica\u00e7\u00e3o do Trabalho Escravo no Brasil, movimentos sociais, entidades da sociedade civil, Minist\u00e9rio do Trabalho e Emprego e Minist\u00e9rio da Cultura tamb\u00e9m acompanharam a entrega das assinaturas.<\/p>\n<p>Segundo o senador Jos\u00e9 Nery (PSOL\/PA), presidente da Frente Parlamentar Mista pela Erradica\u00e7\u00e3o do Trabalho Escravo no Brasil e um dos articuladores do abaixo assinado, a PEC 438\/01 est\u00e1 engavetada durante todo esse tempo por tratar de um tema pol\u00eamico que n\u00e3o possui apoio un\u00e2nime no Poder Legislativo. \u201cAinda existem parlamentares que n\u00e3o acreditam na exist\u00eancia do trabalho escravo no Brasil. Alguns dizem que h\u00e1 confus\u00e3o entre condi\u00e7\u00f5es degradantes e irregularidades trabalhistas\u201d.<\/p>\n<p>Para o senador, Michel Temer teve papel decisivo na aprova\u00e7\u00e3o do projeto Ficha Limpa e pode fazer a mesma coisa pela PEC do Trabalho Escravo. \u201cCom a entrega das assinaturas, pedimos para o presidente da C\u00e2mara comandar o processo de aprecia\u00e7\u00e3o da mat\u00e9ria. Caso seja aprovada, isso vai representar a realiza\u00e7\u00e3o do sonho de milhares de pessoas que lutam pelo fim desse crime no Brasil. \u00c9 um compromisso com a \u00e9tica, com o nosso pa\u00eds, uma decis\u00e3o muito esperada, necess\u00e1ria e urgente\u201d. Temer ressaltou tamb\u00e9m que o trabalho escravo \u00e9 inconstitucional e s\u00f3 isso j\u00e1 \u00e9 um motivo para aprovar a PEC 438\/01.<\/p>\n<p>De acordo com ministro da Secretaria de Direitos Humanos, Paulo Vanucci, presente no ato, dentro do universo de 17 milh\u00f5es de trabalhadores brasileiros da agricultura, s\u00f3 1% representa a parcela que vive em condi\u00e7\u00f5es an\u00e1logas a de escravos. \u201cEsse \u00e9 n\u00famero que exp\u00f5e o Brasil a poss\u00edveis concess\u00f5es da Organiza\u00e7\u00e3o Mundial do Com\u00e9rcio (OMC) ou a desvantagens em rela\u00e7\u00f5es a pa\u00eds concorrentes na nossa pauta de exporta\u00e7\u00e3o\u201d, exemplificou.<\/p>\n<p>O ator Wagner Moura, que faz parte do Movimento Humanos Direitos (MUDH) e tamb\u00e9m compareceu ao ato, disse considerar estranho uma parcela do Poder Legislativo se opor a uma mat\u00e9ria que pode contribuir para a elimina\u00e7\u00e3o do trabalho escravo no Brasil. \u201cN\u00e3o h\u00e1 justificativa para algu\u00e9m n\u00e3o querer a aprova\u00e7\u00e3o da PEC 438\/01. Essas for\u00e7as ocultas deveriam se envergonhar disso ou ent\u00e3o assumirem que s\u00e3o contra ao grande p\u00fablico\u201d, finalizou.<\/p>\n<p><em><strong>Aletheia Vieira\/Assessoria de Imprensa do senador Jos\u00e9 Nery<br \/>\nFoto: Ag\u00eancia C\u00e2mara <\/strong><\/em><\/p>\n","protected":false},"excerpt":{"rendered":"<p>Mais de 280 mil assinaturas em favor da Proposta de Emenda Constitucional (PEC 438\/01), que pede o confisco de \u00e1reas urbanas e rurais onde seja comprovada a pr\u00e1tica de trabalho an\u00e1logo \u00e0 escravid\u00e3o, foram entregues, nesta quarta-feira, 26, ao presidente da C\u00e2mara dos Deputados, Michel Temer. A mat\u00e9ria espera vota\u00e7\u00e3o em segundo turno na C\u00e2mara [&hellip;]<\/p>\n","protected":false},"author":2,"featured_media":0,"comment_status":"open","ping_status":"open","sticky":false,"template":"","format":"standard","meta":{"_acf_changed":false,"footnotes":""},"categories":[4766],"tags":[],"class_list":{"0":"post-747","1":"post","2":"type-post","3":"status-publish","4":"format-standard","6":"category-arquivo"},"acf":[],"yoast_head":"<!-- This site is optimized with the Yoast SEO plugin v26.5 - https:\/\/yoast.com\/wordpress\/plugins\/seo\/ -->\n<title>Mais de 280 mil assinaturas contra o trabalho escravo s\u00e3o entregues na C\u00e2mara - PSOL 50<\/title>\n<meta name=\"robots\" content=\"index, follow, max-snippet:-1, max-image-preview:large, max-video-preview:-1\" \/>\n<link rel=\"canonical\" href=\"https:\/\/psol50.org.br\/mais-de-280-mil-assinaturas-contra-o-trabalho-escravo-sao-entregues-na-camara\/\" \/>\n<meta property=\"og:locale\" content=\"pt_BR\" \/>\n<meta property=\"og:type\" content=\"article\" \/>\n<meta property=\"og:title\" content=\"Mais de 280 mil assinaturas contra o trabalho escravo s\u00e3o entregues na C\u00e2mara - PSOL 50\" \/>\n<meta property=\"og:description\" content=\"Mais de 280 mil assinaturas em favor da Proposta de Emenda Constitucional (PEC 438\/01), que pede o confisco de \u00e1reas urbanas e rurais onde seja comprovada a pr\u00e1tica de trabalho an\u00e1logo \u00e0 escravid\u00e3o, foram entregues, nesta quarta-feira, 26, ao presidente da C\u00e2mara dos Deputados, Michel Temer. A mat\u00e9ria espera vota\u00e7\u00e3o em segundo turno na C\u00e2mara [&hellip;]\" \/>\n<meta property=\"og:url\" content=\"https:\/\/psol50.org.br\/mais-de-280-mil-assinaturas-contra-o-trabalho-escravo-sao-entregues-na-camara\/\" \/>\n<meta property=\"og:site_name\" content=\"PSOL 50\" \/>\n<meta property=\"article:publisher\" content=\"https:\/\/www.facebook.com\/psol50\" \/>\n<meta property=\"article:published_time\" content=\"2010-05-27T00:00:00+00:00\" \/>\n<meta property=\"og:image\" content=\"http:\/\/psol50.org.br\/files\/2010\/05\/C\u00f3pia-de-Assinaturas-3.jpg\" \/>\n<meta name=\"author\" content=\"Comunica\u00e7\u00e3o PSOL\" \/>\n<meta name=\"twitter:card\" content=\"summary_large_image\" \/>\n<meta name=\"twitter:creator\" content=\"@psol50\" \/>\n<meta name=\"twitter:site\" content=\"@psol50\" \/>\n<meta name=\"twitter:label1\" content=\"Escrito por\" \/>\n\t<meta name=\"twitter:data1\" content=\"Comunica\u00e7\u00e3o PSOL\" \/>\n\t<meta name=\"twitter:label2\" content=\"Est. tempo de leitura\" \/>\n\t<meta name=\"twitter:data2\" content=\"3 minutos\" \/>\n<script type=\"application\/ld+json\" class=\"yoast-schema-graph\">{\"@context\":\"https:\/\/schema.org\",\"@graph\":[{\"@type\":\"Article\",\"@id\":\"https:\/\/psol50.org.br\/mais-de-280-mil-assinaturas-contra-o-trabalho-escravo-sao-entregues-na-camara\/#article\",\"isPartOf\":{\"@id\":\"https:\/\/psol50.org.br\/mais-de-280-mil-assinaturas-contra-o-trabalho-escravo-sao-entregues-na-camara\/\"},\"author\":{\"name\":\"Comunica\u00e7\u00e3o PSOL\",\"@id\":\"https:\/\/psol50.org.br\/#\/schema\/person\/475dfa57d0b815993c714c2e96491fcd\"},\"headline\":\"Mais de 280 mil assinaturas contra o trabalho escravo s\u00e3o entregues na C\u00e2mara\",\"datePublished\":\"2010-05-27T00:00:00+00:00\",\"mainEntityOfPage\":{\"@id\":\"https:\/\/psol50.org.br\/mais-de-280-mil-assinaturas-contra-o-trabalho-escravo-sao-entregues-na-camara\/\"},\"wordCount\":564,\"commentCount\":0,\"publisher\":{\"@id\":\"https:\/\/psol50.org.br\/#organization\"},\"articleSection\":[\"Arquivo\"],\"inLanguage\":\"pt-BR\",\"potentialAction\":[{\"@type\":\"CommentAction\",\"name\":\"Comment\",\"target\":[\"https:\/\/psol50.org.br\/mais-de-280-mil-assinaturas-contra-o-trabalho-escravo-sao-entregues-na-camara\/#respond\"]}]},{\"@type\":\"WebPage\",\"@id\":\"https:\/\/psol50.org.br\/mais-de-280-mil-assinaturas-contra-o-trabalho-escravo-sao-entregues-na-camara\/\",\"url\":\"https:\/\/psol50.org.br\/mais-de-280-mil-assinaturas-contra-o-trabalho-escravo-sao-entregues-na-camara\/\",\"name\":\"Mais de 280 mil assinaturas contra o trabalho escravo s\u00e3o entregues na C\u00e2mara - PSOL 50\",\"isPartOf\":{\"@id\":\"https:\/\/psol50.org.br\/#website\"},\"datePublished\":\"2010-05-27T00:00:00+00:00\",\"breadcrumb\":{\"@id\":\"https:\/\/psol50.org.br\/mais-de-280-mil-assinaturas-contra-o-trabalho-escravo-sao-entregues-na-camara\/#breadcrumb\"},\"inLanguage\":\"pt-BR\",\"potentialAction\":[{\"@type\":\"ReadAction\",\"target\":[\"https:\/\/psol50.org.br\/mais-de-280-mil-assinaturas-contra-o-trabalho-escravo-sao-entregues-na-camara\/\"]}]},{\"@type\":\"BreadcrumbList\",\"@id\":\"https:\/\/psol50.org.br\/mais-de-280-mil-assinaturas-contra-o-trabalho-escravo-sao-entregues-na-camara\/#breadcrumb\",\"itemListElement\":[{\"@type\":\"ListItem\",\"position\":1,\"name\":\"In\u00edcio\",\"item\":\"https:\/\/psol50.org.br\/\"},{\"@type\":\"ListItem\",\"position\":2,\"name\":\"Mais de 280 mil assinaturas contra o trabalho escravo s\u00e3o entregues na C\u00e2mara\"}]},{\"@type\":\"WebSite\",\"@id\":\"https:\/\/psol50.org.br\/#website\",\"url\":\"https:\/\/psol50.org.br\/\",\"name\":\"PSOL 50\",\"description\":\"Site oficial do Partido Socialismo e Liberdade\",\"publisher\":{\"@id\":\"https:\/\/psol50.org.br\/#organization\"},\"alternateName\":\"PSOL50\",\"potentialAction\":[{\"@type\":\"SearchAction\",\"target\":{\"@type\":\"EntryPoint\",\"urlTemplate\":\"https:\/\/psol50.org.br\/?s={search_term_string}\"},\"query-input\":{\"@type\":\"PropertyValueSpecification\",\"valueRequired\":true,\"valueName\":\"search_term_string\"}}],\"inLanguage\":\"pt-BR\"},{\"@type\":\"Organization\",\"@id\":\"https:\/\/psol50.org.br\/#organization\",\"name\":\"PSOL 50\",\"alternateName\":\"PSOL 50\",\"url\":\"https:\/\/psol50.org.br\/\",\"logo\":{\"@type\":\"ImageObject\",\"inLanguage\":\"pt-BR\",\"@id\":\"https:\/\/psol50.org.br\/#\/schema\/logo\/image\/\",\"url\":\"https:\/\/psol50.org.br\/inc\/uploads\/2018\/07\/capa.png\",\"contentUrl\":\"https:\/\/psol50.org.br\/inc\/uploads\/2018\/07\/capa.png\",\"width\":1350,\"height\":900,\"caption\":\"PSOL 50\"},\"image\":{\"@id\":\"https:\/\/psol50.org.br\/#\/schema\/logo\/image\/\"},\"sameAs\":[\"https:\/\/www.facebook.com\/psol50\",\"https:\/\/x.com\/psol50\",\"https:\/\/www.instagram.com\/psol50\/\",\"https:\/\/www.youtube.com\/channel\/UC7SnJS5o1os7a6CaiNabzcg\"]},{\"@type\":\"Person\",\"@id\":\"https:\/\/psol50.org.br\/#\/schema\/person\/475dfa57d0b815993c714c2e96491fcd\",\"name\":\"Comunica\u00e7\u00e3o PSOL\",\"image\":{\"@type\":\"ImageObject\",\"inLanguage\":\"pt-BR\",\"@id\":\"https:\/\/psol50.org.br\/#\/schema\/person\/image\/\",\"url\":\"https:\/\/secure.gravatar.com\/avatar\/b34fc4f4e468a4e51785917065a3db57b841f5c95dba6ad8c73aaf8f66f8f9bf?s=96&d=mm&r=g\",\"contentUrl\":\"https:\/\/secure.gravatar.com\/avatar\/b34fc4f4e468a4e51785917065a3db57b841f5c95dba6ad8c73aaf8f66f8f9bf?s=96&d=mm&r=g\",\"caption\":\"Comunica\u00e7\u00e3o PSOL\"}}]}<\/script>\n<!-- \/ Yoast SEO plugin. -->","yoast_head_json":{"title":"Mais de 280 mil assinaturas contra o trabalho escravo s\u00e3o entregues na C\u00e2mara - PSOL 50","robots":{"index":"index","follow":"follow","max-snippet":"max-snippet:-1","max-image-preview":"max-image-preview:large","max-video-preview":"max-video-preview:-1"},"canonical":"https:\/\/psol50.org.br\/mais-de-280-mil-assinaturas-contra-o-trabalho-escravo-sao-entregues-na-camara\/","og_locale":"pt_BR","og_type":"article","og_title":"Mais de 280 mil assinaturas contra o trabalho escravo s\u00e3o entregues na C\u00e2mara - PSOL 50","og_description":"Mais de 280 mil assinaturas em favor da Proposta de Emenda Constitucional (PEC 438\/01), que pede o confisco de \u00e1reas urbanas e rurais onde seja comprovada a pr\u00e1tica de trabalho an\u00e1logo \u00e0 escravid\u00e3o, foram entregues, nesta quarta-feira, 26, ao presidente da C\u00e2mara dos Deputados, Michel Temer. A mat\u00e9ria espera vota\u00e7\u00e3o em segundo turno na C\u00e2mara [&hellip;]","og_url":"https:\/\/psol50.org.br\/mais-de-280-mil-assinaturas-contra-o-trabalho-escravo-sao-entregues-na-camara\/","og_site_name":"PSOL 50","article_publisher":"https:\/\/www.facebook.com\/psol50","article_published_time":"2010-05-27T00:00:00+00:00","og_image":[{"url":"http:\/\/psol50.org.br\/files\/2010\/05\/C\u00f3pia-de-Assinaturas-3.jpg","type":"","width":"","height":""}],"author":"Comunica\u00e7\u00e3o PSOL","twitter_card":"summary_large_image","twitter_creator":"@psol50","twitter_site":"@psol50","twitter_misc":{"Escrito por":"Comunica\u00e7\u00e3o PSOL","Est. tempo de leitura":"3 minutos"},"schema":{"@context":"https:\/\/schema.org","@graph":[{"@type":"Article","@id":"https:\/\/psol50.org.br\/mais-de-280-mil-assinaturas-contra-o-trabalho-escravo-sao-entregues-na-camara\/#article","isPartOf":{"@id":"https:\/\/psol50.org.br\/mais-de-280-mil-assinaturas-contra-o-trabalho-escravo-sao-entregues-na-camara\/"},"author":{"name":"Comunica\u00e7\u00e3o PSOL","@id":"https:\/\/psol50.org.br\/#\/schema\/person\/475dfa57d0b815993c714c2e96491fcd"},"headline":"Mais de 280 mil assinaturas contra o trabalho escravo s\u00e3o entregues na C\u00e2mara","datePublished":"2010-05-27T00:00:00+00:00","mainEntityOfPage":{"@id":"https:\/\/psol50.org.br\/mais-de-280-mil-assinaturas-contra-o-trabalho-escravo-sao-entregues-na-camara\/"},"wordCount":564,"commentCount":0,"publisher":{"@id":"https:\/\/psol50.org.br\/#organization"},"articleSection":["Arquivo"],"inLanguage":"pt-BR","potentialAction":[{"@type":"CommentAction","name":"Comment","target":["https:\/\/psol50.org.br\/mais-de-280-mil-assinaturas-contra-o-trabalho-escravo-sao-entregues-na-camara\/#respond"]}]},{"@type":"WebPage","@id":"https:\/\/psol50.org.br\/mais-de-280-mil-assinaturas-contra-o-trabalho-escravo-sao-entregues-na-camara\/","url":"https:\/\/psol50.org.br\/mais-de-280-mil-assinaturas-contra-o-trabalho-escravo-sao-entregues-na-camara\/","name":"Mais de 280 mil assinaturas contra o trabalho escravo s\u00e3o entregues na C\u00e2mara - PSOL 50","isPartOf":{"@id":"https:\/\/psol50.org.br\/#website"},"datePublished":"2010-05-27T00:00:00+00:00","breadcrumb":{"@id":"https:\/\/psol50.org.br\/mais-de-280-mil-assinaturas-contra-o-trabalho-escravo-sao-entregues-na-camara\/#breadcrumb"},"inLanguage":"pt-BR","potentialAction":[{"@type":"ReadAction","target":["https:\/\/psol50.org.br\/mais-de-280-mil-assinaturas-contra-o-trabalho-escravo-sao-entregues-na-camara\/"]}]},{"@type":"BreadcrumbList","@id":"https:\/\/psol50.org.br\/mais-de-280-mil-assinaturas-contra-o-trabalho-escravo-sao-entregues-na-camara\/#breadcrumb","itemListElement":[{"@type":"ListItem","position":1,"name":"In\u00edcio","item":"https:\/\/psol50.org.br\/"},{"@type":"ListItem","position":2,"name":"Mais de 280 mil assinaturas contra o trabalho escravo s\u00e3o entregues na C\u00e2mara"}]},{"@type":"WebSite","@id":"https:\/\/psol50.org.br\/#website","url":"https:\/\/psol50.org.br\/","name":"PSOL 50","description":"Site oficial do Partido Socialismo e Liberdade","publisher":{"@id":"https:\/\/psol50.org.br\/#organization"},"alternateName":"PSOL50","potentialAction":[{"@type":"SearchAction","target":{"@type":"EntryPoint","urlTemplate":"https:\/\/psol50.org.br\/?s={search_term_string}"},"query-input":{"@type":"PropertyValueSpecification","valueRequired":true,"valueName":"search_term_string"}}],"inLanguage":"pt-BR"},{"@type":"Organization","@id":"https:\/\/psol50.org.br\/#organization","name":"PSOL 50","alternateName":"PSOL 50","url":"https:\/\/psol50.org.br\/","logo":{"@type":"ImageObject","inLanguage":"pt-BR","@id":"https:\/\/psol50.org.br\/#\/schema\/logo\/image\/","url":"https:\/\/psol50.org.br\/inc\/uploads\/2018\/07\/capa.png","contentUrl":"https:\/\/psol50.org.br\/inc\/uploads\/2018\/07\/capa.png","width":1350,"height":900,"caption":"PSOL 50"},"image":{"@id":"https:\/\/psol50.org.br\/#\/schema\/logo\/image\/"},"sameAs":["https:\/\/www.facebook.com\/psol50","https:\/\/x.com\/psol50","https:\/\/www.instagram.com\/psol50\/","https:\/\/www.youtube.com\/channel\/UC7SnJS5o1os7a6CaiNabzcg"]},{"@type":"Person","@id":"https:\/\/psol50.org.br\/#\/schema\/person\/475dfa57d0b815993c714c2e96491fcd","name":"Comunica\u00e7\u00e3o PSOL","image":{"@type":"ImageObject","inLanguage":"pt-BR","@id":"https:\/\/psol50.org.br\/#\/schema\/person\/image\/","url":"https:\/\/secure.gravatar.com\/avatar\/b34fc4f4e468a4e51785917065a3db57b841f5c95dba6ad8c73aaf8f66f8f9bf?s=96&d=mm&r=g","contentUrl":"https:\/\/secure.gravatar.com\/avatar\/b34fc4f4e468a4e51785917065a3db57b841f5c95dba6ad8c73aaf8f66f8f9bf?s=96&d=mm&r=g","caption":"Comunica\u00e7\u00e3o PSOL"}}]}},"_links":{"self":[{"href":"https:\/\/psol50.org.br\/rest\/wp\/v2\/posts\/747","targetHints":{"allow":["GET"]}}],"collection":[{"href":"https:\/\/psol50.org.br\/rest\/wp\/v2\/posts"}],"about":[{"href":"https:\/\/psol50.org.br\/rest\/wp\/v2\/types\/post"}],"author":[{"embeddable":true,"href":"https:\/\/psol50.org.br\/rest\/wp\/v2\/users\/2"}],"replies":[{"embeddable":true,"href":"https:\/\/psol50.org.br\/rest\/wp\/v2\/comments?post=747"}],"version-history":[{"count":0,"href":"https:\/\/psol50.org.br\/rest\/wp\/v2\/posts\/747\/revisions"}],"wp:attachment":[{"href":"https:\/\/psol50.org.br\/rest\/wp\/v2\/media?parent=747"}],"wp:term":[{"taxonomy":"category","embeddable":true,"href":"https:\/\/psol50.org.br\/rest\/wp\/v2\/categories?post=747"},{"taxonomy":"post_tag","embeddable":true,"href":"https:\/\/psol50.org.br\/rest\/wp\/v2\/tags?post=747"}],"curies":[{"name":"wp","href":"https:\/\/api.w.org\/{rel}","templated":true}]}}