{"id":748,"date":"2010-06-08T00:00:00","date_gmt":"2010-06-08T00:00:00","guid":{"rendered":"http:\/\/psol50.org.br\/arquivo\/2010\/06\/08\/nota-da-intersindical-sobre-o-conclat\/"},"modified":"2010-06-08T00:00:00","modified_gmt":"2010-06-08T00:00:00","slug":"nota-da-intersindical-sobre-o-conclat","status":"publish","type":"post","link":"https:\/\/psol50.org.br\/nota-da-intersindical-sobre-o-conclat\/","title":{"rendered":"Nota da Intersindical sobre o Conclat"},"content":{"rendered":"<p>Congresso da Classe Trabalhadora<\/p>\n<p>Dias 5 e 6 de junho de 2010, em Santos.<\/p>\n<p>1- A Intersindical sa\u00fada todas as entidades sindicais e movimentos populares que se empenharam em construir o CONCLAT, fazendo in\u00fameras assembl\u00e9ias com os trabalhadores e trabalhadoras, elegendo delegados e delegadas, fazendo um esfor\u00e7o pol\u00edtico e financeiro para a viabiliza\u00e7\u00e3o do Congresso da Classe Trabalhadora \u2013 Conclat, na perspectiva de construir um instrumento de luta, uma central, para organizar e dar voz a todos os lutadores e lutadoras, para organizar e aprofundar o combate ao Capital e aos governos neoliberais.<\/p>\n<p>2- Infelizmente, o que n\u00e3o desej\u00e1vamos aconteceu ! Tivemos que interromper o processo de funda\u00e7\u00e3o da central. O debate sobre a constru\u00e7\u00e3o da nova Central (natureza, pol\u00edtica e nome)\u00a0 revelou a mais absoluta falta de vontade, por parte da maioria da CONLUTAS, em construir uma s\u00edntese de opini\u00f5es divergentes, optando pelo m\u00e9todo, a partir de uma maioria num\u00e9rica (pequena e eventual) de delegados e delegadas no congresso, de querer impor uma \u00fanica vis\u00e3o.<\/p>\n<p>3- O setor majorit\u00e1rio, Conlutas, de forma intransigente, imp\u00f4s uma limita\u00e7\u00e3o ao riqu\u00edssimo processo de unidade, que culminou, simbolicamente, no debate de nome. A Intersindical e diversos setores sempre deixaram expl\u00edcito que era preciso construir o NOVO, que n\u00e3o aceit\u00e1vamos a a simples jun\u00e7\u00e3o de nomes, que era necess\u00e1rio\u00a0\u00a0 um nome que expressasse uma concep\u00e7\u00e3o pol\u00edtica classista e independente dos trabalhadores e trabalhadoras; e que neste processo de complexo de constru\u00e7\u00e3o da unidade, o m\u00e9todo deveria ser o da constru\u00e7\u00e3o coletiva, sem exclus\u00e3o e sem preponder\u00e2ncia de qualquer setor.<\/p>\n<p>4- Para n\u00f3s, e para maioria dos lutadores e lutadoras presentes no Conclat, qualquer nome defendido pelas organiza\u00e7\u00f5es convocantes, seria absolutamente aceito por todos os\u00a0 delegados e delegadas do congresso, exceto um que significa-se a justaposi\u00e7\u00e3o de apenas duas experi\u00eancias que, apesar de importantes, t\u00eam limita\u00e7\u00f5es e que por isso mesmo se esfor\u00e7aram com outros setores para realizar este congresso\u00a0\u00a0 e construir a unidade. A constru\u00e7\u00e3o desta unidade \u00e9 mais que apenas um ajuntamento de parte das organiza\u00e7\u00f5es que est\u00e3o envolvidas hoje.<\/p>\n<p>5- Para n\u00f3s da Intersindical o processo de forma\u00e7\u00e3o da Central\u00a0 est\u00e1 em curso. Os impasses que perduram, dizem respeito \u00e0 concep\u00e7\u00e3o de central e de democracia oper\u00e1ria e culminou na tentativa de imposi\u00e7\u00e3o por parte do setor majorit\u00e1rio em aprovar como nome da central \u201cConlutas-Intersindical\u201d, mesmo com a nossa desautoriza\u00e7\u00e3o, expressa em plen\u00e1rio, sobre a utiliza\u00e7\u00e3o do nome da Intersindical na proposta.<\/p>\n<p>6- Reiteramos nossa disposi\u00e7\u00e3o em construir um instrumento de luta unit\u00e1rio dos\/das militantes combativos\/combativas que defendem a supera\u00e7\u00e3o do capitalismo, mas reafirmamos tamb\u00e9m que n\u00e3o aceitaremos o m\u00e9todo da imposi\u00e7\u00e3o que se expressou no debate sobre o nome Conlutas-Intersindical n\u00e3o possibilitando a unidade e desrespeitando a caminhada e o esfor\u00e7o coletivo de todos os setores presentes nesta constru\u00e7\u00e3o. Muito menos condiz com a id\u00e9ia de uma Central que faz uma s\u00edntese da rica experi\u00eancia do processo de reorganiza\u00e7\u00e3o do movimento sindical e popular dos \u00faltimos anos e que se abre para incorporar o m\u00e1ximo poss\u00edvel da nossa classe na luta contra a explora\u00e7\u00e3o.<\/p>\n<p>7- Nos orgulhamos muito em saber que todos os setores que participaram do Conclat seguem juntos na luta, contra a repress\u00e3o aos movimentos sociais, contra a retirada de direitos, pelo fim da explora\u00e7\u00e3o capitalista e contra os governos que aplicam estas pol\u00edticas. Conclamamos que cada setor se esforce para superarmos os impasses e concretizar uma organiza\u00e7\u00e3o comum que anime e organize e luta dos trabalhadores e trabalhadoras para que estes possam dar sua contribui\u00e7\u00e3o, rumo a constru\u00e7\u00e3o do socialismo.<\/p>\n<p><strong>Coordena\u00e7\u00e3o Nacional da Intersindical<\/strong><\/p>\n","protected":false},"excerpt":{"rendered":"<p>Congresso da Classe Trabalhadora Dias 5 e 6 de junho de 2010, em Santos. 1- A Intersindical sa\u00fada todas as entidades sindicais e movimentos populares que se empenharam em construir o CONCLAT, fazendo in\u00fameras assembl\u00e9ias com os trabalhadores e trabalhadoras, elegendo delegados e delegadas, fazendo um esfor\u00e7o pol\u00edtico e financeiro para a viabiliza\u00e7\u00e3o do Congresso [&hellip;]<\/p>\n","protected":false},"author":2,"featured_media":0,"comment_status":"open","ping_status":"open","sticky":false,"template":"","format":"standard","meta":{"_acf_changed":false,"footnotes":""},"categories":[4766,1104],"tags":[],"class_list":{"0":"post-748","1":"post","2":"type-post","3":"status-publish","4":"format-standard","6":"category-arquivo","7":"category-movimento"},"acf":[],"yoast_head":"<!-- This site is optimized with the Yoast SEO plugin v26.5 - https:\/\/yoast.com\/wordpress\/plugins\/seo\/ -->\n<title>Nota da Intersindical sobre o Conclat - PSOL 50<\/title>\n<meta name=\"robots\" content=\"index, follow, max-snippet:-1, max-image-preview:large, max-video-preview:-1\" \/>\n<link rel=\"canonical\" href=\"https:\/\/psol50.org.br\/nota-da-intersindical-sobre-o-conclat\/\" \/>\n<meta property=\"og:locale\" content=\"pt_BR\" \/>\n<meta property=\"og:type\" content=\"article\" \/>\n<meta property=\"og:title\" content=\"Nota da Intersindical sobre o Conclat - PSOL 50\" \/>\n<meta property=\"og:description\" content=\"Congresso da Classe Trabalhadora Dias 5 e 6 de junho de 2010, em Santos. 1- A Intersindical sa\u00fada todas as entidades sindicais e movimentos populares que se empenharam em construir o CONCLAT, fazendo in\u00fameras assembl\u00e9ias com os trabalhadores e trabalhadoras, elegendo delegados e delegadas, fazendo um esfor\u00e7o pol\u00edtico e financeiro para a viabiliza\u00e7\u00e3o do Congresso [&hellip;]\" \/>\n<meta property=\"og:url\" content=\"https:\/\/psol50.org.br\/nota-da-intersindical-sobre-o-conclat\/\" \/>\n<meta property=\"og:site_name\" content=\"PSOL 50\" \/>\n<meta property=\"article:publisher\" content=\"https:\/\/www.facebook.com\/psol50\" \/>\n<meta property=\"article:published_time\" content=\"2010-06-08T00:00:00+00:00\" \/>\n<meta property=\"og:image\" content=\"https:\/\/psol50.org.br\/inc\/uploads\/2018\/07\/capa.png\" \/>\n\t<meta property=\"og:image:width\" content=\"1350\" \/>\n\t<meta property=\"og:image:height\" content=\"900\" \/>\n\t<meta property=\"og:image:type\" content=\"image\/png\" \/>\n<meta name=\"author\" content=\"Comunica\u00e7\u00e3o PSOL\" \/>\n<meta name=\"twitter:card\" content=\"summary_large_image\" \/>\n<meta name=\"twitter:creator\" content=\"@psol50\" \/>\n<meta name=\"twitter:site\" content=\"@psol50\" \/>\n<meta name=\"twitter:label1\" content=\"Escrito por\" \/>\n\t<meta name=\"twitter:data1\" content=\"Comunica\u00e7\u00e3o PSOL\" \/>\n\t<meta name=\"twitter:label2\" content=\"Est. tempo de leitura\" \/>\n\t<meta name=\"twitter:data2\" content=\"3 minutos\" \/>\n<script type=\"application\/ld+json\" class=\"yoast-schema-graph\">{\"@context\":\"https:\/\/schema.org\",\"@graph\":[{\"@type\":\"Article\",\"@id\":\"https:\/\/psol50.org.br\/nota-da-intersindical-sobre-o-conclat\/#article\",\"isPartOf\":{\"@id\":\"https:\/\/psol50.org.br\/nota-da-intersindical-sobre-o-conclat\/\"},\"author\":{\"name\":\"Comunica\u00e7\u00e3o PSOL\",\"@id\":\"https:\/\/psol50.org.br\/#\/schema\/person\/475dfa57d0b815993c714c2e96491fcd\"},\"headline\":\"Nota da Intersindical sobre o Conclat\",\"datePublished\":\"2010-06-08T00:00:00+00:00\",\"mainEntityOfPage\":{\"@id\":\"https:\/\/psol50.org.br\/nota-da-intersindical-sobre-o-conclat\/\"},\"wordCount\":662,\"commentCount\":0,\"publisher\":{\"@id\":\"https:\/\/psol50.org.br\/#organization\"},\"articleSection\":[\"Arquivo\",\"Movimento\"],\"inLanguage\":\"pt-BR\",\"potentialAction\":[{\"@type\":\"CommentAction\",\"name\":\"Comment\",\"target\":[\"https:\/\/psol50.org.br\/nota-da-intersindical-sobre-o-conclat\/#respond\"]}]},{\"@type\":\"WebPage\",\"@id\":\"https:\/\/psol50.org.br\/nota-da-intersindical-sobre-o-conclat\/\",\"url\":\"https:\/\/psol50.org.br\/nota-da-intersindical-sobre-o-conclat\/\",\"name\":\"Nota da Intersindical sobre o Conclat - PSOL 50\",\"isPartOf\":{\"@id\":\"https:\/\/psol50.org.br\/#website\"},\"datePublished\":\"2010-06-08T00:00:00+00:00\",\"breadcrumb\":{\"@id\":\"https:\/\/psol50.org.br\/nota-da-intersindical-sobre-o-conclat\/#breadcrumb\"},\"inLanguage\":\"pt-BR\",\"potentialAction\":[{\"@type\":\"ReadAction\",\"target\":[\"https:\/\/psol50.org.br\/nota-da-intersindical-sobre-o-conclat\/\"]}]},{\"@type\":\"BreadcrumbList\",\"@id\":\"https:\/\/psol50.org.br\/nota-da-intersindical-sobre-o-conclat\/#breadcrumb\",\"itemListElement\":[{\"@type\":\"ListItem\",\"position\":1,\"name\":\"In\u00edcio\",\"item\":\"https:\/\/psol50.org.br\/\"},{\"@type\":\"ListItem\",\"position\":2,\"name\":\"Nota da Intersindical sobre o Conclat\"}]},{\"@type\":\"WebSite\",\"@id\":\"https:\/\/psol50.org.br\/#website\",\"url\":\"https:\/\/psol50.org.br\/\",\"name\":\"PSOL 50\",\"description\":\"Site oficial do Partido Socialismo e Liberdade\",\"publisher\":{\"@id\":\"https:\/\/psol50.org.br\/#organization\"},\"alternateName\":\"PSOL50\",\"potentialAction\":[{\"@type\":\"SearchAction\",\"target\":{\"@type\":\"EntryPoint\",\"urlTemplate\":\"https:\/\/psol50.org.br\/?s={search_term_string}\"},\"query-input\":{\"@type\":\"PropertyValueSpecification\",\"valueRequired\":true,\"valueName\":\"search_term_string\"}}],\"inLanguage\":\"pt-BR\"},{\"@type\":\"Organization\",\"@id\":\"https:\/\/psol50.org.br\/#organization\",\"name\":\"PSOL 50\",\"alternateName\":\"PSOL 50\",\"url\":\"https:\/\/psol50.org.br\/\",\"logo\":{\"@type\":\"ImageObject\",\"inLanguage\":\"pt-BR\",\"@id\":\"https:\/\/psol50.org.br\/#\/schema\/logo\/image\/\",\"url\":\"https:\/\/psol50.org.br\/inc\/uploads\/2018\/07\/capa.png\",\"contentUrl\":\"https:\/\/psol50.org.br\/inc\/uploads\/2018\/07\/capa.png\",\"width\":1350,\"height\":900,\"caption\":\"PSOL 50\"},\"image\":{\"@id\":\"https:\/\/psol50.org.br\/#\/schema\/logo\/image\/\"},\"sameAs\":[\"https:\/\/www.facebook.com\/psol50\",\"https:\/\/x.com\/psol50\",\"https:\/\/www.instagram.com\/psol50\/\",\"https:\/\/www.youtube.com\/channel\/UC7SnJS5o1os7a6CaiNabzcg\"]},{\"@type\":\"Person\",\"@id\":\"https:\/\/psol50.org.br\/#\/schema\/person\/475dfa57d0b815993c714c2e96491fcd\",\"name\":\"Comunica\u00e7\u00e3o PSOL\",\"image\":{\"@type\":\"ImageObject\",\"inLanguage\":\"pt-BR\",\"@id\":\"https:\/\/psol50.org.br\/#\/schema\/person\/image\/\",\"url\":\"https:\/\/secure.gravatar.com\/avatar\/b34fc4f4e468a4e51785917065a3db57b841f5c95dba6ad8c73aaf8f66f8f9bf?s=96&d=mm&r=g\",\"contentUrl\":\"https:\/\/secure.gravatar.com\/avatar\/b34fc4f4e468a4e51785917065a3db57b841f5c95dba6ad8c73aaf8f66f8f9bf?s=96&d=mm&r=g\",\"caption\":\"Comunica\u00e7\u00e3o PSOL\"}}]}<\/script>\n<!-- \/ Yoast SEO plugin. -->","yoast_head_json":{"title":"Nota da Intersindical sobre o Conclat - PSOL 50","robots":{"index":"index","follow":"follow","max-snippet":"max-snippet:-1","max-image-preview":"max-image-preview:large","max-video-preview":"max-video-preview:-1"},"canonical":"https:\/\/psol50.org.br\/nota-da-intersindical-sobre-o-conclat\/","og_locale":"pt_BR","og_type":"article","og_title":"Nota da Intersindical sobre o Conclat - PSOL 50","og_description":"Congresso da Classe Trabalhadora Dias 5 e 6 de junho de 2010, em Santos. 1- A Intersindical sa\u00fada todas as entidades sindicais e movimentos populares que se empenharam em construir o CONCLAT, fazendo in\u00fameras assembl\u00e9ias com os trabalhadores e trabalhadoras, elegendo delegados e delegadas, fazendo um esfor\u00e7o pol\u00edtico e financeiro para a viabiliza\u00e7\u00e3o do Congresso [&hellip;]","og_url":"https:\/\/psol50.org.br\/nota-da-intersindical-sobre-o-conclat\/","og_site_name":"PSOL 50","article_publisher":"https:\/\/www.facebook.com\/psol50","article_published_time":"2010-06-08T00:00:00+00:00","og_image":[{"width":1350,"height":900,"url":"https:\/\/psol50.org.br\/inc\/uploads\/2018\/07\/capa.png","type":"image\/png"}],"author":"Comunica\u00e7\u00e3o PSOL","twitter_card":"summary_large_image","twitter_creator":"@psol50","twitter_site":"@psol50","twitter_misc":{"Escrito por":"Comunica\u00e7\u00e3o PSOL","Est. tempo de leitura":"3 minutos"},"schema":{"@context":"https:\/\/schema.org","@graph":[{"@type":"Article","@id":"https:\/\/psol50.org.br\/nota-da-intersindical-sobre-o-conclat\/#article","isPartOf":{"@id":"https:\/\/psol50.org.br\/nota-da-intersindical-sobre-o-conclat\/"},"author":{"name":"Comunica\u00e7\u00e3o PSOL","@id":"https:\/\/psol50.org.br\/#\/schema\/person\/475dfa57d0b815993c714c2e96491fcd"},"headline":"Nota da Intersindical sobre o Conclat","datePublished":"2010-06-08T00:00:00+00:00","mainEntityOfPage":{"@id":"https:\/\/psol50.org.br\/nota-da-intersindical-sobre-o-conclat\/"},"wordCount":662,"commentCount":0,"publisher":{"@id":"https:\/\/psol50.org.br\/#organization"},"articleSection":["Arquivo","Movimento"],"inLanguage":"pt-BR","potentialAction":[{"@type":"CommentAction","name":"Comment","target":["https:\/\/psol50.org.br\/nota-da-intersindical-sobre-o-conclat\/#respond"]}]},{"@type":"WebPage","@id":"https:\/\/psol50.org.br\/nota-da-intersindical-sobre-o-conclat\/","url":"https:\/\/psol50.org.br\/nota-da-intersindical-sobre-o-conclat\/","name":"Nota da Intersindical sobre o Conclat - PSOL 50","isPartOf":{"@id":"https:\/\/psol50.org.br\/#website"},"datePublished":"2010-06-08T00:00:00+00:00","breadcrumb":{"@id":"https:\/\/psol50.org.br\/nota-da-intersindical-sobre-o-conclat\/#breadcrumb"},"inLanguage":"pt-BR","potentialAction":[{"@type":"ReadAction","target":["https:\/\/psol50.org.br\/nota-da-intersindical-sobre-o-conclat\/"]}]},{"@type":"BreadcrumbList","@id":"https:\/\/psol50.org.br\/nota-da-intersindical-sobre-o-conclat\/#breadcrumb","itemListElement":[{"@type":"ListItem","position":1,"name":"In\u00edcio","item":"https:\/\/psol50.org.br\/"},{"@type":"ListItem","position":2,"name":"Nota da Intersindical sobre o Conclat"}]},{"@type":"WebSite","@id":"https:\/\/psol50.org.br\/#website","url":"https:\/\/psol50.org.br\/","name":"PSOL 50","description":"Site oficial do Partido Socialismo e Liberdade","publisher":{"@id":"https:\/\/psol50.org.br\/#organization"},"alternateName":"PSOL50","potentialAction":[{"@type":"SearchAction","target":{"@type":"EntryPoint","urlTemplate":"https:\/\/psol50.org.br\/?s={search_term_string}"},"query-input":{"@type":"PropertyValueSpecification","valueRequired":true,"valueName":"search_term_string"}}],"inLanguage":"pt-BR"},{"@type":"Organization","@id":"https:\/\/psol50.org.br\/#organization","name":"PSOL 50","alternateName":"PSOL 50","url":"https:\/\/psol50.org.br\/","logo":{"@type":"ImageObject","inLanguage":"pt-BR","@id":"https:\/\/psol50.org.br\/#\/schema\/logo\/image\/","url":"https:\/\/psol50.org.br\/inc\/uploads\/2018\/07\/capa.png","contentUrl":"https:\/\/psol50.org.br\/inc\/uploads\/2018\/07\/capa.png","width":1350,"height":900,"caption":"PSOL 50"},"image":{"@id":"https:\/\/psol50.org.br\/#\/schema\/logo\/image\/"},"sameAs":["https:\/\/www.facebook.com\/psol50","https:\/\/x.com\/psol50","https:\/\/www.instagram.com\/psol50\/","https:\/\/www.youtube.com\/channel\/UC7SnJS5o1os7a6CaiNabzcg"]},{"@type":"Person","@id":"https:\/\/psol50.org.br\/#\/schema\/person\/475dfa57d0b815993c714c2e96491fcd","name":"Comunica\u00e7\u00e3o PSOL","image":{"@type":"ImageObject","inLanguage":"pt-BR","@id":"https:\/\/psol50.org.br\/#\/schema\/person\/image\/","url":"https:\/\/secure.gravatar.com\/avatar\/b34fc4f4e468a4e51785917065a3db57b841f5c95dba6ad8c73aaf8f66f8f9bf?s=96&d=mm&r=g","contentUrl":"https:\/\/secure.gravatar.com\/avatar\/b34fc4f4e468a4e51785917065a3db57b841f5c95dba6ad8c73aaf8f66f8f9bf?s=96&d=mm&r=g","caption":"Comunica\u00e7\u00e3o PSOL"}}]}},"_links":{"self":[{"href":"https:\/\/psol50.org.br\/rest\/wp\/v2\/posts\/748","targetHints":{"allow":["GET"]}}],"collection":[{"href":"https:\/\/psol50.org.br\/rest\/wp\/v2\/posts"}],"about":[{"href":"https:\/\/psol50.org.br\/rest\/wp\/v2\/types\/post"}],"author":[{"embeddable":true,"href":"https:\/\/psol50.org.br\/rest\/wp\/v2\/users\/2"}],"replies":[{"embeddable":true,"href":"https:\/\/psol50.org.br\/rest\/wp\/v2\/comments?post=748"}],"version-history":[{"count":0,"href":"https:\/\/psol50.org.br\/rest\/wp\/v2\/posts\/748\/revisions"}],"wp:attachment":[{"href":"https:\/\/psol50.org.br\/rest\/wp\/v2\/media?parent=748"}],"wp:term":[{"taxonomy":"category","embeddable":true,"href":"https:\/\/psol50.org.br\/rest\/wp\/v2\/categories?post=748"},{"taxonomy":"post_tag","embeddable":true,"href":"https:\/\/psol50.org.br\/rest\/wp\/v2\/tags?post=748"}],"curies":[{"name":"wp","href":"https:\/\/api.w.org\/{rel}","templated":true}]}}