{"id":7506,"date":"2010-11-25T00:00:00","date_gmt":"2010-11-25T00:00:00","guid":{"rendered":"http:\/\/psol50.org.br\/arquivo\/2010\/11\/25\/deputados-do-psol-recebem-premios-de-melhores-do-congresso\/"},"modified":"2010-11-25T00:00:00","modified_gmt":"2010-11-25T00:00:00","slug":"deputados-do-psol-recebem-premios-de-melhores-do-congresso","status":"publish","type":"post","link":"https:\/\/psol50.org.br\/deputados-do-psol-recebem-premios-de-melhores-do-congresso\/","title":{"rendered":"Deputados do PSOL recebem pr\u00eamios de melhores do Congresso"},"content":{"rendered":"<p><a rel=\"attachment wp-att-6153\" href=\"http:\/\/psol50.org.br\/blog\/2010\/11\/25\/deputados-do-psol-recebem-premios-de-melhores-do-congresso\/deputados-2\/\"><img loading=\"lazy\" decoding=\"async\" class=\"aligncenter size-full wp-image-6153\" src=\"http:\/\/psol50.org.br\/files\/2010\/11\/deputados1.jpg\" alt=\"\" width=\"610\" height=\"270\" \/><\/a><\/p>\n<p>O cantor e compositor baiano Moraes Moreira iniciou o show com seu filho Davi Moraes proclamando: &#8220;Isso aqui \u00e9 um pouquinho de Brasil&#8221;. De fato, em frente ao palco estavam parlamentares de todos os cantos do pa\u00eds, do acreano Ti\u00e3o Viana (PT), eleito governador, \u00e0 ga\u00facha Manuela D&#8217;\u00c1vila (PCdoB). Eram os deputados e senadores que fazem a diferen\u00e7a, aqueles que, por seu desempenho, foram primeiro lembrados pelos jornalistas que cobrem o Congresso Nacional para formar a elite premiada pelos leitores em vota\u00e7\u00e3o pela internet. Por mais defeitos que tenha o Congresso Nacional, ali est\u00e3o os melhores representantes do pa\u00eds, celebrados por um pr\u00eamio que tenta mostrar que, apesar de todas as mazelas, \u00e9 poss\u00edvel fazer pol\u00edtica com \u00e9tica e sensibilidade social.<\/p>\n<p>&#8220;Gl\u00f3ria a todas as lutas ingl\u00f3rias&#8221;, proclamou o deputado Chico Alencar (PSOL-RJ), lembrando o &#8220;Mestre-Sala dos Mares&#8221;, de Jo\u00e3o Bosco e Aldir Blanc, ao receber o pr\u00eamio de melhor deputado do ano. Era uma lembran\u00e7a a outro fato importante comemorado na noite de 22 de novembro: o centen\u00e1rio da Revolta da Chibata, a rebeli\u00e3o comendada pelo marinheiro Jo\u00e3o C\u00e2ndido em 1910.<\/p>\n<p>H\u00e1 cem anos, o marinheiro Jo\u00e3o C\u00e2ndido, o &#8220;Mestre-Sala dos Mares&#8221; da can\u00e7\u00e3o de Jo\u00e3o Bosco e Aldir Blanc, apontava os canh\u00f5es da frota brasileira para a pr\u00f3pria costa do Rio de Janeiro. Era a Revolta da Chibata. Para Chico Alencar, a coincid\u00eancia de datas era um alerta aos congressistas no momento em que celebram o pr\u00eamio: o Congresso jamais pode se omitir e ser insens\u00edvel aos anseios da sociedade, como acontecia em 1910, quando os marinheiros sofriam humilha\u00e7\u00f5es e castigos f\u00edsicos.<\/p>\n<p>&#8220;Espero que, agora, o Congresso se dedique \u00e0 reforma pol\u00edtica para acabar com o deputado do milh\u00e3o&#8221;, disse Chico, referindo-se ao alto custo da campanha pol\u00edtica, para ele, um dos motivos que levam \u00e0 pol\u00edtica a corrup\u00e7\u00e3o e as irregularidades.<\/p>\n<p>altPrimeiro pol\u00edtico a chegar \u00e0 cerim\u00f4nia do 5\u00ba Pr\u00eamio Congresso em Foco, o deputado Ivan Valente (PSOL-SP) afirmou que os partidos pequenos como o Psol t\u00eam de fazer a diferen\u00e7a para sobreviverem. A legenda \u00e9 a \u00fanica a emplacar toda a sua bancada na C\u00e2mara, de tr\u00eas deputados, na rela\u00e7\u00e3o dos melhores parlamentares do ano.<\/p>\n<p>Para Valente, o PSOL tem poucos representantes, mas faz uma atua\u00e7\u00e3o de qualidade em temas politicamente sens\u00edveis. \u201cQuem \u00e9 pequeno tem que fazer a diferen\u00e7a sen\u00e3o desaparece\u201d, afirmou o deputado ao Congresso em Foco, na noite desta segunda-feira (22), em Bras\u00edlia, onde se realiza o evento.<\/p>\n<p>Criado por dissidentes do PT descontentes com a reforma da Previd\u00eancia em 2003, o PSOL tem tr\u00eas deputados e um suplente de senador efetivado no cargo. No ano que vem, a bancada no Senado ter\u00e1 dois senadores. A deputada Luciana Genro (PT-RS) n\u00e3o se reelegeu. Mas a bancada continuar\u00e1 a ter tr\u00eas deputados com a elei\u00e7\u00e3o de Jean Willis (PSOL-RJ), que tamb\u00e9m compareceu \u00e0 festa.<\/p>\n<p><em>Fonte: <a href=\"http:\/\/www.congressoemfoco.com.br\/\">www.congressoemfoco.com.br<\/a> <\/em><\/p>\n","protected":false},"excerpt":{"rendered":"<p>O cantor e compositor baiano Moraes Moreira iniciou o show com seu filho Davi Moraes proclamando: &#8220;Isso aqui \u00e9 um pouquinho de Brasil&#8221;. De fato, em frente ao palco estavam parlamentares de todos os cantos do pa\u00eds, do acreano Ti\u00e3o Viana (PT), eleito governador, \u00e0 ga\u00facha Manuela D&#8217;\u00c1vila (PCdoB). Eram os deputados e senadores que [&hellip;]<\/p>\n","protected":false},"author":2,"featured_media":0,"comment_status":"open","ping_status":"open","sticky":false,"template":"","format":"standard","meta":{"_acf_changed":false,"footnotes":""},"categories":[1],"tags":[],"class_list":{"0":"post-7506","1":"post","2":"type-post","3":"status-publish","4":"format-standard","6":"category-sem-categoria"},"acf":[],"yoast_head":"<!-- This site is optimized with the Yoast SEO plugin v26.5 - https:\/\/yoast.com\/wordpress\/plugins\/seo\/ -->\n<title>Deputados do PSOL recebem pr\u00eamios de melhores do Congresso - PSOL 50<\/title>\n<meta name=\"robots\" content=\"index, follow, max-snippet:-1, max-image-preview:large, max-video-preview:-1\" \/>\n<link rel=\"canonical\" href=\"https:\/\/psol50.org.br\/deputados-do-psol-recebem-premios-de-melhores-do-congresso\/\" \/>\n<meta property=\"og:locale\" content=\"pt_BR\" \/>\n<meta property=\"og:type\" content=\"article\" \/>\n<meta property=\"og:title\" content=\"Deputados do PSOL recebem pr\u00eamios de melhores do Congresso - PSOL 50\" \/>\n<meta property=\"og:description\" content=\"O cantor e compositor baiano Moraes Moreira iniciou o show com seu filho Davi Moraes proclamando: &#8220;Isso aqui \u00e9 um pouquinho de Brasil&#8221;. De fato, em frente ao palco estavam parlamentares de todos os cantos do pa\u00eds, do acreano Ti\u00e3o Viana (PT), eleito governador, \u00e0 ga\u00facha Manuela D&#8217;\u00c1vila (PCdoB). Eram os deputados e senadores que [&hellip;]\" \/>\n<meta property=\"og:url\" content=\"https:\/\/psol50.org.br\/deputados-do-psol-recebem-premios-de-melhores-do-congresso\/\" \/>\n<meta property=\"og:site_name\" content=\"PSOL 50\" \/>\n<meta property=\"article:publisher\" content=\"https:\/\/www.facebook.com\/psol50\" \/>\n<meta property=\"article:published_time\" content=\"2010-11-25T00:00:00+00:00\" \/>\n<meta property=\"og:image\" content=\"http:\/\/psol50.org.br\/files\/2010\/11\/deputados1.jpg\" \/>\n<meta name=\"author\" content=\"Comunica\u00e7\u00e3o PSOL\" \/>\n<meta name=\"twitter:card\" content=\"summary_large_image\" \/>\n<meta name=\"twitter:creator\" content=\"@psol50\" \/>\n<meta name=\"twitter:site\" content=\"@psol50\" \/>\n<meta name=\"twitter:label1\" content=\"Escrito por\" \/>\n\t<meta name=\"twitter:data1\" content=\"Comunica\u00e7\u00e3o PSOL\" \/>\n\t<meta name=\"twitter:label2\" content=\"Est. tempo de leitura\" \/>\n\t<meta name=\"twitter:data2\" content=\"3 minutos\" \/>\n<script type=\"application\/ld+json\" class=\"yoast-schema-graph\">{\"@context\":\"https:\/\/schema.org\",\"@graph\":[{\"@type\":\"Article\",\"@id\":\"https:\/\/psol50.org.br\/deputados-do-psol-recebem-premios-de-melhores-do-congresso\/#article\",\"isPartOf\":{\"@id\":\"https:\/\/psol50.org.br\/deputados-do-psol-recebem-premios-de-melhores-do-congresso\/\"},\"author\":{\"name\":\"Comunica\u00e7\u00e3o PSOL\",\"@id\":\"https:\/\/psol50.org.br\/#\/schema\/person\/475dfa57d0b815993c714c2e96491fcd\"},\"headline\":\"Deputados do PSOL recebem pr\u00eamios de melhores do Congresso\",\"datePublished\":\"2010-11-25T00:00:00+00:00\",\"mainEntityOfPage\":{\"@id\":\"https:\/\/psol50.org.br\/deputados-do-psol-recebem-premios-de-melhores-do-congresso\/\"},\"wordCount\":525,\"commentCount\":0,\"publisher\":{\"@id\":\"https:\/\/psol50.org.br\/#organization\"},\"image\":{\"@id\":\"https:\/\/psol50.org.br\/deputados-do-psol-recebem-premios-de-melhores-do-congresso\/#primaryimage\"},\"thumbnailUrl\":\"http:\/\/psol50.org.br\/files\/2010\/11\/deputados1.jpg\",\"inLanguage\":\"pt-BR\",\"potentialAction\":[{\"@type\":\"CommentAction\",\"name\":\"Comment\",\"target\":[\"https:\/\/psol50.org.br\/deputados-do-psol-recebem-premios-de-melhores-do-congresso\/#respond\"]}]},{\"@type\":\"WebPage\",\"@id\":\"https:\/\/psol50.org.br\/deputados-do-psol-recebem-premios-de-melhores-do-congresso\/\",\"url\":\"https:\/\/psol50.org.br\/deputados-do-psol-recebem-premios-de-melhores-do-congresso\/\",\"name\":\"Deputados do PSOL recebem pr\u00eamios de melhores do Congresso - PSOL 50\",\"isPartOf\":{\"@id\":\"https:\/\/psol50.org.br\/#website\"},\"primaryImageOfPage\":{\"@id\":\"https:\/\/psol50.org.br\/deputados-do-psol-recebem-premios-de-melhores-do-congresso\/#primaryimage\"},\"image\":{\"@id\":\"https:\/\/psol50.org.br\/deputados-do-psol-recebem-premios-de-melhores-do-congresso\/#primaryimage\"},\"thumbnailUrl\":\"http:\/\/psol50.org.br\/files\/2010\/11\/deputados1.jpg\",\"datePublished\":\"2010-11-25T00:00:00+00:00\",\"breadcrumb\":{\"@id\":\"https:\/\/psol50.org.br\/deputados-do-psol-recebem-premios-de-melhores-do-congresso\/#breadcrumb\"},\"inLanguage\":\"pt-BR\",\"potentialAction\":[{\"@type\":\"ReadAction\",\"target\":[\"https:\/\/psol50.org.br\/deputados-do-psol-recebem-premios-de-melhores-do-congresso\/\"]}]},{\"@type\":\"ImageObject\",\"inLanguage\":\"pt-BR\",\"@id\":\"https:\/\/psol50.org.br\/deputados-do-psol-recebem-premios-de-melhores-do-congresso\/#primaryimage\",\"url\":\"http:\/\/psol50.org.br\/files\/2010\/11\/deputados1.jpg\",\"contentUrl\":\"http:\/\/psol50.org.br\/files\/2010\/11\/deputados1.jpg\"},{\"@type\":\"BreadcrumbList\",\"@id\":\"https:\/\/psol50.org.br\/deputados-do-psol-recebem-premios-de-melhores-do-congresso\/#breadcrumb\",\"itemListElement\":[{\"@type\":\"ListItem\",\"position\":1,\"name\":\"In\u00edcio\",\"item\":\"https:\/\/psol50.org.br\/\"},{\"@type\":\"ListItem\",\"position\":2,\"name\":\"Deputados do PSOL recebem pr\u00eamios de melhores do Congresso\"}]},{\"@type\":\"WebSite\",\"@id\":\"https:\/\/psol50.org.br\/#website\",\"url\":\"https:\/\/psol50.org.br\/\",\"name\":\"PSOL 50\",\"description\":\"Site oficial do Partido Socialismo e Liberdade\",\"publisher\":{\"@id\":\"https:\/\/psol50.org.br\/#organization\"},\"alternateName\":\"PSOL50\",\"potentialAction\":[{\"@type\":\"SearchAction\",\"target\":{\"@type\":\"EntryPoint\",\"urlTemplate\":\"https:\/\/psol50.org.br\/?s={search_term_string}\"},\"query-input\":{\"@type\":\"PropertyValueSpecification\",\"valueRequired\":true,\"valueName\":\"search_term_string\"}}],\"inLanguage\":\"pt-BR\"},{\"@type\":\"Organization\",\"@id\":\"https:\/\/psol50.org.br\/#organization\",\"name\":\"PSOL 50\",\"alternateName\":\"PSOL 50\",\"url\":\"https:\/\/psol50.org.br\/\",\"logo\":{\"@type\":\"ImageObject\",\"inLanguage\":\"pt-BR\",\"@id\":\"https:\/\/psol50.org.br\/#\/schema\/logo\/image\/\",\"url\":\"https:\/\/psol50.org.br\/inc\/uploads\/2018\/07\/capa.png\",\"contentUrl\":\"https:\/\/psol50.org.br\/inc\/uploads\/2018\/07\/capa.png\",\"width\":1350,\"height\":900,\"caption\":\"PSOL 50\"},\"image\":{\"@id\":\"https:\/\/psol50.org.br\/#\/schema\/logo\/image\/\"},\"sameAs\":[\"https:\/\/www.facebook.com\/psol50\",\"https:\/\/x.com\/psol50\",\"https:\/\/www.instagram.com\/psol50\/\",\"https:\/\/www.youtube.com\/channel\/UC7SnJS5o1os7a6CaiNabzcg\"]},{\"@type\":\"Person\",\"@id\":\"https:\/\/psol50.org.br\/#\/schema\/person\/475dfa57d0b815993c714c2e96491fcd\",\"name\":\"Comunica\u00e7\u00e3o PSOL\",\"image\":{\"@type\":\"ImageObject\",\"inLanguage\":\"pt-BR\",\"@id\":\"https:\/\/psol50.org.br\/#\/schema\/person\/image\/\",\"url\":\"https:\/\/secure.gravatar.com\/avatar\/b34fc4f4e468a4e51785917065a3db57b841f5c95dba6ad8c73aaf8f66f8f9bf?s=96&d=mm&r=g\",\"contentUrl\":\"https:\/\/secure.gravatar.com\/avatar\/b34fc4f4e468a4e51785917065a3db57b841f5c95dba6ad8c73aaf8f66f8f9bf?s=96&d=mm&r=g\",\"caption\":\"Comunica\u00e7\u00e3o PSOL\"}}]}<\/script>\n<!-- \/ Yoast SEO plugin. -->","yoast_head_json":{"title":"Deputados do PSOL recebem pr\u00eamios de melhores do Congresso - PSOL 50","robots":{"index":"index","follow":"follow","max-snippet":"max-snippet:-1","max-image-preview":"max-image-preview:large","max-video-preview":"max-video-preview:-1"},"canonical":"https:\/\/psol50.org.br\/deputados-do-psol-recebem-premios-de-melhores-do-congresso\/","og_locale":"pt_BR","og_type":"article","og_title":"Deputados do PSOL recebem pr\u00eamios de melhores do Congresso - PSOL 50","og_description":"O cantor e compositor baiano Moraes Moreira iniciou o show com seu filho Davi Moraes proclamando: &#8220;Isso aqui \u00e9 um pouquinho de Brasil&#8221;. De fato, em frente ao palco estavam parlamentares de todos os cantos do pa\u00eds, do acreano Ti\u00e3o Viana (PT), eleito governador, \u00e0 ga\u00facha Manuela D&#8217;\u00c1vila (PCdoB). Eram os deputados e senadores que [&hellip;]","og_url":"https:\/\/psol50.org.br\/deputados-do-psol-recebem-premios-de-melhores-do-congresso\/","og_site_name":"PSOL 50","article_publisher":"https:\/\/www.facebook.com\/psol50","article_published_time":"2010-11-25T00:00:00+00:00","og_image":[{"url":"http:\/\/psol50.org.br\/files\/2010\/11\/deputados1.jpg","type":"","width":"","height":""}],"author":"Comunica\u00e7\u00e3o PSOL","twitter_card":"summary_large_image","twitter_creator":"@psol50","twitter_site":"@psol50","twitter_misc":{"Escrito por":"Comunica\u00e7\u00e3o PSOL","Est. tempo de leitura":"3 minutos"},"schema":{"@context":"https:\/\/schema.org","@graph":[{"@type":"Article","@id":"https:\/\/psol50.org.br\/deputados-do-psol-recebem-premios-de-melhores-do-congresso\/#article","isPartOf":{"@id":"https:\/\/psol50.org.br\/deputados-do-psol-recebem-premios-de-melhores-do-congresso\/"},"author":{"name":"Comunica\u00e7\u00e3o PSOL","@id":"https:\/\/psol50.org.br\/#\/schema\/person\/475dfa57d0b815993c714c2e96491fcd"},"headline":"Deputados do PSOL recebem pr\u00eamios de melhores do Congresso","datePublished":"2010-11-25T00:00:00+00:00","mainEntityOfPage":{"@id":"https:\/\/psol50.org.br\/deputados-do-psol-recebem-premios-de-melhores-do-congresso\/"},"wordCount":525,"commentCount":0,"publisher":{"@id":"https:\/\/psol50.org.br\/#organization"},"image":{"@id":"https:\/\/psol50.org.br\/deputados-do-psol-recebem-premios-de-melhores-do-congresso\/#primaryimage"},"thumbnailUrl":"http:\/\/psol50.org.br\/files\/2010\/11\/deputados1.jpg","inLanguage":"pt-BR","potentialAction":[{"@type":"CommentAction","name":"Comment","target":["https:\/\/psol50.org.br\/deputados-do-psol-recebem-premios-de-melhores-do-congresso\/#respond"]}]},{"@type":"WebPage","@id":"https:\/\/psol50.org.br\/deputados-do-psol-recebem-premios-de-melhores-do-congresso\/","url":"https:\/\/psol50.org.br\/deputados-do-psol-recebem-premios-de-melhores-do-congresso\/","name":"Deputados do PSOL recebem pr\u00eamios de melhores do Congresso - PSOL 50","isPartOf":{"@id":"https:\/\/psol50.org.br\/#website"},"primaryImageOfPage":{"@id":"https:\/\/psol50.org.br\/deputados-do-psol-recebem-premios-de-melhores-do-congresso\/#primaryimage"},"image":{"@id":"https:\/\/psol50.org.br\/deputados-do-psol-recebem-premios-de-melhores-do-congresso\/#primaryimage"},"thumbnailUrl":"http:\/\/psol50.org.br\/files\/2010\/11\/deputados1.jpg","datePublished":"2010-11-25T00:00:00+00:00","breadcrumb":{"@id":"https:\/\/psol50.org.br\/deputados-do-psol-recebem-premios-de-melhores-do-congresso\/#breadcrumb"},"inLanguage":"pt-BR","potentialAction":[{"@type":"ReadAction","target":["https:\/\/psol50.org.br\/deputados-do-psol-recebem-premios-de-melhores-do-congresso\/"]}]},{"@type":"ImageObject","inLanguage":"pt-BR","@id":"https:\/\/psol50.org.br\/deputados-do-psol-recebem-premios-de-melhores-do-congresso\/#primaryimage","url":"http:\/\/psol50.org.br\/files\/2010\/11\/deputados1.jpg","contentUrl":"http:\/\/psol50.org.br\/files\/2010\/11\/deputados1.jpg"},{"@type":"BreadcrumbList","@id":"https:\/\/psol50.org.br\/deputados-do-psol-recebem-premios-de-melhores-do-congresso\/#breadcrumb","itemListElement":[{"@type":"ListItem","position":1,"name":"In\u00edcio","item":"https:\/\/psol50.org.br\/"},{"@type":"ListItem","position":2,"name":"Deputados do PSOL recebem pr\u00eamios de melhores do Congresso"}]},{"@type":"WebSite","@id":"https:\/\/psol50.org.br\/#website","url":"https:\/\/psol50.org.br\/","name":"PSOL 50","description":"Site oficial do Partido Socialismo e Liberdade","publisher":{"@id":"https:\/\/psol50.org.br\/#organization"},"alternateName":"PSOL50","potentialAction":[{"@type":"SearchAction","target":{"@type":"EntryPoint","urlTemplate":"https:\/\/psol50.org.br\/?s={search_term_string}"},"query-input":{"@type":"PropertyValueSpecification","valueRequired":true,"valueName":"search_term_string"}}],"inLanguage":"pt-BR"},{"@type":"Organization","@id":"https:\/\/psol50.org.br\/#organization","name":"PSOL 50","alternateName":"PSOL 50","url":"https:\/\/psol50.org.br\/","logo":{"@type":"ImageObject","inLanguage":"pt-BR","@id":"https:\/\/psol50.org.br\/#\/schema\/logo\/image\/","url":"https:\/\/psol50.org.br\/inc\/uploads\/2018\/07\/capa.png","contentUrl":"https:\/\/psol50.org.br\/inc\/uploads\/2018\/07\/capa.png","width":1350,"height":900,"caption":"PSOL 50"},"image":{"@id":"https:\/\/psol50.org.br\/#\/schema\/logo\/image\/"},"sameAs":["https:\/\/www.facebook.com\/psol50","https:\/\/x.com\/psol50","https:\/\/www.instagram.com\/psol50\/","https:\/\/www.youtube.com\/channel\/UC7SnJS5o1os7a6CaiNabzcg"]},{"@type":"Person","@id":"https:\/\/psol50.org.br\/#\/schema\/person\/475dfa57d0b815993c714c2e96491fcd","name":"Comunica\u00e7\u00e3o PSOL","image":{"@type":"ImageObject","inLanguage":"pt-BR","@id":"https:\/\/psol50.org.br\/#\/schema\/person\/image\/","url":"https:\/\/secure.gravatar.com\/avatar\/b34fc4f4e468a4e51785917065a3db57b841f5c95dba6ad8c73aaf8f66f8f9bf?s=96&d=mm&r=g","contentUrl":"https:\/\/secure.gravatar.com\/avatar\/b34fc4f4e468a4e51785917065a3db57b841f5c95dba6ad8c73aaf8f66f8f9bf?s=96&d=mm&r=g","caption":"Comunica\u00e7\u00e3o PSOL"}}]}},"_links":{"self":[{"href":"https:\/\/psol50.org.br\/rest\/wp\/v2\/posts\/7506","targetHints":{"allow":["GET"]}}],"collection":[{"href":"https:\/\/psol50.org.br\/rest\/wp\/v2\/posts"}],"about":[{"href":"https:\/\/psol50.org.br\/rest\/wp\/v2\/types\/post"}],"author":[{"embeddable":true,"href":"https:\/\/psol50.org.br\/rest\/wp\/v2\/users\/2"}],"replies":[{"embeddable":true,"href":"https:\/\/psol50.org.br\/rest\/wp\/v2\/comments?post=7506"}],"version-history":[{"count":0,"href":"https:\/\/psol50.org.br\/rest\/wp\/v2\/posts\/7506\/revisions"}],"wp:attachment":[{"href":"https:\/\/psol50.org.br\/rest\/wp\/v2\/media?parent=7506"}],"wp:term":[{"taxonomy":"category","embeddable":true,"href":"https:\/\/psol50.org.br\/rest\/wp\/v2\/categories?post=7506"},{"taxonomy":"post_tag","embeddable":true,"href":"https:\/\/psol50.org.br\/rest\/wp\/v2\/tags?post=7506"}],"curies":[{"name":"wp","href":"https:\/\/api.w.org\/{rel}","templated":true}]}}