{"id":7510,"date":"2010-12-08T00:00:00","date_gmt":"2010-12-08T00:00:00","guid":{"rendered":"http:\/\/psol50.org.br\/arquivo\/2010\/12\/08\/ivan-valente-critica-urgencia-na-votacao-do-codigo-florestal-no-plenario-da-camara\/"},"modified":"2010-12-08T00:00:00","modified_gmt":"2010-12-08T00:00:00","slug":"ivan-valente-critica-urgencia-na-votacao-do-codigo-florestal-no-plenario-da-camara","status":"publish","type":"post","link":"https:\/\/psol50.org.br\/ivan-valente-critica-urgencia-na-votacao-do-codigo-florestal-no-plenario-da-camara\/","title":{"rendered":"Ivan Valente critica urg\u00eancia na vota\u00e7\u00e3o do C\u00f3digo Florestal no plen\u00e1rio da C\u00e2mara"},"content":{"rendered":"<p>Em pronunciamento feito na Tribuna da C\u00e2mara nesta ter\u00e7a-feira (7), o deputado federal Ivan Valente, l\u00edder do PSOL, manifestou preocupa\u00e7\u00e3o com as negocia\u00e7\u00f5es da Conven\u00e7\u00e3o sobre Mudan\u00e7as Clim\u00e1ticas (COP-16), que acontece esta semana em Cancun.<\/p>\n<p>\u201cAs perspectivas de Cancun aprovar um acordo legalmente vinculante, que obrigue as na\u00e7\u00f5es a cumprir metas, s\u00e3o pequenas. Neste caso, seguir\u00e1 valendo o Acordo de Copenhague, cujos compromissos volunt\u00e1rios dos pa\u00edses levariam a um aumento da temperatura do planeta de em m\u00e9dia 3 a 4 graus, criando um cen\u00e1rio de cat\u00e1strofe para milh\u00f5es de pessoas\u201d, avaliou.<\/p>\n<p>Ivan Valente tamb\u00e9m apontou a contradi\u00e7\u00e3o entre os compromissos de redu\u00e7\u00e3o da emiss\u00e3o de gases de efeito estufa, assumidos internacionalmente pelo Brasil na Confer\u00eancia de Copenhague\u00a0 (COP-15), com a urg\u00eancia apontada por alguns parlamentares em votar o novo texto do C\u00f3digo Florestal na C\u00e2mara, aprovado em julho na Comiss\u00e3o Especial.<\/p>\n<p>\u201cNesta Casa se conspira, se articula duramente para tra\u00e7ar o caminho contr\u00e1rio ao que defendemos l\u00e1 em Copenhague, ao que devia ser a voca\u00e7\u00e3o do Brasil com seus biomas\u201d, disse Ivan Valente. \u201dAprovar o relat\u00f3rio Aldo Rebelo sobre o C\u00f3digo Florestal, que \u00e9 um desastre para a biodiversidade brasileira, \u00e9 a ratifica\u00e7\u00e3o de uma pol\u00edtica agr\u00edcola e agr\u00e1ria nociva para o nosso Pa\u00eds; \u00e9 o interesse de corpora\u00e7\u00f5es acima dos interesses nacionais e dos interesses difusos. Por isso, o PSOL manifesta nossa radical discord\u00e2ncia com a vota\u00e7\u00e3o desta mat\u00e9ria e exige que a Presidente da Rep\u00fablica cumpra sua palavra de n\u00e3o vot\u00e1-la\u201d, disse o deputado.<\/p>\n<p>Leia abaixo a \u00edntegra do pronunciamento.<\/p>\n<p><strong>A urg\u00eancia do sucesso nas negocia\u00e7\u00f5es da COP-16<\/strong><\/p>\n<p><em>Senhor Presidente, senhoras e senhores Deputados,<\/p>\n<p>Esta semana come\u00e7ou, em Cancun (M\u00e9xico), o chamado \u2018segmento de alto n\u00edvel\u2019, do qual participam ministros e chefes de Estado, da 16\u00aa Confer\u00eancia das Partes da Conven\u00e7\u00e3o Marco das Na\u00e7\u00f5es Unidas sobre Mudan\u00e7a Clim\u00e1tica (COP-16). Apesar de ser um espa\u00e7o fundamental para o avan\u00e7o de acordos visando a prote\u00e7\u00e3o do meio ambiente, a COP-16 corre o risco de repetir o fracasso da COP-15, ocorrida no ano passado em Copenhague, na Dinamarca. Isso porque h\u00e1 um choque de agendas e prioridades entre o ideal e o poss\u00edvel no seio da Conven\u00e7\u00e3o de Mudan\u00e7as Clim\u00e1ticas.<\/p>\n<p>A agenda ideal inclui uma distribui\u00e7\u00e3o equitativa do uso da atmosfera e dos custos para a sua recupera\u00e7\u00e3o. Defende que os pa\u00edses desenvolvidos baixem suas emiss\u00f5es de gazes do efeito estufa e comecem a retirar da atmosfera, atrav\u00e9s do reflorestamento, o que emitiram de CO2 historicamente. Enquanto isso, os pa\u00edses em desenvolvimento devem reduzir rapidamente suas emiss\u00f5es. Para isso, os pa\u00edses desenvolvidos devem transferir grandes quantias aos pa\u00edses em desenvolvimento como forma de compensa\u00e7\u00e3o pelos danos causados ou por causar com os efeitos das mudan\u00e7as clim\u00e1ticas por eles provocadas.<\/p>\n<p>A agenda do poss\u00edvel, no entanto, vai em sentido oposto, de acordo com a vontade dos mais ricos e dos mais fortes \u2013 os mesmos que historicamente foram os grandes respons\u00e1veis pelo aquecimento global do planeta. De 1971 a 2006, segundo o IPCC, os Estados Unidos mantiveram o posto de maior emissor hist\u00f3rico de CO2. Hoje, a concentra\u00e7\u00e3o de CO2 na atmosfera est\u00e1 ao redor de 386 ppm, isto \u00e9, de cada milh\u00e3o de outras part\u00edculas, 386 s\u00e3o de CO2. Antes da revolu\u00e7\u00e3o industrial estava ao redor de 288 ppm. Resultado, a temperatura m\u00e9dia da Terra, que era de 14,5\u00baC, hoje j\u00e1 passa de 15\u00baC. Parece pouco, mas j\u00e1 \u00e9 suficiente para causar as trag\u00e9dias ambientais que temos assistido.<\/p>\n<p>Apesar disso, Senhor Presidente, n\u00e3o parece haver vontade pol\u00edtica por parte dos pa\u00edses desenvolvidos para reduzir seus padr\u00f5es de produ\u00e7\u00e3o e consumo e, assim, diminu\u00edrem ou zerarem suas emiss\u00f5es. Um dos objetivos de Cancun seria inclusive aprovar a continuidade do Protocolo de Kioto, que estabelece limites para as emiss\u00f5es das na\u00e7\u00f5es mais ricas at\u00e9 2012 e que, portanto, est\u00e1 prestes a perder sua validade. A reuni\u00e3o de Cancun ser\u00e1 substitu\u00edda em 2011 pela 17\u00aa C\u00fapula, a apenas um ano do prazo de expira\u00e7\u00e3o do Protocolo. O documento, aprovado em 1997, dizia que os pa\u00edses deveriam reduzir suas emiss\u00f5es a 5,2% dos n\u00edveis de 1990. Os EUA n\u00e3o ratificaram o Protocolo de Kioto e a China, hoje segunda maior emissora, n\u00e3o tem obriga\u00e7\u00e3o de reduzir suas emiss\u00f5es porque \u00e9 considerada um pa\u00eds em desenvolvimento.<\/p>\n<p>O Jap\u00e3o j\u00e1 declarou em Cancun que n\u00e3o vai apoiar a proposta de estender o Protocolo para al\u00e9m de 2012. Austr\u00e1lia, R\u00fassia e Canad\u00e1 podem seguir a mesma linha. Os pa\u00edses ricos exigem que as metas alcancem tamb\u00e9m os emergentes. \u00c9 esta a posi\u00e7\u00e3o da Uni\u00e3o Europeia, que sinalizou positivamente para o novo per\u00edodo do protocolo contanto que os pa\u00edses em desenvolvimento \u201cfa\u00e7am mais pelo acordo\u201d.<\/p>\n<p>O Brasil e o Reino Unido receberam no domingo a incumb\u00eancia da presid\u00eancia da c\u00fapula para tentar desbloquear as negocia\u00e7\u00f5es para renovar o Protocolo de Kioto. O Brasil apoia uma segunda fase do tratado, no qual se estabele\u00e7am metas de redu\u00e7\u00e3o de emiss\u00f5es entre 25% e 40% com rela\u00e7\u00e3o aos n\u00edveis de emiss\u00f5es de 1990 at\u00e9 2020, como recomenda o Painel Intergovernamental sobre Mudan\u00e7a Clim\u00e1tica (IPCC).<\/p>\n<p>Mas as perspectivas de Cancun aprovar um acordo legalmente vinculante, que obrigue as na\u00e7\u00f5es a cumprir metas, s\u00e3o pequenas. Neste caso, seguir\u00e1 valendo o Acordo de Copenhague, cujos compromissos volunt\u00e1rios dos pa\u00edses levariam a um aumento da temperatura do planeta de em m\u00e9dia 3 a 4 graus, criando um cen\u00e1rio de cat\u00e1strofe para milh\u00f5es de pessoas.<\/p>\n<p>Est\u00e1 claro que o voluntarismo dos pa\u00edses n\u00e3o trar\u00e1 as solu\u00e7\u00f5es necess\u00e1rias ao planeta. At\u00e9 porque a maioria deles aposta em mecanismos de mercado para controlar as emiss\u00f5es de gases. Mas a COP-16, ao que tudo indica, pretender\u00e1 fortalecer justamente estrat\u00e9gias que possibilitem \u00e0s grandes empresas lucrar com a crise clim\u00e1tica. O caminho pode ser o de um \u201cajuste clim\u00e1tico mercantilista\u201d, com destaque \u00e0s falsas solu\u00e7\u00f5es, como o mecanismo de mercado de carbono e a Redu\u00e7\u00e3o de Emiss\u00f5es por Desmatamento e Degrada\u00e7\u00e3o de Matas (REDD+).<\/p>\n<p>Discute-se na COP-16, inclusive, a iniciativa de globalizar os programas REDD+, o que pode gerar consequ\u00eancias devastadoras para comunidades e povos ind\u00edgenas. Trata-se de um mecanismo que, por um lado, premia os grandes desmatadores e, por outro, compra comunidades das florestas como pagamento por servi\u00e7os ambientais de absor\u00e7\u00e3o de carbono em suas matas. Atrav\u00e9s desse programa, as matas ser\u00e3o validadas como geradoras de cr\u00e9dito de carbono, o que, se aprovado, coloca todas as florestas sob a mira dos especuladores. Ser\u00e1 um banquete para o mercado. Se pagar\u00e1 pouqu\u00edssimo para as comunidades que vivem nessas \u00e1reas e se lucrar\u00e1 muit\u00edssimo com a revenda desses \u201cdireitos\u201d de absor\u00e7\u00e3o de carbono a outras empresas. Assim, as empresas mais poluentes podem continuar sujando a atmosfera sob a justificativa de que as matas est\u00e3o absorvendo suas emiss\u00f5es.<\/em><\/p>\n<p><em>Outra pol\u00eamica da COP-16 \u00e9 conseq\u00fc\u00eancia da c\u00fapula anterior, em Copenhague, onde Estados Unidos e outros pa\u00edses desenvolvidos insistiram em condicionar o financiamento aos pa\u00edses em desenvolvimento \u00e0 sua aceita\u00e7\u00e3o \u00e0s propostas que eles defendem. Bol\u00edvia e Equador, por exemplo, votaram contra os acordos de Copenhague e n\u00e3o receberam os financiamentos para redu\u00e7\u00e3o de sua emiss\u00e3o de gazes de efeito estufa. Outros pa\u00edses em desenvolvimento certamente foram submetidos a press\u00f5es similares para apoiar esta proposta, que muda o princ\u00edpio da conven\u00e7\u00e3o de que todos os pa\u00edses t\u00eam responsabilidades comuns, mas em escalas diferentes.<\/p>\n<p>\u00c9 para defender este princ\u00edpio que cerca de 30 mil pessoas est\u00e3o em Cancun acompanhando a COP-16. A sociedade civil pressiona para que as agendas se aproximem, mas as perspectivas de fato s\u00e3o m\u00ednimas. Os documentos da Confer\u00eancia sequer levam em conta as propostas da \u2018Primeira Confer\u00eancia Mundial dos Povos sobre Mudan\u00e7a Clim\u00e1tica e Direitos da M\u00e3e Terra\u2019, que recolheu os projetos de mais de 35 mil delegados reunidos em abril passado na cidade de Cochabamba, na Bol\u00edvia.<\/p>\n<p>Em paralelo, a press\u00e3o que pa\u00edses em desenvolvimento, que ocupam um lugar relevante no cen\u00e1rio global \u2013 como o Brasil, a China e a \u00cdndia -, poderiam fazer acaba sendo limitada diante do modelo desenvolvimentista que eles pr\u00f3prios t\u00eam adotado. H\u00e1 alguns dias, por exemplo, o Observat\u00f3rio do Clima, que re\u00fane 36 entidades de defesa do meio ambiente no Brasil, divulgou um estudo que calculou o impacto da aprova\u00e7\u00e3o do novo C\u00f3digo Florestal brasileiro para as emiss\u00f5es de g\u00e1s carb\u00f4nico na atmosfera. Segundo o estudo, com os novos desmatamentos autorizados pelo C\u00f3digo, seriam emitidas at\u00e9 25 bilh\u00f5es de toneladas de g\u00e1s carb\u00f4nico, o que compromete o atendimento \u00e0s metas de redu\u00e7\u00e3o de emiss\u00e3o de gases do efeito estufa assumidas internacionalmente pelo Brasil.<\/p>\n<p>Ou seja, senhoras e senhores Deputados, enquanto o planeta quer ampliar sua cobertura vegetal, h\u00e1 parlamentares desta Casa que defendem arduamente que o Brasil abra possibilidades legais para um maior desmatamento. \u00c9 este o exemplo que queremos dar para o mundo? \u00c9 este o nosso compromisso com as futuras gera\u00e7\u00f5es? Acredito que n\u00e3o.<\/p>\n<p>Por isso, vamos trabalhar para frear as derrubadas de \u00e1rvore em nosso pa\u00eds, cumprir as metas de redu\u00e7\u00e3o de CO2 assumidas internacionalmente pelo Brasil e colocar o esfor\u00e7o da nossa diplomacia na busca de acordos globais que n\u00e3o deixem nas m\u00e3os do mercado a solu\u00e7\u00e3o para a sobreviv\u00eancia do planeta, e tampouco submetam os povos em desenvolvimento, mais uma vez, \u00e0 lei dos mais fortes.<\/p>\n<p>Muito obrigado.<\/p>\n<p>Ivan Valente<br \/>\nDeputado Federal PSOL\/SP<br \/>\n<\/em><\/p>\n","protected":false},"excerpt":{"rendered":"<p>Em pronunciamento feito na Tribuna da C\u00e2mara nesta ter\u00e7a-feira (7), o deputado federal Ivan Valente, l\u00edder do PSOL, manifestou preocupa\u00e7\u00e3o com as negocia\u00e7\u00f5es da Conven\u00e7\u00e3o sobre Mudan\u00e7as Clim\u00e1ticas (COP-16), que acontece esta semana em Cancun. \u201cAs perspectivas de Cancun aprovar um acordo legalmente vinculante, que obrigue as na\u00e7\u00f5es a cumprir metas, s\u00e3o pequenas. Neste caso, [&hellip;]<\/p>\n","protected":false},"author":2,"featured_media":0,"comment_status":"open","ping_status":"open","sticky":false,"template":"","format":"standard","meta":{"_acf_changed":false,"footnotes":""},"categories":[4766],"tags":[],"class_list":{"0":"post-7510","1":"post","2":"type-post","3":"status-publish","4":"format-standard","6":"category-arquivo"},"acf":[],"yoast_head":"<!-- This site is optimized with the Yoast SEO plugin v26.5 - https:\/\/yoast.com\/wordpress\/plugins\/seo\/ -->\n<title>Ivan Valente critica urg\u00eancia na vota\u00e7\u00e3o do C\u00f3digo Florestal no plen\u00e1rio da C\u00e2mara - PSOL 50<\/title>\n<meta name=\"robots\" content=\"index, follow, max-snippet:-1, max-image-preview:large, max-video-preview:-1\" \/>\n<link rel=\"canonical\" href=\"https:\/\/psol50.org.br\/ivan-valente-critica-urgencia-na-votacao-do-codigo-florestal-no-plenario-da-camara\/\" \/>\n<meta property=\"og:locale\" content=\"pt_BR\" \/>\n<meta property=\"og:type\" content=\"article\" \/>\n<meta property=\"og:title\" content=\"Ivan Valente critica urg\u00eancia na vota\u00e7\u00e3o do C\u00f3digo Florestal no plen\u00e1rio da C\u00e2mara - PSOL 50\" \/>\n<meta property=\"og:description\" content=\"Em pronunciamento feito na Tribuna da C\u00e2mara nesta ter\u00e7a-feira (7), o deputado federal Ivan Valente, l\u00edder do PSOL, manifestou preocupa\u00e7\u00e3o com as negocia\u00e7\u00f5es da Conven\u00e7\u00e3o sobre Mudan\u00e7as Clim\u00e1ticas (COP-16), que acontece esta semana em Cancun. \u201cAs perspectivas de Cancun aprovar um acordo legalmente vinculante, que obrigue as na\u00e7\u00f5es a cumprir metas, s\u00e3o pequenas. Neste caso, [&hellip;]\" \/>\n<meta property=\"og:url\" content=\"https:\/\/psol50.org.br\/ivan-valente-critica-urgencia-na-votacao-do-codigo-florestal-no-plenario-da-camara\/\" \/>\n<meta property=\"og:site_name\" content=\"PSOL 50\" \/>\n<meta property=\"article:publisher\" content=\"https:\/\/www.facebook.com\/psol50\" \/>\n<meta property=\"article:published_time\" content=\"2010-12-08T00:00:00+00:00\" \/>\n<meta property=\"og:image\" content=\"https:\/\/psol50.org.br\/inc\/uploads\/2018\/07\/capa.png\" \/>\n\t<meta property=\"og:image:width\" content=\"1350\" \/>\n\t<meta property=\"og:image:height\" content=\"900\" \/>\n\t<meta property=\"og:image:type\" content=\"image\/png\" \/>\n<meta name=\"author\" content=\"Comunica\u00e7\u00e3o PSOL\" \/>\n<meta name=\"twitter:card\" content=\"summary_large_image\" \/>\n<meta name=\"twitter:creator\" content=\"@psol50\" \/>\n<meta name=\"twitter:site\" content=\"@psol50\" \/>\n<meta name=\"twitter:label1\" content=\"Escrito por\" \/>\n\t<meta name=\"twitter:data1\" content=\"Comunica\u00e7\u00e3o PSOL\" \/>\n\t<meta name=\"twitter:label2\" content=\"Est. tempo de leitura\" \/>\n\t<meta name=\"twitter:data2\" content=\"8 minutos\" \/>\n<script type=\"application\/ld+json\" class=\"yoast-schema-graph\">{\"@context\":\"https:\/\/schema.org\",\"@graph\":[{\"@type\":\"Article\",\"@id\":\"https:\/\/psol50.org.br\/ivan-valente-critica-urgencia-na-votacao-do-codigo-florestal-no-plenario-da-camara\/#article\",\"isPartOf\":{\"@id\":\"https:\/\/psol50.org.br\/ivan-valente-critica-urgencia-na-votacao-do-codigo-florestal-no-plenario-da-camara\/\"},\"author\":{\"name\":\"Comunica\u00e7\u00e3o PSOL\",\"@id\":\"https:\/\/psol50.org.br\/#\/schema\/person\/475dfa57d0b815993c714c2e96491fcd\"},\"headline\":\"Ivan Valente critica urg\u00eancia na vota\u00e7\u00e3o do C\u00f3digo Florestal no plen\u00e1rio da C\u00e2mara\",\"datePublished\":\"2010-12-08T00:00:00+00:00\",\"mainEntityOfPage\":{\"@id\":\"https:\/\/psol50.org.br\/ivan-valente-critica-urgencia-na-votacao-do-codigo-florestal-no-plenario-da-camara\/\"},\"wordCount\":1712,\"commentCount\":0,\"publisher\":{\"@id\":\"https:\/\/psol50.org.br\/#organization\"},\"articleSection\":[\"Arquivo\"],\"inLanguage\":\"pt-BR\",\"potentialAction\":[{\"@type\":\"CommentAction\",\"name\":\"Comment\",\"target\":[\"https:\/\/psol50.org.br\/ivan-valente-critica-urgencia-na-votacao-do-codigo-florestal-no-plenario-da-camara\/#respond\"]}]},{\"@type\":\"WebPage\",\"@id\":\"https:\/\/psol50.org.br\/ivan-valente-critica-urgencia-na-votacao-do-codigo-florestal-no-plenario-da-camara\/\",\"url\":\"https:\/\/psol50.org.br\/ivan-valente-critica-urgencia-na-votacao-do-codigo-florestal-no-plenario-da-camara\/\",\"name\":\"Ivan Valente critica urg\u00eancia na vota\u00e7\u00e3o do C\u00f3digo Florestal no plen\u00e1rio da C\u00e2mara - PSOL 50\",\"isPartOf\":{\"@id\":\"https:\/\/psol50.org.br\/#website\"},\"datePublished\":\"2010-12-08T00:00:00+00:00\",\"breadcrumb\":{\"@id\":\"https:\/\/psol50.org.br\/ivan-valente-critica-urgencia-na-votacao-do-codigo-florestal-no-plenario-da-camara\/#breadcrumb\"},\"inLanguage\":\"pt-BR\",\"potentialAction\":[{\"@type\":\"ReadAction\",\"target\":[\"https:\/\/psol50.org.br\/ivan-valente-critica-urgencia-na-votacao-do-codigo-florestal-no-plenario-da-camara\/\"]}]},{\"@type\":\"BreadcrumbList\",\"@id\":\"https:\/\/psol50.org.br\/ivan-valente-critica-urgencia-na-votacao-do-codigo-florestal-no-plenario-da-camara\/#breadcrumb\",\"itemListElement\":[{\"@type\":\"ListItem\",\"position\":1,\"name\":\"In\u00edcio\",\"item\":\"https:\/\/psol50.org.br\/\"},{\"@type\":\"ListItem\",\"position\":2,\"name\":\"Ivan Valente critica urg\u00eancia na vota\u00e7\u00e3o do C\u00f3digo Florestal no plen\u00e1rio da C\u00e2mara\"}]},{\"@type\":\"WebSite\",\"@id\":\"https:\/\/psol50.org.br\/#website\",\"url\":\"https:\/\/psol50.org.br\/\",\"name\":\"PSOL 50\",\"description\":\"Site oficial do Partido Socialismo e Liberdade\",\"publisher\":{\"@id\":\"https:\/\/psol50.org.br\/#organization\"},\"alternateName\":\"PSOL50\",\"potentialAction\":[{\"@type\":\"SearchAction\",\"target\":{\"@type\":\"EntryPoint\",\"urlTemplate\":\"https:\/\/psol50.org.br\/?s={search_term_string}\"},\"query-input\":{\"@type\":\"PropertyValueSpecification\",\"valueRequired\":true,\"valueName\":\"search_term_string\"}}],\"inLanguage\":\"pt-BR\"},{\"@type\":\"Organization\",\"@id\":\"https:\/\/psol50.org.br\/#organization\",\"name\":\"PSOL 50\",\"alternateName\":\"PSOL 50\",\"url\":\"https:\/\/psol50.org.br\/\",\"logo\":{\"@type\":\"ImageObject\",\"inLanguage\":\"pt-BR\",\"@id\":\"https:\/\/psol50.org.br\/#\/schema\/logo\/image\/\",\"url\":\"https:\/\/psol50.org.br\/inc\/uploads\/2018\/07\/capa.png\",\"contentUrl\":\"https:\/\/psol50.org.br\/inc\/uploads\/2018\/07\/capa.png\",\"width\":1350,\"height\":900,\"caption\":\"PSOL 50\"},\"image\":{\"@id\":\"https:\/\/psol50.org.br\/#\/schema\/logo\/image\/\"},\"sameAs\":[\"https:\/\/www.facebook.com\/psol50\",\"https:\/\/x.com\/psol50\",\"https:\/\/www.instagram.com\/psol50\/\",\"https:\/\/www.youtube.com\/channel\/UC7SnJS5o1os7a6CaiNabzcg\"]},{\"@type\":\"Person\",\"@id\":\"https:\/\/psol50.org.br\/#\/schema\/person\/475dfa57d0b815993c714c2e96491fcd\",\"name\":\"Comunica\u00e7\u00e3o PSOL\",\"image\":{\"@type\":\"ImageObject\",\"inLanguage\":\"pt-BR\",\"@id\":\"https:\/\/psol50.org.br\/#\/schema\/person\/image\/\",\"url\":\"https:\/\/secure.gravatar.com\/avatar\/b34fc4f4e468a4e51785917065a3db57b841f5c95dba6ad8c73aaf8f66f8f9bf?s=96&d=mm&r=g\",\"contentUrl\":\"https:\/\/secure.gravatar.com\/avatar\/b34fc4f4e468a4e51785917065a3db57b841f5c95dba6ad8c73aaf8f66f8f9bf?s=96&d=mm&r=g\",\"caption\":\"Comunica\u00e7\u00e3o PSOL\"}}]}<\/script>\n<!-- \/ Yoast SEO plugin. -->","yoast_head_json":{"title":"Ivan Valente critica urg\u00eancia na vota\u00e7\u00e3o do C\u00f3digo Florestal no plen\u00e1rio da C\u00e2mara - PSOL 50","robots":{"index":"index","follow":"follow","max-snippet":"max-snippet:-1","max-image-preview":"max-image-preview:large","max-video-preview":"max-video-preview:-1"},"canonical":"https:\/\/psol50.org.br\/ivan-valente-critica-urgencia-na-votacao-do-codigo-florestal-no-plenario-da-camara\/","og_locale":"pt_BR","og_type":"article","og_title":"Ivan Valente critica urg\u00eancia na vota\u00e7\u00e3o do C\u00f3digo Florestal no plen\u00e1rio da C\u00e2mara - PSOL 50","og_description":"Em pronunciamento feito na Tribuna da C\u00e2mara nesta ter\u00e7a-feira (7), o deputado federal Ivan Valente, l\u00edder do PSOL, manifestou preocupa\u00e7\u00e3o com as negocia\u00e7\u00f5es da Conven\u00e7\u00e3o sobre Mudan\u00e7as Clim\u00e1ticas (COP-16), que acontece esta semana em Cancun. \u201cAs perspectivas de Cancun aprovar um acordo legalmente vinculante, que obrigue as na\u00e7\u00f5es a cumprir metas, s\u00e3o pequenas. Neste caso, [&hellip;]","og_url":"https:\/\/psol50.org.br\/ivan-valente-critica-urgencia-na-votacao-do-codigo-florestal-no-plenario-da-camara\/","og_site_name":"PSOL 50","article_publisher":"https:\/\/www.facebook.com\/psol50","article_published_time":"2010-12-08T00:00:00+00:00","og_image":[{"width":1350,"height":900,"url":"https:\/\/psol50.org.br\/inc\/uploads\/2018\/07\/capa.png","type":"image\/png"}],"author":"Comunica\u00e7\u00e3o PSOL","twitter_card":"summary_large_image","twitter_creator":"@psol50","twitter_site":"@psol50","twitter_misc":{"Escrito por":"Comunica\u00e7\u00e3o PSOL","Est. tempo de leitura":"8 minutos"},"schema":{"@context":"https:\/\/schema.org","@graph":[{"@type":"Article","@id":"https:\/\/psol50.org.br\/ivan-valente-critica-urgencia-na-votacao-do-codigo-florestal-no-plenario-da-camara\/#article","isPartOf":{"@id":"https:\/\/psol50.org.br\/ivan-valente-critica-urgencia-na-votacao-do-codigo-florestal-no-plenario-da-camara\/"},"author":{"name":"Comunica\u00e7\u00e3o PSOL","@id":"https:\/\/psol50.org.br\/#\/schema\/person\/475dfa57d0b815993c714c2e96491fcd"},"headline":"Ivan Valente critica urg\u00eancia na vota\u00e7\u00e3o do C\u00f3digo Florestal no plen\u00e1rio da C\u00e2mara","datePublished":"2010-12-08T00:00:00+00:00","mainEntityOfPage":{"@id":"https:\/\/psol50.org.br\/ivan-valente-critica-urgencia-na-votacao-do-codigo-florestal-no-plenario-da-camara\/"},"wordCount":1712,"commentCount":0,"publisher":{"@id":"https:\/\/psol50.org.br\/#organization"},"articleSection":["Arquivo"],"inLanguage":"pt-BR","potentialAction":[{"@type":"CommentAction","name":"Comment","target":["https:\/\/psol50.org.br\/ivan-valente-critica-urgencia-na-votacao-do-codigo-florestal-no-plenario-da-camara\/#respond"]}]},{"@type":"WebPage","@id":"https:\/\/psol50.org.br\/ivan-valente-critica-urgencia-na-votacao-do-codigo-florestal-no-plenario-da-camara\/","url":"https:\/\/psol50.org.br\/ivan-valente-critica-urgencia-na-votacao-do-codigo-florestal-no-plenario-da-camara\/","name":"Ivan Valente critica urg\u00eancia na vota\u00e7\u00e3o do C\u00f3digo Florestal no plen\u00e1rio da C\u00e2mara - PSOL 50","isPartOf":{"@id":"https:\/\/psol50.org.br\/#website"},"datePublished":"2010-12-08T00:00:00+00:00","breadcrumb":{"@id":"https:\/\/psol50.org.br\/ivan-valente-critica-urgencia-na-votacao-do-codigo-florestal-no-plenario-da-camara\/#breadcrumb"},"inLanguage":"pt-BR","potentialAction":[{"@type":"ReadAction","target":["https:\/\/psol50.org.br\/ivan-valente-critica-urgencia-na-votacao-do-codigo-florestal-no-plenario-da-camara\/"]}]},{"@type":"BreadcrumbList","@id":"https:\/\/psol50.org.br\/ivan-valente-critica-urgencia-na-votacao-do-codigo-florestal-no-plenario-da-camara\/#breadcrumb","itemListElement":[{"@type":"ListItem","position":1,"name":"In\u00edcio","item":"https:\/\/psol50.org.br\/"},{"@type":"ListItem","position":2,"name":"Ivan Valente critica urg\u00eancia na vota\u00e7\u00e3o do C\u00f3digo Florestal no plen\u00e1rio da C\u00e2mara"}]},{"@type":"WebSite","@id":"https:\/\/psol50.org.br\/#website","url":"https:\/\/psol50.org.br\/","name":"PSOL 50","description":"Site oficial do Partido Socialismo e Liberdade","publisher":{"@id":"https:\/\/psol50.org.br\/#organization"},"alternateName":"PSOL50","potentialAction":[{"@type":"SearchAction","target":{"@type":"EntryPoint","urlTemplate":"https:\/\/psol50.org.br\/?s={search_term_string}"},"query-input":{"@type":"PropertyValueSpecification","valueRequired":true,"valueName":"search_term_string"}}],"inLanguage":"pt-BR"},{"@type":"Organization","@id":"https:\/\/psol50.org.br\/#organization","name":"PSOL 50","alternateName":"PSOL 50","url":"https:\/\/psol50.org.br\/","logo":{"@type":"ImageObject","inLanguage":"pt-BR","@id":"https:\/\/psol50.org.br\/#\/schema\/logo\/image\/","url":"https:\/\/psol50.org.br\/inc\/uploads\/2018\/07\/capa.png","contentUrl":"https:\/\/psol50.org.br\/inc\/uploads\/2018\/07\/capa.png","width":1350,"height":900,"caption":"PSOL 50"},"image":{"@id":"https:\/\/psol50.org.br\/#\/schema\/logo\/image\/"},"sameAs":["https:\/\/www.facebook.com\/psol50","https:\/\/x.com\/psol50","https:\/\/www.instagram.com\/psol50\/","https:\/\/www.youtube.com\/channel\/UC7SnJS5o1os7a6CaiNabzcg"]},{"@type":"Person","@id":"https:\/\/psol50.org.br\/#\/schema\/person\/475dfa57d0b815993c714c2e96491fcd","name":"Comunica\u00e7\u00e3o PSOL","image":{"@type":"ImageObject","inLanguage":"pt-BR","@id":"https:\/\/psol50.org.br\/#\/schema\/person\/image\/","url":"https:\/\/secure.gravatar.com\/avatar\/b34fc4f4e468a4e51785917065a3db57b841f5c95dba6ad8c73aaf8f66f8f9bf?s=96&d=mm&r=g","contentUrl":"https:\/\/secure.gravatar.com\/avatar\/b34fc4f4e468a4e51785917065a3db57b841f5c95dba6ad8c73aaf8f66f8f9bf?s=96&d=mm&r=g","caption":"Comunica\u00e7\u00e3o PSOL"}}]}},"_links":{"self":[{"href":"https:\/\/psol50.org.br\/rest\/wp\/v2\/posts\/7510","targetHints":{"allow":["GET"]}}],"collection":[{"href":"https:\/\/psol50.org.br\/rest\/wp\/v2\/posts"}],"about":[{"href":"https:\/\/psol50.org.br\/rest\/wp\/v2\/types\/post"}],"author":[{"embeddable":true,"href":"https:\/\/psol50.org.br\/rest\/wp\/v2\/users\/2"}],"replies":[{"embeddable":true,"href":"https:\/\/psol50.org.br\/rest\/wp\/v2\/comments?post=7510"}],"version-history":[{"count":0,"href":"https:\/\/psol50.org.br\/rest\/wp\/v2\/posts\/7510\/revisions"}],"wp:attachment":[{"href":"https:\/\/psol50.org.br\/rest\/wp\/v2\/media?parent=7510"}],"wp:term":[{"taxonomy":"category","embeddable":true,"href":"https:\/\/psol50.org.br\/rest\/wp\/v2\/categories?post=7510"},{"taxonomy":"post_tag","embeddable":true,"href":"https:\/\/psol50.org.br\/rest\/wp\/v2\/tags?post=7510"}],"curies":[{"name":"wp","href":"https:\/\/api.w.org\/{rel}","templated":true}]}}