{"id":752,"date":"2010-06-25T00:00:00","date_gmt":"2010-06-25T00:00:00","guid":{"rendered":"http:\/\/psol50.org.br\/arquivo\/2010\/06\/25\/psol-luta-ao-lado-dos-trabalhadores-da-usp-e-do-judiciarios-em-sao-paulo\/"},"modified":"2010-06-25T00:00:00","modified_gmt":"2010-06-25T00:00:00","slug":"psol-luta-ao-lado-dos-trabalhadores-da-usp-e-do-judiciarios-em-sao-paulo","status":"publish","type":"post","link":"https:\/\/psol50.org.br\/psol-luta-ao-lado-dos-trabalhadores-da-usp-e-do-judiciarios-em-sao-paulo\/","title":{"rendered":"PSOL luta ao lado dos trabalhadores da USP e do Judici\u00e1rios em S\u00e3o Paulo"},"content":{"rendered":"<p>A greve do Judici\u00e1rio e dos funcion\u00e1rios da USP, em S\u00e3o Paulo, j\u00e1 duram mais de 40 dias. Os parlamentares e militantes do PSOL em S\u00e3o Paulo v\u00eam agindo de forma solid\u00e1ria \u00e0s reivindica\u00e7\u00f5es dos trabalhadores, que t\u00eam enfrentado bravamente a intransig\u00eancia do governo estadual.<\/p>\n<p>Segundo o deputado federal do PSOL\/SP Ivan Valente, os servidores do Tribunal de Justi\u00e7a de S\u00e3o Paulo est\u00e3o dando um exemplo de resist\u00eancia. \u201cH\u00e1 dois anos sem reposi\u00e7\u00e3o das perdas salariais, com duas datas-base vencidas, os servidores pedem um reajuste de 20,16%. Ao todo s\u00e3o 42 mil funcion\u00e1rios na ativa e 9 mil aposentados\u201d, disse.<\/p>\n<p>Mas as reivindica\u00e7\u00f5es da greve, que no momento conta com a ades\u00e3o massiva dos servidores do F\u00f3rum Jo\u00e3o Mendes e significativa paralisa\u00e7\u00e3o de f\u00f3runs do interior do estado, n\u00e3o se limitam \u00e0 quest\u00e3o salarial. Os trabalhadores e trabalhadoras do Judici\u00e1rio denunciam o descaso da dire\u00e7\u00e3o do Tribunal de Justi\u00e7a e do governo de S\u00e3o Paulo com as condi\u00e7\u00f5es de trabalho oferecidas a seus servidores e com a pr\u00f3pria qualidade do atendimento \u00e0 popula\u00e7\u00e3o do estado. H\u00e1 milh\u00f5es de processos parados porque faltam 15 mil servidores \u00e0 institui\u00e7\u00e3o. Quando se realiza concurso p\u00fablico, os aprovados n\u00e3o s\u00e3o contratados. S\u00e3o in\u00fameras as den\u00fancias de ass\u00e9dio moral e, agora com a greve, \u00e9 o movimento sindical que vem sendo atacado na sua miss\u00e3o de defender os direitos dos trabalhadores.<br \/>\nO deputado estadual Carlos Giannazi fez, na Assembleia Legislativa de S\u00e3o Paulo, um pedido da CPI do Judici\u00e1rio paulista. O parlamentar ainda esclareceu ainda que \u00e9 not\u00f3rio o controle exercido, pelo Pal\u00e1cio dos Bandeirantes, em cima da ALESP, que tem uma base governista de 71 deputados (s\u00e3o 94 ao todo) que obedecem cegamente as ordens do governador.<br \/>\nO parlamentar j\u00e1 est\u00e1 colhendo assinaturas para a CPI a fim de averiguar den\u00fancias, feitas pelos servidores, referentes a benef\u00edcios usufru\u00eddos por autoridades judiciais do estado de S\u00e3o Paulo como aux\u00edlios financeiros e sal\u00e1rios extraordin\u00e1rios, al\u00e9m da falta de transpar\u00eancia no uso do bilion\u00e1rio or\u00e7amento destinado ao Poder Judici\u00e1rio. Giannazi disse tamb\u00e9m que levar\u00e1 o caso ao Conselho Nacional de Justi\u00e7a e para as Cortes internacionais.<br \/>\nNo dia 10 de junho, ele esteve dentro do F\u00f3rum Jo\u00e3o Mendes durante a ocupa\u00e7\u00e3o pac\u00edfica ocorrida um dia antes e organizada pelos servidores da Justi\u00e7a, que foram desumanamente for\u00e7ados a se desmobilizarem e sair por volta das 12h j\u00e1 no dia seguinte por conta da fome imposta pela proibi\u00e7\u00e3o da entrada de alimentos, ordenada pela presid\u00eancia do Tribunal de Justi\u00e7a.<br \/>\nA c\u00fapula do Tribunal de Justi\u00e7a assim como o governo tucano, que dirige S\u00e3o Paulo h\u00e1 quase duas d\u00e9cadas, tentam desqualificar o movimento grevista alegando que a mobiliza\u00e7\u00e3o dos trabalhadores tem interesse pol\u00edtico partid\u00e1rio. Foi isso o que disse \u00e0 imprensa, na semana passada, o secret\u00e1rio da Casa Civil do Estado de S\u00e3o Paulo e ex-secret\u00e1rio da Justi\u00e7a, Luiz Antonio Guimar\u00e3es Marrey.<\/p>\n<p>Meses atr\u00e1s, ouvimos o mesmo do Secret\u00e1rio de Educa\u00e7\u00e3o Paulo Renato de Souza, durante a greve dos professores da rede estadual. Ou seja, virou mania do PDSB dizer que toda greve \u00e9 pol\u00edtica. \u201c\u00c9 pol\u00edtica sim, senhor Presidente, mas n\u00e3o \u00e9 partid\u00e1ria! Sobram motivos \u00e0 luta que est\u00e1, neste momento, sendo travada pelos servidores do TJ. \u00c9 uma luta por respeito aos direitos dos servidores e dos cidad\u00e3os e cidad\u00e3s paulistas\u201d, disse Ivan Valente.<\/p>\n<p>No caso da USP, na \u00faltima segunda-feira (21 de junho), ocorreu uma reuni\u00e3o entre o Sintusp e a reitoria da Universidade de S\u00e3o Paulo (USP), mas as negocia\u00e7\u00f5es n\u00e3o avan\u00e7aram. A reitoria apresentou proposta que estabelece o compromisso de analisar as reivindica\u00e7\u00f5es feitas pelos trabalhadores e o poss\u00edvel aumento de 5% na carreira no prazo de 48 horas, mas os funcion\u00e1rios rejeitaram. O que motivou a recusa do contrato foi a falta de garantia de que os funcion\u00e1rios v\u00e3o receber o que pedem, segundo o Sintusp.<\/p>\n<p>Em nota publicada no domingo, 20, e reiterada nesta ter\u00e7a-feira, Magno de Carvalho, diretor do Sintusp, afirma que o reitor da USP, Jo\u00e3o Grandino Rodas, &#8220;busca respaldo pol\u00edtico para tentar destruir a organiza\u00e7\u00e3o sindical dos trabalhadores e seus dirigentes&#8221;. Segundo Magno, Rodas acusa os grevistas de violentos por terem ocupado a reitoria da Universidade, mas &#8220;foi ele quem deixou mais de mil trabalhadores e suas fam\u00edlias sem sal\u00e1rio, consequentemente \u00e0 merc\u00ea da fome por exercerem o direito de greve&#8221;.<br \/>\nAs tr\u00eas exig\u00eancias dos funcion\u00e1rios da USP, UNESP e Unicamp s\u00e3o a restitui\u00e7\u00e3o dos dias parados descontados dos sal\u00e1rios de cerca de mil funcion\u00e1rios, o compromisso por parte da reitoria de n\u00e3o punir os grevistas e, quanto \u00e0 isonomia salarial, os servidores aceitam negociar um aumento de 5% em vez dos 6,57%, antes reivindicados.<br \/>\nO sindicato flexibilizou as negocia\u00e7\u00f5es ap\u00f3s alegar que com o fim das provas nas universidades, o clima de copa do mundo e o enfraquecimento da greve na Unicamp (Universidade de Campinas), que conta com cerca de 40% dos funcion\u00e1rios, o movimento poderia esvaziar-se e perder for\u00e7a.<br \/>\nJ\u00e1 os servidores do judici\u00e1rio, em assembleia realizada na \u00faltima quarta-feira (23 de junho), decidiram manter a greve da categoria. Eles est\u00e3o com as atividades paralisadas desde o dia 28 de abril e reivindicam uma reposi\u00e7\u00e3o salarial de 20,16%.<\/p>\n<p><strong>Audi\u00eancia p\u00fablica<\/strong><\/p>\n<p>Organizada pelo mandato do professor e deputado Carlos Giannazi, membro titular da Comiss\u00e3o de Educa\u00e7\u00e3o da Assembleia Legislativa, a audi\u00eancia p\u00fablica realizada no dia 10 de junho na ALESP debateu a crise nas universidades estaduais. O movimento reivindicat\u00f3rio dos trabalhadores da USP, que est\u00e3o com os seus sal\u00e1rios arrochados e foram exclu\u00eddos do reajuste de 6% dado aos docentes, conta com o apoio incondicional do parlamentar.<\/p>\n<p>O n\u00e3o comparecimento dos tr\u00eas reitores, que foram oficialmente convidados para o debate, representou, na opini\u00e3o de Giannazi, a falta de disposi\u00e7\u00e3o deles em dialogar com trabalhadores, que lotaram o plen\u00e1rio Franco Montoro a fim de negociar com os mesmos.<\/p>\n<p>No evento o deputado informou que j\u00e1 protocolou Requerimentos em duas comiss\u00f5es permanentes da ALESP pedindo a convoca\u00e7\u00e3o do reitor da USP, Jo\u00e3o Grandino Rodas, para explicar as declara\u00e7\u00f5es dele contra os servidores, a quem ele comparou aos bandidos do crime organizado do Rio de Janeiro. A reitoria, contrariando o direito constitucional de greve, ordenou o corte do ponto de 1000 trabalhadores na tentativa de desestabilizar e esvaziar a paralisa\u00e7\u00e3o, que j\u00e1 dura mais de 40 dias.<\/p>\n<p>Giannazi tamb\u00e9m saiu da audi\u00eancia p\u00fablica com o compromisso de buscar apoio de outros parlamentares da Casa e exigir uma reuni\u00e3o com Grandino Rodas a fim de abrir um canal de negocia\u00e7\u00e3o com os servidores.<\/p>\n","protected":false},"excerpt":{"rendered":"<p>A greve do Judici\u00e1rio e dos funcion\u00e1rios da USP, em S\u00e3o Paulo, j\u00e1 duram mais de 40 dias. Os parlamentares e militantes do PSOL em S\u00e3o Paulo v\u00eam agindo de forma solid\u00e1ria \u00e0s reivindica\u00e7\u00f5es dos trabalhadores, que t\u00eam enfrentado bravamente a intransig\u00eancia do governo estadual. Segundo o deputado federal do PSOL\/SP Ivan Valente, os servidores [&hellip;]<\/p>\n","protected":false},"author":2,"featured_media":0,"comment_status":"open","ping_status":"open","sticky":false,"template":"","format":"standard","meta":{"_acf_changed":false,"footnotes":""},"categories":[4766],"tags":[],"class_list":{"0":"post-752","1":"post","2":"type-post","3":"status-publish","4":"format-standard","6":"category-arquivo"},"acf":[],"yoast_head":"<!-- This site is optimized with the Yoast SEO plugin v26.5 - https:\/\/yoast.com\/wordpress\/plugins\/seo\/ -->\n<title>PSOL luta ao lado dos trabalhadores da USP e do Judici\u00e1rios em S\u00e3o Paulo - PSOL 50<\/title>\n<meta name=\"robots\" content=\"index, follow, max-snippet:-1, max-image-preview:large, max-video-preview:-1\" \/>\n<link rel=\"canonical\" href=\"https:\/\/psol50.org.br\/psol-luta-ao-lado-dos-trabalhadores-da-usp-e-do-judiciarios-em-sao-paulo\/\" \/>\n<meta property=\"og:locale\" content=\"pt_BR\" \/>\n<meta property=\"og:type\" content=\"article\" \/>\n<meta property=\"og:title\" content=\"PSOL luta ao lado dos trabalhadores da USP e do Judici\u00e1rios em S\u00e3o Paulo - PSOL 50\" \/>\n<meta property=\"og:description\" content=\"A greve do Judici\u00e1rio e dos funcion\u00e1rios da USP, em S\u00e3o Paulo, j\u00e1 duram mais de 40 dias. Os parlamentares e militantes do PSOL em S\u00e3o Paulo v\u00eam agindo de forma solid\u00e1ria \u00e0s reivindica\u00e7\u00f5es dos trabalhadores, que t\u00eam enfrentado bravamente a intransig\u00eancia do governo estadual. Segundo o deputado federal do PSOL\/SP Ivan Valente, os servidores [&hellip;]\" \/>\n<meta property=\"og:url\" content=\"https:\/\/psol50.org.br\/psol-luta-ao-lado-dos-trabalhadores-da-usp-e-do-judiciarios-em-sao-paulo\/\" \/>\n<meta property=\"og:site_name\" content=\"PSOL 50\" \/>\n<meta property=\"article:publisher\" content=\"https:\/\/www.facebook.com\/psol50\" \/>\n<meta property=\"article:published_time\" content=\"2010-06-25T00:00:00+00:00\" \/>\n<meta property=\"og:image\" content=\"https:\/\/psol50.org.br\/inc\/uploads\/2018\/07\/capa.png\" \/>\n\t<meta property=\"og:image:width\" content=\"1350\" \/>\n\t<meta property=\"og:image:height\" content=\"900\" \/>\n\t<meta property=\"og:image:type\" content=\"image\/png\" \/>\n<meta name=\"author\" content=\"Comunica\u00e7\u00e3o PSOL\" \/>\n<meta name=\"twitter:card\" content=\"summary_large_image\" \/>\n<meta name=\"twitter:creator\" content=\"@psol50\" \/>\n<meta name=\"twitter:site\" content=\"@psol50\" \/>\n<meta name=\"twitter:label1\" content=\"Escrito por\" \/>\n\t<meta name=\"twitter:data1\" content=\"Comunica\u00e7\u00e3o PSOL\" \/>\n\t<meta name=\"twitter:label2\" content=\"Est. tempo de leitura\" \/>\n\t<meta name=\"twitter:data2\" content=\"6 minutos\" \/>\n<script type=\"application\/ld+json\" class=\"yoast-schema-graph\">{\"@context\":\"https:\/\/schema.org\",\"@graph\":[{\"@type\":\"Article\",\"@id\":\"https:\/\/psol50.org.br\/psol-luta-ao-lado-dos-trabalhadores-da-usp-e-do-judiciarios-em-sao-paulo\/#article\",\"isPartOf\":{\"@id\":\"https:\/\/psol50.org.br\/psol-luta-ao-lado-dos-trabalhadores-da-usp-e-do-judiciarios-em-sao-paulo\/\"},\"author\":{\"name\":\"Comunica\u00e7\u00e3o PSOL\",\"@id\":\"https:\/\/psol50.org.br\/#\/schema\/person\/475dfa57d0b815993c714c2e96491fcd\"},\"headline\":\"PSOL luta ao lado dos trabalhadores da USP e do Judici\u00e1rios em S\u00e3o Paulo\",\"datePublished\":\"2010-06-25T00:00:00+00:00\",\"mainEntityOfPage\":{\"@id\":\"https:\/\/psol50.org.br\/psol-luta-ao-lado-dos-trabalhadores-da-usp-e-do-judiciarios-em-sao-paulo\/\"},\"wordCount\":1198,\"commentCount\":0,\"publisher\":{\"@id\":\"https:\/\/psol50.org.br\/#organization\"},\"articleSection\":[\"Arquivo\"],\"inLanguage\":\"pt-BR\",\"potentialAction\":[{\"@type\":\"CommentAction\",\"name\":\"Comment\",\"target\":[\"https:\/\/psol50.org.br\/psol-luta-ao-lado-dos-trabalhadores-da-usp-e-do-judiciarios-em-sao-paulo\/#respond\"]}]},{\"@type\":\"WebPage\",\"@id\":\"https:\/\/psol50.org.br\/psol-luta-ao-lado-dos-trabalhadores-da-usp-e-do-judiciarios-em-sao-paulo\/\",\"url\":\"https:\/\/psol50.org.br\/psol-luta-ao-lado-dos-trabalhadores-da-usp-e-do-judiciarios-em-sao-paulo\/\",\"name\":\"PSOL luta ao lado dos trabalhadores da USP e do Judici\u00e1rios em S\u00e3o Paulo - PSOL 50\",\"isPartOf\":{\"@id\":\"https:\/\/psol50.org.br\/#website\"},\"datePublished\":\"2010-06-25T00:00:00+00:00\",\"breadcrumb\":{\"@id\":\"https:\/\/psol50.org.br\/psol-luta-ao-lado-dos-trabalhadores-da-usp-e-do-judiciarios-em-sao-paulo\/#breadcrumb\"},\"inLanguage\":\"pt-BR\",\"potentialAction\":[{\"@type\":\"ReadAction\",\"target\":[\"https:\/\/psol50.org.br\/psol-luta-ao-lado-dos-trabalhadores-da-usp-e-do-judiciarios-em-sao-paulo\/\"]}]},{\"@type\":\"BreadcrumbList\",\"@id\":\"https:\/\/psol50.org.br\/psol-luta-ao-lado-dos-trabalhadores-da-usp-e-do-judiciarios-em-sao-paulo\/#breadcrumb\",\"itemListElement\":[{\"@type\":\"ListItem\",\"position\":1,\"name\":\"In\u00edcio\",\"item\":\"https:\/\/psol50.org.br\/\"},{\"@type\":\"ListItem\",\"position\":2,\"name\":\"PSOL luta ao lado dos trabalhadores da USP e do Judici\u00e1rios em S\u00e3o Paulo\"}]},{\"@type\":\"WebSite\",\"@id\":\"https:\/\/psol50.org.br\/#website\",\"url\":\"https:\/\/psol50.org.br\/\",\"name\":\"PSOL 50\",\"description\":\"Site oficial do Partido Socialismo e Liberdade\",\"publisher\":{\"@id\":\"https:\/\/psol50.org.br\/#organization\"},\"alternateName\":\"PSOL50\",\"potentialAction\":[{\"@type\":\"SearchAction\",\"target\":{\"@type\":\"EntryPoint\",\"urlTemplate\":\"https:\/\/psol50.org.br\/?s={search_term_string}\"},\"query-input\":{\"@type\":\"PropertyValueSpecification\",\"valueRequired\":true,\"valueName\":\"search_term_string\"}}],\"inLanguage\":\"pt-BR\"},{\"@type\":\"Organization\",\"@id\":\"https:\/\/psol50.org.br\/#organization\",\"name\":\"PSOL 50\",\"alternateName\":\"PSOL 50\",\"url\":\"https:\/\/psol50.org.br\/\",\"logo\":{\"@type\":\"ImageObject\",\"inLanguage\":\"pt-BR\",\"@id\":\"https:\/\/psol50.org.br\/#\/schema\/logo\/image\/\",\"url\":\"https:\/\/psol50.org.br\/inc\/uploads\/2018\/07\/capa.png\",\"contentUrl\":\"https:\/\/psol50.org.br\/inc\/uploads\/2018\/07\/capa.png\",\"width\":1350,\"height\":900,\"caption\":\"PSOL 50\"},\"image\":{\"@id\":\"https:\/\/psol50.org.br\/#\/schema\/logo\/image\/\"},\"sameAs\":[\"https:\/\/www.facebook.com\/psol50\",\"https:\/\/x.com\/psol50\",\"https:\/\/www.instagram.com\/psol50\/\",\"https:\/\/www.youtube.com\/channel\/UC7SnJS5o1os7a6CaiNabzcg\"]},{\"@type\":\"Person\",\"@id\":\"https:\/\/psol50.org.br\/#\/schema\/person\/475dfa57d0b815993c714c2e96491fcd\",\"name\":\"Comunica\u00e7\u00e3o PSOL\",\"image\":{\"@type\":\"ImageObject\",\"inLanguage\":\"pt-BR\",\"@id\":\"https:\/\/psol50.org.br\/#\/schema\/person\/image\/\",\"url\":\"https:\/\/secure.gravatar.com\/avatar\/b34fc4f4e468a4e51785917065a3db57b841f5c95dba6ad8c73aaf8f66f8f9bf?s=96&d=mm&r=g\",\"contentUrl\":\"https:\/\/secure.gravatar.com\/avatar\/b34fc4f4e468a4e51785917065a3db57b841f5c95dba6ad8c73aaf8f66f8f9bf?s=96&d=mm&r=g\",\"caption\":\"Comunica\u00e7\u00e3o PSOL\"}}]}<\/script>\n<!-- \/ Yoast SEO plugin. -->","yoast_head_json":{"title":"PSOL luta ao lado dos trabalhadores da USP e do Judici\u00e1rios em S\u00e3o Paulo - PSOL 50","robots":{"index":"index","follow":"follow","max-snippet":"max-snippet:-1","max-image-preview":"max-image-preview:large","max-video-preview":"max-video-preview:-1"},"canonical":"https:\/\/psol50.org.br\/psol-luta-ao-lado-dos-trabalhadores-da-usp-e-do-judiciarios-em-sao-paulo\/","og_locale":"pt_BR","og_type":"article","og_title":"PSOL luta ao lado dos trabalhadores da USP e do Judici\u00e1rios em S\u00e3o Paulo - PSOL 50","og_description":"A greve do Judici\u00e1rio e dos funcion\u00e1rios da USP, em S\u00e3o Paulo, j\u00e1 duram mais de 40 dias. Os parlamentares e militantes do PSOL em S\u00e3o Paulo v\u00eam agindo de forma solid\u00e1ria \u00e0s reivindica\u00e7\u00f5es dos trabalhadores, que t\u00eam enfrentado bravamente a intransig\u00eancia do governo estadual. Segundo o deputado federal do PSOL\/SP Ivan Valente, os servidores [&hellip;]","og_url":"https:\/\/psol50.org.br\/psol-luta-ao-lado-dos-trabalhadores-da-usp-e-do-judiciarios-em-sao-paulo\/","og_site_name":"PSOL 50","article_publisher":"https:\/\/www.facebook.com\/psol50","article_published_time":"2010-06-25T00:00:00+00:00","og_image":[{"width":1350,"height":900,"url":"https:\/\/psol50.org.br\/inc\/uploads\/2018\/07\/capa.png","type":"image\/png"}],"author":"Comunica\u00e7\u00e3o PSOL","twitter_card":"summary_large_image","twitter_creator":"@psol50","twitter_site":"@psol50","twitter_misc":{"Escrito por":"Comunica\u00e7\u00e3o PSOL","Est. tempo de leitura":"6 minutos"},"schema":{"@context":"https:\/\/schema.org","@graph":[{"@type":"Article","@id":"https:\/\/psol50.org.br\/psol-luta-ao-lado-dos-trabalhadores-da-usp-e-do-judiciarios-em-sao-paulo\/#article","isPartOf":{"@id":"https:\/\/psol50.org.br\/psol-luta-ao-lado-dos-trabalhadores-da-usp-e-do-judiciarios-em-sao-paulo\/"},"author":{"name":"Comunica\u00e7\u00e3o PSOL","@id":"https:\/\/psol50.org.br\/#\/schema\/person\/475dfa57d0b815993c714c2e96491fcd"},"headline":"PSOL luta ao lado dos trabalhadores da USP e do Judici\u00e1rios em S\u00e3o Paulo","datePublished":"2010-06-25T00:00:00+00:00","mainEntityOfPage":{"@id":"https:\/\/psol50.org.br\/psol-luta-ao-lado-dos-trabalhadores-da-usp-e-do-judiciarios-em-sao-paulo\/"},"wordCount":1198,"commentCount":0,"publisher":{"@id":"https:\/\/psol50.org.br\/#organization"},"articleSection":["Arquivo"],"inLanguage":"pt-BR","potentialAction":[{"@type":"CommentAction","name":"Comment","target":["https:\/\/psol50.org.br\/psol-luta-ao-lado-dos-trabalhadores-da-usp-e-do-judiciarios-em-sao-paulo\/#respond"]}]},{"@type":"WebPage","@id":"https:\/\/psol50.org.br\/psol-luta-ao-lado-dos-trabalhadores-da-usp-e-do-judiciarios-em-sao-paulo\/","url":"https:\/\/psol50.org.br\/psol-luta-ao-lado-dos-trabalhadores-da-usp-e-do-judiciarios-em-sao-paulo\/","name":"PSOL luta ao lado dos trabalhadores da USP e do Judici\u00e1rios em S\u00e3o Paulo - PSOL 50","isPartOf":{"@id":"https:\/\/psol50.org.br\/#website"},"datePublished":"2010-06-25T00:00:00+00:00","breadcrumb":{"@id":"https:\/\/psol50.org.br\/psol-luta-ao-lado-dos-trabalhadores-da-usp-e-do-judiciarios-em-sao-paulo\/#breadcrumb"},"inLanguage":"pt-BR","potentialAction":[{"@type":"ReadAction","target":["https:\/\/psol50.org.br\/psol-luta-ao-lado-dos-trabalhadores-da-usp-e-do-judiciarios-em-sao-paulo\/"]}]},{"@type":"BreadcrumbList","@id":"https:\/\/psol50.org.br\/psol-luta-ao-lado-dos-trabalhadores-da-usp-e-do-judiciarios-em-sao-paulo\/#breadcrumb","itemListElement":[{"@type":"ListItem","position":1,"name":"In\u00edcio","item":"https:\/\/psol50.org.br\/"},{"@type":"ListItem","position":2,"name":"PSOL luta ao lado dos trabalhadores da USP e do Judici\u00e1rios em S\u00e3o Paulo"}]},{"@type":"WebSite","@id":"https:\/\/psol50.org.br\/#website","url":"https:\/\/psol50.org.br\/","name":"PSOL 50","description":"Site oficial do Partido Socialismo e Liberdade","publisher":{"@id":"https:\/\/psol50.org.br\/#organization"},"alternateName":"PSOL50","potentialAction":[{"@type":"SearchAction","target":{"@type":"EntryPoint","urlTemplate":"https:\/\/psol50.org.br\/?s={search_term_string}"},"query-input":{"@type":"PropertyValueSpecification","valueRequired":true,"valueName":"search_term_string"}}],"inLanguage":"pt-BR"},{"@type":"Organization","@id":"https:\/\/psol50.org.br\/#organization","name":"PSOL 50","alternateName":"PSOL 50","url":"https:\/\/psol50.org.br\/","logo":{"@type":"ImageObject","inLanguage":"pt-BR","@id":"https:\/\/psol50.org.br\/#\/schema\/logo\/image\/","url":"https:\/\/psol50.org.br\/inc\/uploads\/2018\/07\/capa.png","contentUrl":"https:\/\/psol50.org.br\/inc\/uploads\/2018\/07\/capa.png","width":1350,"height":900,"caption":"PSOL 50"},"image":{"@id":"https:\/\/psol50.org.br\/#\/schema\/logo\/image\/"},"sameAs":["https:\/\/www.facebook.com\/psol50","https:\/\/x.com\/psol50","https:\/\/www.instagram.com\/psol50\/","https:\/\/www.youtube.com\/channel\/UC7SnJS5o1os7a6CaiNabzcg"]},{"@type":"Person","@id":"https:\/\/psol50.org.br\/#\/schema\/person\/475dfa57d0b815993c714c2e96491fcd","name":"Comunica\u00e7\u00e3o PSOL","image":{"@type":"ImageObject","inLanguage":"pt-BR","@id":"https:\/\/psol50.org.br\/#\/schema\/person\/image\/","url":"https:\/\/secure.gravatar.com\/avatar\/b34fc4f4e468a4e51785917065a3db57b841f5c95dba6ad8c73aaf8f66f8f9bf?s=96&d=mm&r=g","contentUrl":"https:\/\/secure.gravatar.com\/avatar\/b34fc4f4e468a4e51785917065a3db57b841f5c95dba6ad8c73aaf8f66f8f9bf?s=96&d=mm&r=g","caption":"Comunica\u00e7\u00e3o PSOL"}}]}},"_links":{"self":[{"href":"https:\/\/psol50.org.br\/rest\/wp\/v2\/posts\/752","targetHints":{"allow":["GET"]}}],"collection":[{"href":"https:\/\/psol50.org.br\/rest\/wp\/v2\/posts"}],"about":[{"href":"https:\/\/psol50.org.br\/rest\/wp\/v2\/types\/post"}],"author":[{"embeddable":true,"href":"https:\/\/psol50.org.br\/rest\/wp\/v2\/users\/2"}],"replies":[{"embeddable":true,"href":"https:\/\/psol50.org.br\/rest\/wp\/v2\/comments?post=752"}],"version-history":[{"count":0,"href":"https:\/\/psol50.org.br\/rest\/wp\/v2\/posts\/752\/revisions"}],"wp:attachment":[{"href":"https:\/\/psol50.org.br\/rest\/wp\/v2\/media?parent=752"}],"wp:term":[{"taxonomy":"category","embeddable":true,"href":"https:\/\/psol50.org.br\/rest\/wp\/v2\/categories?post=752"},{"taxonomy":"post_tag","embeddable":true,"href":"https:\/\/psol50.org.br\/rest\/wp\/v2\/tags?post=752"}],"curies":[{"name":"wp","href":"https:\/\/api.w.org\/{rel}","templated":true}]}}