{"id":7525,"date":"2011-02-02T00:00:00","date_gmt":"2011-02-02T00:00:00","guid":{"rendered":"http:\/\/psol50.org.br\/arquivo\/2011\/02\/02\/chico-recebe-16-votos-a-presidente-da-camara\/"},"modified":"2011-02-02T00:00:00","modified_gmt":"2011-02-02T00:00:00","slug":"chico-recebe-16-votos-a-presidente-da-camara","status":"publish","type":"post","link":"https:\/\/psol50.org.br\/chico-recebe-16-votos-a-presidente-da-camara\/","title":{"rendered":"Chico recebe 16 votos a Presidente da C\u00e2mara"},"content":{"rendered":"<p><em><a rel=\"attachment wp-att-6512\" href=\"http:\/\/psol50.org.br\/blog\/2011\/02\/02\/chico-recebe-16-votos-a-presidente-da-camara\/chicao-2\/\"><img loading=\"lazy\" decoding=\"async\" class=\"alignleft size-medium wp-image-6512\" style=\"margin-left: 5px;margin-right: 5px\" src=\"http:\/\/psol50.org.br\/files\/2011\/02\/chic\u00e3o-300x221.jpg\" alt=\"\" width=\"300\" height=\"221\" \/><\/a>foto: Laycer Tomaz<\/em><\/p>\n<p>Nesta ter\u00e7a-feira (1\/2), o PSOL lan\u00e7ou a candidatura independente de Chico \u00e0 Presid\u00eancia da C\u00e2mara, nos \u00faltimos momentos antes da elei\u00e7\u00e3o. A elei\u00e7\u00e3o de Marco Maia (PT-RS) era certa, mas Chico alcan\u00e7ou surpreendentes 16 votos, na contram\u00e3o de todos os acordos (21 dos 22 partidos haviam apoiado Maia. Apenas o PSOL mantivera independ\u00eancia). Considerando que o objetivo da candidatura era colocar em debate o projeto do PSOL, de criar independ\u00eancia entre Legislativo e Executivo, e construir uma ponte entre Parlamento e Sociedade, o resultado foi uma vit\u00f3ria. O belo discurso de Chico ao apresentar sua candidatura ficar\u00e1 gravado na mem\u00f3ria da C\u00e2mara dos Deputados. Abaixo, uma s\u00edntese do que prop\u00f5e o PSOL para o presidente eleito da casa. Seguiremos, a partir de hoje, cobrando cada um desses dez pontos.<\/p>\n<p>POR UM LEGISLATIVO INDEPENDENTE, PROTAGONISTA, AUSTERO E TRANSPARENTE<\/p>\n<p>Propostas para a elei\u00e7\u00e3o da Mesa Diretora da C\u00e2mara dos Deputados<\/p>\n<p>Nas tratativas para a elei\u00e7\u00e3o da Mesa Diretora da C\u00e2mara dos Deputados tem faltado o principal: a discuss\u00e3o de propostas para a nova gest\u00e3o do Legislativo Federal. Isso s\u00f3 aprofunda a crise de legitimidade, que afasta o Parlamento e os partidos da sociedade.<\/p>\n<p>Para estimular um debate program\u00e1tico, o PSOL apresenta alguns pontos que considera relevantes para a futura gest\u00e3o da C\u00e2mara dos Deputados (2011\/2012):<\/p>\n<p>1. Recupera\u00e7\u00e3o do protagonismo do Legislativo, com agenda que contemple mais Projetos de Lei e Propostas de Emendas Constitucionais de interesse popular elaborados pelos\/as parlamentares, e ado\u00e7\u00e3o do Or\u00e7amento Impositivo.<\/p>\n<p>2. Estabelecimento, para o 1\u00ba semestre de 2011 , de uma alentada pauta para vota\u00e7\u00e3o de projetos emergenciais, notadamente a Reforma Pol\u00edtica; vota\u00e7\u00e3o final de Propostas de Emendas Constitucionais como a que extingue o voto secreto no Parlamento, a que estabelece puni\u00e7\u00f5es mais rigorosas para os que exploram o trabalho escravo,\u00a0 a que extingue o nepotismo na Administra\u00e7\u00e3o P\u00fablica e a que reduz a jornada m\u00e1xima de trabalho para quarenta horas semanais; aprecia\u00e7\u00e3o de Projetos de Lei j\u00e1 votados no Senado,\u00a0 a derrubada do veto do projeto\u00a0 de extin\u00e7\u00e3o do fator previdenci\u00e1rio, com o reajuste das aposentadorias e reposi\u00e7\u00e3o de perdas salariais e a aprova\u00e7\u00e3o de diretrizes para a valoriza\u00e7\u00e3o do sal\u00e1rio m\u00ednimo; cumprimento de imperativos constitucionais, como a auditoria da d\u00edvida (art. 26 das Disposi\u00e7\u00f5es Transit\u00f3rias); e a elabora\u00e7\u00e3o do Plano Nacional de Educa\u00e7\u00e3o com previs\u00f5es de recursos suficientes para cumprir as metas estabelecidas.<\/p>\n<p>3. Rela\u00e7\u00e3o altiva com o Executivo, exigindo respeito aos crit\u00e9rios de real urg\u00eancia e relev\u00e2ncia na edi\u00e7\u00e3o de Medidas Provis\u00f3rias.<\/p>\n<p>4. Garantia do direito das minorias, sem tratamento diferenciado entre parlamentares e bancadas, e com criteriosa e proporcional distribui\u00e7\u00e3o de cargos de confian\u00e7a de natureza especial \u00e0s Lideran\u00e7as Partid\u00e1rias, coibindo os abusos &#8211; como o de partidos usufruindo mais cargos que o estipulado.<\/p>\n<p>5. Rigoroso respeito \u00e0s defini\u00e7\u00f5es regimentais na tramita\u00e7\u00e3o legislativa, sem atropelo de prazos e procedimentos.<\/p>\n<p>6. Fixa\u00e7\u00e3o de crit\u00e9rio democr\u00e1tico e proporcional na escolha de relatores de mat\u00e9rias deliberadas em Plen\u00e1rio, notadamente para as Medidas Provis\u00f3rias, assim evitando que elas sejam invariavelmente relatadas por parlamentares da base de sustenta\u00e7\u00e3o do Governo.<\/p>\n<p>7. Radicaliza\u00e7\u00e3o das iniciativas de transpar\u00eancia e controle externo do Legislativo, tais como:<br \/>\n\u2022 Fixa\u00e7\u00e3o de crit\u00e9rio definitivo para remunera\u00e7\u00e3o dos parlamentares e da alta hierarquia dos outros Poderes, sintonizado com a realidade salarial da maioria da popula\u00e7\u00e3o e precedido de amplo debate, inclusive com audi\u00eancias p\u00fablicas.<br \/>\n\u2022 Publica\u00e7\u00e3o peri\u00f3dica de todos os gastos, em todos os setores, na P\u00e1gina da C\u00e2mara, inclusive das presta\u00e7\u00f5es de contas da verba indenizat\u00f3ria, com as respectivas documenta\u00e7\u00f5es e notas comprobat\u00f3rias.<br \/>\n\u2022 Sinal de canal aberto para a TV C\u00e2mara.<br \/>\n\u2022 Facilita\u00e7\u00e3o do acesso popular \u00e0s sess\u00f5es das comiss\u00f5es e plen\u00e1rias.<br \/>\n\u2022 Redistribui\u00e7\u00e3o mais funcional dos espa\u00e7os da Casa, coibindo sua \u201cprivatiza\u00e7\u00e3o\u201d e apropria\u00e7\u00e3o indevida (como por dire\u00e7\u00f5es de partidos) e redividindo os apartamentos funcionais, ampliando assim suas unidades e extinguindo, por consequ\u00eancia, o aux\u00edlio-moradia.<br \/>\n\u2022 Atualiza\u00e7\u00e3o do Regimento Interno da Casa estabelecendo a impropriedade da posse de suplentes por apenas um m\u00eas, no recesso parlamentar.<\/p>\n<p>8. Rigoroso zelo pela moralidade parlamentar, com fortalecimento da Corregedoria, Ouvidoria e Conselho de \u00c9tica para apurar, com efic\u00e1cia, todas as den\u00fancias, julgando com celeridade os desvios de conduta comprovados.<\/p>\n<p>9. Criteriosa escolha de empresas prestadoras dos servi\u00e7os para os restaurantes e outras atividades da C\u00e2mara, atrav\u00e9s de licita\u00e7\u00e3o que permita a necess\u00e1ria melhora na qualidade dos servi\u00e7os prestados, al\u00e9m de espa\u00e7os mais adequados e respeito aos direitos trabalhistas dos funcion\u00e1rios terceirizados.<\/p>\n<p>10. Integra\u00e7\u00e3o da Comiss\u00e3o Permanente de Legisla\u00e7\u00e3o Participativa ao processo de emendas ao or\u00e7amento da Uni\u00e3o.<\/p>\n<p>Estes s\u00e3o os pontos que julgamos mais importantes para o debate no processo sucess\u00f3rio da Presid\u00eancia e demais cargos da Mesa Diretora da C\u00e2mara.<\/p>\n<p><em><strong>Fonte: site do deputado Chico Alencar<\/strong><\/em><\/p>\n","protected":false},"excerpt":{"rendered":"<p>foto: Laycer Tomaz Nesta ter\u00e7a-feira (1\/2), o PSOL lan\u00e7ou a candidatura independente de Chico \u00e0 Presid\u00eancia da C\u00e2mara, nos \u00faltimos momentos antes da elei\u00e7\u00e3o. A elei\u00e7\u00e3o de Marco Maia (PT-RS) era certa, mas Chico alcan\u00e7ou surpreendentes 16 votos, na contram\u00e3o de todos os acordos (21 dos 22 partidos haviam apoiado Maia. Apenas o PSOL mantivera [&hellip;]<\/p>\n","protected":false},"author":2,"featured_media":0,"comment_status":"open","ping_status":"open","sticky":false,"template":"","format":"standard","meta":{"_acf_changed":false,"footnotes":""},"categories":[10,4766],"tags":[],"class_list":{"0":"post-7525","1":"post","2":"type-post","3":"status-publish","4":"format-standard","6":"category-acao-parlamentares","7":"category-arquivo"},"acf":[],"yoast_head":"<!-- This site is optimized with the Yoast SEO plugin v26.5 - https:\/\/yoast.com\/wordpress\/plugins\/seo\/ -->\n<title>Chico recebe 16 votos a Presidente da C\u00e2mara - PSOL 50<\/title>\n<meta name=\"robots\" content=\"index, follow, max-snippet:-1, max-image-preview:large, max-video-preview:-1\" \/>\n<link rel=\"canonical\" href=\"https:\/\/psol50.org.br\/chico-recebe-16-votos-a-presidente-da-camara\/\" \/>\n<meta property=\"og:locale\" content=\"pt_BR\" \/>\n<meta property=\"og:type\" content=\"article\" \/>\n<meta property=\"og:title\" content=\"Chico recebe 16 votos a Presidente da C\u00e2mara - PSOL 50\" \/>\n<meta property=\"og:description\" content=\"foto: Laycer Tomaz Nesta ter\u00e7a-feira (1\/2), o PSOL lan\u00e7ou a candidatura independente de Chico \u00e0 Presid\u00eancia da C\u00e2mara, nos \u00faltimos momentos antes da elei\u00e7\u00e3o. A elei\u00e7\u00e3o de Marco Maia (PT-RS) era certa, mas Chico alcan\u00e7ou surpreendentes 16 votos, na contram\u00e3o de todos os acordos (21 dos 22 partidos haviam apoiado Maia. Apenas o PSOL mantivera [&hellip;]\" \/>\n<meta property=\"og:url\" content=\"https:\/\/psol50.org.br\/chico-recebe-16-votos-a-presidente-da-camara\/\" \/>\n<meta property=\"og:site_name\" content=\"PSOL 50\" \/>\n<meta property=\"article:publisher\" content=\"https:\/\/www.facebook.com\/psol50\" \/>\n<meta property=\"article:published_time\" content=\"2011-02-02T00:00:00+00:00\" \/>\n<meta property=\"og:image\" content=\"http:\/\/psol50.org.br\/files\/2011\/02\/chic\u00e3o-300x221.jpg\" \/>\n<meta name=\"author\" content=\"Comunica\u00e7\u00e3o PSOL\" \/>\n<meta name=\"twitter:card\" content=\"summary_large_image\" \/>\n<meta name=\"twitter:creator\" content=\"@psol50\" \/>\n<meta name=\"twitter:site\" content=\"@psol50\" \/>\n<meta name=\"twitter:label1\" content=\"Escrito por\" \/>\n\t<meta name=\"twitter:data1\" content=\"Comunica\u00e7\u00e3o PSOL\" \/>\n\t<meta name=\"twitter:label2\" content=\"Est. tempo de leitura\" \/>\n\t<meta name=\"twitter:data2\" content=\"4 minutos\" \/>\n<script type=\"application\/ld+json\" class=\"yoast-schema-graph\">{\"@context\":\"https:\/\/schema.org\",\"@graph\":[{\"@type\":\"Article\",\"@id\":\"https:\/\/psol50.org.br\/chico-recebe-16-votos-a-presidente-da-camara\/#article\",\"isPartOf\":{\"@id\":\"https:\/\/psol50.org.br\/chico-recebe-16-votos-a-presidente-da-camara\/\"},\"author\":{\"name\":\"Comunica\u00e7\u00e3o PSOL\",\"@id\":\"https:\/\/psol50.org.br\/#\/schema\/person\/475dfa57d0b815993c714c2e96491fcd\"},\"headline\":\"Chico recebe 16 votos a Presidente da C\u00e2mara\",\"datePublished\":\"2011-02-02T00:00:00+00:00\",\"mainEntityOfPage\":{\"@id\":\"https:\/\/psol50.org.br\/chico-recebe-16-votos-a-presidente-da-camara\/\"},\"wordCount\":875,\"commentCount\":0,\"publisher\":{\"@id\":\"https:\/\/psol50.org.br\/#organization\"},\"articleSection\":[\"A\u00e7\u00e3o Parlamentar\",\"Arquivo\"],\"inLanguage\":\"pt-BR\",\"potentialAction\":[{\"@type\":\"CommentAction\",\"name\":\"Comment\",\"target\":[\"https:\/\/psol50.org.br\/chico-recebe-16-votos-a-presidente-da-camara\/#respond\"]}]},{\"@type\":\"WebPage\",\"@id\":\"https:\/\/psol50.org.br\/chico-recebe-16-votos-a-presidente-da-camara\/\",\"url\":\"https:\/\/psol50.org.br\/chico-recebe-16-votos-a-presidente-da-camara\/\",\"name\":\"Chico recebe 16 votos a Presidente da C\u00e2mara - PSOL 50\",\"isPartOf\":{\"@id\":\"https:\/\/psol50.org.br\/#website\"},\"datePublished\":\"2011-02-02T00:00:00+00:00\",\"breadcrumb\":{\"@id\":\"https:\/\/psol50.org.br\/chico-recebe-16-votos-a-presidente-da-camara\/#breadcrumb\"},\"inLanguage\":\"pt-BR\",\"potentialAction\":[{\"@type\":\"ReadAction\",\"target\":[\"https:\/\/psol50.org.br\/chico-recebe-16-votos-a-presidente-da-camara\/\"]}]},{\"@type\":\"BreadcrumbList\",\"@id\":\"https:\/\/psol50.org.br\/chico-recebe-16-votos-a-presidente-da-camara\/#breadcrumb\",\"itemListElement\":[{\"@type\":\"ListItem\",\"position\":1,\"name\":\"In\u00edcio\",\"item\":\"https:\/\/psol50.org.br\/\"},{\"@type\":\"ListItem\",\"position\":2,\"name\":\"Chico recebe 16 votos a Presidente da C\u00e2mara\"}]},{\"@type\":\"WebSite\",\"@id\":\"https:\/\/psol50.org.br\/#website\",\"url\":\"https:\/\/psol50.org.br\/\",\"name\":\"PSOL 50\",\"description\":\"Site oficial do Partido Socialismo e Liberdade\",\"publisher\":{\"@id\":\"https:\/\/psol50.org.br\/#organization\"},\"alternateName\":\"PSOL50\",\"potentialAction\":[{\"@type\":\"SearchAction\",\"target\":{\"@type\":\"EntryPoint\",\"urlTemplate\":\"https:\/\/psol50.org.br\/?s={search_term_string}\"},\"query-input\":{\"@type\":\"PropertyValueSpecification\",\"valueRequired\":true,\"valueName\":\"search_term_string\"}}],\"inLanguage\":\"pt-BR\"},{\"@type\":\"Organization\",\"@id\":\"https:\/\/psol50.org.br\/#organization\",\"name\":\"PSOL 50\",\"alternateName\":\"PSOL 50\",\"url\":\"https:\/\/psol50.org.br\/\",\"logo\":{\"@type\":\"ImageObject\",\"inLanguage\":\"pt-BR\",\"@id\":\"https:\/\/psol50.org.br\/#\/schema\/logo\/image\/\",\"url\":\"https:\/\/psol50.org.br\/inc\/uploads\/2018\/07\/capa.png\",\"contentUrl\":\"https:\/\/psol50.org.br\/inc\/uploads\/2018\/07\/capa.png\",\"width\":1350,\"height\":900,\"caption\":\"PSOL 50\"},\"image\":{\"@id\":\"https:\/\/psol50.org.br\/#\/schema\/logo\/image\/\"},\"sameAs\":[\"https:\/\/www.facebook.com\/psol50\",\"https:\/\/x.com\/psol50\",\"https:\/\/www.instagram.com\/psol50\/\",\"https:\/\/www.youtube.com\/channel\/UC7SnJS5o1os7a6CaiNabzcg\"]},{\"@type\":\"Person\",\"@id\":\"https:\/\/psol50.org.br\/#\/schema\/person\/475dfa57d0b815993c714c2e96491fcd\",\"name\":\"Comunica\u00e7\u00e3o PSOL\",\"image\":{\"@type\":\"ImageObject\",\"inLanguage\":\"pt-BR\",\"@id\":\"https:\/\/psol50.org.br\/#\/schema\/person\/image\/\",\"url\":\"https:\/\/secure.gravatar.com\/avatar\/b34fc4f4e468a4e51785917065a3db57b841f5c95dba6ad8c73aaf8f66f8f9bf?s=96&d=mm&r=g\",\"contentUrl\":\"https:\/\/secure.gravatar.com\/avatar\/b34fc4f4e468a4e51785917065a3db57b841f5c95dba6ad8c73aaf8f66f8f9bf?s=96&d=mm&r=g\",\"caption\":\"Comunica\u00e7\u00e3o PSOL\"}}]}<\/script>\n<!-- \/ Yoast SEO plugin. -->","yoast_head_json":{"title":"Chico recebe 16 votos a Presidente da C\u00e2mara - PSOL 50","robots":{"index":"index","follow":"follow","max-snippet":"max-snippet:-1","max-image-preview":"max-image-preview:large","max-video-preview":"max-video-preview:-1"},"canonical":"https:\/\/psol50.org.br\/chico-recebe-16-votos-a-presidente-da-camara\/","og_locale":"pt_BR","og_type":"article","og_title":"Chico recebe 16 votos a Presidente da C\u00e2mara - PSOL 50","og_description":"foto: Laycer Tomaz Nesta ter\u00e7a-feira (1\/2), o PSOL lan\u00e7ou a candidatura independente de Chico \u00e0 Presid\u00eancia da C\u00e2mara, nos \u00faltimos momentos antes da elei\u00e7\u00e3o. A elei\u00e7\u00e3o de Marco Maia (PT-RS) era certa, mas Chico alcan\u00e7ou surpreendentes 16 votos, na contram\u00e3o de todos os acordos (21 dos 22 partidos haviam apoiado Maia. Apenas o PSOL mantivera [&hellip;]","og_url":"https:\/\/psol50.org.br\/chico-recebe-16-votos-a-presidente-da-camara\/","og_site_name":"PSOL 50","article_publisher":"https:\/\/www.facebook.com\/psol50","article_published_time":"2011-02-02T00:00:00+00:00","og_image":[{"url":"http:\/\/psol50.org.br\/files\/2011\/02\/chic\u00e3o-300x221.jpg","type":"","width":"","height":""}],"author":"Comunica\u00e7\u00e3o PSOL","twitter_card":"summary_large_image","twitter_creator":"@psol50","twitter_site":"@psol50","twitter_misc":{"Escrito por":"Comunica\u00e7\u00e3o PSOL","Est. tempo de leitura":"4 minutos"},"schema":{"@context":"https:\/\/schema.org","@graph":[{"@type":"Article","@id":"https:\/\/psol50.org.br\/chico-recebe-16-votos-a-presidente-da-camara\/#article","isPartOf":{"@id":"https:\/\/psol50.org.br\/chico-recebe-16-votos-a-presidente-da-camara\/"},"author":{"name":"Comunica\u00e7\u00e3o PSOL","@id":"https:\/\/psol50.org.br\/#\/schema\/person\/475dfa57d0b815993c714c2e96491fcd"},"headline":"Chico recebe 16 votos a Presidente da C\u00e2mara","datePublished":"2011-02-02T00:00:00+00:00","mainEntityOfPage":{"@id":"https:\/\/psol50.org.br\/chico-recebe-16-votos-a-presidente-da-camara\/"},"wordCount":875,"commentCount":0,"publisher":{"@id":"https:\/\/psol50.org.br\/#organization"},"articleSection":["A\u00e7\u00e3o Parlamentar","Arquivo"],"inLanguage":"pt-BR","potentialAction":[{"@type":"CommentAction","name":"Comment","target":["https:\/\/psol50.org.br\/chico-recebe-16-votos-a-presidente-da-camara\/#respond"]}]},{"@type":"WebPage","@id":"https:\/\/psol50.org.br\/chico-recebe-16-votos-a-presidente-da-camara\/","url":"https:\/\/psol50.org.br\/chico-recebe-16-votos-a-presidente-da-camara\/","name":"Chico recebe 16 votos a Presidente da C\u00e2mara - PSOL 50","isPartOf":{"@id":"https:\/\/psol50.org.br\/#website"},"datePublished":"2011-02-02T00:00:00+00:00","breadcrumb":{"@id":"https:\/\/psol50.org.br\/chico-recebe-16-votos-a-presidente-da-camara\/#breadcrumb"},"inLanguage":"pt-BR","potentialAction":[{"@type":"ReadAction","target":["https:\/\/psol50.org.br\/chico-recebe-16-votos-a-presidente-da-camara\/"]}]},{"@type":"BreadcrumbList","@id":"https:\/\/psol50.org.br\/chico-recebe-16-votos-a-presidente-da-camara\/#breadcrumb","itemListElement":[{"@type":"ListItem","position":1,"name":"In\u00edcio","item":"https:\/\/psol50.org.br\/"},{"@type":"ListItem","position":2,"name":"Chico recebe 16 votos a Presidente da C\u00e2mara"}]},{"@type":"WebSite","@id":"https:\/\/psol50.org.br\/#website","url":"https:\/\/psol50.org.br\/","name":"PSOL 50","description":"Site oficial do Partido Socialismo e Liberdade","publisher":{"@id":"https:\/\/psol50.org.br\/#organization"},"alternateName":"PSOL50","potentialAction":[{"@type":"SearchAction","target":{"@type":"EntryPoint","urlTemplate":"https:\/\/psol50.org.br\/?s={search_term_string}"},"query-input":{"@type":"PropertyValueSpecification","valueRequired":true,"valueName":"search_term_string"}}],"inLanguage":"pt-BR"},{"@type":"Organization","@id":"https:\/\/psol50.org.br\/#organization","name":"PSOL 50","alternateName":"PSOL 50","url":"https:\/\/psol50.org.br\/","logo":{"@type":"ImageObject","inLanguage":"pt-BR","@id":"https:\/\/psol50.org.br\/#\/schema\/logo\/image\/","url":"https:\/\/psol50.org.br\/inc\/uploads\/2018\/07\/capa.png","contentUrl":"https:\/\/psol50.org.br\/inc\/uploads\/2018\/07\/capa.png","width":1350,"height":900,"caption":"PSOL 50"},"image":{"@id":"https:\/\/psol50.org.br\/#\/schema\/logo\/image\/"},"sameAs":["https:\/\/www.facebook.com\/psol50","https:\/\/x.com\/psol50","https:\/\/www.instagram.com\/psol50\/","https:\/\/www.youtube.com\/channel\/UC7SnJS5o1os7a6CaiNabzcg"]},{"@type":"Person","@id":"https:\/\/psol50.org.br\/#\/schema\/person\/475dfa57d0b815993c714c2e96491fcd","name":"Comunica\u00e7\u00e3o PSOL","image":{"@type":"ImageObject","inLanguage":"pt-BR","@id":"https:\/\/psol50.org.br\/#\/schema\/person\/image\/","url":"https:\/\/secure.gravatar.com\/avatar\/b34fc4f4e468a4e51785917065a3db57b841f5c95dba6ad8c73aaf8f66f8f9bf?s=96&d=mm&r=g","contentUrl":"https:\/\/secure.gravatar.com\/avatar\/b34fc4f4e468a4e51785917065a3db57b841f5c95dba6ad8c73aaf8f66f8f9bf?s=96&d=mm&r=g","caption":"Comunica\u00e7\u00e3o PSOL"}}]}},"_links":{"self":[{"href":"https:\/\/psol50.org.br\/rest\/wp\/v2\/posts\/7525","targetHints":{"allow":["GET"]}}],"collection":[{"href":"https:\/\/psol50.org.br\/rest\/wp\/v2\/posts"}],"about":[{"href":"https:\/\/psol50.org.br\/rest\/wp\/v2\/types\/post"}],"author":[{"embeddable":true,"href":"https:\/\/psol50.org.br\/rest\/wp\/v2\/users\/2"}],"replies":[{"embeddable":true,"href":"https:\/\/psol50.org.br\/rest\/wp\/v2\/comments?post=7525"}],"version-history":[{"count":0,"href":"https:\/\/psol50.org.br\/rest\/wp\/v2\/posts\/7525\/revisions"}],"wp:attachment":[{"href":"https:\/\/psol50.org.br\/rest\/wp\/v2\/media?parent=7525"}],"wp:term":[{"taxonomy":"category","embeddable":true,"href":"https:\/\/psol50.org.br\/rest\/wp\/v2\/categories?post=7525"},{"taxonomy":"post_tag","embeddable":true,"href":"https:\/\/psol50.org.br\/rest\/wp\/v2\/tags?post=7525"}],"curies":[{"name":"wp","href":"https:\/\/api.w.org\/{rel}","templated":true}]}}