{"id":7526,"date":"2011-02-03T00:00:00","date_gmt":"2011-02-03T00:00:00","guid":{"rendered":"http:\/\/psol50.org.br\/arquivo\/2011\/02\/03\/leia-e-assista-ao-discurso-de-chico-alencar-na-disputa-pela-presidencia-da-camara\/"},"modified":"2011-02-03T00:00:00","modified_gmt":"2011-02-03T00:00:00","slug":"leia-e-assista-ao-discurso-de-chico-alencar-na-disputa-pela-presidencia-da-camara","status":"publish","type":"post","link":"https:\/\/psol50.org.br\/leia-e-assista-ao-discurso-de-chico-alencar-na-disputa-pela-presidencia-da-camara\/","title":{"rendered":"Leia e assista ao discurso de Chico Alencar na disputa pela presid\u00eancia da c\u00e2mara"},"content":{"rendered":"<p><a rel=\"attachment wp-att-6519\" href=\"http:\/\/psol50.org.br\/blog\/2011\/02\/03\/leia-e-assista-ao-discurso-de-chico-alencar-na-disputa-pela-presidencia-da-camara\/discurso-chico\/\"><img loading=\"lazy\" decoding=\"async\" class=\"alignleft size-medium wp-image-6519\" style=\"margin-left: 5px;margin-right: 5px\" src=\"http:\/\/psol50.org.br\/files\/2011\/02\/discurso-chico-300x196.jpg\" alt=\"\" width=\"300\" height=\"196\" \/><\/a>01\/02\/2011<\/p>\n<p><strong>(<a href=\"http:\/\/www2.camara.gov.br\/atividade-legislativa\/webcamara\/videoArquivo?codSessao=00017873\">CLIQUE AQUI PARA ASSISTIR<\/a>)<\/strong><\/p>\n<p>O SR. CHICO ALENCAR (PSOL-RJ.) &#8211; Sras. Deputadas \u2014 e come\u00e7o pelo feminino sub-representado nesta Casa, onde as maiorias sociais nem sempre t\u00eam a express\u00e3o pol\u00edtica devida \u2014 , Srs. Deputados, cidad\u00e3os que acompanham esta sess\u00e3o: n\u00f3s, aqui \u2014 e o tra\u00e7o do arquiteto s\u00e1bio revela isso \u2014 , somos o centro do poder pol\u00edtico na institucionalidade brasileira.Todos n\u00f3s tivemos mais de 95 milh\u00f5es de votos, o que representa 71% do eleitorado brasileiro.<\/p>\n<p>Por isso, quando discutimos Mesa Diretora da C\u00e2mara e Mesa Diretora do Senado, temos a alt\u00edssima responsabilidade de expressar bem o anseio da popula\u00e7\u00e3o brasileira em rela\u00e7\u00e3o a essa express\u00e3o pol\u00edtica. Portanto, n\u00e3o falarei aqui de uma proposta interna corporis, de uma proposta corporativista. Mais do que construir pr\u00e9dio, n\u00f3s precisamos reconstruir a ponte entre a sociedade e o Parlamento. Mais do que criar qualquer adicional para o bom exerc\u00edcio do mandato, precisamos muito anexar cada momento deste Parlamento ao querer e ao sofrer sentido da nossa gente.<\/p>\n<p>Por isso, eu quero dialogar com todos os Parlamentares aqui presentes, alguns dos quais s\u00e3o novos, do ponto de vista da Legislatura que se inicia hoje. A sess\u00e3o de posse que ocorreu hoje pela manh\u00e3 revelou uma emo\u00e7\u00e3o muito grande \u2014 emo\u00e7\u00e3o maior, \u00e9 verdade, para aqueles que aqui chegam pela primeira vez, e isso \u00e9 natural\u00edssimo \u2014 e todos perceberam que este 1\u00ba de fevereiro tem um significado especial na sua vida. Mas n\u00e3o por n\u00f3s mesmos \u2014 porque cada um carrega a sua del\u00edcia, a sua dor, o seu drama pessoal, a sua esperan\u00e7a, todo ser humano tem essa condi\u00e7\u00e3o maravilhosa e tr\u00e1gica \u2014, e sim porque hoje n\u00f3s aqui est\u00e1vamos na condi\u00e7\u00e3o de representantes da popula\u00e7\u00e3o.<\/p>\n<p>Portanto, seria muito bom que, a exemplo do Senado, onde assisti \u00e0 sess\u00e3o de elei\u00e7\u00e3o do Presidente, tiv\u00e9ssemos uma postura grave, s\u00e9ria, atenta para cada um que aqui vem trazer suas propostas. Os 513 Parlamentares, cada um com os seus muitos assuntos e suas v\u00e1rias representa\u00e7\u00f5es, t\u00eam muito o que conversar, falar e divergir, mas \u00e9 claro que h\u00e1 momentos singulares. O poeta Fernando Pessoa diz: Para ser grande, s\u00ea inteiro: nada\/ Teu exagera ou exclui\/ S\u00ea todo em cada coisa\/ P\u00f5e quanto \u00e9s no m\u00ednimo que fazes.<\/p>\n<p>Seria muito bom que ao longo desta Legislatura, em primeiro lugar, tiv\u00e9ssemos a presen\u00e7a constante da maioria absoluta dos Parlamentares; e, em segundo lugar, que cada vez que tecl\u00e1ssemos ali para expressar o nosso voto isso fosse feito com inteireza, com grandeza, com luz, com consci\u00eancia.<\/p>\n<p>O passo inicial \u00e9 reconhecer algo que nos incomoda a todos. Hoje vi uma bela entrevista do meu querido colega e irm\u00e3o Deputado Henrique Fontana \u2014 n\u00e3o pedirei seu voto porque sei que \u00e9 muito ligado ao seu partido e, ainda por cima, \u00e9 ga\u00facho \u2014, que dizia: A reforma pol\u00edtica \u00e9 fundamental. E \u00e9 mesmo! Os partidos vivem em crise de representa\u00e7\u00e3o. N\u00f3s, socialistas, somos pouco socialistas na nossa pr\u00e1tica; vivemos uma democracia do capital, muitas vezes. N\u00f3s, ambientalistas, n\u00e3o temos atitudes viscerais ecol\u00f3gicas; o discurso ambiental \u00e9 central na nossa fala e perif\u00e9rico na nossa atitude.<\/p>\n<p>N\u00f3s, na pluralidade, somos homof\u00f3bicos, Jean; machistas, Deputada Janete; somos exclusivistas, somos privatistas, somos individualistas.<\/p>\n<p>Fiquei hoje tamb\u00e9m muito comovido no Senado ao ver o jovem Senador Randolfe Rodrigues, que aqui est\u00e1, desafiar o consenso em torno de um nome tradicional, do velho patrimonialismo e da oligarquia brasileira. Que consenso \u00e9 esse? Consenso aparente, forjado, em nome de uma proporcionalidade de cargos nas Comiss\u00f5es \u2014 o que t\u00eam seu elemento de justi\u00e7a \u2014 significa abrir m\u00e3o de princ\u00edpios? N\u00e3o \u00e9 correto. N\u00e3o \u00e9 justo. N\u00e3o \u00e9 assim que se constr\u00f3i a pol\u00edtica.<br \/>\nPor isso, esta candidatura \u00e9 uma express\u00e3o, um s\u00edmbolo da necessidade de resgatar o papel do Legislativo na nossa sociedade, de dar nervo e vida a este bel\u00edssimo pr\u00e9dio que ocupa o centro da Pra\u00e7a dos Tr\u00eas Poderes. Poderes que, ali\u00e1s, precisam, em primeiro lugar, ser constantemente controlados pela popula\u00e7\u00e3o, sim.<br \/>\nPortanto, austeridade, transpar\u00eancia, \u00e9tica s\u00e3o princ\u00edpios cardeais para o Executivo, para o Judici\u00e1rio e, obviamente, para este que \u00e9 o Poder mais aberto, embora ainda insuficientemente aberto, o Legislativo.<\/p>\n<p>Esta n\u00e3o \u00e9 uma candidatura dissidente, pois \u00e9 antes partid\u00e1ria. N\u00e3o \u00e9 uma candidatura oficialista a partir de um consenso que tem a ver com cargos na pr\u00f3pria estrutura da C\u00e2mara dos Deputados ou do Governo. \u00c9 uma candidatura de uma concep\u00e7\u00e3o pol\u00edtica que eu, com todas as minhas limita\u00e7\u00f5es, tento expressar aqui, n\u00e3o apenas em nome de Ivan Valente e Jean Wyllis, de Marinor Brito e Randolfe Rodrigues, nossos Senadores. Muitos Deputados, muitos Senadores sabem que n\u00f3s precisamos requalificar a pol\u00edtica no Brasil.<\/p>\n<p>O povo l\u00e1 fora n\u00e3o d\u00e1 a import\u00e2ncia devida a este momento porque \u00e9 induzido a se desinteressar da pol\u00edtica, exceto no per\u00edodo eleitoral. Ser\u00e1 por educa\u00e7\u00e3o prec\u00e1ria? Ser\u00e1 por despolitiza\u00e7\u00e3o? Ser\u00e1 por falta de informa\u00e7\u00e3o? Sim. Mas \u00e9 tamb\u00e9m por desinteresse, por apatia derivada da nossa pr\u00f3pria pr\u00e1tica pol\u00edtica tantas vezes fisiol\u00f3gica, tantas vezes clientelista.<\/p>\n<p>Por isso, o PSOL traz aqui, nesta hora importante, propostas que n\u00e3o s\u00e3o do PSOL; s\u00e3o da recupera\u00e7\u00e3o do Parlamento.<\/p>\n<p>Registro o bel\u00edssimo pronunciamento do Senador Randolfe Rodrigues nos Anais desta Casa. Por vezes, nossas palavras, e isso \u00e9 pr\u00f3prio do Parlamento, v\u00e3o al\u00e9m do breve momento em que s\u00e3o pronunciadas. Por vezes, a soma matem\u00e1tica dos votos \u2014 ainda que 10% deles sejam do Senado Federal, o que n\u00e3o \u00e9 pouca coisa, dadas as condi\u00e7\u00f5es de estrutura e acordos de poder \u2014 n\u00e3o revela o que \u00e9 perene. Por isso, deixo aqui a bela e significativa fala do Senador Randolfe.<\/p>\n<p>Quero, ainda, deixar registrados nesta Casa nossos projetos para o resgate do Legislativo, dentro dos princ\u00edpios fundamentais do protagonismo. N\u00f3s n\u00e3o somos Casa homologat\u00f3ria do que o Executivo determina. Independ\u00eancia significa fiscaliza\u00e7\u00e3o sempre. CPI n\u00e3o \u00e9 instrumento de oposi\u00e7\u00e3o coisa nenhuma; \u00e9 instrumento de fiscaliza\u00e7\u00e3o e deve existir sempre que necess\u00e1rio \u2014 ou ser\u00e1 que a \u00e9tica s\u00f3 vale quando estamos fora do poder, e a hipocrisia \u00e9 a norma? N\u00e3o.<\/p>\n<p>N\u00f3s queremos, por exemplo, que a chamada Lei das leis seja de fato derivada de um saud\u00e1vel processo legislativo, com valor real. Or\u00e7amento com responsabilidade tem de ser impositivo, sen\u00e3o ser\u00e1 pe\u00e7a de fic\u00e7\u00e3o, e n\u00f3s ficaremos sempre apenas buscando emendas individuais para garantir uma reprodu\u00e7\u00e3o de mandato que n\u00e3o \u00e9 mandato efetivo na transforma\u00e7\u00e3o social, na redu\u00e7\u00e3o da desigualdade social de que o Brasil tanto carece. Reforma pol\u00edtica, como eu j\u00e1 disse aqui, se mantida fora do financiamento p\u00fablico exclusivo, resultar\u00e1 sempre no que todos aqui, sem exce\u00e7\u00e3o, sabem: s\u00f3 se elegem aqueles que conseguem amealhar muitos recursos \u2014 o que, n\u00e3o raro, leva a caminhos heterodoxos, digamos assim \u2014 ou aqueles poucos, e cada vez em menor n\u00famero, chamados Deputados de opini\u00e3o.<\/p>\n<p>Se n\u00e3o encararmos neste ano, independentemente do humor do Executivo, uma reforma pol\u00edtica radical, democr\u00e1tica e substantiva, a representa\u00e7\u00e3o viver\u00e1 uma crise permanente, e os esc\u00e2ndalos se suceder\u00e3o.<\/p>\n<p>Queremos tamb\u00e9m que algumas emendas constitucionais \u2014 e h\u00e1 185 pendentes! \u2014 sejam votadas com prioridade. Isso \u00e9 fundamental. A PEC contra o trabalho escravo, a do voto aberto no Parlamento e outras, que n\u00e3o \u201cbeneficiam\u201d, mas fazem justi\u00e7a m\u00ednima a categorias profissionais. Tudo isso n\u00f3s temos de enfrentar, porque o Parlamento \u00e9 o espa\u00e7o do dissenso e da diverg\u00eancia. Queremos ainda que o preceito constitucional da auditoria da d\u00edvida p\u00fablica, jamais realizado, jamais cumprido, seja efetivado.<\/p>\n<p>O Parlamento \u00e9 o espa\u00e7o do grande debate nacional, meu amigo Stepan, e o debate nacional n\u00e3o pode ser feito apenas depois da pe\u00e7a de teatro, nos bons botecos da vida; ele tem que ser feito sobretudo aqui. E este ano, Deputado Alessandro Molon, n\u00f3s temos o Plano Nacional de Educa\u00e7\u00e3o, o que vai exigir muita qualidade do debate plural deste Parlamento, para que cheguemos a 10% do PIB para educa\u00e7\u00e3o.<\/p>\n<p>Esses s\u00e3o apenas alguns exemplos de uma pauta rica, alentada, como, ainda a defesa dos biomas e da biodiversidade brasileira, t\u00e3o maltratada e, como se v\u00ea, de forma tragicamente criminosa. Eu e mais 45 colegas do Rio de Janeiro estamos de luto por pelo menos 873 mortes j\u00e1 confirmadas e por 450 pessoas desaparecidas, em raz\u00e3o de trag\u00e9dia ocorrida numa regi\u00e3o bel\u00edssima de nosso Estado. N\u00e3o foi s\u00f3 a for\u00e7a da natureza: foi tamb\u00e9m a inc\u00faria do poder p\u00fablico \u2014 minha, de cada um de n\u00f3s aqui.<br \/>\nN\u00f3s temos de enfrentar essas quest\u00f5es. O mundo est\u00e1 mudando, e o Parlamento n\u00e3o pode ser a casa da in\u00e9rcia, do bom emprego, da acomoda\u00e7\u00e3o, do nepotismo, da mesmice.<\/p>\n<p>N\u00f3s queremos tamb\u00e9m a garantia dos direitos das chamadas minorias, que sofrem discrimina\u00e7\u00e3o \u2014 a Cidadania LGBT estava aqui, vivamente, dando cor e for\u00e7a \u00e0 celebra\u00e7\u00e3o da posse. Discrimina\u00e7\u00e3o secular contra as mulheres, discrimina\u00e7\u00e3o contra etnias \u2014 a cor da pele \u00e9 apenas a roupa que nos veste, mas, junto com a explora\u00e7\u00e3o econ\u00f4mica, significou, secularmente, opress\u00e3o.<\/p>\n<p>Agostinho Neto, grande pol\u00edtico da Rep\u00fablica Popular de Angola e um dos l\u00edderes da sua independ\u00eancia, dizia: Minhas m\u00e3os colocaram pedras nos alicerces do mundo. Mere\u00e7o o meu peda\u00e7o de p\u00e3o.<\/p>\n<p>Sr. Presidente, eu estou aqui para refor\u00e7ar essas propostas, pedir o voto consciente, nessa concep\u00e7\u00e3o pol\u00edtica, agora. E, tendo iniciado citando Fernando Pessoa, concluo tamb\u00e9m com ele, dizendo que represento um projeto e uma concep\u00e7\u00e3o: N\u00e3o sou nada. \/ Nunca serei nada. \/ N\u00e3o posso querer ser nada. \/ \u00c0 parte isso, tenho em mim todos os sonhos do mundo.<\/p>\n<p>Sonhemos juntos.<\/p>\n<p>Muito obrigado.<\/p>\n","protected":false},"excerpt":{"rendered":"<p>01\/02\/2011 (CLIQUE AQUI PARA ASSISTIR) O SR. CHICO ALENCAR (PSOL-RJ.) &#8211; Sras. Deputadas \u2014 e come\u00e7o pelo feminino sub-representado nesta Casa, onde as maiorias sociais nem sempre t\u00eam a express\u00e3o pol\u00edtica devida \u2014 , Srs. Deputados, cidad\u00e3os que acompanham esta sess\u00e3o: n\u00f3s, aqui \u2014 e o tra\u00e7o do arquiteto s\u00e1bio revela isso \u2014 , somos [&hellip;]<\/p>\n","protected":false},"author":2,"featured_media":0,"comment_status":"open","ping_status":"open","sticky":false,"template":"","format":"standard","meta":{"_acf_changed":false,"footnotes":""},"categories":[10,4766],"tags":[],"class_list":{"0":"post-7526","1":"post","2":"type-post","3":"status-publish","4":"format-standard","6":"category-acao-parlamentares","7":"category-arquivo"},"acf":[],"yoast_head":"<!-- This site is optimized with the Yoast SEO plugin v26.5 - https:\/\/yoast.com\/wordpress\/plugins\/seo\/ -->\n<title>Leia e assista ao discurso de Chico Alencar na disputa pela presid\u00eancia da c\u00e2mara - PSOL 50<\/title>\n<meta name=\"robots\" content=\"index, follow, max-snippet:-1, max-image-preview:large, max-video-preview:-1\" \/>\n<link rel=\"canonical\" href=\"https:\/\/psol50.org.br\/leia-e-assista-ao-discurso-de-chico-alencar-na-disputa-pela-presidencia-da-camara\/\" \/>\n<meta property=\"og:locale\" content=\"pt_BR\" \/>\n<meta property=\"og:type\" content=\"article\" \/>\n<meta property=\"og:title\" content=\"Leia e assista ao discurso de Chico Alencar na disputa pela presid\u00eancia da c\u00e2mara - PSOL 50\" \/>\n<meta property=\"og:description\" content=\"01\/02\/2011 (CLIQUE AQUI PARA ASSISTIR) O SR. CHICO ALENCAR (PSOL-RJ.) &#8211; Sras. Deputadas \u2014 e come\u00e7o pelo feminino sub-representado nesta Casa, onde as maiorias sociais nem sempre t\u00eam a express\u00e3o pol\u00edtica devida \u2014 , Srs. Deputados, cidad\u00e3os que acompanham esta sess\u00e3o: n\u00f3s, aqui \u2014 e o tra\u00e7o do arquiteto s\u00e1bio revela isso \u2014 , somos [&hellip;]\" \/>\n<meta property=\"og:url\" content=\"https:\/\/psol50.org.br\/leia-e-assista-ao-discurso-de-chico-alencar-na-disputa-pela-presidencia-da-camara\/\" \/>\n<meta property=\"og:site_name\" content=\"PSOL 50\" \/>\n<meta property=\"article:publisher\" content=\"https:\/\/www.facebook.com\/psol50\" \/>\n<meta property=\"article:published_time\" content=\"2011-02-03T00:00:00+00:00\" \/>\n<meta property=\"og:image\" content=\"http:\/\/psol50.org.br\/files\/2011\/02\/discurso-chico-300x196.jpg\" \/>\n<meta name=\"author\" content=\"Comunica\u00e7\u00e3o PSOL\" \/>\n<meta name=\"twitter:card\" content=\"summary_large_image\" \/>\n<meta name=\"twitter:creator\" content=\"@psol50\" \/>\n<meta name=\"twitter:site\" content=\"@psol50\" \/>\n<meta name=\"twitter:label1\" content=\"Escrito por\" \/>\n\t<meta name=\"twitter:data1\" content=\"Comunica\u00e7\u00e3o PSOL\" \/>\n\t<meta name=\"twitter:label2\" content=\"Est. tempo de leitura\" \/>\n\t<meta name=\"twitter:data2\" content=\"9 minutos\" \/>\n<script type=\"application\/ld+json\" class=\"yoast-schema-graph\">{\"@context\":\"https:\/\/schema.org\",\"@graph\":[{\"@type\":\"Article\",\"@id\":\"https:\/\/psol50.org.br\/leia-e-assista-ao-discurso-de-chico-alencar-na-disputa-pela-presidencia-da-camara\/#article\",\"isPartOf\":{\"@id\":\"https:\/\/psol50.org.br\/leia-e-assista-ao-discurso-de-chico-alencar-na-disputa-pela-presidencia-da-camara\/\"},\"author\":{\"name\":\"Comunica\u00e7\u00e3o PSOL\",\"@id\":\"https:\/\/psol50.org.br\/#\/schema\/person\/475dfa57d0b815993c714c2e96491fcd\"},\"headline\":\"Leia e assista ao discurso de Chico Alencar na disputa pela presid\u00eancia da c\u00e2mara\",\"datePublished\":\"2011-02-03T00:00:00+00:00\",\"mainEntityOfPage\":{\"@id\":\"https:\/\/psol50.org.br\/leia-e-assista-ao-discurso-de-chico-alencar-na-disputa-pela-presidencia-da-camara\/\"},\"wordCount\":1727,\"commentCount\":0,\"publisher\":{\"@id\":\"https:\/\/psol50.org.br\/#organization\"},\"image\":{\"@id\":\"https:\/\/psol50.org.br\/leia-e-assista-ao-discurso-de-chico-alencar-na-disputa-pela-presidencia-da-camara\/#primaryimage\"},\"thumbnailUrl\":\"http:\/\/psol50.org.br\/files\/2011\/02\/discurso-chico-300x196.jpg\",\"articleSection\":[\"A\u00e7\u00e3o Parlamentar\",\"Arquivo\"],\"inLanguage\":\"pt-BR\",\"potentialAction\":[{\"@type\":\"CommentAction\",\"name\":\"Comment\",\"target\":[\"https:\/\/psol50.org.br\/leia-e-assista-ao-discurso-de-chico-alencar-na-disputa-pela-presidencia-da-camara\/#respond\"]}]},{\"@type\":\"WebPage\",\"@id\":\"https:\/\/psol50.org.br\/leia-e-assista-ao-discurso-de-chico-alencar-na-disputa-pela-presidencia-da-camara\/\",\"url\":\"https:\/\/psol50.org.br\/leia-e-assista-ao-discurso-de-chico-alencar-na-disputa-pela-presidencia-da-camara\/\",\"name\":\"Leia e assista ao discurso de Chico Alencar na disputa pela presid\u00eancia da c\u00e2mara - PSOL 50\",\"isPartOf\":{\"@id\":\"https:\/\/psol50.org.br\/#website\"},\"primaryImageOfPage\":{\"@id\":\"https:\/\/psol50.org.br\/leia-e-assista-ao-discurso-de-chico-alencar-na-disputa-pela-presidencia-da-camara\/#primaryimage\"},\"image\":{\"@id\":\"https:\/\/psol50.org.br\/leia-e-assista-ao-discurso-de-chico-alencar-na-disputa-pela-presidencia-da-camara\/#primaryimage\"},\"thumbnailUrl\":\"http:\/\/psol50.org.br\/files\/2011\/02\/discurso-chico-300x196.jpg\",\"datePublished\":\"2011-02-03T00:00:00+00:00\",\"breadcrumb\":{\"@id\":\"https:\/\/psol50.org.br\/leia-e-assista-ao-discurso-de-chico-alencar-na-disputa-pela-presidencia-da-camara\/#breadcrumb\"},\"inLanguage\":\"pt-BR\",\"potentialAction\":[{\"@type\":\"ReadAction\",\"target\":[\"https:\/\/psol50.org.br\/leia-e-assista-ao-discurso-de-chico-alencar-na-disputa-pela-presidencia-da-camara\/\"]}]},{\"@type\":\"ImageObject\",\"inLanguage\":\"pt-BR\",\"@id\":\"https:\/\/psol50.org.br\/leia-e-assista-ao-discurso-de-chico-alencar-na-disputa-pela-presidencia-da-camara\/#primaryimage\",\"url\":\"http:\/\/psol50.org.br\/files\/2011\/02\/discurso-chico-300x196.jpg\",\"contentUrl\":\"http:\/\/psol50.org.br\/files\/2011\/02\/discurso-chico-300x196.jpg\"},{\"@type\":\"BreadcrumbList\",\"@id\":\"https:\/\/psol50.org.br\/leia-e-assista-ao-discurso-de-chico-alencar-na-disputa-pela-presidencia-da-camara\/#breadcrumb\",\"itemListElement\":[{\"@type\":\"ListItem\",\"position\":1,\"name\":\"In\u00edcio\",\"item\":\"https:\/\/psol50.org.br\/\"},{\"@type\":\"ListItem\",\"position\":2,\"name\":\"Leia e assista ao discurso de Chico Alencar na disputa pela presid\u00eancia da c\u00e2mara\"}]},{\"@type\":\"WebSite\",\"@id\":\"https:\/\/psol50.org.br\/#website\",\"url\":\"https:\/\/psol50.org.br\/\",\"name\":\"PSOL 50\",\"description\":\"Site oficial do Partido Socialismo e Liberdade\",\"publisher\":{\"@id\":\"https:\/\/psol50.org.br\/#organization\"},\"alternateName\":\"PSOL50\",\"potentialAction\":[{\"@type\":\"SearchAction\",\"target\":{\"@type\":\"EntryPoint\",\"urlTemplate\":\"https:\/\/psol50.org.br\/?s={search_term_string}\"},\"query-input\":{\"@type\":\"PropertyValueSpecification\",\"valueRequired\":true,\"valueName\":\"search_term_string\"}}],\"inLanguage\":\"pt-BR\"},{\"@type\":\"Organization\",\"@id\":\"https:\/\/psol50.org.br\/#organization\",\"name\":\"PSOL 50\",\"alternateName\":\"PSOL 50\",\"url\":\"https:\/\/psol50.org.br\/\",\"logo\":{\"@type\":\"ImageObject\",\"inLanguage\":\"pt-BR\",\"@id\":\"https:\/\/psol50.org.br\/#\/schema\/logo\/image\/\",\"url\":\"https:\/\/psol50.org.br\/inc\/uploads\/2018\/07\/capa.png\",\"contentUrl\":\"https:\/\/psol50.org.br\/inc\/uploads\/2018\/07\/capa.png\",\"width\":1350,\"height\":900,\"caption\":\"PSOL 50\"},\"image\":{\"@id\":\"https:\/\/psol50.org.br\/#\/schema\/logo\/image\/\"},\"sameAs\":[\"https:\/\/www.facebook.com\/psol50\",\"https:\/\/x.com\/psol50\",\"https:\/\/www.instagram.com\/psol50\/\",\"https:\/\/www.youtube.com\/channel\/UC7SnJS5o1os7a6CaiNabzcg\"]},{\"@type\":\"Person\",\"@id\":\"https:\/\/psol50.org.br\/#\/schema\/person\/475dfa57d0b815993c714c2e96491fcd\",\"name\":\"Comunica\u00e7\u00e3o PSOL\",\"image\":{\"@type\":\"ImageObject\",\"inLanguage\":\"pt-BR\",\"@id\":\"https:\/\/psol50.org.br\/#\/schema\/person\/image\/\",\"url\":\"https:\/\/secure.gravatar.com\/avatar\/b34fc4f4e468a4e51785917065a3db57b841f5c95dba6ad8c73aaf8f66f8f9bf?s=96&d=mm&r=g\",\"contentUrl\":\"https:\/\/secure.gravatar.com\/avatar\/b34fc4f4e468a4e51785917065a3db57b841f5c95dba6ad8c73aaf8f66f8f9bf?s=96&d=mm&r=g\",\"caption\":\"Comunica\u00e7\u00e3o PSOL\"}}]}<\/script>\n<!-- \/ Yoast SEO plugin. -->","yoast_head_json":{"title":"Leia e assista ao discurso de Chico Alencar na disputa pela presid\u00eancia da c\u00e2mara - PSOL 50","robots":{"index":"index","follow":"follow","max-snippet":"max-snippet:-1","max-image-preview":"max-image-preview:large","max-video-preview":"max-video-preview:-1"},"canonical":"https:\/\/psol50.org.br\/leia-e-assista-ao-discurso-de-chico-alencar-na-disputa-pela-presidencia-da-camara\/","og_locale":"pt_BR","og_type":"article","og_title":"Leia e assista ao discurso de Chico Alencar na disputa pela presid\u00eancia da c\u00e2mara - PSOL 50","og_description":"01\/02\/2011 (CLIQUE AQUI PARA ASSISTIR) O SR. CHICO ALENCAR (PSOL-RJ.) &#8211; Sras. Deputadas \u2014 e come\u00e7o pelo feminino sub-representado nesta Casa, onde as maiorias sociais nem sempre t\u00eam a express\u00e3o pol\u00edtica devida \u2014 , Srs. Deputados, cidad\u00e3os que acompanham esta sess\u00e3o: n\u00f3s, aqui \u2014 e o tra\u00e7o do arquiteto s\u00e1bio revela isso \u2014 , somos [&hellip;]","og_url":"https:\/\/psol50.org.br\/leia-e-assista-ao-discurso-de-chico-alencar-na-disputa-pela-presidencia-da-camara\/","og_site_name":"PSOL 50","article_publisher":"https:\/\/www.facebook.com\/psol50","article_published_time":"2011-02-03T00:00:00+00:00","og_image":[{"url":"http:\/\/psol50.org.br\/files\/2011\/02\/discurso-chico-300x196.jpg","type":"","width":"","height":""}],"author":"Comunica\u00e7\u00e3o PSOL","twitter_card":"summary_large_image","twitter_creator":"@psol50","twitter_site":"@psol50","twitter_misc":{"Escrito por":"Comunica\u00e7\u00e3o PSOL","Est. tempo de leitura":"9 minutos"},"schema":{"@context":"https:\/\/schema.org","@graph":[{"@type":"Article","@id":"https:\/\/psol50.org.br\/leia-e-assista-ao-discurso-de-chico-alencar-na-disputa-pela-presidencia-da-camara\/#article","isPartOf":{"@id":"https:\/\/psol50.org.br\/leia-e-assista-ao-discurso-de-chico-alencar-na-disputa-pela-presidencia-da-camara\/"},"author":{"name":"Comunica\u00e7\u00e3o PSOL","@id":"https:\/\/psol50.org.br\/#\/schema\/person\/475dfa57d0b815993c714c2e96491fcd"},"headline":"Leia e assista ao discurso de Chico Alencar na disputa pela presid\u00eancia da c\u00e2mara","datePublished":"2011-02-03T00:00:00+00:00","mainEntityOfPage":{"@id":"https:\/\/psol50.org.br\/leia-e-assista-ao-discurso-de-chico-alencar-na-disputa-pela-presidencia-da-camara\/"},"wordCount":1727,"commentCount":0,"publisher":{"@id":"https:\/\/psol50.org.br\/#organization"},"image":{"@id":"https:\/\/psol50.org.br\/leia-e-assista-ao-discurso-de-chico-alencar-na-disputa-pela-presidencia-da-camara\/#primaryimage"},"thumbnailUrl":"http:\/\/psol50.org.br\/files\/2011\/02\/discurso-chico-300x196.jpg","articleSection":["A\u00e7\u00e3o Parlamentar","Arquivo"],"inLanguage":"pt-BR","potentialAction":[{"@type":"CommentAction","name":"Comment","target":["https:\/\/psol50.org.br\/leia-e-assista-ao-discurso-de-chico-alencar-na-disputa-pela-presidencia-da-camara\/#respond"]}]},{"@type":"WebPage","@id":"https:\/\/psol50.org.br\/leia-e-assista-ao-discurso-de-chico-alencar-na-disputa-pela-presidencia-da-camara\/","url":"https:\/\/psol50.org.br\/leia-e-assista-ao-discurso-de-chico-alencar-na-disputa-pela-presidencia-da-camara\/","name":"Leia e assista ao discurso de Chico Alencar na disputa pela presid\u00eancia da c\u00e2mara - PSOL 50","isPartOf":{"@id":"https:\/\/psol50.org.br\/#website"},"primaryImageOfPage":{"@id":"https:\/\/psol50.org.br\/leia-e-assista-ao-discurso-de-chico-alencar-na-disputa-pela-presidencia-da-camara\/#primaryimage"},"image":{"@id":"https:\/\/psol50.org.br\/leia-e-assista-ao-discurso-de-chico-alencar-na-disputa-pela-presidencia-da-camara\/#primaryimage"},"thumbnailUrl":"http:\/\/psol50.org.br\/files\/2011\/02\/discurso-chico-300x196.jpg","datePublished":"2011-02-03T00:00:00+00:00","breadcrumb":{"@id":"https:\/\/psol50.org.br\/leia-e-assista-ao-discurso-de-chico-alencar-na-disputa-pela-presidencia-da-camara\/#breadcrumb"},"inLanguage":"pt-BR","potentialAction":[{"@type":"ReadAction","target":["https:\/\/psol50.org.br\/leia-e-assista-ao-discurso-de-chico-alencar-na-disputa-pela-presidencia-da-camara\/"]}]},{"@type":"ImageObject","inLanguage":"pt-BR","@id":"https:\/\/psol50.org.br\/leia-e-assista-ao-discurso-de-chico-alencar-na-disputa-pela-presidencia-da-camara\/#primaryimage","url":"http:\/\/psol50.org.br\/files\/2011\/02\/discurso-chico-300x196.jpg","contentUrl":"http:\/\/psol50.org.br\/files\/2011\/02\/discurso-chico-300x196.jpg"},{"@type":"BreadcrumbList","@id":"https:\/\/psol50.org.br\/leia-e-assista-ao-discurso-de-chico-alencar-na-disputa-pela-presidencia-da-camara\/#breadcrumb","itemListElement":[{"@type":"ListItem","position":1,"name":"In\u00edcio","item":"https:\/\/psol50.org.br\/"},{"@type":"ListItem","position":2,"name":"Leia e assista ao discurso de Chico Alencar na disputa pela presid\u00eancia da c\u00e2mara"}]},{"@type":"WebSite","@id":"https:\/\/psol50.org.br\/#website","url":"https:\/\/psol50.org.br\/","name":"PSOL 50","description":"Site oficial do Partido Socialismo e Liberdade","publisher":{"@id":"https:\/\/psol50.org.br\/#organization"},"alternateName":"PSOL50","potentialAction":[{"@type":"SearchAction","target":{"@type":"EntryPoint","urlTemplate":"https:\/\/psol50.org.br\/?s={search_term_string}"},"query-input":{"@type":"PropertyValueSpecification","valueRequired":true,"valueName":"search_term_string"}}],"inLanguage":"pt-BR"},{"@type":"Organization","@id":"https:\/\/psol50.org.br\/#organization","name":"PSOL 50","alternateName":"PSOL 50","url":"https:\/\/psol50.org.br\/","logo":{"@type":"ImageObject","inLanguage":"pt-BR","@id":"https:\/\/psol50.org.br\/#\/schema\/logo\/image\/","url":"https:\/\/psol50.org.br\/inc\/uploads\/2018\/07\/capa.png","contentUrl":"https:\/\/psol50.org.br\/inc\/uploads\/2018\/07\/capa.png","width":1350,"height":900,"caption":"PSOL 50"},"image":{"@id":"https:\/\/psol50.org.br\/#\/schema\/logo\/image\/"},"sameAs":["https:\/\/www.facebook.com\/psol50","https:\/\/x.com\/psol50","https:\/\/www.instagram.com\/psol50\/","https:\/\/www.youtube.com\/channel\/UC7SnJS5o1os7a6CaiNabzcg"]},{"@type":"Person","@id":"https:\/\/psol50.org.br\/#\/schema\/person\/475dfa57d0b815993c714c2e96491fcd","name":"Comunica\u00e7\u00e3o PSOL","image":{"@type":"ImageObject","inLanguage":"pt-BR","@id":"https:\/\/psol50.org.br\/#\/schema\/person\/image\/","url":"https:\/\/secure.gravatar.com\/avatar\/b34fc4f4e468a4e51785917065a3db57b841f5c95dba6ad8c73aaf8f66f8f9bf?s=96&d=mm&r=g","contentUrl":"https:\/\/secure.gravatar.com\/avatar\/b34fc4f4e468a4e51785917065a3db57b841f5c95dba6ad8c73aaf8f66f8f9bf?s=96&d=mm&r=g","caption":"Comunica\u00e7\u00e3o PSOL"}}]}},"_links":{"self":[{"href":"https:\/\/psol50.org.br\/rest\/wp\/v2\/posts\/7526","targetHints":{"allow":["GET"]}}],"collection":[{"href":"https:\/\/psol50.org.br\/rest\/wp\/v2\/posts"}],"about":[{"href":"https:\/\/psol50.org.br\/rest\/wp\/v2\/types\/post"}],"author":[{"embeddable":true,"href":"https:\/\/psol50.org.br\/rest\/wp\/v2\/users\/2"}],"replies":[{"embeddable":true,"href":"https:\/\/psol50.org.br\/rest\/wp\/v2\/comments?post=7526"}],"version-history":[{"count":0,"href":"https:\/\/psol50.org.br\/rest\/wp\/v2\/posts\/7526\/revisions"}],"wp:attachment":[{"href":"https:\/\/psol50.org.br\/rest\/wp\/v2\/media?parent=7526"}],"wp:term":[{"taxonomy":"category","embeddable":true,"href":"https:\/\/psol50.org.br\/rest\/wp\/v2\/categories?post=7526"},{"taxonomy":"post_tag","embeddable":true,"href":"https:\/\/psol50.org.br\/rest\/wp\/v2\/tags?post=7526"}],"curies":[{"name":"wp","href":"https:\/\/api.w.org\/{rel}","templated":true}]}}