{"id":7530,"date":"2011-02-08T00:00:00","date_gmt":"2011-02-08T00:00:00","guid":{"rendered":"http:\/\/psol50.org.br\/arquivo\/2011\/02\/08\/marinor-brito-participa-de-manifestacao-contra-belo-monte\/"},"modified":"2011-02-08T00:00:00","modified_gmt":"2011-02-08T00:00:00","slug":"marinor-brito-participa-de-manifestacao-contra-belo-monte","status":"publish","type":"post","link":"https:\/\/psol50.org.br\/marinor-brito-participa-de-manifestacao-contra-belo-monte\/","title":{"rendered":"Marinor Brito participa de manifesta\u00e7\u00e3o contra Belo Monte"},"content":{"rendered":"<p><a rel=\"attachment wp-att-6564\" href=\"http:\/\/psol50.org.br\/blog\/2011\/02\/08\/marinor-brito-participa-de-manifestacao-contra-belo-monte\/maribelo-2\/\"><img loading=\"lazy\" decoding=\"async\" class=\"alignleft size-medium wp-image-6564\" style=\"margin-left: 5px;margin-right: 5px\" src=\"http:\/\/psol50.org.br\/files\/2011\/02\/maribelo1-300x225.jpg\" alt=\"\" width=\"300\" height=\"225\" \/><\/a>A senadora Marinor Brito participou hoje, dia 8, da manifesta\u00e7\u00e3o em frente ao Congresso Nacional, contra a constru\u00e7\u00e3o da usina hidrel\u00e9trica de Belo Monte, no estado do Par\u00e1.<\/p>\n<p>Segundo a l\u00edder do PSOL no Senado Federal, a posi\u00e7\u00e3o do partido \u00e9 contr\u00e1ria a constru\u00e7\u00e3o da usina hidrel\u00e9trica de Belo Monte. \u201cSomos parceiros na luta contra esse projeto criminoso. Estamos fazendo uma articula\u00e7\u00e3o pol\u00edtica e solicitaremos uma audi\u00eancia p\u00fablica ao governo do estado do Par\u00e1, na presen\u00e7a de todos os movimentos sociais, para que se fa\u00e7a uma leitura \u00e9tica e humana dos laudos t\u00e9cnicos de especialistas e dos pareceres de entidades como o Ibama e o Minist\u00e9rio P\u00fablico, sobre as conseq\u00fc\u00eancias da constru\u00e7\u00e3o da hidrel\u00e9trica\u201d, disse.<\/p>\n<p>A senadora afirmou tamb\u00e9m que o abandono por parte do governo n\u00e3o pode ser repetido no Xingu. \u201c\u00c9 preciso dar um basta no patroc\u00ednio, com dinheiro p\u00fablico, ao interesse das oligarquias, que historicamente exploram o estado. \u00c9 preciso dar um basta na prostitui\u00e7\u00e3o infantil, no desmatamento, na mis\u00e9ria e no trabalho escravo\u201d.<\/p>\n<p>Marinor lembrou ainda que o an\u00fancio do Governo Federal de gera\u00e7\u00e3o de 20 mil empregos para a popula\u00e7\u00e3o com a constru\u00e7\u00e3o da hidrel\u00e9trica n\u00e3o cobre nem mesmo o \u00edndice de desemprego atual da regi\u00e3o. Atualmente, existem cerca de 19 mil pessoas desempregadas na regi\u00e3o e mais 200 mil est\u00e3o migrando para o local em busca de emprego.<\/p>\n<p>A manifesta\u00e7\u00e3o \u00e9 organizada pelo Movimento Xingu Vivo Para Sempre, Conselho Indigenista Mission\u00e1rio, Movimento dos Atingidos por Barragens, Coordena\u00e7\u00e3o das Organiza\u00e7\u00f5es Ind\u00edgenas da Amaz\u00f4nia Brasileira, Instituto Socioambiental e Avaaz. Al\u00e9m disso, conta com a presen\u00e7a de cerca de 150 ribeirinhos e ind\u00edgenas Kayap\u00f3, Juruna, Arara e Xipaya de Altamira, do sul do Par\u00e1 e do Mato Grosso e dezenas de lideran\u00e7as sociais e militantes ambientalistas. \u00c0 tarde, a manifesta\u00e7\u00e3o segue at\u00e9 o Pal\u00e1cio do Planalto.<\/p>\n<p>Confira todas as fotos da manifesta\u00e7\u00e3o no \u00e1lbum da senadora no Flickr: http:\/\/www.flickr.com\/photos\/marinorbrito\/<\/p>\n","protected":false},"excerpt":{"rendered":"<p>A senadora Marinor Brito participou hoje, dia 8, da manifesta\u00e7\u00e3o em frente ao Congresso Nacional, contra a constru\u00e7\u00e3o da usina hidrel\u00e9trica de Belo Monte, no estado do Par\u00e1. Segundo a l\u00edder do PSOL no Senado Federal, a posi\u00e7\u00e3o do partido \u00e9 contr\u00e1ria a constru\u00e7\u00e3o da usina hidrel\u00e9trica de Belo Monte. \u201cSomos parceiros na luta contra [&hellip;]<\/p>\n","protected":false},"author":2,"featured_media":0,"comment_status":"open","ping_status":"open","sticky":false,"template":"","format":"standard","meta":{"_acf_changed":false,"footnotes":""},"categories":[4766],"tags":[],"class_list":{"0":"post-7530","1":"post","2":"type-post","3":"status-publish","4":"format-standard","6":"category-arquivo"},"acf":[],"yoast_head":"<!-- This site is optimized with the Yoast SEO plugin v26.5 - https:\/\/yoast.com\/wordpress\/plugins\/seo\/ -->\n<title>Marinor Brito participa de manifesta\u00e7\u00e3o contra Belo Monte - PSOL 50<\/title>\n<meta name=\"robots\" content=\"index, follow, max-snippet:-1, max-image-preview:large, max-video-preview:-1\" \/>\n<link rel=\"canonical\" href=\"https:\/\/psol50.org.br\/marinor-brito-participa-de-manifestacao-contra-belo-monte\/\" \/>\n<meta property=\"og:locale\" content=\"pt_BR\" \/>\n<meta property=\"og:type\" content=\"article\" \/>\n<meta property=\"og:title\" content=\"Marinor Brito participa de manifesta\u00e7\u00e3o contra Belo Monte - PSOL 50\" \/>\n<meta property=\"og:description\" content=\"A senadora Marinor Brito participou hoje, dia 8, da manifesta\u00e7\u00e3o em frente ao Congresso Nacional, contra a constru\u00e7\u00e3o da usina hidrel\u00e9trica de Belo Monte, no estado do Par\u00e1. Segundo a l\u00edder do PSOL no Senado Federal, a posi\u00e7\u00e3o do partido \u00e9 contr\u00e1ria a constru\u00e7\u00e3o da usina hidrel\u00e9trica de Belo Monte. \u201cSomos parceiros na luta contra [&hellip;]\" \/>\n<meta property=\"og:url\" content=\"https:\/\/psol50.org.br\/marinor-brito-participa-de-manifestacao-contra-belo-monte\/\" \/>\n<meta property=\"og:site_name\" content=\"PSOL 50\" \/>\n<meta property=\"article:publisher\" content=\"https:\/\/www.facebook.com\/psol50\" \/>\n<meta property=\"article:published_time\" content=\"2011-02-08T00:00:00+00:00\" \/>\n<meta property=\"og:image\" content=\"http:\/\/psol50.org.br\/files\/2011\/02\/maribelo1-300x225.jpg\" \/>\n<meta name=\"author\" content=\"Comunica\u00e7\u00e3o PSOL\" \/>\n<meta name=\"twitter:card\" content=\"summary_large_image\" \/>\n<meta name=\"twitter:creator\" content=\"@psol50\" \/>\n<meta name=\"twitter:site\" content=\"@psol50\" \/>\n<meta name=\"twitter:label1\" content=\"Escrito por\" \/>\n\t<meta name=\"twitter:data1\" content=\"Comunica\u00e7\u00e3o PSOL\" \/>\n\t<meta name=\"twitter:label2\" content=\"Est. tempo de leitura\" \/>\n\t<meta name=\"twitter:data2\" content=\"2 minutos\" \/>\n<script type=\"application\/ld+json\" class=\"yoast-schema-graph\">{\"@context\":\"https:\/\/schema.org\",\"@graph\":[{\"@type\":\"Article\",\"@id\":\"https:\/\/psol50.org.br\/marinor-brito-participa-de-manifestacao-contra-belo-monte\/#article\",\"isPartOf\":{\"@id\":\"https:\/\/psol50.org.br\/marinor-brito-participa-de-manifestacao-contra-belo-monte\/\"},\"author\":{\"name\":\"Comunica\u00e7\u00e3o PSOL\",\"@id\":\"https:\/\/psol50.org.br\/#\/schema\/person\/475dfa57d0b815993c714c2e96491fcd\"},\"headline\":\"Marinor Brito participa de manifesta\u00e7\u00e3o contra Belo Monte\",\"datePublished\":\"2011-02-08T00:00:00+00:00\",\"mainEntityOfPage\":{\"@id\":\"https:\/\/psol50.org.br\/marinor-brito-participa-de-manifestacao-contra-belo-monte\/\"},\"wordCount\":364,\"commentCount\":0,\"publisher\":{\"@id\":\"https:\/\/psol50.org.br\/#organization\"},\"image\":{\"@id\":\"https:\/\/psol50.org.br\/marinor-brito-participa-de-manifestacao-contra-belo-monte\/#primaryimage\"},\"thumbnailUrl\":\"http:\/\/psol50.org.br\/files\/2011\/02\/maribelo1-300x225.jpg\",\"articleSection\":[\"Arquivo\"],\"inLanguage\":\"pt-BR\",\"potentialAction\":[{\"@type\":\"CommentAction\",\"name\":\"Comment\",\"target\":[\"https:\/\/psol50.org.br\/marinor-brito-participa-de-manifestacao-contra-belo-monte\/#respond\"]}]},{\"@type\":\"WebPage\",\"@id\":\"https:\/\/psol50.org.br\/marinor-brito-participa-de-manifestacao-contra-belo-monte\/\",\"url\":\"https:\/\/psol50.org.br\/marinor-brito-participa-de-manifestacao-contra-belo-monte\/\",\"name\":\"Marinor Brito participa de manifesta\u00e7\u00e3o contra Belo Monte - PSOL 50\",\"isPartOf\":{\"@id\":\"https:\/\/psol50.org.br\/#website\"},\"primaryImageOfPage\":{\"@id\":\"https:\/\/psol50.org.br\/marinor-brito-participa-de-manifestacao-contra-belo-monte\/#primaryimage\"},\"image\":{\"@id\":\"https:\/\/psol50.org.br\/marinor-brito-participa-de-manifestacao-contra-belo-monte\/#primaryimage\"},\"thumbnailUrl\":\"http:\/\/psol50.org.br\/files\/2011\/02\/maribelo1-300x225.jpg\",\"datePublished\":\"2011-02-08T00:00:00+00:00\",\"breadcrumb\":{\"@id\":\"https:\/\/psol50.org.br\/marinor-brito-participa-de-manifestacao-contra-belo-monte\/#breadcrumb\"},\"inLanguage\":\"pt-BR\",\"potentialAction\":[{\"@type\":\"ReadAction\",\"target\":[\"https:\/\/psol50.org.br\/marinor-brito-participa-de-manifestacao-contra-belo-monte\/\"]}]},{\"@type\":\"ImageObject\",\"inLanguage\":\"pt-BR\",\"@id\":\"https:\/\/psol50.org.br\/marinor-brito-participa-de-manifestacao-contra-belo-monte\/#primaryimage\",\"url\":\"http:\/\/psol50.org.br\/files\/2011\/02\/maribelo1-300x225.jpg\",\"contentUrl\":\"http:\/\/psol50.org.br\/files\/2011\/02\/maribelo1-300x225.jpg\"},{\"@type\":\"BreadcrumbList\",\"@id\":\"https:\/\/psol50.org.br\/marinor-brito-participa-de-manifestacao-contra-belo-monte\/#breadcrumb\",\"itemListElement\":[{\"@type\":\"ListItem\",\"position\":1,\"name\":\"In\u00edcio\",\"item\":\"https:\/\/psol50.org.br\/\"},{\"@type\":\"ListItem\",\"position\":2,\"name\":\"Marinor Brito participa de manifesta\u00e7\u00e3o contra Belo Monte\"}]},{\"@type\":\"WebSite\",\"@id\":\"https:\/\/psol50.org.br\/#website\",\"url\":\"https:\/\/psol50.org.br\/\",\"name\":\"PSOL 50\",\"description\":\"Site oficial do Partido Socialismo e Liberdade\",\"publisher\":{\"@id\":\"https:\/\/psol50.org.br\/#organization\"},\"alternateName\":\"PSOL50\",\"potentialAction\":[{\"@type\":\"SearchAction\",\"target\":{\"@type\":\"EntryPoint\",\"urlTemplate\":\"https:\/\/psol50.org.br\/?s={search_term_string}\"},\"query-input\":{\"@type\":\"PropertyValueSpecification\",\"valueRequired\":true,\"valueName\":\"search_term_string\"}}],\"inLanguage\":\"pt-BR\"},{\"@type\":\"Organization\",\"@id\":\"https:\/\/psol50.org.br\/#organization\",\"name\":\"PSOL 50\",\"alternateName\":\"PSOL 50\",\"url\":\"https:\/\/psol50.org.br\/\",\"logo\":{\"@type\":\"ImageObject\",\"inLanguage\":\"pt-BR\",\"@id\":\"https:\/\/psol50.org.br\/#\/schema\/logo\/image\/\",\"url\":\"https:\/\/psol50.org.br\/inc\/uploads\/2018\/07\/capa.png\",\"contentUrl\":\"https:\/\/psol50.org.br\/inc\/uploads\/2018\/07\/capa.png\",\"width\":1350,\"height\":900,\"caption\":\"PSOL 50\"},\"image\":{\"@id\":\"https:\/\/psol50.org.br\/#\/schema\/logo\/image\/\"},\"sameAs\":[\"https:\/\/www.facebook.com\/psol50\",\"https:\/\/x.com\/psol50\",\"https:\/\/www.instagram.com\/psol50\/\",\"https:\/\/www.youtube.com\/channel\/UC7SnJS5o1os7a6CaiNabzcg\"]},{\"@type\":\"Person\",\"@id\":\"https:\/\/psol50.org.br\/#\/schema\/person\/475dfa57d0b815993c714c2e96491fcd\",\"name\":\"Comunica\u00e7\u00e3o PSOL\",\"image\":{\"@type\":\"ImageObject\",\"inLanguage\":\"pt-BR\",\"@id\":\"https:\/\/psol50.org.br\/#\/schema\/person\/image\/\",\"url\":\"https:\/\/secure.gravatar.com\/avatar\/b34fc4f4e468a4e51785917065a3db57b841f5c95dba6ad8c73aaf8f66f8f9bf?s=96&d=mm&r=g\",\"contentUrl\":\"https:\/\/secure.gravatar.com\/avatar\/b34fc4f4e468a4e51785917065a3db57b841f5c95dba6ad8c73aaf8f66f8f9bf?s=96&d=mm&r=g\",\"caption\":\"Comunica\u00e7\u00e3o PSOL\"}}]}<\/script>\n<!-- \/ Yoast SEO plugin. -->","yoast_head_json":{"title":"Marinor Brito participa de manifesta\u00e7\u00e3o contra Belo Monte - PSOL 50","robots":{"index":"index","follow":"follow","max-snippet":"max-snippet:-1","max-image-preview":"max-image-preview:large","max-video-preview":"max-video-preview:-1"},"canonical":"https:\/\/psol50.org.br\/marinor-brito-participa-de-manifestacao-contra-belo-monte\/","og_locale":"pt_BR","og_type":"article","og_title":"Marinor Brito participa de manifesta\u00e7\u00e3o contra Belo Monte - PSOL 50","og_description":"A senadora Marinor Brito participou hoje, dia 8, da manifesta\u00e7\u00e3o em frente ao Congresso Nacional, contra a constru\u00e7\u00e3o da usina hidrel\u00e9trica de Belo Monte, no estado do Par\u00e1. Segundo a l\u00edder do PSOL no Senado Federal, a posi\u00e7\u00e3o do partido \u00e9 contr\u00e1ria a constru\u00e7\u00e3o da usina hidrel\u00e9trica de Belo Monte. \u201cSomos parceiros na luta contra [&hellip;]","og_url":"https:\/\/psol50.org.br\/marinor-brito-participa-de-manifestacao-contra-belo-monte\/","og_site_name":"PSOL 50","article_publisher":"https:\/\/www.facebook.com\/psol50","article_published_time":"2011-02-08T00:00:00+00:00","og_image":[{"url":"http:\/\/psol50.org.br\/files\/2011\/02\/maribelo1-300x225.jpg","type":"","width":"","height":""}],"author":"Comunica\u00e7\u00e3o PSOL","twitter_card":"summary_large_image","twitter_creator":"@psol50","twitter_site":"@psol50","twitter_misc":{"Escrito por":"Comunica\u00e7\u00e3o PSOL","Est. tempo de leitura":"2 minutos"},"schema":{"@context":"https:\/\/schema.org","@graph":[{"@type":"Article","@id":"https:\/\/psol50.org.br\/marinor-brito-participa-de-manifestacao-contra-belo-monte\/#article","isPartOf":{"@id":"https:\/\/psol50.org.br\/marinor-brito-participa-de-manifestacao-contra-belo-monte\/"},"author":{"name":"Comunica\u00e7\u00e3o PSOL","@id":"https:\/\/psol50.org.br\/#\/schema\/person\/475dfa57d0b815993c714c2e96491fcd"},"headline":"Marinor Brito participa de manifesta\u00e7\u00e3o contra Belo Monte","datePublished":"2011-02-08T00:00:00+00:00","mainEntityOfPage":{"@id":"https:\/\/psol50.org.br\/marinor-brito-participa-de-manifestacao-contra-belo-monte\/"},"wordCount":364,"commentCount":0,"publisher":{"@id":"https:\/\/psol50.org.br\/#organization"},"image":{"@id":"https:\/\/psol50.org.br\/marinor-brito-participa-de-manifestacao-contra-belo-monte\/#primaryimage"},"thumbnailUrl":"http:\/\/psol50.org.br\/files\/2011\/02\/maribelo1-300x225.jpg","articleSection":["Arquivo"],"inLanguage":"pt-BR","potentialAction":[{"@type":"CommentAction","name":"Comment","target":["https:\/\/psol50.org.br\/marinor-brito-participa-de-manifestacao-contra-belo-monte\/#respond"]}]},{"@type":"WebPage","@id":"https:\/\/psol50.org.br\/marinor-brito-participa-de-manifestacao-contra-belo-monte\/","url":"https:\/\/psol50.org.br\/marinor-brito-participa-de-manifestacao-contra-belo-monte\/","name":"Marinor Brito participa de manifesta\u00e7\u00e3o contra Belo Monte - PSOL 50","isPartOf":{"@id":"https:\/\/psol50.org.br\/#website"},"primaryImageOfPage":{"@id":"https:\/\/psol50.org.br\/marinor-brito-participa-de-manifestacao-contra-belo-monte\/#primaryimage"},"image":{"@id":"https:\/\/psol50.org.br\/marinor-brito-participa-de-manifestacao-contra-belo-monte\/#primaryimage"},"thumbnailUrl":"http:\/\/psol50.org.br\/files\/2011\/02\/maribelo1-300x225.jpg","datePublished":"2011-02-08T00:00:00+00:00","breadcrumb":{"@id":"https:\/\/psol50.org.br\/marinor-brito-participa-de-manifestacao-contra-belo-monte\/#breadcrumb"},"inLanguage":"pt-BR","potentialAction":[{"@type":"ReadAction","target":["https:\/\/psol50.org.br\/marinor-brito-participa-de-manifestacao-contra-belo-monte\/"]}]},{"@type":"ImageObject","inLanguage":"pt-BR","@id":"https:\/\/psol50.org.br\/marinor-brito-participa-de-manifestacao-contra-belo-monte\/#primaryimage","url":"http:\/\/psol50.org.br\/files\/2011\/02\/maribelo1-300x225.jpg","contentUrl":"http:\/\/psol50.org.br\/files\/2011\/02\/maribelo1-300x225.jpg"},{"@type":"BreadcrumbList","@id":"https:\/\/psol50.org.br\/marinor-brito-participa-de-manifestacao-contra-belo-monte\/#breadcrumb","itemListElement":[{"@type":"ListItem","position":1,"name":"In\u00edcio","item":"https:\/\/psol50.org.br\/"},{"@type":"ListItem","position":2,"name":"Marinor Brito participa de manifesta\u00e7\u00e3o contra Belo Monte"}]},{"@type":"WebSite","@id":"https:\/\/psol50.org.br\/#website","url":"https:\/\/psol50.org.br\/","name":"PSOL 50","description":"Site oficial do Partido Socialismo e Liberdade","publisher":{"@id":"https:\/\/psol50.org.br\/#organization"},"alternateName":"PSOL50","potentialAction":[{"@type":"SearchAction","target":{"@type":"EntryPoint","urlTemplate":"https:\/\/psol50.org.br\/?s={search_term_string}"},"query-input":{"@type":"PropertyValueSpecification","valueRequired":true,"valueName":"search_term_string"}}],"inLanguage":"pt-BR"},{"@type":"Organization","@id":"https:\/\/psol50.org.br\/#organization","name":"PSOL 50","alternateName":"PSOL 50","url":"https:\/\/psol50.org.br\/","logo":{"@type":"ImageObject","inLanguage":"pt-BR","@id":"https:\/\/psol50.org.br\/#\/schema\/logo\/image\/","url":"https:\/\/psol50.org.br\/inc\/uploads\/2018\/07\/capa.png","contentUrl":"https:\/\/psol50.org.br\/inc\/uploads\/2018\/07\/capa.png","width":1350,"height":900,"caption":"PSOL 50"},"image":{"@id":"https:\/\/psol50.org.br\/#\/schema\/logo\/image\/"},"sameAs":["https:\/\/www.facebook.com\/psol50","https:\/\/x.com\/psol50","https:\/\/www.instagram.com\/psol50\/","https:\/\/www.youtube.com\/channel\/UC7SnJS5o1os7a6CaiNabzcg"]},{"@type":"Person","@id":"https:\/\/psol50.org.br\/#\/schema\/person\/475dfa57d0b815993c714c2e96491fcd","name":"Comunica\u00e7\u00e3o PSOL","image":{"@type":"ImageObject","inLanguage":"pt-BR","@id":"https:\/\/psol50.org.br\/#\/schema\/person\/image\/","url":"https:\/\/secure.gravatar.com\/avatar\/b34fc4f4e468a4e51785917065a3db57b841f5c95dba6ad8c73aaf8f66f8f9bf?s=96&d=mm&r=g","contentUrl":"https:\/\/secure.gravatar.com\/avatar\/b34fc4f4e468a4e51785917065a3db57b841f5c95dba6ad8c73aaf8f66f8f9bf?s=96&d=mm&r=g","caption":"Comunica\u00e7\u00e3o PSOL"}}]}},"_links":{"self":[{"href":"https:\/\/psol50.org.br\/rest\/wp\/v2\/posts\/7530","targetHints":{"allow":["GET"]}}],"collection":[{"href":"https:\/\/psol50.org.br\/rest\/wp\/v2\/posts"}],"about":[{"href":"https:\/\/psol50.org.br\/rest\/wp\/v2\/types\/post"}],"author":[{"embeddable":true,"href":"https:\/\/psol50.org.br\/rest\/wp\/v2\/users\/2"}],"replies":[{"embeddable":true,"href":"https:\/\/psol50.org.br\/rest\/wp\/v2\/comments?post=7530"}],"version-history":[{"count":0,"href":"https:\/\/psol50.org.br\/rest\/wp\/v2\/posts\/7530\/revisions"}],"wp:attachment":[{"href":"https:\/\/psol50.org.br\/rest\/wp\/v2\/media?parent=7530"}],"wp:term":[{"taxonomy":"category","embeddable":true,"href":"https:\/\/psol50.org.br\/rest\/wp\/v2\/categories?post=7530"},{"taxonomy":"post_tag","embeddable":true,"href":"https:\/\/psol50.org.br\/rest\/wp\/v2\/tags?post=7530"}],"curies":[{"name":"wp","href":"https:\/\/api.w.org\/{rel}","templated":true}]}}