{"id":754,"date":"2010-08-04T00:00:00","date_gmt":"2010-08-04T00:00:00","guid":{"rendered":"http:\/\/psol50.org.br\/arquivo\/2010\/08\/04\/marcha-mundial-das-mulheres-contra-a-acao-criminosa-da-rede-globo-em-relacao-as-mulheres-que-praticam-aborto\/"},"modified":"2010-08-04T00:00:00","modified_gmt":"2010-08-04T00:00:00","slug":"marcha-mundial-das-mulheres-contra-a-acao-criminosa-da-rede-globo-em-relacao-as-mulheres-que-praticam-aborto","status":"publish","type":"post","link":"https:\/\/psol50.org.br\/marcha-mundial-das-mulheres-contra-a-acao-criminosa-da-rede-globo-em-relacao-as-mulheres-que-praticam-aborto\/","title":{"rendered":"Marcha Mundial das Mulheres Contra a a\u00e7\u00e3o criminosa da Rede Globo em rela\u00e7\u00e3o \u00e0s mulheres que praticam aborto"},"content":{"rendered":"<p>\u00c9 \u201cfant\u00e1stico\u201d como a Rede Globo, ao longo dos \u00faltimos anos, tem cumprido um papel de afirmar e incrementar vis\u00f5es conservadoras na sociedade brasileira de forma geral, e de reafirmar a ideia do aborto como assassinato, em particular. As novelas da Globo t\u00eam sido o principal instrumento para veicular esta vis\u00e3o de aborto como crime e taxar as mulheres que o praticam de assassinas.<\/p>\n<p>N\u00e3o bastasse, esta emissora tem tamb\u00e9m assumido um papel policialesco, ao produzir reportagens para criminalizar e denunciar o aborto clandestino. N\u00e3o podemos esquecer que o estouro de uma cl\u00ednica no Mato Grosso do Sul, no final de 2007, que resultou na exposi\u00e7\u00e3o p\u00fablica do nome de dez mil mulheres e na condena\u00e7\u00e3o de trabalhadoras e de mulheres que fizeram aborto, foi desencadeada a partir da a\u00e7\u00e3o desta emissora, ap\u00f3s den\u00fancia feita contra a cl\u00ednica.<\/p>\n<p>A partir deste epis\u00f3dio, tem se desenvolvido no Brasil uma a\u00e7\u00e3o sem precedentes de criminaliza\u00e7\u00e3o do aborto. Inclusive com a proposta de uma CPI do aborto, contra a qual os movimentos t\u00eam lutado. Sabemos que a Rede Globo n\u00e3o est\u00e1 sozinha. Ela se articula com o setores mais conservadores da sociedade, que re\u00fane parlamentares e igreja cat\u00f3lica, com o intuito de retroceder nos poucos avan\u00e7os que as mulheres conquistaram na \u00e1rea dos direitos reprodutivos.<\/p>\n<p>Neste domingo, 1\u00ba de agosto, o programa Fant\u00e1stico fez uma reportagem no m\u00ednimo revoltante. Em uma a\u00e7\u00e3o policialesca, entrou em clinicas clandestinas de Salvador, Bel\u00e9m e Rio de Janeiro para denunciar o aborto clandestino. Como sempre, foram expostas as mulheres pobres e as cl\u00ednicas que atendem mulheres pobres, marcando assim o car\u00e1ter de classe da criminaliza\u00e7\u00e3o do aborto. Por que n\u00e3o mostrou as cl\u00ednicas em que as artistas e celebridades da Globo fazem abortos? Por que n\u00e3o mostrou os m\u00e9dicos as atendem? Ficou claro as mulheres ricas e as artistas da globo ficam preservadas, pois para elas o aborto n\u00e3o \u00e9 problema, e nem \u00e9 feito nestas cl\u00ednicas.<\/p>\n<p>Esta atua\u00e7\u00e3o da Globo somente refor\u00e7a a j\u00e1 emblem\u00e1tica situa\u00e7\u00e3o de criminaliza\u00e7\u00e3o instaurada no pa\u00eds. Sabemos que o aumento da repress\u00e3o empurra as mulheres pobres para pr\u00e1ticas de aborto cada vez mais inseguras, condenando-as a correr graves riscos para suas vidas, e para sua sa\u00fade f\u00edsica e ps\u00edquica. Al\u00e9m de n\u00e3o contribuir para reduzir este grave problema de sa\u00fade p\u00fablica, alem de demarcar o lugar de subordina\u00e7\u00e3o das mulheres, j\u00e1 que elas n\u00e3o t\u00eam o direito de decidir sobre seus corpos e suas vidas.<\/p>\n<p>\u00c9 preciso lembrar sempre que s\u00e3o as mulheres pobres, negras e jovens, do campo e da periferia das cidades, as que mais sofrem com a criminaliza\u00e7\u00e3o. S\u00e3o elas que recorrem \u00e0 cl\u00ednicas clandestinas e a outros meios prec\u00e1rios e inseguros, uma vez que n\u00e3o podem pagar pelo servi\u00e7o clandestino na rede privada, que cobra alt\u00edssimos pre\u00e7os, nem podem viajar para pa\u00edses onde o aborto \u00e9 legalizado, op\u00e7\u00f5es seguras para as mulheres ricas.<\/p>\n<p>Diante de tudo isso, n\u00f3s, mulheres da Marcha Mundial, vimos a p\u00fablico repudiar esta a\u00e7\u00e3o criminosa da Rede Globo contra as mulheres pobres que praticam aborto. Ao inv\u00e9s de puni\u00e7\u00e3o, n\u00f3s propomos para o Brasil uma pol\u00edtica p\u00fablica integral de sa\u00fade que auxilie mulheres e homens a adotarem um comportamento preventivo, que promova de forma universal o acesso a todos os meios de prote\u00e7\u00e3o \u00e0 sa\u00fade, concep\u00e7\u00e3o e anticoncep\u00e7\u00e3o, sem coer\u00e7\u00e3o e com respeito. Somente a legaliza\u00e7ao do aborto no Brasil \u00e9 capaz de reverter a situa\u00e7\u00e3o dram\u00e1tica da clandestinidade do aborto, que mata, humilha e pune as mulheres que ousam decidir por suas vidas.<\/p>\n<p>Fazemos coro com os movimentos que lutam pela democratiza\u00e7\u00e3o dos meios de comunica\u00e7\u00e3o para dar um basta nesta postura criminosa, reacion\u00e1ria e autorit\u00e1ria da Rede Globo.<\/p>\n<p>Fora Rede Globo! Basta de viol\u00eancia contra a mulher!<\/p>\n<p>Pelo fim da criminaliza\u00e7\u00e3o das mulheres e pela legaliza\u00e7\u00e3o do aborto!<br \/>\nMarcha Mundial das Mulheres<\/p>\n","protected":false},"excerpt":{"rendered":"<p>\u00c9 \u201cfant\u00e1stico\u201d como a Rede Globo, ao longo dos \u00faltimos anos, tem cumprido um papel de afirmar e incrementar vis\u00f5es conservadoras na sociedade brasileira de forma geral, e de reafirmar a ideia do aborto como assassinato, em particular. As novelas da Globo t\u00eam sido o principal instrumento para veicular esta vis\u00e3o de aborto como crime [&hellip;]<\/p>\n","protected":false},"author":2,"featured_media":0,"comment_status":"open","ping_status":"open","sticky":false,"template":"","format":"standard","meta":{"_acf_changed":false,"footnotes":""},"categories":[4766],"tags":[],"class_list":{"0":"post-754","1":"post","2":"type-post","3":"status-publish","4":"format-standard","6":"category-arquivo"},"acf":[],"yoast_head":"<!-- This site is optimized with the Yoast SEO plugin v26.5 - https:\/\/yoast.com\/wordpress\/plugins\/seo\/ -->\n<title>Marcha Mundial das Mulheres Contra a a\u00e7\u00e3o criminosa da Rede Globo em rela\u00e7\u00e3o \u00e0s mulheres que praticam aborto - PSOL 50<\/title>\n<meta name=\"robots\" content=\"index, follow, max-snippet:-1, max-image-preview:large, max-video-preview:-1\" \/>\n<link rel=\"canonical\" href=\"https:\/\/psol50.org.br\/marcha-mundial-das-mulheres-contra-a-acao-criminosa-da-rede-globo-em-relacao-as-mulheres-que-praticam-aborto\/\" \/>\n<meta property=\"og:locale\" content=\"pt_BR\" \/>\n<meta property=\"og:type\" content=\"article\" \/>\n<meta property=\"og:title\" content=\"Marcha Mundial das Mulheres Contra a a\u00e7\u00e3o criminosa da Rede Globo em rela\u00e7\u00e3o \u00e0s mulheres que praticam aborto - PSOL 50\" \/>\n<meta property=\"og:description\" content=\"\u00c9 \u201cfant\u00e1stico\u201d como a Rede Globo, ao longo dos \u00faltimos anos, tem cumprido um papel de afirmar e incrementar vis\u00f5es conservadoras na sociedade brasileira de forma geral, e de reafirmar a ideia do aborto como assassinato, em particular. As novelas da Globo t\u00eam sido o principal instrumento para veicular esta vis\u00e3o de aborto como crime [&hellip;]\" \/>\n<meta property=\"og:url\" content=\"https:\/\/psol50.org.br\/marcha-mundial-das-mulheres-contra-a-acao-criminosa-da-rede-globo-em-relacao-as-mulheres-que-praticam-aborto\/\" \/>\n<meta property=\"og:site_name\" content=\"PSOL 50\" \/>\n<meta property=\"article:publisher\" content=\"https:\/\/www.facebook.com\/psol50\" \/>\n<meta property=\"article:published_time\" content=\"2010-08-04T00:00:00+00:00\" \/>\n<meta property=\"og:image\" content=\"https:\/\/psol50.org.br\/inc\/uploads\/2018\/07\/capa.png\" \/>\n\t<meta property=\"og:image:width\" content=\"1350\" \/>\n\t<meta property=\"og:image:height\" content=\"900\" \/>\n\t<meta property=\"og:image:type\" content=\"image\/png\" \/>\n<meta name=\"author\" content=\"Comunica\u00e7\u00e3o PSOL\" \/>\n<meta name=\"twitter:card\" content=\"summary_large_image\" \/>\n<meta name=\"twitter:creator\" content=\"@psol50\" \/>\n<meta name=\"twitter:site\" content=\"@psol50\" \/>\n<meta name=\"twitter:label1\" content=\"Escrito por\" \/>\n\t<meta name=\"twitter:data1\" content=\"Comunica\u00e7\u00e3o PSOL\" \/>\n\t<meta name=\"twitter:label2\" content=\"Est. tempo de leitura\" \/>\n\t<meta name=\"twitter:data2\" content=\"4 minutos\" \/>\n<script type=\"application\/ld+json\" class=\"yoast-schema-graph\">{\"@context\":\"https:\/\/schema.org\",\"@graph\":[{\"@type\":\"Article\",\"@id\":\"https:\/\/psol50.org.br\/marcha-mundial-das-mulheres-contra-a-acao-criminosa-da-rede-globo-em-relacao-as-mulheres-que-praticam-aborto\/#article\",\"isPartOf\":{\"@id\":\"https:\/\/psol50.org.br\/marcha-mundial-das-mulheres-contra-a-acao-criminosa-da-rede-globo-em-relacao-as-mulheres-que-praticam-aborto\/\"},\"author\":{\"name\":\"Comunica\u00e7\u00e3o PSOL\",\"@id\":\"https:\/\/psol50.org.br\/#\/schema\/person\/475dfa57d0b815993c714c2e96491fcd\"},\"headline\":\"Marcha Mundial das Mulheres Contra a a\u00e7\u00e3o criminosa da Rede Globo em rela\u00e7\u00e3o \u00e0s mulheres que praticam aborto\",\"datePublished\":\"2010-08-04T00:00:00+00:00\",\"mainEntityOfPage\":{\"@id\":\"https:\/\/psol50.org.br\/marcha-mundial-das-mulheres-contra-a-acao-criminosa-da-rede-globo-em-relacao-as-mulheres-que-praticam-aborto\/\"},\"wordCount\":730,\"commentCount\":0,\"publisher\":{\"@id\":\"https:\/\/psol50.org.br\/#organization\"},\"articleSection\":[\"Arquivo\"],\"inLanguage\":\"pt-BR\",\"potentialAction\":[{\"@type\":\"CommentAction\",\"name\":\"Comment\",\"target\":[\"https:\/\/psol50.org.br\/marcha-mundial-das-mulheres-contra-a-acao-criminosa-da-rede-globo-em-relacao-as-mulheres-que-praticam-aborto\/#respond\"]}]},{\"@type\":\"WebPage\",\"@id\":\"https:\/\/psol50.org.br\/marcha-mundial-das-mulheres-contra-a-acao-criminosa-da-rede-globo-em-relacao-as-mulheres-que-praticam-aborto\/\",\"url\":\"https:\/\/psol50.org.br\/marcha-mundial-das-mulheres-contra-a-acao-criminosa-da-rede-globo-em-relacao-as-mulheres-que-praticam-aborto\/\",\"name\":\"Marcha Mundial das Mulheres Contra a a\u00e7\u00e3o criminosa da Rede Globo em rela\u00e7\u00e3o \u00e0s mulheres que praticam aborto - PSOL 50\",\"isPartOf\":{\"@id\":\"https:\/\/psol50.org.br\/#website\"},\"datePublished\":\"2010-08-04T00:00:00+00:00\",\"breadcrumb\":{\"@id\":\"https:\/\/psol50.org.br\/marcha-mundial-das-mulheres-contra-a-acao-criminosa-da-rede-globo-em-relacao-as-mulheres-que-praticam-aborto\/#breadcrumb\"},\"inLanguage\":\"pt-BR\",\"potentialAction\":[{\"@type\":\"ReadAction\",\"target\":[\"https:\/\/psol50.org.br\/marcha-mundial-das-mulheres-contra-a-acao-criminosa-da-rede-globo-em-relacao-as-mulheres-que-praticam-aborto\/\"]}]},{\"@type\":\"BreadcrumbList\",\"@id\":\"https:\/\/psol50.org.br\/marcha-mundial-das-mulheres-contra-a-acao-criminosa-da-rede-globo-em-relacao-as-mulheres-que-praticam-aborto\/#breadcrumb\",\"itemListElement\":[{\"@type\":\"ListItem\",\"position\":1,\"name\":\"In\u00edcio\",\"item\":\"https:\/\/psol50.org.br\/\"},{\"@type\":\"ListItem\",\"position\":2,\"name\":\"Marcha Mundial das Mulheres Contra a a\u00e7\u00e3o criminosa da Rede Globo em rela\u00e7\u00e3o \u00e0s mulheres que praticam aborto\"}]},{\"@type\":\"WebSite\",\"@id\":\"https:\/\/psol50.org.br\/#website\",\"url\":\"https:\/\/psol50.org.br\/\",\"name\":\"PSOL 50\",\"description\":\"Site oficial do Partido Socialismo e Liberdade\",\"publisher\":{\"@id\":\"https:\/\/psol50.org.br\/#organization\"},\"alternateName\":\"PSOL50\",\"potentialAction\":[{\"@type\":\"SearchAction\",\"target\":{\"@type\":\"EntryPoint\",\"urlTemplate\":\"https:\/\/psol50.org.br\/?s={search_term_string}\"},\"query-input\":{\"@type\":\"PropertyValueSpecification\",\"valueRequired\":true,\"valueName\":\"search_term_string\"}}],\"inLanguage\":\"pt-BR\"},{\"@type\":\"Organization\",\"@id\":\"https:\/\/psol50.org.br\/#organization\",\"name\":\"PSOL 50\",\"alternateName\":\"PSOL 50\",\"url\":\"https:\/\/psol50.org.br\/\",\"logo\":{\"@type\":\"ImageObject\",\"inLanguage\":\"pt-BR\",\"@id\":\"https:\/\/psol50.org.br\/#\/schema\/logo\/image\/\",\"url\":\"https:\/\/psol50.org.br\/inc\/uploads\/2018\/07\/capa.png\",\"contentUrl\":\"https:\/\/psol50.org.br\/inc\/uploads\/2018\/07\/capa.png\",\"width\":1350,\"height\":900,\"caption\":\"PSOL 50\"},\"image\":{\"@id\":\"https:\/\/psol50.org.br\/#\/schema\/logo\/image\/\"},\"sameAs\":[\"https:\/\/www.facebook.com\/psol50\",\"https:\/\/x.com\/psol50\",\"https:\/\/www.instagram.com\/psol50\/\",\"https:\/\/www.youtube.com\/channel\/UC7SnJS5o1os7a6CaiNabzcg\"]},{\"@type\":\"Person\",\"@id\":\"https:\/\/psol50.org.br\/#\/schema\/person\/475dfa57d0b815993c714c2e96491fcd\",\"name\":\"Comunica\u00e7\u00e3o PSOL\",\"image\":{\"@type\":\"ImageObject\",\"inLanguage\":\"pt-BR\",\"@id\":\"https:\/\/psol50.org.br\/#\/schema\/person\/image\/\",\"url\":\"https:\/\/secure.gravatar.com\/avatar\/b34fc4f4e468a4e51785917065a3db57b841f5c95dba6ad8c73aaf8f66f8f9bf?s=96&d=mm&r=g\",\"contentUrl\":\"https:\/\/secure.gravatar.com\/avatar\/b34fc4f4e468a4e51785917065a3db57b841f5c95dba6ad8c73aaf8f66f8f9bf?s=96&d=mm&r=g\",\"caption\":\"Comunica\u00e7\u00e3o PSOL\"}}]}<\/script>\n<!-- \/ Yoast SEO plugin. -->","yoast_head_json":{"title":"Marcha Mundial das Mulheres Contra a a\u00e7\u00e3o criminosa da Rede Globo em rela\u00e7\u00e3o \u00e0s mulheres que praticam aborto - PSOL 50","robots":{"index":"index","follow":"follow","max-snippet":"max-snippet:-1","max-image-preview":"max-image-preview:large","max-video-preview":"max-video-preview:-1"},"canonical":"https:\/\/psol50.org.br\/marcha-mundial-das-mulheres-contra-a-acao-criminosa-da-rede-globo-em-relacao-as-mulheres-que-praticam-aborto\/","og_locale":"pt_BR","og_type":"article","og_title":"Marcha Mundial das Mulheres Contra a a\u00e7\u00e3o criminosa da Rede Globo em rela\u00e7\u00e3o \u00e0s mulheres que praticam aborto - PSOL 50","og_description":"\u00c9 \u201cfant\u00e1stico\u201d como a Rede Globo, ao longo dos \u00faltimos anos, tem cumprido um papel de afirmar e incrementar vis\u00f5es conservadoras na sociedade brasileira de forma geral, e de reafirmar a ideia do aborto como assassinato, em particular. As novelas da Globo t\u00eam sido o principal instrumento para veicular esta vis\u00e3o de aborto como crime [&hellip;]","og_url":"https:\/\/psol50.org.br\/marcha-mundial-das-mulheres-contra-a-acao-criminosa-da-rede-globo-em-relacao-as-mulheres-que-praticam-aborto\/","og_site_name":"PSOL 50","article_publisher":"https:\/\/www.facebook.com\/psol50","article_published_time":"2010-08-04T00:00:00+00:00","og_image":[{"width":1350,"height":900,"url":"https:\/\/psol50.org.br\/inc\/uploads\/2018\/07\/capa.png","type":"image\/png"}],"author":"Comunica\u00e7\u00e3o PSOL","twitter_card":"summary_large_image","twitter_creator":"@psol50","twitter_site":"@psol50","twitter_misc":{"Escrito por":"Comunica\u00e7\u00e3o PSOL","Est. tempo de leitura":"4 minutos"},"schema":{"@context":"https:\/\/schema.org","@graph":[{"@type":"Article","@id":"https:\/\/psol50.org.br\/marcha-mundial-das-mulheres-contra-a-acao-criminosa-da-rede-globo-em-relacao-as-mulheres-que-praticam-aborto\/#article","isPartOf":{"@id":"https:\/\/psol50.org.br\/marcha-mundial-das-mulheres-contra-a-acao-criminosa-da-rede-globo-em-relacao-as-mulheres-que-praticam-aborto\/"},"author":{"name":"Comunica\u00e7\u00e3o PSOL","@id":"https:\/\/psol50.org.br\/#\/schema\/person\/475dfa57d0b815993c714c2e96491fcd"},"headline":"Marcha Mundial das Mulheres Contra a a\u00e7\u00e3o criminosa da Rede Globo em rela\u00e7\u00e3o \u00e0s mulheres que praticam aborto","datePublished":"2010-08-04T00:00:00+00:00","mainEntityOfPage":{"@id":"https:\/\/psol50.org.br\/marcha-mundial-das-mulheres-contra-a-acao-criminosa-da-rede-globo-em-relacao-as-mulheres-que-praticam-aborto\/"},"wordCount":730,"commentCount":0,"publisher":{"@id":"https:\/\/psol50.org.br\/#organization"},"articleSection":["Arquivo"],"inLanguage":"pt-BR","potentialAction":[{"@type":"CommentAction","name":"Comment","target":["https:\/\/psol50.org.br\/marcha-mundial-das-mulheres-contra-a-acao-criminosa-da-rede-globo-em-relacao-as-mulheres-que-praticam-aborto\/#respond"]}]},{"@type":"WebPage","@id":"https:\/\/psol50.org.br\/marcha-mundial-das-mulheres-contra-a-acao-criminosa-da-rede-globo-em-relacao-as-mulheres-que-praticam-aborto\/","url":"https:\/\/psol50.org.br\/marcha-mundial-das-mulheres-contra-a-acao-criminosa-da-rede-globo-em-relacao-as-mulheres-que-praticam-aborto\/","name":"Marcha Mundial das Mulheres Contra a a\u00e7\u00e3o criminosa da Rede Globo em rela\u00e7\u00e3o \u00e0s mulheres que praticam aborto - PSOL 50","isPartOf":{"@id":"https:\/\/psol50.org.br\/#website"},"datePublished":"2010-08-04T00:00:00+00:00","breadcrumb":{"@id":"https:\/\/psol50.org.br\/marcha-mundial-das-mulheres-contra-a-acao-criminosa-da-rede-globo-em-relacao-as-mulheres-que-praticam-aborto\/#breadcrumb"},"inLanguage":"pt-BR","potentialAction":[{"@type":"ReadAction","target":["https:\/\/psol50.org.br\/marcha-mundial-das-mulheres-contra-a-acao-criminosa-da-rede-globo-em-relacao-as-mulheres-que-praticam-aborto\/"]}]},{"@type":"BreadcrumbList","@id":"https:\/\/psol50.org.br\/marcha-mundial-das-mulheres-contra-a-acao-criminosa-da-rede-globo-em-relacao-as-mulheres-que-praticam-aborto\/#breadcrumb","itemListElement":[{"@type":"ListItem","position":1,"name":"In\u00edcio","item":"https:\/\/psol50.org.br\/"},{"@type":"ListItem","position":2,"name":"Marcha Mundial das Mulheres Contra a a\u00e7\u00e3o criminosa da Rede Globo em rela\u00e7\u00e3o \u00e0s mulheres que praticam aborto"}]},{"@type":"WebSite","@id":"https:\/\/psol50.org.br\/#website","url":"https:\/\/psol50.org.br\/","name":"PSOL 50","description":"Site oficial do Partido Socialismo e Liberdade","publisher":{"@id":"https:\/\/psol50.org.br\/#organization"},"alternateName":"PSOL50","potentialAction":[{"@type":"SearchAction","target":{"@type":"EntryPoint","urlTemplate":"https:\/\/psol50.org.br\/?s={search_term_string}"},"query-input":{"@type":"PropertyValueSpecification","valueRequired":true,"valueName":"search_term_string"}}],"inLanguage":"pt-BR"},{"@type":"Organization","@id":"https:\/\/psol50.org.br\/#organization","name":"PSOL 50","alternateName":"PSOL 50","url":"https:\/\/psol50.org.br\/","logo":{"@type":"ImageObject","inLanguage":"pt-BR","@id":"https:\/\/psol50.org.br\/#\/schema\/logo\/image\/","url":"https:\/\/psol50.org.br\/inc\/uploads\/2018\/07\/capa.png","contentUrl":"https:\/\/psol50.org.br\/inc\/uploads\/2018\/07\/capa.png","width":1350,"height":900,"caption":"PSOL 50"},"image":{"@id":"https:\/\/psol50.org.br\/#\/schema\/logo\/image\/"},"sameAs":["https:\/\/www.facebook.com\/psol50","https:\/\/x.com\/psol50","https:\/\/www.instagram.com\/psol50\/","https:\/\/www.youtube.com\/channel\/UC7SnJS5o1os7a6CaiNabzcg"]},{"@type":"Person","@id":"https:\/\/psol50.org.br\/#\/schema\/person\/475dfa57d0b815993c714c2e96491fcd","name":"Comunica\u00e7\u00e3o PSOL","image":{"@type":"ImageObject","inLanguage":"pt-BR","@id":"https:\/\/psol50.org.br\/#\/schema\/person\/image\/","url":"https:\/\/secure.gravatar.com\/avatar\/b34fc4f4e468a4e51785917065a3db57b841f5c95dba6ad8c73aaf8f66f8f9bf?s=96&d=mm&r=g","contentUrl":"https:\/\/secure.gravatar.com\/avatar\/b34fc4f4e468a4e51785917065a3db57b841f5c95dba6ad8c73aaf8f66f8f9bf?s=96&d=mm&r=g","caption":"Comunica\u00e7\u00e3o PSOL"}}]}},"_links":{"self":[{"href":"https:\/\/psol50.org.br\/rest\/wp\/v2\/posts\/754","targetHints":{"allow":["GET"]}}],"collection":[{"href":"https:\/\/psol50.org.br\/rest\/wp\/v2\/posts"}],"about":[{"href":"https:\/\/psol50.org.br\/rest\/wp\/v2\/types\/post"}],"author":[{"embeddable":true,"href":"https:\/\/psol50.org.br\/rest\/wp\/v2\/users\/2"}],"replies":[{"embeddable":true,"href":"https:\/\/psol50.org.br\/rest\/wp\/v2\/comments?post=754"}],"version-history":[{"count":0,"href":"https:\/\/psol50.org.br\/rest\/wp\/v2\/posts\/754\/revisions"}],"wp:attachment":[{"href":"https:\/\/psol50.org.br\/rest\/wp\/v2\/media?parent=754"}],"wp:term":[{"taxonomy":"category","embeddable":true,"href":"https:\/\/psol50.org.br\/rest\/wp\/v2\/categories?post=754"},{"taxonomy":"post_tag","embeddable":true,"href":"https:\/\/psol50.org.br\/rest\/wp\/v2\/tags?post=754"}],"curies":[{"name":"wp","href":"https:\/\/api.w.org\/{rel}","templated":true}]}}