{"id":7557,"date":"2011-07-07T00:00:00","date_gmt":"2011-07-07T00:00:00","guid":{"rendered":"http:\/\/psol50.org.br\/arquivo\/2011\/07\/07\/psol-representa-contra-alfredo-nascimento-no-conselho-de-etica\/"},"modified":"2011-07-07T00:00:00","modified_gmt":"2011-07-07T00:00:00","slug":"psol-representa-contra-alfredo-nascimento-no-conselho-de-etica","status":"publish","type":"post","link":"https:\/\/psol50.org.br\/psol-representa-contra-alfredo-nascimento-no-conselho-de-etica\/","title":{"rendered":"PSOL representa contra Alfredo Nascimento no Conselho de \u00c9tica"},"content":{"rendered":"<p><a rel=\"attachment wp-att-9237\" href=\"http:\/\/psol50.org.br\/blog\/2011\/07\/07\/psol-representa-contra-alfredo-nascimento-no-conselho-de-etica\/os-senadores-randolfe-rodrigues-psol-ap-e-marinor-brito-psol-pa-protocolam-representacao-no-conselho-de-etica-contra-o-senador-alfredo-nascimento-pr-am\/\"><img loading=\"lazy\" decoding=\"async\" class=\"alignleft size-medium wp-image-9237\" src=\"http:\/\/psol50.org.br\/files\/2011\/07\/PSOL_contra_corrup\u00e7\u00e3oMT-300x168.jpg\" alt=\"\" width=\"300\" height=\"168\" \/><\/a>A bancada do PSOL protocolou, na tarde desta quinta-feira (7), representa\u00e7\u00e3o no Conselho de \u00c9tica do Senado para apurar poss\u00edvel quebra de decoro por parte do ex-ministro dos Transportes Alfredo Nascimento (PR-AM). Como Nascimento \u00e9 senador, eleito em 2006, ele volta automaticamente a ocupar uma cadeira no Senado, para completar o mandato at\u00e9 janeiro de 2015.<\/p>\n<p>De acordo com a senadora Marinor Brito (PSOL-PA), o pedido de investiga\u00e7\u00e3o n\u00e3o \u00e9 para &#8220;decretar a morte de ningu\u00e9m&#8221;, mas para buscar o interesse p\u00fablico. A senadora argumentou que, se Nascimento n\u00e3o serve para ser ministro, tamb\u00e9m n\u00e3o pode ser senador.<\/p>\n<p>&#8211; N\u00e3o aceitamos que uma pessoa com esse curr\u00edculo e com essas den\u00fancias tenha uma cadeira no Senado Federal &#8211; afirmou.<\/p>\n<p>A senadora pelo Par\u00e1 disse que sofreu &#8220;intimida\u00e7\u00e3o&#8221; por parte do presidente do Conselho de \u00c9tica, senador Jo\u00e3o Alberto Souza (PMDB-MA), logo ap\u00f3s anunciar em Plen\u00e1rio a inten\u00e7\u00e3o de fazer a representa\u00e7\u00e3o contra Alfredo Nascimento, na quarta-feira (6).<\/p>\n<p>Segundo a senadora, Jo\u00e3o Alberto lembrou que havia uma representa\u00e7\u00e3o contra ela no Conselho de \u00c9tica, relativa a uma desaven\u00e7a com o deputado Jair Bolsonaro (PP-RJ). Para a senadora, o objetivo do coment\u00e1rio era demover o PSOL da representa\u00e7\u00e3o.<\/p>\n<p>&#8211; Qualquer representante do PSOL jamais se intimidaria diante dessa situa\u00e7\u00e3o &#8211; disse Marinor.<\/p>\n<p>O senador Jo\u00e3o Alberto negou que tenha tentado intimidar Marinor. Segundo o presidente do Conselho de \u00c9tica, ele de fato conversou com a senadora sobre a representa\u00e7\u00e3o contra ela, mas em &#8220;momento anterior&#8221; ao an\u00fancio da inten\u00e7\u00e3o do PSOL. O senador disse que lamentava as declara\u00e7\u00f5es de Marinor e afirmou que sempre pautou a sua vida p\u00fablica de maneira &#8220;retil\u00ednea&#8221;.<\/p>\n<p>-Vou examinar com a imparcialidade de sempre as representa\u00e7\u00f5es que chegarem ao Conselho &#8211; afirmou.<\/p>\n<p>A representa\u00e7\u00e3o cita reportagem da revista Veja, com a den\u00fancia de suposta cobran\u00e7a de propina pelo PR, partido de Alfredo Nascimento, em troca de sucesso em licita\u00e7\u00f5es do Minist\u00e9rio dos Transportes. De acordo com a representa\u00e7\u00e3o, a mat\u00e9ria compromete &#8220;diretamente&#8221; o ex-ministro ao dizer que &#8220;os pagamentos ao PR s\u00e3o feitos a um emiss\u00e1rio de Valdemar (Costa Neto, deputado) e Alfredo Nascimento&#8221;.<\/p>\n<p>O documento tamb\u00e9m se refere \u00e0 reportagem da revista Isto\u00c9, segundo a qual haveria aliciamento para que deputados se filiassem ao PR, em troca de libera\u00e7\u00e3o de recursos do Minist\u00e9rio dos Transportes. A revista publicou em seu site um v\u00eddeo, com a imagem de Nascimento, em que uma libera\u00e7\u00e3o de recursos para uma obra \u00e9 discutida com um deputado supostamente em processo de transfer\u00eancia para o PR.<\/p>\n<p>Para o senador Randolfe Rodrigues (PSOL-AP), as den\u00fancias veiculadas pela imprensa s\u00e3o &#8220;grav\u00edssimas&#8221;. Ele ressaltou, por\u00e9m, que o senador deve ter garantido amplo direito de defesa.<\/p>\n<p>Segundo o parlamentar, o PSOL n\u00e3o est\u00e1 pedindo a cassa\u00e7\u00e3o do mandato de Nascimento, mas a apura\u00e7\u00e3o de sua conduta pela inst\u00e2ncia adequada, que \u00e9 o Conselho de \u00c9tica.<\/p>\n<p>&#8211; As den\u00fancias precisam de respostas convincentes. Esperamos que o Conselho de \u00c9tica cumpra com seu papel &#8211; afirmou Randolfe.<\/p>\n<p><a href=\"http:\/\/www.senado.gov.br\/noticias\/psol-representa-contra-alfredo-nascimento-no-conselho-de-etica.aspx\"><strong>Veja mais: Clique aqui e leia a \u00edntegra da representa\u00e7\u00e3o do PSOL <\/strong><\/a><\/p>\n<p><a href=\"http:\/\/www.senado.gov.br\/noticias\/psol-representa-contra-alfredo-nascimento-no-conselho-de-etica.aspx\"> <\/a><\/p>\n<p><a href=\"http:\/\/www.senado.gov.br\/noticias\/psol-representa-contra-alfredo-nascimento-no-conselho-de-etica.aspx\"><strong>*Fonte: T\u00e9rcio Ribas Torres \/ Ag\u00eancia Senado<\/strong><\/a><\/p>\n","protected":false},"excerpt":{"rendered":"<p>A bancada do PSOL protocolou, na tarde desta quinta-feira (7), representa\u00e7\u00e3o no Conselho de \u00c9tica do Senado para apurar poss\u00edvel quebra de decoro por parte do ex-ministro dos Transportes Alfredo Nascimento (PR-AM). Como Nascimento \u00e9 senador, eleito em 2006, ele volta automaticamente a ocupar uma cadeira no Senado, para completar o mandato at\u00e9 janeiro de [&hellip;]<\/p>\n","protected":false},"author":2,"featured_media":0,"comment_status":"open","ping_status":"open","sticky":false,"template":"","format":"standard","meta":{"_acf_changed":false,"footnotes":""},"categories":[1],"tags":[],"class_list":{"0":"post-7557","1":"post","2":"type-post","3":"status-publish","4":"format-standard","6":"category-sem-categoria"},"acf":[],"yoast_head":"<!-- This site is optimized with the Yoast SEO plugin v26.5 - https:\/\/yoast.com\/wordpress\/plugins\/seo\/ -->\n<title>PSOL representa contra Alfredo Nascimento no Conselho de \u00c9tica - PSOL 50<\/title>\n<meta name=\"robots\" content=\"index, follow, max-snippet:-1, max-image-preview:large, max-video-preview:-1\" \/>\n<link rel=\"canonical\" href=\"https:\/\/psol50.org.br\/psol-representa-contra-alfredo-nascimento-no-conselho-de-etica\/\" \/>\n<meta property=\"og:locale\" content=\"pt_BR\" \/>\n<meta property=\"og:type\" content=\"article\" \/>\n<meta property=\"og:title\" content=\"PSOL representa contra Alfredo Nascimento no Conselho de \u00c9tica - PSOL 50\" \/>\n<meta property=\"og:description\" content=\"A bancada do PSOL protocolou, na tarde desta quinta-feira (7), representa\u00e7\u00e3o no Conselho de \u00c9tica do Senado para apurar poss\u00edvel quebra de decoro por parte do ex-ministro dos Transportes Alfredo Nascimento (PR-AM). Como Nascimento \u00e9 senador, eleito em 2006, ele volta automaticamente a ocupar uma cadeira no Senado, para completar o mandato at\u00e9 janeiro de [&hellip;]\" \/>\n<meta property=\"og:url\" content=\"https:\/\/psol50.org.br\/psol-representa-contra-alfredo-nascimento-no-conselho-de-etica\/\" \/>\n<meta property=\"og:site_name\" content=\"PSOL 50\" \/>\n<meta property=\"article:publisher\" content=\"https:\/\/www.facebook.com\/psol50\" \/>\n<meta property=\"article:published_time\" content=\"2011-07-07T00:00:00+00:00\" \/>\n<meta property=\"og:image\" content=\"http:\/\/psol50.org.br\/files\/2011\/07\/PSOL_contra_corrup\u00e7\u00e3oMT-300x168.jpg\" \/>\n<meta name=\"author\" content=\"Comunica\u00e7\u00e3o PSOL\" \/>\n<meta name=\"twitter:card\" content=\"summary_large_image\" \/>\n<meta name=\"twitter:creator\" content=\"@psol50\" \/>\n<meta name=\"twitter:site\" content=\"@psol50\" \/>\n<meta name=\"twitter:label1\" content=\"Escrito por\" \/>\n\t<meta name=\"twitter:data1\" content=\"Comunica\u00e7\u00e3o PSOL\" \/>\n\t<meta name=\"twitter:label2\" content=\"Est. tempo de leitura\" \/>\n\t<meta name=\"twitter:data2\" content=\"3 minutos\" \/>\n<script type=\"application\/ld+json\" class=\"yoast-schema-graph\">{\"@context\":\"https:\/\/schema.org\",\"@graph\":[{\"@type\":\"Article\",\"@id\":\"https:\/\/psol50.org.br\/psol-representa-contra-alfredo-nascimento-no-conselho-de-etica\/#article\",\"isPartOf\":{\"@id\":\"https:\/\/psol50.org.br\/psol-representa-contra-alfredo-nascimento-no-conselho-de-etica\/\"},\"author\":{\"name\":\"Comunica\u00e7\u00e3o PSOL\",\"@id\":\"https:\/\/psol50.org.br\/#\/schema\/person\/475dfa57d0b815993c714c2e96491fcd\"},\"headline\":\"PSOL representa contra Alfredo Nascimento no Conselho de \u00c9tica\",\"datePublished\":\"2011-07-07T00:00:00+00:00\",\"mainEntityOfPage\":{\"@id\":\"https:\/\/psol50.org.br\/psol-representa-contra-alfredo-nascimento-no-conselho-de-etica\/\"},\"wordCount\":566,\"commentCount\":0,\"publisher\":{\"@id\":\"https:\/\/psol50.org.br\/#organization\"},\"inLanguage\":\"pt-BR\",\"potentialAction\":[{\"@type\":\"CommentAction\",\"name\":\"Comment\",\"target\":[\"https:\/\/psol50.org.br\/psol-representa-contra-alfredo-nascimento-no-conselho-de-etica\/#respond\"]}]},{\"@type\":\"WebPage\",\"@id\":\"https:\/\/psol50.org.br\/psol-representa-contra-alfredo-nascimento-no-conselho-de-etica\/\",\"url\":\"https:\/\/psol50.org.br\/psol-representa-contra-alfredo-nascimento-no-conselho-de-etica\/\",\"name\":\"PSOL representa contra Alfredo Nascimento no Conselho de \u00c9tica - PSOL 50\",\"isPartOf\":{\"@id\":\"https:\/\/psol50.org.br\/#website\"},\"datePublished\":\"2011-07-07T00:00:00+00:00\",\"breadcrumb\":{\"@id\":\"https:\/\/psol50.org.br\/psol-representa-contra-alfredo-nascimento-no-conselho-de-etica\/#breadcrumb\"},\"inLanguage\":\"pt-BR\",\"potentialAction\":[{\"@type\":\"ReadAction\",\"target\":[\"https:\/\/psol50.org.br\/psol-representa-contra-alfredo-nascimento-no-conselho-de-etica\/\"]}]},{\"@type\":\"BreadcrumbList\",\"@id\":\"https:\/\/psol50.org.br\/psol-representa-contra-alfredo-nascimento-no-conselho-de-etica\/#breadcrumb\",\"itemListElement\":[{\"@type\":\"ListItem\",\"position\":1,\"name\":\"In\u00edcio\",\"item\":\"https:\/\/psol50.org.br\/\"},{\"@type\":\"ListItem\",\"position\":2,\"name\":\"PSOL representa contra Alfredo Nascimento no Conselho de \u00c9tica\"}]},{\"@type\":\"WebSite\",\"@id\":\"https:\/\/psol50.org.br\/#website\",\"url\":\"https:\/\/psol50.org.br\/\",\"name\":\"PSOL 50\",\"description\":\"Site oficial do Partido Socialismo e Liberdade\",\"publisher\":{\"@id\":\"https:\/\/psol50.org.br\/#organization\"},\"alternateName\":\"PSOL50\",\"potentialAction\":[{\"@type\":\"SearchAction\",\"target\":{\"@type\":\"EntryPoint\",\"urlTemplate\":\"https:\/\/psol50.org.br\/?s={search_term_string}\"},\"query-input\":{\"@type\":\"PropertyValueSpecification\",\"valueRequired\":true,\"valueName\":\"search_term_string\"}}],\"inLanguage\":\"pt-BR\"},{\"@type\":\"Organization\",\"@id\":\"https:\/\/psol50.org.br\/#organization\",\"name\":\"PSOL 50\",\"alternateName\":\"PSOL 50\",\"url\":\"https:\/\/psol50.org.br\/\",\"logo\":{\"@type\":\"ImageObject\",\"inLanguage\":\"pt-BR\",\"@id\":\"https:\/\/psol50.org.br\/#\/schema\/logo\/image\/\",\"url\":\"https:\/\/psol50.org.br\/inc\/uploads\/2018\/07\/capa.png\",\"contentUrl\":\"https:\/\/psol50.org.br\/inc\/uploads\/2018\/07\/capa.png\",\"width\":1350,\"height\":900,\"caption\":\"PSOL 50\"},\"image\":{\"@id\":\"https:\/\/psol50.org.br\/#\/schema\/logo\/image\/\"},\"sameAs\":[\"https:\/\/www.facebook.com\/psol50\",\"https:\/\/x.com\/psol50\",\"https:\/\/www.instagram.com\/psol50\/\",\"https:\/\/www.youtube.com\/channel\/UC7SnJS5o1os7a6CaiNabzcg\"]},{\"@type\":\"Person\",\"@id\":\"https:\/\/psol50.org.br\/#\/schema\/person\/475dfa57d0b815993c714c2e96491fcd\",\"name\":\"Comunica\u00e7\u00e3o PSOL\",\"image\":{\"@type\":\"ImageObject\",\"inLanguage\":\"pt-BR\",\"@id\":\"https:\/\/psol50.org.br\/#\/schema\/person\/image\/\",\"url\":\"https:\/\/secure.gravatar.com\/avatar\/b34fc4f4e468a4e51785917065a3db57b841f5c95dba6ad8c73aaf8f66f8f9bf?s=96&d=mm&r=g\",\"contentUrl\":\"https:\/\/secure.gravatar.com\/avatar\/b34fc4f4e468a4e51785917065a3db57b841f5c95dba6ad8c73aaf8f66f8f9bf?s=96&d=mm&r=g\",\"caption\":\"Comunica\u00e7\u00e3o PSOL\"}}]}<\/script>\n<!-- \/ Yoast SEO plugin. -->","yoast_head_json":{"title":"PSOL representa contra Alfredo Nascimento no Conselho de \u00c9tica - PSOL 50","robots":{"index":"index","follow":"follow","max-snippet":"max-snippet:-1","max-image-preview":"max-image-preview:large","max-video-preview":"max-video-preview:-1"},"canonical":"https:\/\/psol50.org.br\/psol-representa-contra-alfredo-nascimento-no-conselho-de-etica\/","og_locale":"pt_BR","og_type":"article","og_title":"PSOL representa contra Alfredo Nascimento no Conselho de \u00c9tica - PSOL 50","og_description":"A bancada do PSOL protocolou, na tarde desta quinta-feira (7), representa\u00e7\u00e3o no Conselho de \u00c9tica do Senado para apurar poss\u00edvel quebra de decoro por parte do ex-ministro dos Transportes Alfredo Nascimento (PR-AM). Como Nascimento \u00e9 senador, eleito em 2006, ele volta automaticamente a ocupar uma cadeira no Senado, para completar o mandato at\u00e9 janeiro de [&hellip;]","og_url":"https:\/\/psol50.org.br\/psol-representa-contra-alfredo-nascimento-no-conselho-de-etica\/","og_site_name":"PSOL 50","article_publisher":"https:\/\/www.facebook.com\/psol50","article_published_time":"2011-07-07T00:00:00+00:00","og_image":[{"url":"http:\/\/psol50.org.br\/files\/2011\/07\/PSOL_contra_corrup\u00e7\u00e3oMT-300x168.jpg","type":"","width":"","height":""}],"author":"Comunica\u00e7\u00e3o PSOL","twitter_card":"summary_large_image","twitter_creator":"@psol50","twitter_site":"@psol50","twitter_misc":{"Escrito por":"Comunica\u00e7\u00e3o PSOL","Est. tempo de leitura":"3 minutos"},"schema":{"@context":"https:\/\/schema.org","@graph":[{"@type":"Article","@id":"https:\/\/psol50.org.br\/psol-representa-contra-alfredo-nascimento-no-conselho-de-etica\/#article","isPartOf":{"@id":"https:\/\/psol50.org.br\/psol-representa-contra-alfredo-nascimento-no-conselho-de-etica\/"},"author":{"name":"Comunica\u00e7\u00e3o PSOL","@id":"https:\/\/psol50.org.br\/#\/schema\/person\/475dfa57d0b815993c714c2e96491fcd"},"headline":"PSOL representa contra Alfredo Nascimento no Conselho de \u00c9tica","datePublished":"2011-07-07T00:00:00+00:00","mainEntityOfPage":{"@id":"https:\/\/psol50.org.br\/psol-representa-contra-alfredo-nascimento-no-conselho-de-etica\/"},"wordCount":566,"commentCount":0,"publisher":{"@id":"https:\/\/psol50.org.br\/#organization"},"inLanguage":"pt-BR","potentialAction":[{"@type":"CommentAction","name":"Comment","target":["https:\/\/psol50.org.br\/psol-representa-contra-alfredo-nascimento-no-conselho-de-etica\/#respond"]}]},{"@type":"WebPage","@id":"https:\/\/psol50.org.br\/psol-representa-contra-alfredo-nascimento-no-conselho-de-etica\/","url":"https:\/\/psol50.org.br\/psol-representa-contra-alfredo-nascimento-no-conselho-de-etica\/","name":"PSOL representa contra Alfredo Nascimento no Conselho de \u00c9tica - PSOL 50","isPartOf":{"@id":"https:\/\/psol50.org.br\/#website"},"datePublished":"2011-07-07T00:00:00+00:00","breadcrumb":{"@id":"https:\/\/psol50.org.br\/psol-representa-contra-alfredo-nascimento-no-conselho-de-etica\/#breadcrumb"},"inLanguage":"pt-BR","potentialAction":[{"@type":"ReadAction","target":["https:\/\/psol50.org.br\/psol-representa-contra-alfredo-nascimento-no-conselho-de-etica\/"]}]},{"@type":"BreadcrumbList","@id":"https:\/\/psol50.org.br\/psol-representa-contra-alfredo-nascimento-no-conselho-de-etica\/#breadcrumb","itemListElement":[{"@type":"ListItem","position":1,"name":"In\u00edcio","item":"https:\/\/psol50.org.br\/"},{"@type":"ListItem","position":2,"name":"PSOL representa contra Alfredo Nascimento no Conselho de \u00c9tica"}]},{"@type":"WebSite","@id":"https:\/\/psol50.org.br\/#website","url":"https:\/\/psol50.org.br\/","name":"PSOL 50","description":"Site oficial do Partido Socialismo e Liberdade","publisher":{"@id":"https:\/\/psol50.org.br\/#organization"},"alternateName":"PSOL50","potentialAction":[{"@type":"SearchAction","target":{"@type":"EntryPoint","urlTemplate":"https:\/\/psol50.org.br\/?s={search_term_string}"},"query-input":{"@type":"PropertyValueSpecification","valueRequired":true,"valueName":"search_term_string"}}],"inLanguage":"pt-BR"},{"@type":"Organization","@id":"https:\/\/psol50.org.br\/#organization","name":"PSOL 50","alternateName":"PSOL 50","url":"https:\/\/psol50.org.br\/","logo":{"@type":"ImageObject","inLanguage":"pt-BR","@id":"https:\/\/psol50.org.br\/#\/schema\/logo\/image\/","url":"https:\/\/psol50.org.br\/inc\/uploads\/2018\/07\/capa.png","contentUrl":"https:\/\/psol50.org.br\/inc\/uploads\/2018\/07\/capa.png","width":1350,"height":900,"caption":"PSOL 50"},"image":{"@id":"https:\/\/psol50.org.br\/#\/schema\/logo\/image\/"},"sameAs":["https:\/\/www.facebook.com\/psol50","https:\/\/x.com\/psol50","https:\/\/www.instagram.com\/psol50\/","https:\/\/www.youtube.com\/channel\/UC7SnJS5o1os7a6CaiNabzcg"]},{"@type":"Person","@id":"https:\/\/psol50.org.br\/#\/schema\/person\/475dfa57d0b815993c714c2e96491fcd","name":"Comunica\u00e7\u00e3o PSOL","image":{"@type":"ImageObject","inLanguage":"pt-BR","@id":"https:\/\/psol50.org.br\/#\/schema\/person\/image\/","url":"https:\/\/secure.gravatar.com\/avatar\/b34fc4f4e468a4e51785917065a3db57b841f5c95dba6ad8c73aaf8f66f8f9bf?s=96&d=mm&r=g","contentUrl":"https:\/\/secure.gravatar.com\/avatar\/b34fc4f4e468a4e51785917065a3db57b841f5c95dba6ad8c73aaf8f66f8f9bf?s=96&d=mm&r=g","caption":"Comunica\u00e7\u00e3o PSOL"}}]}},"_links":{"self":[{"href":"https:\/\/psol50.org.br\/rest\/wp\/v2\/posts\/7557","targetHints":{"allow":["GET"]}}],"collection":[{"href":"https:\/\/psol50.org.br\/rest\/wp\/v2\/posts"}],"about":[{"href":"https:\/\/psol50.org.br\/rest\/wp\/v2\/types\/post"}],"author":[{"embeddable":true,"href":"https:\/\/psol50.org.br\/rest\/wp\/v2\/users\/2"}],"replies":[{"embeddable":true,"href":"https:\/\/psol50.org.br\/rest\/wp\/v2\/comments?post=7557"}],"version-history":[{"count":0,"href":"https:\/\/psol50.org.br\/rest\/wp\/v2\/posts\/7557\/revisions"}],"wp:attachment":[{"href":"https:\/\/psol50.org.br\/rest\/wp\/v2\/media?parent=7557"}],"wp:term":[{"taxonomy":"category","embeddable":true,"href":"https:\/\/psol50.org.br\/rest\/wp\/v2\/categories?post=7557"},{"taxonomy":"post_tag","embeddable":true,"href":"https:\/\/psol50.org.br\/rest\/wp\/v2\/tags?post=7557"}],"curies":[{"name":"wp","href":"https:\/\/api.w.org\/{rel}","templated":true}]}}