{"id":7562,"date":"2012-03-14T00:00:00","date_gmt":"2012-03-14T00:00:00","guid":{"rendered":"http:\/\/psol50.org.br\/arquivo\/2012\/03\/14\/aprovada-audiencia-publica-sobre-desocupacao-em-pinheirinho-proposta-pela-bancada-do-psol\/"},"modified":"2012-03-14T00:00:00","modified_gmt":"2012-03-14T00:00:00","slug":"aprovada-audiencia-publica-sobre-desocupacao-em-pinheirinho-proposta-pela-bancada-do-psol","status":"publish","type":"post","link":"https:\/\/psol50.org.br\/aprovada-audiencia-publica-sobre-desocupacao-em-pinheirinho-proposta-pela-bancada-do-psol\/","title":{"rendered":"Aprovada audi\u00eancia p\u00fablica sobre desocupa\u00e7\u00e3o em Pinheirinho proposta pela bancada do PSOL"},"content":{"rendered":"<p style=\"text-align: justify\"><a href=\"http:\/\/psol50.org.br\/blog\/2012\/03\/14\/aprovada-audiencia-publica-sobre-desocupacao-em-pinheirinho\/pinheirinho_22b-3\/\" rel=\"attachment wp-att-14305\"><img loading=\"lazy\" decoding=\"async\" class=\"alignleft size-medium wp-image-14305\" src=\"http:\/\/psol50.org.br\/files\/2012\/03\/Pinheirinho_22b1-300x185.jpg\" alt=\"\" width=\"300\" height=\"185\" \/><\/a>A Comiss\u00e3o de Direitos Humanos e Minorias aprovou, nesta quarta-feira 14, a realiza\u00e7\u00e3o de audi\u00eancia p\u00fablica para averiguar as den\u00fancias de viola\u00e7\u00e3o de direitos humanos durante a desocupa\u00e7\u00e3o de Pinheirinho, em S\u00e3o Jos\u00e9 dos Campos (SP). <strong>O debate foi proposto pelos deputados Ivan Valente, Chico Alencar e Jean Wyllys.<\/strong><\/p>\n<p style=\"text-align: justify\"><em>A bancada do PSOL solicita a presen\u00e7a de moradores que foram expulsos do Pinheirinho \u2013 Juliana Silva da Cruz, S\u00e9rgio Henrique Pires, Leila dos Santos Figueiredo, Vanderlei P. dos Santos, Valdir Martins de Souza e Noemi Marcelino dos Santos Pires \u2013, do advogado dos moradores, Ant\u00f4nio Donizete Ferreira, do defensor p\u00fablico de S\u00e3o Paulo, Jairo Salvador, da relatora especial da ONU para a moradia adequada, Raquel Rolnik, do promotor do Minist\u00e9rio P\u00fablico de S\u00e3o Paulo que acompanha o caso, da ju\u00edza da 6\u00aa Vara C\u00edvel de S\u00e3o Jos\u00e9 dos Campos, M\u00e1rcia Loureiro, do juiz do Tribunal de Justi\u00e7a de S\u00e3o Paulo, Rodrigo Capez, do juiz da 18\u00aa Vara C\u00edvel de S\u00e3o Paulo, Luiz Bethoven Giffoni Ferreira, e do prefeito de S\u00e3o Jos\u00e9 dos Campos, Eduardo Cury (PSDB). Provavelmente, a audi\u00eancia p\u00fablica acontecer\u00e1 em duas partes, devido \u00e0 quantidade de pessoas convidadas.<\/em><\/p>\n<p style=\"text-align: justify\">O bairro do Pinheirinho foi desocupado com forte aparato policial nas primeiras horas do dia 22 de janeiro, um domingo. Os moradores denunciam que os policiais utilizaram armas letais para for\u00e7ar as fam\u00edlias a sa\u00edrem de suas casas, o uso indiscriminado de bombas de g\u00e1s lacrimog\u00eaneo e de balas de borracha, a viol\u00eancia f\u00edsica contra mulheres gr\u00e1vidas, crian\u00e7as e idosos, o impedimento de buscarem seus m\u00f3veis e eletrodom\u00e9sticos e a destrui\u00e7\u00e3o de centenas de casas com tudo dentro.<\/p>\n<p style=\"text-align: justify\">O Conselho Estadual dos Direitos da Pessoa Humana de SP (Condepe) recebeu mais 1,8 mil den\u00fancias de viola\u00e7\u00e3o dos direitos humanos no Pinheirinho. Relat\u00f3rio elaborado pelo Condepe aponta que houve viol\u00eancia por parte da Pol\u00edcia Militar de SP e da Guarda Municipal de S\u00e3o Jos\u00e9 dos Campos. Foram ouvidas 634 moradores que relataram humilha\u00e7\u00f5es, agress\u00f5es f\u00edsicas, mortes de animais e que casas foram demolidas antes da retirada dos pertences pessoais.<\/p>\n<p style=\"text-align: justify\"><em><strong>Audi\u00eancia conjunta<\/strong><\/em><\/p>\n<p style=\"text-align: justify\">Outra desocupa\u00e7\u00e3o violenta tamb\u00e9m ser\u00e1 tema de debate em audi\u00eancia p\u00fablica conjunta com a discuss\u00e3o do ocorrido em S\u00e3o Jos\u00e9 dos Campos. A desocupa\u00e7\u00e3o foi feita pelo governo do Distrito Federal, no dia 27 de janeiro, na Fazenda S\u00e1lvia, que fica entre Sobradinho e Parano\u00e1, cidades sat\u00e9lites de Bras\u00edlia. Segundo informa\u00e7\u00f5es da imprensa, 29 pessoas foram presas na opera\u00e7\u00e3o e 450 casas derrubadas. O debate conjunto foi proposto pelo deputado Luiz Fernando Machado.<\/p>\n","protected":false},"excerpt":{"rendered":"<p>A Comiss\u00e3o de Direitos Humanos e Minorias aprovou, nesta quarta-feira 14, a realiza\u00e7\u00e3o de audi\u00eancia p\u00fablica para averiguar as den\u00fancias de viola\u00e7\u00e3o de direitos humanos durante a desocupa\u00e7\u00e3o de Pinheirinho, em S\u00e3o Jos\u00e9 dos Campos (SP). O debate foi proposto pelos deputados Ivan Valente, Chico Alencar e Jean Wyllys. A bancada do PSOL solicita a [&hellip;]<\/p>\n","protected":false},"author":2,"featured_media":0,"comment_status":"open","ping_status":"open","sticky":false,"template":"","format":"standard","meta":{"_acf_changed":false,"footnotes":""},"categories":[10,4766],"tags":[22],"class_list":{"0":"post-7562","1":"post","2":"type-post","3":"status-publish","4":"format-standard","6":"category-acao-parlamentares","7":"category-arquivo","8":"tag-psol"},"acf":[],"yoast_head":"<!-- This site is optimized with the Yoast SEO plugin v26.5 - https:\/\/yoast.com\/wordpress\/plugins\/seo\/ -->\n<title>Aprovada audi\u00eancia p\u00fablica sobre desocupa\u00e7\u00e3o em Pinheirinho proposta pela bancada do PSOL - PSOL 50<\/title>\n<meta name=\"robots\" content=\"index, follow, max-snippet:-1, max-image-preview:large, max-video-preview:-1\" \/>\n<link rel=\"canonical\" href=\"https:\/\/psol50.org.br\/aprovada-audiencia-publica-sobre-desocupacao-em-pinheirinho-proposta-pela-bancada-do-psol\/\" \/>\n<meta property=\"og:locale\" content=\"pt_BR\" \/>\n<meta property=\"og:type\" content=\"article\" \/>\n<meta property=\"og:title\" content=\"Aprovada audi\u00eancia p\u00fablica sobre desocupa\u00e7\u00e3o em Pinheirinho proposta pela bancada do PSOL - PSOL 50\" \/>\n<meta property=\"og:description\" content=\"A Comiss\u00e3o de Direitos Humanos e Minorias aprovou, nesta quarta-feira 14, a realiza\u00e7\u00e3o de audi\u00eancia p\u00fablica para averiguar as den\u00fancias de viola\u00e7\u00e3o de direitos humanos durante a desocupa\u00e7\u00e3o de Pinheirinho, em S\u00e3o Jos\u00e9 dos Campos (SP). O debate foi proposto pelos deputados Ivan Valente, Chico Alencar e Jean Wyllys. A bancada do PSOL solicita a [&hellip;]\" \/>\n<meta property=\"og:url\" content=\"https:\/\/psol50.org.br\/aprovada-audiencia-publica-sobre-desocupacao-em-pinheirinho-proposta-pela-bancada-do-psol\/\" \/>\n<meta property=\"og:site_name\" content=\"PSOL 50\" \/>\n<meta property=\"article:publisher\" content=\"https:\/\/www.facebook.com\/psol50\" \/>\n<meta property=\"article:published_time\" content=\"2012-03-14T00:00:00+00:00\" \/>\n<meta property=\"og:image\" content=\"http:\/\/psol50.org.br\/files\/2012\/03\/Pinheirinho_22b1-300x185.jpg\" \/>\n<meta name=\"author\" content=\"Comunica\u00e7\u00e3o PSOL\" \/>\n<meta name=\"twitter:card\" content=\"summary_large_image\" \/>\n<meta name=\"twitter:creator\" content=\"@psol50\" \/>\n<meta name=\"twitter:site\" content=\"@psol50\" \/>\n<meta name=\"twitter:label1\" content=\"Escrito por\" \/>\n\t<meta name=\"twitter:data1\" content=\"Comunica\u00e7\u00e3o PSOL\" \/>\n\t<meta name=\"twitter:label2\" content=\"Est. tempo de leitura\" \/>\n\t<meta name=\"twitter:data2\" content=\"2 minutos\" \/>\n<script type=\"application\/ld+json\" class=\"yoast-schema-graph\">{\"@context\":\"https:\/\/schema.org\",\"@graph\":[{\"@type\":\"Article\",\"@id\":\"https:\/\/psol50.org.br\/aprovada-audiencia-publica-sobre-desocupacao-em-pinheirinho-proposta-pela-bancada-do-psol\/#article\",\"isPartOf\":{\"@id\":\"https:\/\/psol50.org.br\/aprovada-audiencia-publica-sobre-desocupacao-em-pinheirinho-proposta-pela-bancada-do-psol\/\"},\"author\":{\"name\":\"Comunica\u00e7\u00e3o PSOL\",\"@id\":\"https:\/\/psol50.org.br\/#\/schema\/person\/475dfa57d0b815993c714c2e96491fcd\"},\"headline\":\"Aprovada audi\u00eancia p\u00fablica sobre desocupa\u00e7\u00e3o em Pinheirinho proposta pela bancada do PSOL\",\"datePublished\":\"2012-03-14T00:00:00+00:00\",\"mainEntityOfPage\":{\"@id\":\"https:\/\/psol50.org.br\/aprovada-audiencia-publica-sobre-desocupacao-em-pinheirinho-proposta-pela-bancada-do-psol\/\"},\"wordCount\":477,\"commentCount\":0,\"publisher\":{\"@id\":\"https:\/\/psol50.org.br\/#organization\"},\"image\":{\"@id\":\"https:\/\/psol50.org.br\/aprovada-audiencia-publica-sobre-desocupacao-em-pinheirinho-proposta-pela-bancada-do-psol\/#primaryimage\"},\"thumbnailUrl\":\"http:\/\/psol50.org.br\/files\/2012\/03\/Pinheirinho_22b1-300x185.jpg\",\"keywords\":[\"PSOL\"],\"articleSection\":[\"A\u00e7\u00e3o Parlamentar\",\"Arquivo\"],\"inLanguage\":\"pt-BR\",\"potentialAction\":[{\"@type\":\"CommentAction\",\"name\":\"Comment\",\"target\":[\"https:\/\/psol50.org.br\/aprovada-audiencia-publica-sobre-desocupacao-em-pinheirinho-proposta-pela-bancada-do-psol\/#respond\"]}]},{\"@type\":\"WebPage\",\"@id\":\"https:\/\/psol50.org.br\/aprovada-audiencia-publica-sobre-desocupacao-em-pinheirinho-proposta-pela-bancada-do-psol\/\",\"url\":\"https:\/\/psol50.org.br\/aprovada-audiencia-publica-sobre-desocupacao-em-pinheirinho-proposta-pela-bancada-do-psol\/\",\"name\":\"Aprovada audi\u00eancia p\u00fablica sobre desocupa\u00e7\u00e3o em Pinheirinho proposta pela bancada do PSOL - PSOL 50\",\"isPartOf\":{\"@id\":\"https:\/\/psol50.org.br\/#website\"},\"primaryImageOfPage\":{\"@id\":\"https:\/\/psol50.org.br\/aprovada-audiencia-publica-sobre-desocupacao-em-pinheirinho-proposta-pela-bancada-do-psol\/#primaryimage\"},\"image\":{\"@id\":\"https:\/\/psol50.org.br\/aprovada-audiencia-publica-sobre-desocupacao-em-pinheirinho-proposta-pela-bancada-do-psol\/#primaryimage\"},\"thumbnailUrl\":\"http:\/\/psol50.org.br\/files\/2012\/03\/Pinheirinho_22b1-300x185.jpg\",\"datePublished\":\"2012-03-14T00:00:00+00:00\",\"breadcrumb\":{\"@id\":\"https:\/\/psol50.org.br\/aprovada-audiencia-publica-sobre-desocupacao-em-pinheirinho-proposta-pela-bancada-do-psol\/#breadcrumb\"},\"inLanguage\":\"pt-BR\",\"potentialAction\":[{\"@type\":\"ReadAction\",\"target\":[\"https:\/\/psol50.org.br\/aprovada-audiencia-publica-sobre-desocupacao-em-pinheirinho-proposta-pela-bancada-do-psol\/\"]}]},{\"@type\":\"ImageObject\",\"inLanguage\":\"pt-BR\",\"@id\":\"https:\/\/psol50.org.br\/aprovada-audiencia-publica-sobre-desocupacao-em-pinheirinho-proposta-pela-bancada-do-psol\/#primaryimage\",\"url\":\"http:\/\/psol50.org.br\/files\/2012\/03\/Pinheirinho_22b1-300x185.jpg\",\"contentUrl\":\"http:\/\/psol50.org.br\/files\/2012\/03\/Pinheirinho_22b1-300x185.jpg\"},{\"@type\":\"BreadcrumbList\",\"@id\":\"https:\/\/psol50.org.br\/aprovada-audiencia-publica-sobre-desocupacao-em-pinheirinho-proposta-pela-bancada-do-psol\/#breadcrumb\",\"itemListElement\":[{\"@type\":\"ListItem\",\"position\":1,\"name\":\"In\u00edcio\",\"item\":\"https:\/\/psol50.org.br\/\"},{\"@type\":\"ListItem\",\"position\":2,\"name\":\"Aprovada audi\u00eancia p\u00fablica sobre desocupa\u00e7\u00e3o em Pinheirinho proposta pela bancada do PSOL\"}]},{\"@type\":\"WebSite\",\"@id\":\"https:\/\/psol50.org.br\/#website\",\"url\":\"https:\/\/psol50.org.br\/\",\"name\":\"PSOL 50\",\"description\":\"Site oficial do Partido Socialismo e Liberdade\",\"publisher\":{\"@id\":\"https:\/\/psol50.org.br\/#organization\"},\"alternateName\":\"PSOL50\",\"potentialAction\":[{\"@type\":\"SearchAction\",\"target\":{\"@type\":\"EntryPoint\",\"urlTemplate\":\"https:\/\/psol50.org.br\/?s={search_term_string}\"},\"query-input\":{\"@type\":\"PropertyValueSpecification\",\"valueRequired\":true,\"valueName\":\"search_term_string\"}}],\"inLanguage\":\"pt-BR\"},{\"@type\":\"Organization\",\"@id\":\"https:\/\/psol50.org.br\/#organization\",\"name\":\"PSOL 50\",\"alternateName\":\"PSOL 50\",\"url\":\"https:\/\/psol50.org.br\/\",\"logo\":{\"@type\":\"ImageObject\",\"inLanguage\":\"pt-BR\",\"@id\":\"https:\/\/psol50.org.br\/#\/schema\/logo\/image\/\",\"url\":\"https:\/\/psol50.org.br\/inc\/uploads\/2018\/07\/capa.png\",\"contentUrl\":\"https:\/\/psol50.org.br\/inc\/uploads\/2018\/07\/capa.png\",\"width\":1350,\"height\":900,\"caption\":\"PSOL 50\"},\"image\":{\"@id\":\"https:\/\/psol50.org.br\/#\/schema\/logo\/image\/\"},\"sameAs\":[\"https:\/\/www.facebook.com\/psol50\",\"https:\/\/x.com\/psol50\",\"https:\/\/www.instagram.com\/psol50\/\",\"https:\/\/www.youtube.com\/channel\/UC7SnJS5o1os7a6CaiNabzcg\"]},{\"@type\":\"Person\",\"@id\":\"https:\/\/psol50.org.br\/#\/schema\/person\/475dfa57d0b815993c714c2e96491fcd\",\"name\":\"Comunica\u00e7\u00e3o PSOL\",\"image\":{\"@type\":\"ImageObject\",\"inLanguage\":\"pt-BR\",\"@id\":\"https:\/\/psol50.org.br\/#\/schema\/person\/image\/\",\"url\":\"https:\/\/secure.gravatar.com\/avatar\/b34fc4f4e468a4e51785917065a3db57b841f5c95dba6ad8c73aaf8f66f8f9bf?s=96&d=mm&r=g\",\"contentUrl\":\"https:\/\/secure.gravatar.com\/avatar\/b34fc4f4e468a4e51785917065a3db57b841f5c95dba6ad8c73aaf8f66f8f9bf?s=96&d=mm&r=g\",\"caption\":\"Comunica\u00e7\u00e3o PSOL\"}}]}<\/script>\n<!-- \/ Yoast SEO plugin. -->","yoast_head_json":{"title":"Aprovada audi\u00eancia p\u00fablica sobre desocupa\u00e7\u00e3o em Pinheirinho proposta pela bancada do PSOL - PSOL 50","robots":{"index":"index","follow":"follow","max-snippet":"max-snippet:-1","max-image-preview":"max-image-preview:large","max-video-preview":"max-video-preview:-1"},"canonical":"https:\/\/psol50.org.br\/aprovada-audiencia-publica-sobre-desocupacao-em-pinheirinho-proposta-pela-bancada-do-psol\/","og_locale":"pt_BR","og_type":"article","og_title":"Aprovada audi\u00eancia p\u00fablica sobre desocupa\u00e7\u00e3o em Pinheirinho proposta pela bancada do PSOL - PSOL 50","og_description":"A Comiss\u00e3o de Direitos Humanos e Minorias aprovou, nesta quarta-feira 14, a realiza\u00e7\u00e3o de audi\u00eancia p\u00fablica para averiguar as den\u00fancias de viola\u00e7\u00e3o de direitos humanos durante a desocupa\u00e7\u00e3o de Pinheirinho, em S\u00e3o Jos\u00e9 dos Campos (SP). O debate foi proposto pelos deputados Ivan Valente, Chico Alencar e Jean Wyllys. A bancada do PSOL solicita a [&hellip;]","og_url":"https:\/\/psol50.org.br\/aprovada-audiencia-publica-sobre-desocupacao-em-pinheirinho-proposta-pela-bancada-do-psol\/","og_site_name":"PSOL 50","article_publisher":"https:\/\/www.facebook.com\/psol50","article_published_time":"2012-03-14T00:00:00+00:00","og_image":[{"url":"http:\/\/psol50.org.br\/files\/2012\/03\/Pinheirinho_22b1-300x185.jpg","type":"","width":"","height":""}],"author":"Comunica\u00e7\u00e3o PSOL","twitter_card":"summary_large_image","twitter_creator":"@psol50","twitter_site":"@psol50","twitter_misc":{"Escrito por":"Comunica\u00e7\u00e3o PSOL","Est. tempo de leitura":"2 minutos"},"schema":{"@context":"https:\/\/schema.org","@graph":[{"@type":"Article","@id":"https:\/\/psol50.org.br\/aprovada-audiencia-publica-sobre-desocupacao-em-pinheirinho-proposta-pela-bancada-do-psol\/#article","isPartOf":{"@id":"https:\/\/psol50.org.br\/aprovada-audiencia-publica-sobre-desocupacao-em-pinheirinho-proposta-pela-bancada-do-psol\/"},"author":{"name":"Comunica\u00e7\u00e3o PSOL","@id":"https:\/\/psol50.org.br\/#\/schema\/person\/475dfa57d0b815993c714c2e96491fcd"},"headline":"Aprovada audi\u00eancia p\u00fablica sobre desocupa\u00e7\u00e3o em Pinheirinho proposta pela bancada do PSOL","datePublished":"2012-03-14T00:00:00+00:00","mainEntityOfPage":{"@id":"https:\/\/psol50.org.br\/aprovada-audiencia-publica-sobre-desocupacao-em-pinheirinho-proposta-pela-bancada-do-psol\/"},"wordCount":477,"commentCount":0,"publisher":{"@id":"https:\/\/psol50.org.br\/#organization"},"image":{"@id":"https:\/\/psol50.org.br\/aprovada-audiencia-publica-sobre-desocupacao-em-pinheirinho-proposta-pela-bancada-do-psol\/#primaryimage"},"thumbnailUrl":"http:\/\/psol50.org.br\/files\/2012\/03\/Pinheirinho_22b1-300x185.jpg","keywords":["PSOL"],"articleSection":["A\u00e7\u00e3o Parlamentar","Arquivo"],"inLanguage":"pt-BR","potentialAction":[{"@type":"CommentAction","name":"Comment","target":["https:\/\/psol50.org.br\/aprovada-audiencia-publica-sobre-desocupacao-em-pinheirinho-proposta-pela-bancada-do-psol\/#respond"]}]},{"@type":"WebPage","@id":"https:\/\/psol50.org.br\/aprovada-audiencia-publica-sobre-desocupacao-em-pinheirinho-proposta-pela-bancada-do-psol\/","url":"https:\/\/psol50.org.br\/aprovada-audiencia-publica-sobre-desocupacao-em-pinheirinho-proposta-pela-bancada-do-psol\/","name":"Aprovada audi\u00eancia p\u00fablica sobre desocupa\u00e7\u00e3o em Pinheirinho proposta pela bancada do PSOL - PSOL 50","isPartOf":{"@id":"https:\/\/psol50.org.br\/#website"},"primaryImageOfPage":{"@id":"https:\/\/psol50.org.br\/aprovada-audiencia-publica-sobre-desocupacao-em-pinheirinho-proposta-pela-bancada-do-psol\/#primaryimage"},"image":{"@id":"https:\/\/psol50.org.br\/aprovada-audiencia-publica-sobre-desocupacao-em-pinheirinho-proposta-pela-bancada-do-psol\/#primaryimage"},"thumbnailUrl":"http:\/\/psol50.org.br\/files\/2012\/03\/Pinheirinho_22b1-300x185.jpg","datePublished":"2012-03-14T00:00:00+00:00","breadcrumb":{"@id":"https:\/\/psol50.org.br\/aprovada-audiencia-publica-sobre-desocupacao-em-pinheirinho-proposta-pela-bancada-do-psol\/#breadcrumb"},"inLanguage":"pt-BR","potentialAction":[{"@type":"ReadAction","target":["https:\/\/psol50.org.br\/aprovada-audiencia-publica-sobre-desocupacao-em-pinheirinho-proposta-pela-bancada-do-psol\/"]}]},{"@type":"ImageObject","inLanguage":"pt-BR","@id":"https:\/\/psol50.org.br\/aprovada-audiencia-publica-sobre-desocupacao-em-pinheirinho-proposta-pela-bancada-do-psol\/#primaryimage","url":"http:\/\/psol50.org.br\/files\/2012\/03\/Pinheirinho_22b1-300x185.jpg","contentUrl":"http:\/\/psol50.org.br\/files\/2012\/03\/Pinheirinho_22b1-300x185.jpg"},{"@type":"BreadcrumbList","@id":"https:\/\/psol50.org.br\/aprovada-audiencia-publica-sobre-desocupacao-em-pinheirinho-proposta-pela-bancada-do-psol\/#breadcrumb","itemListElement":[{"@type":"ListItem","position":1,"name":"In\u00edcio","item":"https:\/\/psol50.org.br\/"},{"@type":"ListItem","position":2,"name":"Aprovada audi\u00eancia p\u00fablica sobre desocupa\u00e7\u00e3o em Pinheirinho proposta pela bancada do PSOL"}]},{"@type":"WebSite","@id":"https:\/\/psol50.org.br\/#website","url":"https:\/\/psol50.org.br\/","name":"PSOL 50","description":"Site oficial do Partido Socialismo e Liberdade","publisher":{"@id":"https:\/\/psol50.org.br\/#organization"},"alternateName":"PSOL50","potentialAction":[{"@type":"SearchAction","target":{"@type":"EntryPoint","urlTemplate":"https:\/\/psol50.org.br\/?s={search_term_string}"},"query-input":{"@type":"PropertyValueSpecification","valueRequired":true,"valueName":"search_term_string"}}],"inLanguage":"pt-BR"},{"@type":"Organization","@id":"https:\/\/psol50.org.br\/#organization","name":"PSOL 50","alternateName":"PSOL 50","url":"https:\/\/psol50.org.br\/","logo":{"@type":"ImageObject","inLanguage":"pt-BR","@id":"https:\/\/psol50.org.br\/#\/schema\/logo\/image\/","url":"https:\/\/psol50.org.br\/inc\/uploads\/2018\/07\/capa.png","contentUrl":"https:\/\/psol50.org.br\/inc\/uploads\/2018\/07\/capa.png","width":1350,"height":900,"caption":"PSOL 50"},"image":{"@id":"https:\/\/psol50.org.br\/#\/schema\/logo\/image\/"},"sameAs":["https:\/\/www.facebook.com\/psol50","https:\/\/x.com\/psol50","https:\/\/www.instagram.com\/psol50\/","https:\/\/www.youtube.com\/channel\/UC7SnJS5o1os7a6CaiNabzcg"]},{"@type":"Person","@id":"https:\/\/psol50.org.br\/#\/schema\/person\/475dfa57d0b815993c714c2e96491fcd","name":"Comunica\u00e7\u00e3o PSOL","image":{"@type":"ImageObject","inLanguage":"pt-BR","@id":"https:\/\/psol50.org.br\/#\/schema\/person\/image\/","url":"https:\/\/secure.gravatar.com\/avatar\/b34fc4f4e468a4e51785917065a3db57b841f5c95dba6ad8c73aaf8f66f8f9bf?s=96&d=mm&r=g","contentUrl":"https:\/\/secure.gravatar.com\/avatar\/b34fc4f4e468a4e51785917065a3db57b841f5c95dba6ad8c73aaf8f66f8f9bf?s=96&d=mm&r=g","caption":"Comunica\u00e7\u00e3o PSOL"}}]}},"_links":{"self":[{"href":"https:\/\/psol50.org.br\/rest\/wp\/v2\/posts\/7562","targetHints":{"allow":["GET"]}}],"collection":[{"href":"https:\/\/psol50.org.br\/rest\/wp\/v2\/posts"}],"about":[{"href":"https:\/\/psol50.org.br\/rest\/wp\/v2\/types\/post"}],"author":[{"embeddable":true,"href":"https:\/\/psol50.org.br\/rest\/wp\/v2\/users\/2"}],"replies":[{"embeddable":true,"href":"https:\/\/psol50.org.br\/rest\/wp\/v2\/comments?post=7562"}],"version-history":[{"count":0,"href":"https:\/\/psol50.org.br\/rest\/wp\/v2\/posts\/7562\/revisions"}],"wp:attachment":[{"href":"https:\/\/psol50.org.br\/rest\/wp\/v2\/media?parent=7562"}],"wp:term":[{"taxonomy":"category","embeddable":true,"href":"https:\/\/psol50.org.br\/rest\/wp\/v2\/categories?post=7562"},{"taxonomy":"post_tag","embeddable":true,"href":"https:\/\/psol50.org.br\/rest\/wp\/v2\/tags?post=7562"}],"curies":[{"name":"wp","href":"https:\/\/api.w.org\/{rel}","templated":true}]}}