{"id":7565,"date":"2012-03-29T00:00:00","date_gmt":"2012-03-29T00:00:00","guid":{"rendered":"http:\/\/psol50.org.br\/arquivo\/2012\/03\/29\/psol-representa-contra-senador-demostenes-torres-por-quebra-de-decoro\/"},"modified":"2012-03-29T00:00:00","modified_gmt":"2012-03-29T00:00:00","slug":"psol-representa-contra-senador-demostenes-torres-por-quebra-de-decoro","status":"publish","type":"post","link":"https:\/\/psol50.org.br\/psol-representa-contra-senador-demostenes-torres-por-quebra-de-decoro\/","title":{"rendered":"PSOL representa contra senador Dem\u00f3stenes Torres por quebra de decoro"},"content":{"rendered":"<p style=\"text-align: justify\"><a href=\"http:\/\/psol50.org.br\/blog\/2012\/03\/29\/psol-representa-contra-senador-demostenes-torres-por-quebra-de-decoro\/processo-demostenes\/\" rel=\"attachment wp-att-14647\"><img loading=\"lazy\" decoding=\"async\" class=\"alignleft size-full wp-image-14647\" src=\"http:\/\/psol50.org.br\/files\/2012\/03\/processo-demostenes.jpg\" alt=\"\" width=\"300\" height=\"199\" \/><\/a>O PSOL protocolou nesta quarta-feira (28\/03) representa\u00e7\u00e3o que pede abertura de processo no Conselho de \u00c9tica do Senado por quebra de decoro parlamentar contra o senador Dem\u00f3stenes Torres (DEM\/GO), suspeito de envolvimento com o bicheiro Carlinhos Cachoeira.<\/p>\n<p style=\"text-align: justify\">Conforme den\u00fancias, Dem\u00f3stenes Torres mant\u00e9m pr\u00f3xima rela\u00e7\u00e3o com Cachoeira, preso pela Pol\u00edcia Federal sob suspeita de chefiar uma quadrilha de jogo ilegal. Entre os favores recebidos, a disponibilidade de um telefone tipo Nextel, o pagamento de R$ 3 mil no aluguel de t\u00e1xi a\u00e9reo e eletrodom\u00e9sticos importados.<\/p>\n<p style=\"text-align: justify\">O pedido foi assinado pelo presidente nacional do PSOL, deputado federal Ivan Valente (PSOL\/SP). A representa\u00e7\u00e3o pede que sejam ouvidas testemunhas, inclusive Carlos Cachoeira, e que a Procuradoria Geral da Rep\u00fablica remeta informa\u00e7\u00f5es ao Congresso sobre as investiga\u00e7\u00f5es da Pol\u00edcia Federal que levaram \u00e0 pris\u00e3o de Cachoeira.<\/p>\n<p style=\"text-align: justify\">A representa\u00e7\u00e3o foi entregue \u00e0 Secretaria Geral da Mesa do Senado, que vai encaminhar o pedido para o presidente em exerc\u00edcio do Conselho de \u00c9tica, senador Jayme Campos (DEM\/MT). Entretanto, Campos, que \u00e9 do mesmo partido que Dem\u00f3stenes, anunciou que ir\u00e1 convocar nova elei\u00e7\u00e3o para presid\u00eancia do Conselho. Caber\u00e1 ao novo presidente aceitar ou rejeitar o pedido \u2013 com possibilidade, em caso de rejei\u00e7\u00e3o, de que os demais membros recorram da decis\u00e3o.<\/p>\n<p style=\"text-align: justify\">Na representa\u00e7\u00e3o, o PSOL afirma que Dem\u00f3stenes tem rela\u00e7\u00e3o pessoal com Cachoeira porque admitiu ter recebido do empres\u00e1rio um fog\u00e3o e uma geladeira como presente de casamento, al\u00e9m de ter um celular habilitado por Cachoeira para conversas exclusivas com o parlamentar.<\/p>\n<p style=\"text-align: justify\">\u201cAs den\u00fancias s\u00e3o muito consistentes. Os fatos s\u00e3o graves e precisam de apura\u00e7\u00e3o detalhada do Senado Federal, j\u00e1 que a \u00e9tica parlamentar foi comprometida\u201d, afirmou o deputado Ivan Valente.<\/p>\n<p style=\"text-align: justify\">\u201cA representa\u00e7\u00e3o \u00e9 apenas uma formalidade porque j\u00e1 h\u00e1 elementos da quebra de decoro. Existe o tempo pol\u00edtico e o tempo jur\u00eddico, uma coisa n\u00e3o interrompe a outra. O Congresso est\u00e1 sendo chamado a se manifestar sobre uma ocorr\u00eancia grave\u201d, completou o senador Randolfe Rodrigues (PSOL\/AP).<\/p>\n<p style=\"text-align: justify\">O deputado Ivan Valente informou ainda que se deputados federais forem citados pela Procuradoria Geral da Rep\u00fablica, a exemplo do que aconteceu com Dem\u00f3stenes Torres que ter\u00e1 abertura de inqu\u00e9rito no Supremo Tribunal Federal, representa\u00e7\u00f5es poder\u00e3o ser apresentadas na C\u00e2mara dos Deputados. \u201cPrecisamos de provas contundentes\u201d.<\/p>\n<p style=\"text-align: justify\">Foto: <em>deputado Chico Alencar, l\u00edder do PSOL na C\u00e2mara; senador Randolfe Rodrigues; secret\u00e1ria da Mesa Diretora, Claudia Lyra; e deputado Ivan Valente.<\/em><\/p>\n<p style=\"text-align: justify\"><em>Com informa\u00e7\u00f5es do G1\/Iara Lemos e Folha Online\/Gabriela Guerreiro.<\/em><\/p>\n<p style=\"text-align: justify\"><em>Fotos: Valter Campanato \/ Ag\u00eancia Brasil.<\/em><\/p>\n","protected":false},"excerpt":{"rendered":"<p>O PSOL protocolou nesta quarta-feira (28\/03) representa\u00e7\u00e3o que pede abertura de processo no Conselho de \u00c9tica do Senado por quebra de decoro parlamentar contra o senador Dem\u00f3stenes Torres (DEM\/GO), suspeito de envolvimento com o bicheiro Carlinhos Cachoeira. Conforme den\u00fancias, Dem\u00f3stenes Torres mant\u00e9m pr\u00f3xima rela\u00e7\u00e3o com Cachoeira, preso pela Pol\u00edcia Federal sob suspeita de chefiar uma [&hellip;]<\/p>\n","protected":false},"author":2,"featured_media":0,"comment_status":"open","ping_status":"open","sticky":false,"template":"","format":"standard","meta":{"_acf_changed":false,"footnotes":""},"categories":[4766],"tags":[22],"class_list":{"0":"post-7565","1":"post","2":"type-post","3":"status-publish","4":"format-standard","6":"category-arquivo","7":"tag-psol"},"acf":[],"yoast_head":"<!-- This site is optimized with the Yoast SEO plugin v26.5 - https:\/\/yoast.com\/wordpress\/plugins\/seo\/ -->\n<title>PSOL representa contra senador Dem\u00f3stenes Torres por quebra de decoro - PSOL 50<\/title>\n<meta name=\"robots\" content=\"index, follow, max-snippet:-1, max-image-preview:large, max-video-preview:-1\" \/>\n<link rel=\"canonical\" href=\"https:\/\/psol50.org.br\/psol-representa-contra-senador-demostenes-torres-por-quebra-de-decoro\/\" \/>\n<meta property=\"og:locale\" content=\"pt_BR\" \/>\n<meta property=\"og:type\" content=\"article\" \/>\n<meta property=\"og:title\" content=\"PSOL representa contra senador Dem\u00f3stenes Torres por quebra de decoro - PSOL 50\" \/>\n<meta property=\"og:description\" content=\"O PSOL protocolou nesta quarta-feira (28\/03) representa\u00e7\u00e3o que pede abertura de processo no Conselho de \u00c9tica do Senado por quebra de decoro parlamentar contra o senador Dem\u00f3stenes Torres (DEM\/GO), suspeito de envolvimento com o bicheiro Carlinhos Cachoeira. Conforme den\u00fancias, Dem\u00f3stenes Torres mant\u00e9m pr\u00f3xima rela\u00e7\u00e3o com Cachoeira, preso pela Pol\u00edcia Federal sob suspeita de chefiar uma [&hellip;]\" \/>\n<meta property=\"og:url\" content=\"https:\/\/psol50.org.br\/psol-representa-contra-senador-demostenes-torres-por-quebra-de-decoro\/\" \/>\n<meta property=\"og:site_name\" content=\"PSOL 50\" \/>\n<meta property=\"article:publisher\" content=\"https:\/\/www.facebook.com\/psol50\" \/>\n<meta property=\"article:published_time\" content=\"2012-03-29T00:00:00+00:00\" \/>\n<meta property=\"og:image\" content=\"http:\/\/psol50.org.br\/files\/2012\/03\/processo-demostenes.jpg\" \/>\n<meta name=\"author\" content=\"Comunica\u00e7\u00e3o PSOL\" \/>\n<meta name=\"twitter:card\" content=\"summary_large_image\" \/>\n<meta name=\"twitter:creator\" content=\"@psol50\" \/>\n<meta name=\"twitter:site\" content=\"@psol50\" \/>\n<meta name=\"twitter:label1\" content=\"Escrito por\" \/>\n\t<meta name=\"twitter:data1\" content=\"Comunica\u00e7\u00e3o PSOL\" \/>\n\t<meta name=\"twitter:label2\" content=\"Est. tempo de leitura\" \/>\n\t<meta name=\"twitter:data2\" content=\"2 minutos\" \/>\n<script type=\"application\/ld+json\" class=\"yoast-schema-graph\">{\"@context\":\"https:\/\/schema.org\",\"@graph\":[{\"@type\":\"Article\",\"@id\":\"https:\/\/psol50.org.br\/psol-representa-contra-senador-demostenes-torres-por-quebra-de-decoro\/#article\",\"isPartOf\":{\"@id\":\"https:\/\/psol50.org.br\/psol-representa-contra-senador-demostenes-torres-por-quebra-de-decoro\/\"},\"author\":{\"name\":\"Comunica\u00e7\u00e3o PSOL\",\"@id\":\"https:\/\/psol50.org.br\/#\/schema\/person\/475dfa57d0b815993c714c2e96491fcd\"},\"headline\":\"PSOL representa contra senador Dem\u00f3stenes Torres por quebra de decoro\",\"datePublished\":\"2012-03-29T00:00:00+00:00\",\"mainEntityOfPage\":{\"@id\":\"https:\/\/psol50.org.br\/psol-representa-contra-senador-demostenes-torres-por-quebra-de-decoro\/\"},\"wordCount\":461,\"commentCount\":0,\"publisher\":{\"@id\":\"https:\/\/psol50.org.br\/#organization\"},\"image\":{\"@id\":\"https:\/\/psol50.org.br\/psol-representa-contra-senador-demostenes-torres-por-quebra-de-decoro\/#primaryimage\"},\"thumbnailUrl\":\"http:\/\/psol50.org.br\/files\/2012\/03\/processo-demostenes.jpg\",\"keywords\":[\"PSOL\"],\"articleSection\":[\"Arquivo\"],\"inLanguage\":\"pt-BR\",\"potentialAction\":[{\"@type\":\"CommentAction\",\"name\":\"Comment\",\"target\":[\"https:\/\/psol50.org.br\/psol-representa-contra-senador-demostenes-torres-por-quebra-de-decoro\/#respond\"]}]},{\"@type\":\"WebPage\",\"@id\":\"https:\/\/psol50.org.br\/psol-representa-contra-senador-demostenes-torres-por-quebra-de-decoro\/\",\"url\":\"https:\/\/psol50.org.br\/psol-representa-contra-senador-demostenes-torres-por-quebra-de-decoro\/\",\"name\":\"PSOL representa contra senador Dem\u00f3stenes Torres por quebra de decoro - PSOL 50\",\"isPartOf\":{\"@id\":\"https:\/\/psol50.org.br\/#website\"},\"primaryImageOfPage\":{\"@id\":\"https:\/\/psol50.org.br\/psol-representa-contra-senador-demostenes-torres-por-quebra-de-decoro\/#primaryimage\"},\"image\":{\"@id\":\"https:\/\/psol50.org.br\/psol-representa-contra-senador-demostenes-torres-por-quebra-de-decoro\/#primaryimage\"},\"thumbnailUrl\":\"http:\/\/psol50.org.br\/files\/2012\/03\/processo-demostenes.jpg\",\"datePublished\":\"2012-03-29T00:00:00+00:00\",\"breadcrumb\":{\"@id\":\"https:\/\/psol50.org.br\/psol-representa-contra-senador-demostenes-torres-por-quebra-de-decoro\/#breadcrumb\"},\"inLanguage\":\"pt-BR\",\"potentialAction\":[{\"@type\":\"ReadAction\",\"target\":[\"https:\/\/psol50.org.br\/psol-representa-contra-senador-demostenes-torres-por-quebra-de-decoro\/\"]}]},{\"@type\":\"ImageObject\",\"inLanguage\":\"pt-BR\",\"@id\":\"https:\/\/psol50.org.br\/psol-representa-contra-senador-demostenes-torres-por-quebra-de-decoro\/#primaryimage\",\"url\":\"http:\/\/psol50.org.br\/files\/2012\/03\/processo-demostenes.jpg\",\"contentUrl\":\"http:\/\/psol50.org.br\/files\/2012\/03\/processo-demostenes.jpg\"},{\"@type\":\"BreadcrumbList\",\"@id\":\"https:\/\/psol50.org.br\/psol-representa-contra-senador-demostenes-torres-por-quebra-de-decoro\/#breadcrumb\",\"itemListElement\":[{\"@type\":\"ListItem\",\"position\":1,\"name\":\"In\u00edcio\",\"item\":\"https:\/\/psol50.org.br\/\"},{\"@type\":\"ListItem\",\"position\":2,\"name\":\"PSOL representa contra senador Dem\u00f3stenes Torres por quebra de decoro\"}]},{\"@type\":\"WebSite\",\"@id\":\"https:\/\/psol50.org.br\/#website\",\"url\":\"https:\/\/psol50.org.br\/\",\"name\":\"PSOL 50\",\"description\":\"Site oficial do Partido Socialismo e Liberdade\",\"publisher\":{\"@id\":\"https:\/\/psol50.org.br\/#organization\"},\"alternateName\":\"PSOL50\",\"potentialAction\":[{\"@type\":\"SearchAction\",\"target\":{\"@type\":\"EntryPoint\",\"urlTemplate\":\"https:\/\/psol50.org.br\/?s={search_term_string}\"},\"query-input\":{\"@type\":\"PropertyValueSpecification\",\"valueRequired\":true,\"valueName\":\"search_term_string\"}}],\"inLanguage\":\"pt-BR\"},{\"@type\":\"Organization\",\"@id\":\"https:\/\/psol50.org.br\/#organization\",\"name\":\"PSOL 50\",\"alternateName\":\"PSOL 50\",\"url\":\"https:\/\/psol50.org.br\/\",\"logo\":{\"@type\":\"ImageObject\",\"inLanguage\":\"pt-BR\",\"@id\":\"https:\/\/psol50.org.br\/#\/schema\/logo\/image\/\",\"url\":\"https:\/\/psol50.org.br\/inc\/uploads\/2018\/07\/capa.png\",\"contentUrl\":\"https:\/\/psol50.org.br\/inc\/uploads\/2018\/07\/capa.png\",\"width\":1350,\"height\":900,\"caption\":\"PSOL 50\"},\"image\":{\"@id\":\"https:\/\/psol50.org.br\/#\/schema\/logo\/image\/\"},\"sameAs\":[\"https:\/\/www.facebook.com\/psol50\",\"https:\/\/x.com\/psol50\",\"https:\/\/www.instagram.com\/psol50\/\",\"https:\/\/www.youtube.com\/channel\/UC7SnJS5o1os7a6CaiNabzcg\"]},{\"@type\":\"Person\",\"@id\":\"https:\/\/psol50.org.br\/#\/schema\/person\/475dfa57d0b815993c714c2e96491fcd\",\"name\":\"Comunica\u00e7\u00e3o PSOL\",\"image\":{\"@type\":\"ImageObject\",\"inLanguage\":\"pt-BR\",\"@id\":\"https:\/\/psol50.org.br\/#\/schema\/person\/image\/\",\"url\":\"https:\/\/secure.gravatar.com\/avatar\/b34fc4f4e468a4e51785917065a3db57b841f5c95dba6ad8c73aaf8f66f8f9bf?s=96&d=mm&r=g\",\"contentUrl\":\"https:\/\/secure.gravatar.com\/avatar\/b34fc4f4e468a4e51785917065a3db57b841f5c95dba6ad8c73aaf8f66f8f9bf?s=96&d=mm&r=g\",\"caption\":\"Comunica\u00e7\u00e3o PSOL\"}}]}<\/script>\n<!-- \/ Yoast SEO plugin. -->","yoast_head_json":{"title":"PSOL representa contra senador Dem\u00f3stenes Torres por quebra de decoro - PSOL 50","robots":{"index":"index","follow":"follow","max-snippet":"max-snippet:-1","max-image-preview":"max-image-preview:large","max-video-preview":"max-video-preview:-1"},"canonical":"https:\/\/psol50.org.br\/psol-representa-contra-senador-demostenes-torres-por-quebra-de-decoro\/","og_locale":"pt_BR","og_type":"article","og_title":"PSOL representa contra senador Dem\u00f3stenes Torres por quebra de decoro - PSOL 50","og_description":"O PSOL protocolou nesta quarta-feira (28\/03) representa\u00e7\u00e3o que pede abertura de processo no Conselho de \u00c9tica do Senado por quebra de decoro parlamentar contra o senador Dem\u00f3stenes Torres (DEM\/GO), suspeito de envolvimento com o bicheiro Carlinhos Cachoeira. Conforme den\u00fancias, Dem\u00f3stenes Torres mant\u00e9m pr\u00f3xima rela\u00e7\u00e3o com Cachoeira, preso pela Pol\u00edcia Federal sob suspeita de chefiar uma [&hellip;]","og_url":"https:\/\/psol50.org.br\/psol-representa-contra-senador-demostenes-torres-por-quebra-de-decoro\/","og_site_name":"PSOL 50","article_publisher":"https:\/\/www.facebook.com\/psol50","article_published_time":"2012-03-29T00:00:00+00:00","og_image":[{"url":"http:\/\/psol50.org.br\/files\/2012\/03\/processo-demostenes.jpg","type":"","width":"","height":""}],"author":"Comunica\u00e7\u00e3o PSOL","twitter_card":"summary_large_image","twitter_creator":"@psol50","twitter_site":"@psol50","twitter_misc":{"Escrito por":"Comunica\u00e7\u00e3o PSOL","Est. tempo de leitura":"2 minutos"},"schema":{"@context":"https:\/\/schema.org","@graph":[{"@type":"Article","@id":"https:\/\/psol50.org.br\/psol-representa-contra-senador-demostenes-torres-por-quebra-de-decoro\/#article","isPartOf":{"@id":"https:\/\/psol50.org.br\/psol-representa-contra-senador-demostenes-torres-por-quebra-de-decoro\/"},"author":{"name":"Comunica\u00e7\u00e3o PSOL","@id":"https:\/\/psol50.org.br\/#\/schema\/person\/475dfa57d0b815993c714c2e96491fcd"},"headline":"PSOL representa contra senador Dem\u00f3stenes Torres por quebra de decoro","datePublished":"2012-03-29T00:00:00+00:00","mainEntityOfPage":{"@id":"https:\/\/psol50.org.br\/psol-representa-contra-senador-demostenes-torres-por-quebra-de-decoro\/"},"wordCount":461,"commentCount":0,"publisher":{"@id":"https:\/\/psol50.org.br\/#organization"},"image":{"@id":"https:\/\/psol50.org.br\/psol-representa-contra-senador-demostenes-torres-por-quebra-de-decoro\/#primaryimage"},"thumbnailUrl":"http:\/\/psol50.org.br\/files\/2012\/03\/processo-demostenes.jpg","keywords":["PSOL"],"articleSection":["Arquivo"],"inLanguage":"pt-BR","potentialAction":[{"@type":"CommentAction","name":"Comment","target":["https:\/\/psol50.org.br\/psol-representa-contra-senador-demostenes-torres-por-quebra-de-decoro\/#respond"]}]},{"@type":"WebPage","@id":"https:\/\/psol50.org.br\/psol-representa-contra-senador-demostenes-torres-por-quebra-de-decoro\/","url":"https:\/\/psol50.org.br\/psol-representa-contra-senador-demostenes-torres-por-quebra-de-decoro\/","name":"PSOL representa contra senador Dem\u00f3stenes Torres por quebra de decoro - PSOL 50","isPartOf":{"@id":"https:\/\/psol50.org.br\/#website"},"primaryImageOfPage":{"@id":"https:\/\/psol50.org.br\/psol-representa-contra-senador-demostenes-torres-por-quebra-de-decoro\/#primaryimage"},"image":{"@id":"https:\/\/psol50.org.br\/psol-representa-contra-senador-demostenes-torres-por-quebra-de-decoro\/#primaryimage"},"thumbnailUrl":"http:\/\/psol50.org.br\/files\/2012\/03\/processo-demostenes.jpg","datePublished":"2012-03-29T00:00:00+00:00","breadcrumb":{"@id":"https:\/\/psol50.org.br\/psol-representa-contra-senador-demostenes-torres-por-quebra-de-decoro\/#breadcrumb"},"inLanguage":"pt-BR","potentialAction":[{"@type":"ReadAction","target":["https:\/\/psol50.org.br\/psol-representa-contra-senador-demostenes-torres-por-quebra-de-decoro\/"]}]},{"@type":"ImageObject","inLanguage":"pt-BR","@id":"https:\/\/psol50.org.br\/psol-representa-contra-senador-demostenes-torres-por-quebra-de-decoro\/#primaryimage","url":"http:\/\/psol50.org.br\/files\/2012\/03\/processo-demostenes.jpg","contentUrl":"http:\/\/psol50.org.br\/files\/2012\/03\/processo-demostenes.jpg"},{"@type":"BreadcrumbList","@id":"https:\/\/psol50.org.br\/psol-representa-contra-senador-demostenes-torres-por-quebra-de-decoro\/#breadcrumb","itemListElement":[{"@type":"ListItem","position":1,"name":"In\u00edcio","item":"https:\/\/psol50.org.br\/"},{"@type":"ListItem","position":2,"name":"PSOL representa contra senador Dem\u00f3stenes Torres por quebra de decoro"}]},{"@type":"WebSite","@id":"https:\/\/psol50.org.br\/#website","url":"https:\/\/psol50.org.br\/","name":"PSOL 50","description":"Site oficial do Partido Socialismo e Liberdade","publisher":{"@id":"https:\/\/psol50.org.br\/#organization"},"alternateName":"PSOL50","potentialAction":[{"@type":"SearchAction","target":{"@type":"EntryPoint","urlTemplate":"https:\/\/psol50.org.br\/?s={search_term_string}"},"query-input":{"@type":"PropertyValueSpecification","valueRequired":true,"valueName":"search_term_string"}}],"inLanguage":"pt-BR"},{"@type":"Organization","@id":"https:\/\/psol50.org.br\/#organization","name":"PSOL 50","alternateName":"PSOL 50","url":"https:\/\/psol50.org.br\/","logo":{"@type":"ImageObject","inLanguage":"pt-BR","@id":"https:\/\/psol50.org.br\/#\/schema\/logo\/image\/","url":"https:\/\/psol50.org.br\/inc\/uploads\/2018\/07\/capa.png","contentUrl":"https:\/\/psol50.org.br\/inc\/uploads\/2018\/07\/capa.png","width":1350,"height":900,"caption":"PSOL 50"},"image":{"@id":"https:\/\/psol50.org.br\/#\/schema\/logo\/image\/"},"sameAs":["https:\/\/www.facebook.com\/psol50","https:\/\/x.com\/psol50","https:\/\/www.instagram.com\/psol50\/","https:\/\/www.youtube.com\/channel\/UC7SnJS5o1os7a6CaiNabzcg"]},{"@type":"Person","@id":"https:\/\/psol50.org.br\/#\/schema\/person\/475dfa57d0b815993c714c2e96491fcd","name":"Comunica\u00e7\u00e3o PSOL","image":{"@type":"ImageObject","inLanguage":"pt-BR","@id":"https:\/\/psol50.org.br\/#\/schema\/person\/image\/","url":"https:\/\/secure.gravatar.com\/avatar\/b34fc4f4e468a4e51785917065a3db57b841f5c95dba6ad8c73aaf8f66f8f9bf?s=96&d=mm&r=g","contentUrl":"https:\/\/secure.gravatar.com\/avatar\/b34fc4f4e468a4e51785917065a3db57b841f5c95dba6ad8c73aaf8f66f8f9bf?s=96&d=mm&r=g","caption":"Comunica\u00e7\u00e3o PSOL"}}]}},"_links":{"self":[{"href":"https:\/\/psol50.org.br\/rest\/wp\/v2\/posts\/7565","targetHints":{"allow":["GET"]}}],"collection":[{"href":"https:\/\/psol50.org.br\/rest\/wp\/v2\/posts"}],"about":[{"href":"https:\/\/psol50.org.br\/rest\/wp\/v2\/types\/post"}],"author":[{"embeddable":true,"href":"https:\/\/psol50.org.br\/rest\/wp\/v2\/users\/2"}],"replies":[{"embeddable":true,"href":"https:\/\/psol50.org.br\/rest\/wp\/v2\/comments?post=7565"}],"version-history":[{"count":0,"href":"https:\/\/psol50.org.br\/rest\/wp\/v2\/posts\/7565\/revisions"}],"wp:attachment":[{"href":"https:\/\/psol50.org.br\/rest\/wp\/v2\/media?parent=7565"}],"wp:term":[{"taxonomy":"category","embeddable":true,"href":"https:\/\/psol50.org.br\/rest\/wp\/v2\/categories?post=7565"},{"taxonomy":"post_tag","embeddable":true,"href":"https:\/\/psol50.org.br\/rest\/wp\/v2\/tags?post=7565"}],"curies":[{"name":"wp","href":"https:\/\/api.w.org\/{rel}","templated":true}]}}