{"id":7573,"date":"2012-07-11T00:00:00","date_gmt":"2012-07-11T00:00:00","guid":{"rendered":"http:\/\/psol50.org.br\/arquivo\/2012\/07\/11\/psol-protocola-representacao-contra-dois-deputados-por-compra-e-venda-de-emendas\/"},"modified":"2012-07-11T00:00:00","modified_gmt":"2012-07-11T00:00:00","slug":"psol-protocola-representacao-contra-dois-deputados-por-compra-e-venda-de-emendas","status":"publish","type":"post","link":"https:\/\/psol50.org.br\/psol-protocola-representacao-contra-dois-deputados-por-compra-e-venda-de-emendas\/","title":{"rendered":"PSOL protocola representa\u00e7\u00e3o contra dois deputados por compra e venda de emendas"},"content":{"rendered":"<p>O PSOL protocolou, na manh\u00e3 desta quinta-feira 28, na Presid\u00eancia da C\u00e2mara, representa\u00e7\u00f5es contra os deputados Jo\u00e3o Bacelar (PR\/BA) e Marcos Medrado (PDT\/BA) envolvidos no esquema de compra e venda de emendas parlamentares. As duas representa\u00e7\u00f5es foram entregues ao presidente Marco Maia e ser\u00e3o encaminhadas ao Conselho de \u00c9tica e Decoro Parlamentar.<\/p>\n<p>Na semana passada, o PSOL pediu investiga\u00e7\u00e3o \u00e0 Corregedoria sobre o envolvimento do deputado Geraldo Sim\u00f5es (PT\/BA) no mesmo esquema.<\/p>\n<p>As den\u00fancias publicadas pelo jornal O Globo desde o dia 17 de junho apontam compra e venda de emendas, beneficiando munic\u00edpios baianos, bases eleitorais de Bacelar, contrata\u00e7\u00e3o de empresas ligadas \u00e0 fam\u00edlia do deputado e indica\u00e7\u00f5es pol\u00edticas para desviar dinheiro p\u00fablico.<\/p>\n<p>\u201cAs den\u00fancias desmoralizam e mancham a imagem da C\u00e2mara dos Deputados. \u00c9 lament\u00e1vel utilizarem o instituto de emendas parlamentares para a corrup\u00e7\u00e3o\u201d, afirmou o deputado Ivan Valente, presidente do PSOL Nacional, que assinou as representa\u00e7\u00f5es. A investiga\u00e7\u00e3o do Conselho de \u00c9tica, disse o deputado, vai apontar se h\u00e1 outros parlamentares envolvidos, al\u00e9m dos j\u00e1 citados. \u201cMedrado \u00e9 r\u00e9u confesso. Sim\u00f5es nega. Mas den\u00fancias indicam outros neste esquema que precisam ser investigados\u201d.<\/p>\n<p>Para o l\u00edder do PSOL, deputado Chico Alencar, a C\u00e2mara deve punir com rigor os atos il\u00edcitos.\u201dAs emendas barganhadas s\u00e3o piores que qualquer &#8216;soneto&#8217; dissonante: tentam rimar um suposto bem comum, voltado para a popula\u00e7\u00e3o dos munic\u00edpios, com o objetivo evidente do benef\u00edcio particular, seja por participa\u00e7\u00e3o societ\u00e1ria em empresas que realizar\u00e3o obras indicadas pelas emendas, seja pela capta\u00e7\u00e3o de votos nos &#8216;currais&#8217; do velho clientelismo\u201d, avaliou.<\/p>\n<p>O ESQUEMA<\/p>\n<p>De acordo com reportagem publicada pelo jornal O Globo, no dia 17 de junho, Bacelar \u00e9 o \u201ccomprador\u201d das emendas de outros parlamentares, e Sim\u00f5es \u00e9 apontado como um dos deputados que venderiam as emendas. A den\u00fancia foi feita pela ex-mulher de Bacelar, a empres\u00e1ria Isabela Suarez \u2013 filha e bra\u00e7o-direito do empreiteiro Carlos Suarez, fundador da OAS e um dos maiores empres\u00e1rios da constru\u00e7\u00e3o civil na Bahia. Ela detalha, em conversa com a irm\u00e3 de Bacelar, Lilian, o esquema entre os deputados. \u201cDesse cara do PT, com certeza ele [Bacelar] compra emenda. O nome dele \u00e9 Geraldo alguma coisa. Federal da Bahia. Se procurar, na hora voc\u00ea vai achar: Geraldo. Com certeza, com certeza. Eles operavam com o filho dele\u201d, diz Isabela. As grava\u00e7\u00f5es foram feitas por Lilian, sem conhecimento de Izabela. Lilian trava com o deputado uma briga na Justi\u00e7a por causa da heran\u00e7a do pai.<\/p>\n<p>Em mat\u00e9ria publicada dois dias depois (19), o deputado Marcos Medrado admite que negociou emenda no valor de R$ 2 milh\u00f5es a ser destinada para munic\u00edpio de Teofil\u00e2ndia, base eleitoral de Bacelar. Outros dois munic\u00edpios, Canarana e Ibipeba, tamb\u00e9m base de Bacelar, receberiam R$ 2 milh\u00f5es e R$ 2,5 milh\u00f5es, respectivamente, mas os recursos acabaram sendo destinados para a cidade de Paramirim.<\/p>\n<p>Al\u00e9m do balc\u00e3o de compra e venda de emendas, tamb\u00e9m foi denunciado um esquema de contrata\u00e7\u00e3o de empresas ligadas ao deputado Jo\u00e3o Bacelar, como a Embratec, a Construtora Xavante e a MAF Projetos e Obras, por prefeituras baianas, envolvendo milh\u00f5es de reais. H\u00e1 tamb\u00e9m ind\u00edcios de indica\u00e7\u00f5es pol\u00edticas de Jo\u00e3o Bacelar para que terceiros assumissem cargos p\u00fablicos com intuito de \u201ctomar dinheiro\u201d. Segundo a ex-mulher de Bacelar, Izabela Suarez, o ex-governador da Bahia, C\u00e9sar Borges, \u201ctolhia as indica\u00e7\u00f5es do Jo\u00e3o porque sabia que todo mundo que fosse indicado por Jo\u00e3o estava l\u00e1 para poder armar\u201d.<\/p>\n<p><em>Foto: Jorge Guimar\u00e3es \/ Lideran\u00e7a do PSOL<\/em><\/p>\n","protected":false},"excerpt":{"rendered":"<p>O PSOL protocolou, na manh\u00e3 desta quinta-feira 28, na Presid\u00eancia da C\u00e2mara, representa\u00e7\u00f5es contra os deputados Jo\u00e3o Bacelar (PR\/BA) e Marcos Medrado (PDT\/BA) envolvidos no esquema de compra e venda de emendas parlamentares. As duas representa\u00e7\u00f5es foram entregues ao presidente Marco Maia e ser\u00e3o encaminhadas ao Conselho de \u00c9tica e Decoro Parlamentar. Na semana passada, [&hellip;]<\/p>\n","protected":false},"author":2,"featured_media":0,"comment_status":"open","ping_status":"open","sticky":false,"template":"","format":"standard","meta":{"_acf_changed":false,"footnotes":""},"categories":[4766],"tags":[22],"class_list":{"0":"post-7573","1":"post","2":"type-post","3":"status-publish","4":"format-standard","6":"category-arquivo","7":"tag-psol"},"acf":[],"yoast_head":"<!-- This site is optimized with the Yoast SEO plugin v26.5 - https:\/\/yoast.com\/wordpress\/plugins\/seo\/ -->\n<title>PSOL protocola representa\u00e7\u00e3o contra dois deputados por compra e venda de emendas - PSOL 50<\/title>\n<meta name=\"robots\" content=\"index, follow, max-snippet:-1, max-image-preview:large, max-video-preview:-1\" \/>\n<link rel=\"canonical\" href=\"https:\/\/psol50.org.br\/psol-protocola-representacao-contra-dois-deputados-por-compra-e-venda-de-emendas\/\" \/>\n<meta property=\"og:locale\" content=\"pt_BR\" \/>\n<meta property=\"og:type\" content=\"article\" \/>\n<meta property=\"og:title\" content=\"PSOL protocola representa\u00e7\u00e3o contra dois deputados por compra e venda de emendas - PSOL 50\" \/>\n<meta property=\"og:description\" content=\"O PSOL protocolou, na manh\u00e3 desta quinta-feira 28, na Presid\u00eancia da C\u00e2mara, representa\u00e7\u00f5es contra os deputados Jo\u00e3o Bacelar (PR\/BA) e Marcos Medrado (PDT\/BA) envolvidos no esquema de compra e venda de emendas parlamentares. As duas representa\u00e7\u00f5es foram entregues ao presidente Marco Maia e ser\u00e3o encaminhadas ao Conselho de \u00c9tica e Decoro Parlamentar. Na semana passada, [&hellip;]\" \/>\n<meta property=\"og:url\" content=\"https:\/\/psol50.org.br\/psol-protocola-representacao-contra-dois-deputados-por-compra-e-venda-de-emendas\/\" \/>\n<meta property=\"og:site_name\" content=\"PSOL 50\" \/>\n<meta property=\"article:publisher\" content=\"https:\/\/www.facebook.com\/psol50\" \/>\n<meta property=\"article:published_time\" content=\"2012-07-11T00:00:00+00:00\" \/>\n<meta property=\"og:image\" content=\"https:\/\/psol50.org.br\/inc\/uploads\/2018\/07\/capa.png\" \/>\n\t<meta property=\"og:image:width\" content=\"1350\" \/>\n\t<meta property=\"og:image:height\" content=\"900\" \/>\n\t<meta property=\"og:image:type\" content=\"image\/png\" \/>\n<meta name=\"author\" content=\"Comunica\u00e7\u00e3o PSOL\" \/>\n<meta name=\"twitter:card\" content=\"summary_large_image\" \/>\n<meta name=\"twitter:creator\" content=\"@psol50\" \/>\n<meta name=\"twitter:site\" content=\"@psol50\" \/>\n<meta name=\"twitter:label1\" content=\"Escrito por\" \/>\n\t<meta name=\"twitter:data1\" content=\"Comunica\u00e7\u00e3o PSOL\" \/>\n\t<meta name=\"twitter:label2\" content=\"Est. tempo de leitura\" \/>\n\t<meta name=\"twitter:data2\" content=\"3 minutos\" \/>\n<script type=\"application\/ld+json\" class=\"yoast-schema-graph\">{\"@context\":\"https:\/\/schema.org\",\"@graph\":[{\"@type\":\"Article\",\"@id\":\"https:\/\/psol50.org.br\/psol-protocola-representacao-contra-dois-deputados-por-compra-e-venda-de-emendas\/#article\",\"isPartOf\":{\"@id\":\"https:\/\/psol50.org.br\/psol-protocola-representacao-contra-dois-deputados-por-compra-e-venda-de-emendas\/\"},\"author\":{\"name\":\"Comunica\u00e7\u00e3o PSOL\",\"@id\":\"https:\/\/psol50.org.br\/#\/schema\/person\/475dfa57d0b815993c714c2e96491fcd\"},\"headline\":\"PSOL protocola representa\u00e7\u00e3o contra dois deputados por compra e venda de emendas\",\"datePublished\":\"2012-07-11T00:00:00+00:00\",\"mainEntityOfPage\":{\"@id\":\"https:\/\/psol50.org.br\/psol-protocola-representacao-contra-dois-deputados-por-compra-e-venda-de-emendas\/\"},\"wordCount\":637,\"commentCount\":0,\"publisher\":{\"@id\":\"https:\/\/psol50.org.br\/#organization\"},\"keywords\":[\"PSOL\"],\"articleSection\":[\"Arquivo\"],\"inLanguage\":\"pt-BR\",\"potentialAction\":[{\"@type\":\"CommentAction\",\"name\":\"Comment\",\"target\":[\"https:\/\/psol50.org.br\/psol-protocola-representacao-contra-dois-deputados-por-compra-e-venda-de-emendas\/#respond\"]}]},{\"@type\":\"WebPage\",\"@id\":\"https:\/\/psol50.org.br\/psol-protocola-representacao-contra-dois-deputados-por-compra-e-venda-de-emendas\/\",\"url\":\"https:\/\/psol50.org.br\/psol-protocola-representacao-contra-dois-deputados-por-compra-e-venda-de-emendas\/\",\"name\":\"PSOL protocola representa\u00e7\u00e3o contra dois deputados por compra e venda de emendas - PSOL 50\",\"isPartOf\":{\"@id\":\"https:\/\/psol50.org.br\/#website\"},\"datePublished\":\"2012-07-11T00:00:00+00:00\",\"breadcrumb\":{\"@id\":\"https:\/\/psol50.org.br\/psol-protocola-representacao-contra-dois-deputados-por-compra-e-venda-de-emendas\/#breadcrumb\"},\"inLanguage\":\"pt-BR\",\"potentialAction\":[{\"@type\":\"ReadAction\",\"target\":[\"https:\/\/psol50.org.br\/psol-protocola-representacao-contra-dois-deputados-por-compra-e-venda-de-emendas\/\"]}]},{\"@type\":\"BreadcrumbList\",\"@id\":\"https:\/\/psol50.org.br\/psol-protocola-representacao-contra-dois-deputados-por-compra-e-venda-de-emendas\/#breadcrumb\",\"itemListElement\":[{\"@type\":\"ListItem\",\"position\":1,\"name\":\"In\u00edcio\",\"item\":\"https:\/\/psol50.org.br\/\"},{\"@type\":\"ListItem\",\"position\":2,\"name\":\"PSOL protocola representa\u00e7\u00e3o contra dois deputados por compra e venda de emendas\"}]},{\"@type\":\"WebSite\",\"@id\":\"https:\/\/psol50.org.br\/#website\",\"url\":\"https:\/\/psol50.org.br\/\",\"name\":\"PSOL 50\",\"description\":\"Site oficial do Partido Socialismo e Liberdade\",\"publisher\":{\"@id\":\"https:\/\/psol50.org.br\/#organization\"},\"alternateName\":\"PSOL50\",\"potentialAction\":[{\"@type\":\"SearchAction\",\"target\":{\"@type\":\"EntryPoint\",\"urlTemplate\":\"https:\/\/psol50.org.br\/?s={search_term_string}\"},\"query-input\":{\"@type\":\"PropertyValueSpecification\",\"valueRequired\":true,\"valueName\":\"search_term_string\"}}],\"inLanguage\":\"pt-BR\"},{\"@type\":\"Organization\",\"@id\":\"https:\/\/psol50.org.br\/#organization\",\"name\":\"PSOL 50\",\"alternateName\":\"PSOL 50\",\"url\":\"https:\/\/psol50.org.br\/\",\"logo\":{\"@type\":\"ImageObject\",\"inLanguage\":\"pt-BR\",\"@id\":\"https:\/\/psol50.org.br\/#\/schema\/logo\/image\/\",\"url\":\"https:\/\/psol50.org.br\/inc\/uploads\/2018\/07\/capa.png\",\"contentUrl\":\"https:\/\/psol50.org.br\/inc\/uploads\/2018\/07\/capa.png\",\"width\":1350,\"height\":900,\"caption\":\"PSOL 50\"},\"image\":{\"@id\":\"https:\/\/psol50.org.br\/#\/schema\/logo\/image\/\"},\"sameAs\":[\"https:\/\/www.facebook.com\/psol50\",\"https:\/\/x.com\/psol50\",\"https:\/\/www.instagram.com\/psol50\/\",\"https:\/\/www.youtube.com\/channel\/UC7SnJS5o1os7a6CaiNabzcg\"]},{\"@type\":\"Person\",\"@id\":\"https:\/\/psol50.org.br\/#\/schema\/person\/475dfa57d0b815993c714c2e96491fcd\",\"name\":\"Comunica\u00e7\u00e3o PSOL\",\"image\":{\"@type\":\"ImageObject\",\"inLanguage\":\"pt-BR\",\"@id\":\"https:\/\/psol50.org.br\/#\/schema\/person\/image\/\",\"url\":\"https:\/\/secure.gravatar.com\/avatar\/b34fc4f4e468a4e51785917065a3db57b841f5c95dba6ad8c73aaf8f66f8f9bf?s=96&d=mm&r=g\",\"contentUrl\":\"https:\/\/secure.gravatar.com\/avatar\/b34fc4f4e468a4e51785917065a3db57b841f5c95dba6ad8c73aaf8f66f8f9bf?s=96&d=mm&r=g\",\"caption\":\"Comunica\u00e7\u00e3o PSOL\"}}]}<\/script>\n<!-- \/ Yoast SEO plugin. -->","yoast_head_json":{"title":"PSOL protocola representa\u00e7\u00e3o contra dois deputados por compra e venda de emendas - PSOL 50","robots":{"index":"index","follow":"follow","max-snippet":"max-snippet:-1","max-image-preview":"max-image-preview:large","max-video-preview":"max-video-preview:-1"},"canonical":"https:\/\/psol50.org.br\/psol-protocola-representacao-contra-dois-deputados-por-compra-e-venda-de-emendas\/","og_locale":"pt_BR","og_type":"article","og_title":"PSOL protocola representa\u00e7\u00e3o contra dois deputados por compra e venda de emendas - PSOL 50","og_description":"O PSOL protocolou, na manh\u00e3 desta quinta-feira 28, na Presid\u00eancia da C\u00e2mara, representa\u00e7\u00f5es contra os deputados Jo\u00e3o Bacelar (PR\/BA) e Marcos Medrado (PDT\/BA) envolvidos no esquema de compra e venda de emendas parlamentares. As duas representa\u00e7\u00f5es foram entregues ao presidente Marco Maia e ser\u00e3o encaminhadas ao Conselho de \u00c9tica e Decoro Parlamentar. Na semana passada, [&hellip;]","og_url":"https:\/\/psol50.org.br\/psol-protocola-representacao-contra-dois-deputados-por-compra-e-venda-de-emendas\/","og_site_name":"PSOL 50","article_publisher":"https:\/\/www.facebook.com\/psol50","article_published_time":"2012-07-11T00:00:00+00:00","og_image":[{"width":1350,"height":900,"url":"https:\/\/psol50.org.br\/inc\/uploads\/2018\/07\/capa.png","type":"image\/png"}],"author":"Comunica\u00e7\u00e3o PSOL","twitter_card":"summary_large_image","twitter_creator":"@psol50","twitter_site":"@psol50","twitter_misc":{"Escrito por":"Comunica\u00e7\u00e3o PSOL","Est. tempo de leitura":"3 minutos"},"schema":{"@context":"https:\/\/schema.org","@graph":[{"@type":"Article","@id":"https:\/\/psol50.org.br\/psol-protocola-representacao-contra-dois-deputados-por-compra-e-venda-de-emendas\/#article","isPartOf":{"@id":"https:\/\/psol50.org.br\/psol-protocola-representacao-contra-dois-deputados-por-compra-e-venda-de-emendas\/"},"author":{"name":"Comunica\u00e7\u00e3o PSOL","@id":"https:\/\/psol50.org.br\/#\/schema\/person\/475dfa57d0b815993c714c2e96491fcd"},"headline":"PSOL protocola representa\u00e7\u00e3o contra dois deputados por compra e venda de emendas","datePublished":"2012-07-11T00:00:00+00:00","mainEntityOfPage":{"@id":"https:\/\/psol50.org.br\/psol-protocola-representacao-contra-dois-deputados-por-compra-e-venda-de-emendas\/"},"wordCount":637,"commentCount":0,"publisher":{"@id":"https:\/\/psol50.org.br\/#organization"},"keywords":["PSOL"],"articleSection":["Arquivo"],"inLanguage":"pt-BR","potentialAction":[{"@type":"CommentAction","name":"Comment","target":["https:\/\/psol50.org.br\/psol-protocola-representacao-contra-dois-deputados-por-compra-e-venda-de-emendas\/#respond"]}]},{"@type":"WebPage","@id":"https:\/\/psol50.org.br\/psol-protocola-representacao-contra-dois-deputados-por-compra-e-venda-de-emendas\/","url":"https:\/\/psol50.org.br\/psol-protocola-representacao-contra-dois-deputados-por-compra-e-venda-de-emendas\/","name":"PSOL protocola representa\u00e7\u00e3o contra dois deputados por compra e venda de emendas - PSOL 50","isPartOf":{"@id":"https:\/\/psol50.org.br\/#website"},"datePublished":"2012-07-11T00:00:00+00:00","breadcrumb":{"@id":"https:\/\/psol50.org.br\/psol-protocola-representacao-contra-dois-deputados-por-compra-e-venda-de-emendas\/#breadcrumb"},"inLanguage":"pt-BR","potentialAction":[{"@type":"ReadAction","target":["https:\/\/psol50.org.br\/psol-protocola-representacao-contra-dois-deputados-por-compra-e-venda-de-emendas\/"]}]},{"@type":"BreadcrumbList","@id":"https:\/\/psol50.org.br\/psol-protocola-representacao-contra-dois-deputados-por-compra-e-venda-de-emendas\/#breadcrumb","itemListElement":[{"@type":"ListItem","position":1,"name":"In\u00edcio","item":"https:\/\/psol50.org.br\/"},{"@type":"ListItem","position":2,"name":"PSOL protocola representa\u00e7\u00e3o contra dois deputados por compra e venda de emendas"}]},{"@type":"WebSite","@id":"https:\/\/psol50.org.br\/#website","url":"https:\/\/psol50.org.br\/","name":"PSOL 50","description":"Site oficial do Partido Socialismo e Liberdade","publisher":{"@id":"https:\/\/psol50.org.br\/#organization"},"alternateName":"PSOL50","potentialAction":[{"@type":"SearchAction","target":{"@type":"EntryPoint","urlTemplate":"https:\/\/psol50.org.br\/?s={search_term_string}"},"query-input":{"@type":"PropertyValueSpecification","valueRequired":true,"valueName":"search_term_string"}}],"inLanguage":"pt-BR"},{"@type":"Organization","@id":"https:\/\/psol50.org.br\/#organization","name":"PSOL 50","alternateName":"PSOL 50","url":"https:\/\/psol50.org.br\/","logo":{"@type":"ImageObject","inLanguage":"pt-BR","@id":"https:\/\/psol50.org.br\/#\/schema\/logo\/image\/","url":"https:\/\/psol50.org.br\/inc\/uploads\/2018\/07\/capa.png","contentUrl":"https:\/\/psol50.org.br\/inc\/uploads\/2018\/07\/capa.png","width":1350,"height":900,"caption":"PSOL 50"},"image":{"@id":"https:\/\/psol50.org.br\/#\/schema\/logo\/image\/"},"sameAs":["https:\/\/www.facebook.com\/psol50","https:\/\/x.com\/psol50","https:\/\/www.instagram.com\/psol50\/","https:\/\/www.youtube.com\/channel\/UC7SnJS5o1os7a6CaiNabzcg"]},{"@type":"Person","@id":"https:\/\/psol50.org.br\/#\/schema\/person\/475dfa57d0b815993c714c2e96491fcd","name":"Comunica\u00e7\u00e3o PSOL","image":{"@type":"ImageObject","inLanguage":"pt-BR","@id":"https:\/\/psol50.org.br\/#\/schema\/person\/image\/","url":"https:\/\/secure.gravatar.com\/avatar\/b34fc4f4e468a4e51785917065a3db57b841f5c95dba6ad8c73aaf8f66f8f9bf?s=96&d=mm&r=g","contentUrl":"https:\/\/secure.gravatar.com\/avatar\/b34fc4f4e468a4e51785917065a3db57b841f5c95dba6ad8c73aaf8f66f8f9bf?s=96&d=mm&r=g","caption":"Comunica\u00e7\u00e3o PSOL"}}]}},"_links":{"self":[{"href":"https:\/\/psol50.org.br\/rest\/wp\/v2\/posts\/7573","targetHints":{"allow":["GET"]}}],"collection":[{"href":"https:\/\/psol50.org.br\/rest\/wp\/v2\/posts"}],"about":[{"href":"https:\/\/psol50.org.br\/rest\/wp\/v2\/types\/post"}],"author":[{"embeddable":true,"href":"https:\/\/psol50.org.br\/rest\/wp\/v2\/users\/2"}],"replies":[{"embeddable":true,"href":"https:\/\/psol50.org.br\/rest\/wp\/v2\/comments?post=7573"}],"version-history":[{"count":0,"href":"https:\/\/psol50.org.br\/rest\/wp\/v2\/posts\/7573\/revisions"}],"wp:attachment":[{"href":"https:\/\/psol50.org.br\/rest\/wp\/v2\/media?parent=7573"}],"wp:term":[{"taxonomy":"category","embeddable":true,"href":"https:\/\/psol50.org.br\/rest\/wp\/v2\/categories?post=7573"},{"taxonomy":"post_tag","embeddable":true,"href":"https:\/\/psol50.org.br\/rest\/wp\/v2\/tags?post=7573"}],"curies":[{"name":"wp","href":"https:\/\/api.w.org\/{rel}","templated":true}]}}