{"id":7576,"date":"2012-07-11T00:00:00","date_gmt":"2012-07-11T00:00:00","guid":{"rendered":"http:\/\/psol50.org.br\/arquivo\/2012\/07\/11\/demostenes-tem-mandato-cassado-e-esta-inelegivel-ate-fevereiro-de-2027\/"},"modified":"2012-07-11T00:00:00","modified_gmt":"2012-07-11T00:00:00","slug":"demostenes-tem-mandato-cassado-e-esta-inelegivel-ate-fevereiro-de-2027","status":"publish","type":"post","link":"https:\/\/psol50.org.br\/demostenes-tem-mandato-cassado-e-esta-inelegivel-ate-fevereiro-de-2027\/","title":{"rendered":"Dem\u00f3stenes tem mandato cassado e est\u00e1 ineleg\u00edvel at\u00e9 fevereiro de 2027"},"content":{"rendered":"<p>Por 56 votos a favor, 19 contra e 5 absten\u00e7\u00f5es, o plen\u00e1rio do Senado decidiu pela cassa\u00e7\u00e3o do mandato do senador Dem\u00f3stenes Torres (sem partido-GO) por quebra de decoro parlamentar.<\/p>\n<p>Ele foi considerado culpado da acusa\u00e7\u00e3o de envolvimento com o esquema de Carlos Augusto Ramos, o Carlinhos Cachoeira, atualmente preso na penitenci\u00e1ria da Papuda. Relat\u00f3rios da Pol\u00edcia Federal apontam Cachoeira como chefe de um esquema de corrup\u00e7\u00e3o, tr\u00e1fico de influ\u00eancia e jogos ilegais.<\/p>\n<p>Com a decis\u00e3o do Senado, Dem\u00f3stenes Torres ficar\u00e1 ineleg\u00edvel por oito anos contados a partir do fim do mandato (fevereiro de 2019). Assim, s\u00f3 poder\u00e1 concorrer a um cargo pol\u00edtico a partir das elei\u00e7\u00f5es de 2028.<\/p>\n<p>O resultado foi anunciado pelo Senador Jos\u00e9 Sarney, 4 minutos ap\u00f3s iniciada a vota\u00e7\u00e3o do projeto de resolu\u00e7\u00e3o (PRS 22\/2012) que determinou a cassa\u00e7\u00e3o do mandato do parlamentar goiano.<\/p>\n<p>Na sess\u00e3o, que come\u00e7ou por volta de 10h, o autor da representa\u00e7\u00e3o contra o parlamentar, senador Randolfe Rodrigues (PSOL-AP); e os relatores do processo no Conselho de \u00c9tica, Humberto Costa (PT-PE) e na Comiss\u00e3o de Constitui\u00e7\u00e3o, Justi\u00e7a e Cidadania (CCJ), Pedro Taques (PDT-MT), reiteraram os argumentos pela cassa\u00e7\u00e3o.<\/p>\n<p>Tamb\u00e9m usaram a tribuna 5 senadores que condenaram o uso das prerrogativas parlamentares indevidamente e a impunidade e defenderam o fim do voto secreto em processos de cassa\u00e7\u00e3o de mandato.<\/p>\n<p><em>Da Ag\u00eancia Senado<\/em><\/p>\n","protected":false},"excerpt":{"rendered":"<p>Por 56 votos a favor, 19 contra e 5 absten\u00e7\u00f5es, o plen\u00e1rio do Senado decidiu pela cassa\u00e7\u00e3o do mandato do senador Dem\u00f3stenes Torres (sem partido-GO) por quebra de decoro parlamentar. Ele foi considerado culpado da acusa\u00e7\u00e3o de envolvimento com o esquema de Carlos Augusto Ramos, o Carlinhos Cachoeira, atualmente preso na penitenci\u00e1ria da Papuda. Relat\u00f3rios [&hellip;]<\/p>\n","protected":false},"author":2,"featured_media":0,"comment_status":"open","ping_status":"open","sticky":false,"template":"","format":"standard","meta":{"_acf_changed":false,"footnotes":""},"categories":[4766],"tags":[],"class_list":{"0":"post-7576","1":"post","2":"type-post","3":"status-publish","4":"format-standard","6":"category-arquivo"},"acf":[],"yoast_head":"<!-- This site is optimized with the Yoast SEO plugin v26.5 - https:\/\/yoast.com\/wordpress\/plugins\/seo\/ -->\n<title>Dem\u00f3stenes tem mandato cassado e est\u00e1 ineleg\u00edvel at\u00e9 fevereiro de 2027 - PSOL 50<\/title>\n<meta name=\"robots\" content=\"index, follow, max-snippet:-1, max-image-preview:large, max-video-preview:-1\" \/>\n<link rel=\"canonical\" href=\"https:\/\/psol50.org.br\/demostenes-tem-mandato-cassado-e-esta-inelegivel-ate-fevereiro-de-2027\/\" \/>\n<meta property=\"og:locale\" content=\"pt_BR\" \/>\n<meta property=\"og:type\" content=\"article\" \/>\n<meta property=\"og:title\" content=\"Dem\u00f3stenes tem mandato cassado e est\u00e1 ineleg\u00edvel at\u00e9 fevereiro de 2027 - PSOL 50\" \/>\n<meta property=\"og:description\" content=\"Por 56 votos a favor, 19 contra e 5 absten\u00e7\u00f5es, o plen\u00e1rio do Senado decidiu pela cassa\u00e7\u00e3o do mandato do senador Dem\u00f3stenes Torres (sem partido-GO) por quebra de decoro parlamentar. Ele foi considerado culpado da acusa\u00e7\u00e3o de envolvimento com o esquema de Carlos Augusto Ramos, o Carlinhos Cachoeira, atualmente preso na penitenci\u00e1ria da Papuda. Relat\u00f3rios [&hellip;]\" \/>\n<meta property=\"og:url\" content=\"https:\/\/psol50.org.br\/demostenes-tem-mandato-cassado-e-esta-inelegivel-ate-fevereiro-de-2027\/\" \/>\n<meta property=\"og:site_name\" content=\"PSOL 50\" \/>\n<meta property=\"article:publisher\" content=\"https:\/\/www.facebook.com\/psol50\" \/>\n<meta property=\"article:published_time\" content=\"2012-07-11T00:00:00+00:00\" \/>\n<meta property=\"og:image\" content=\"https:\/\/psol50.org.br\/inc\/uploads\/2018\/07\/capa.png\" \/>\n\t<meta property=\"og:image:width\" content=\"1350\" \/>\n\t<meta property=\"og:image:height\" content=\"900\" \/>\n\t<meta property=\"og:image:type\" content=\"image\/png\" \/>\n<meta name=\"author\" content=\"Comunica\u00e7\u00e3o PSOL\" \/>\n<meta name=\"twitter:card\" content=\"summary_large_image\" \/>\n<meta name=\"twitter:creator\" content=\"@psol50\" \/>\n<meta name=\"twitter:site\" content=\"@psol50\" \/>\n<meta name=\"twitter:label1\" content=\"Escrito por\" \/>\n\t<meta name=\"twitter:data1\" content=\"Comunica\u00e7\u00e3o PSOL\" \/>\n\t<meta name=\"twitter:label2\" content=\"Est. tempo de leitura\" \/>\n\t<meta name=\"twitter:data2\" content=\"1 minuto\" \/>\n<script type=\"application\/ld+json\" class=\"yoast-schema-graph\">{\"@context\":\"https:\/\/schema.org\",\"@graph\":[{\"@type\":\"Article\",\"@id\":\"https:\/\/psol50.org.br\/demostenes-tem-mandato-cassado-e-esta-inelegivel-ate-fevereiro-de-2027\/#article\",\"isPartOf\":{\"@id\":\"https:\/\/psol50.org.br\/demostenes-tem-mandato-cassado-e-esta-inelegivel-ate-fevereiro-de-2027\/\"},\"author\":{\"name\":\"Comunica\u00e7\u00e3o PSOL\",\"@id\":\"https:\/\/psol50.org.br\/#\/schema\/person\/475dfa57d0b815993c714c2e96491fcd\"},\"headline\":\"Dem\u00f3stenes tem mandato cassado e est\u00e1 ineleg\u00edvel at\u00e9 fevereiro de 2027\",\"datePublished\":\"2012-07-11T00:00:00+00:00\",\"mainEntityOfPage\":{\"@id\":\"https:\/\/psol50.org.br\/demostenes-tem-mandato-cassado-e-esta-inelegivel-ate-fevereiro-de-2027\/\"},\"wordCount\":253,\"commentCount\":0,\"publisher\":{\"@id\":\"https:\/\/psol50.org.br\/#organization\"},\"articleSection\":[\"Arquivo\"],\"inLanguage\":\"pt-BR\",\"potentialAction\":[{\"@type\":\"CommentAction\",\"name\":\"Comment\",\"target\":[\"https:\/\/psol50.org.br\/demostenes-tem-mandato-cassado-e-esta-inelegivel-ate-fevereiro-de-2027\/#respond\"]}]},{\"@type\":\"WebPage\",\"@id\":\"https:\/\/psol50.org.br\/demostenes-tem-mandato-cassado-e-esta-inelegivel-ate-fevereiro-de-2027\/\",\"url\":\"https:\/\/psol50.org.br\/demostenes-tem-mandato-cassado-e-esta-inelegivel-ate-fevereiro-de-2027\/\",\"name\":\"Dem\u00f3stenes tem mandato cassado e est\u00e1 ineleg\u00edvel at\u00e9 fevereiro de 2027 - PSOL 50\",\"isPartOf\":{\"@id\":\"https:\/\/psol50.org.br\/#website\"},\"datePublished\":\"2012-07-11T00:00:00+00:00\",\"breadcrumb\":{\"@id\":\"https:\/\/psol50.org.br\/demostenes-tem-mandato-cassado-e-esta-inelegivel-ate-fevereiro-de-2027\/#breadcrumb\"},\"inLanguage\":\"pt-BR\",\"potentialAction\":[{\"@type\":\"ReadAction\",\"target\":[\"https:\/\/psol50.org.br\/demostenes-tem-mandato-cassado-e-esta-inelegivel-ate-fevereiro-de-2027\/\"]}]},{\"@type\":\"BreadcrumbList\",\"@id\":\"https:\/\/psol50.org.br\/demostenes-tem-mandato-cassado-e-esta-inelegivel-ate-fevereiro-de-2027\/#breadcrumb\",\"itemListElement\":[{\"@type\":\"ListItem\",\"position\":1,\"name\":\"In\u00edcio\",\"item\":\"https:\/\/psol50.org.br\/\"},{\"@type\":\"ListItem\",\"position\":2,\"name\":\"Dem\u00f3stenes tem mandato cassado e est\u00e1 ineleg\u00edvel at\u00e9 fevereiro de 2027\"}]},{\"@type\":\"WebSite\",\"@id\":\"https:\/\/psol50.org.br\/#website\",\"url\":\"https:\/\/psol50.org.br\/\",\"name\":\"PSOL 50\",\"description\":\"Site oficial do Partido Socialismo e Liberdade\",\"publisher\":{\"@id\":\"https:\/\/psol50.org.br\/#organization\"},\"alternateName\":\"PSOL50\",\"potentialAction\":[{\"@type\":\"SearchAction\",\"target\":{\"@type\":\"EntryPoint\",\"urlTemplate\":\"https:\/\/psol50.org.br\/?s={search_term_string}\"},\"query-input\":{\"@type\":\"PropertyValueSpecification\",\"valueRequired\":true,\"valueName\":\"search_term_string\"}}],\"inLanguage\":\"pt-BR\"},{\"@type\":\"Organization\",\"@id\":\"https:\/\/psol50.org.br\/#organization\",\"name\":\"PSOL 50\",\"alternateName\":\"PSOL 50\",\"url\":\"https:\/\/psol50.org.br\/\",\"logo\":{\"@type\":\"ImageObject\",\"inLanguage\":\"pt-BR\",\"@id\":\"https:\/\/psol50.org.br\/#\/schema\/logo\/image\/\",\"url\":\"https:\/\/psol50.org.br\/inc\/uploads\/2018\/07\/capa.png\",\"contentUrl\":\"https:\/\/psol50.org.br\/inc\/uploads\/2018\/07\/capa.png\",\"width\":1350,\"height\":900,\"caption\":\"PSOL 50\"},\"image\":{\"@id\":\"https:\/\/psol50.org.br\/#\/schema\/logo\/image\/\"},\"sameAs\":[\"https:\/\/www.facebook.com\/psol50\",\"https:\/\/x.com\/psol50\",\"https:\/\/www.instagram.com\/psol50\/\",\"https:\/\/www.youtube.com\/channel\/UC7SnJS5o1os7a6CaiNabzcg\"]},{\"@type\":\"Person\",\"@id\":\"https:\/\/psol50.org.br\/#\/schema\/person\/475dfa57d0b815993c714c2e96491fcd\",\"name\":\"Comunica\u00e7\u00e3o PSOL\",\"image\":{\"@type\":\"ImageObject\",\"inLanguage\":\"pt-BR\",\"@id\":\"https:\/\/psol50.org.br\/#\/schema\/person\/image\/\",\"url\":\"https:\/\/secure.gravatar.com\/avatar\/b34fc4f4e468a4e51785917065a3db57b841f5c95dba6ad8c73aaf8f66f8f9bf?s=96&d=mm&r=g\",\"contentUrl\":\"https:\/\/secure.gravatar.com\/avatar\/b34fc4f4e468a4e51785917065a3db57b841f5c95dba6ad8c73aaf8f66f8f9bf?s=96&d=mm&r=g\",\"caption\":\"Comunica\u00e7\u00e3o PSOL\"}}]}<\/script>\n<!-- \/ Yoast SEO plugin. -->","yoast_head_json":{"title":"Dem\u00f3stenes tem mandato cassado e est\u00e1 ineleg\u00edvel at\u00e9 fevereiro de 2027 - PSOL 50","robots":{"index":"index","follow":"follow","max-snippet":"max-snippet:-1","max-image-preview":"max-image-preview:large","max-video-preview":"max-video-preview:-1"},"canonical":"https:\/\/psol50.org.br\/demostenes-tem-mandato-cassado-e-esta-inelegivel-ate-fevereiro-de-2027\/","og_locale":"pt_BR","og_type":"article","og_title":"Dem\u00f3stenes tem mandato cassado e est\u00e1 ineleg\u00edvel at\u00e9 fevereiro de 2027 - PSOL 50","og_description":"Por 56 votos a favor, 19 contra e 5 absten\u00e7\u00f5es, o plen\u00e1rio do Senado decidiu pela cassa\u00e7\u00e3o do mandato do senador Dem\u00f3stenes Torres (sem partido-GO) por quebra de decoro parlamentar. Ele foi considerado culpado da acusa\u00e7\u00e3o de envolvimento com o esquema de Carlos Augusto Ramos, o Carlinhos Cachoeira, atualmente preso na penitenci\u00e1ria da Papuda. Relat\u00f3rios [&hellip;]","og_url":"https:\/\/psol50.org.br\/demostenes-tem-mandato-cassado-e-esta-inelegivel-ate-fevereiro-de-2027\/","og_site_name":"PSOL 50","article_publisher":"https:\/\/www.facebook.com\/psol50","article_published_time":"2012-07-11T00:00:00+00:00","og_image":[{"width":1350,"height":900,"url":"https:\/\/psol50.org.br\/inc\/uploads\/2018\/07\/capa.png","type":"image\/png"}],"author":"Comunica\u00e7\u00e3o PSOL","twitter_card":"summary_large_image","twitter_creator":"@psol50","twitter_site":"@psol50","twitter_misc":{"Escrito por":"Comunica\u00e7\u00e3o PSOL","Est. tempo de leitura":"1 minuto"},"schema":{"@context":"https:\/\/schema.org","@graph":[{"@type":"Article","@id":"https:\/\/psol50.org.br\/demostenes-tem-mandato-cassado-e-esta-inelegivel-ate-fevereiro-de-2027\/#article","isPartOf":{"@id":"https:\/\/psol50.org.br\/demostenes-tem-mandato-cassado-e-esta-inelegivel-ate-fevereiro-de-2027\/"},"author":{"name":"Comunica\u00e7\u00e3o PSOL","@id":"https:\/\/psol50.org.br\/#\/schema\/person\/475dfa57d0b815993c714c2e96491fcd"},"headline":"Dem\u00f3stenes tem mandato cassado e est\u00e1 ineleg\u00edvel at\u00e9 fevereiro de 2027","datePublished":"2012-07-11T00:00:00+00:00","mainEntityOfPage":{"@id":"https:\/\/psol50.org.br\/demostenes-tem-mandato-cassado-e-esta-inelegivel-ate-fevereiro-de-2027\/"},"wordCount":253,"commentCount":0,"publisher":{"@id":"https:\/\/psol50.org.br\/#organization"},"articleSection":["Arquivo"],"inLanguage":"pt-BR","potentialAction":[{"@type":"CommentAction","name":"Comment","target":["https:\/\/psol50.org.br\/demostenes-tem-mandato-cassado-e-esta-inelegivel-ate-fevereiro-de-2027\/#respond"]}]},{"@type":"WebPage","@id":"https:\/\/psol50.org.br\/demostenes-tem-mandato-cassado-e-esta-inelegivel-ate-fevereiro-de-2027\/","url":"https:\/\/psol50.org.br\/demostenes-tem-mandato-cassado-e-esta-inelegivel-ate-fevereiro-de-2027\/","name":"Dem\u00f3stenes tem mandato cassado e est\u00e1 ineleg\u00edvel at\u00e9 fevereiro de 2027 - PSOL 50","isPartOf":{"@id":"https:\/\/psol50.org.br\/#website"},"datePublished":"2012-07-11T00:00:00+00:00","breadcrumb":{"@id":"https:\/\/psol50.org.br\/demostenes-tem-mandato-cassado-e-esta-inelegivel-ate-fevereiro-de-2027\/#breadcrumb"},"inLanguage":"pt-BR","potentialAction":[{"@type":"ReadAction","target":["https:\/\/psol50.org.br\/demostenes-tem-mandato-cassado-e-esta-inelegivel-ate-fevereiro-de-2027\/"]}]},{"@type":"BreadcrumbList","@id":"https:\/\/psol50.org.br\/demostenes-tem-mandato-cassado-e-esta-inelegivel-ate-fevereiro-de-2027\/#breadcrumb","itemListElement":[{"@type":"ListItem","position":1,"name":"In\u00edcio","item":"https:\/\/psol50.org.br\/"},{"@type":"ListItem","position":2,"name":"Dem\u00f3stenes tem mandato cassado e est\u00e1 ineleg\u00edvel at\u00e9 fevereiro de 2027"}]},{"@type":"WebSite","@id":"https:\/\/psol50.org.br\/#website","url":"https:\/\/psol50.org.br\/","name":"PSOL 50","description":"Site oficial do Partido Socialismo e Liberdade","publisher":{"@id":"https:\/\/psol50.org.br\/#organization"},"alternateName":"PSOL50","potentialAction":[{"@type":"SearchAction","target":{"@type":"EntryPoint","urlTemplate":"https:\/\/psol50.org.br\/?s={search_term_string}"},"query-input":{"@type":"PropertyValueSpecification","valueRequired":true,"valueName":"search_term_string"}}],"inLanguage":"pt-BR"},{"@type":"Organization","@id":"https:\/\/psol50.org.br\/#organization","name":"PSOL 50","alternateName":"PSOL 50","url":"https:\/\/psol50.org.br\/","logo":{"@type":"ImageObject","inLanguage":"pt-BR","@id":"https:\/\/psol50.org.br\/#\/schema\/logo\/image\/","url":"https:\/\/psol50.org.br\/inc\/uploads\/2018\/07\/capa.png","contentUrl":"https:\/\/psol50.org.br\/inc\/uploads\/2018\/07\/capa.png","width":1350,"height":900,"caption":"PSOL 50"},"image":{"@id":"https:\/\/psol50.org.br\/#\/schema\/logo\/image\/"},"sameAs":["https:\/\/www.facebook.com\/psol50","https:\/\/x.com\/psol50","https:\/\/www.instagram.com\/psol50\/","https:\/\/www.youtube.com\/channel\/UC7SnJS5o1os7a6CaiNabzcg"]},{"@type":"Person","@id":"https:\/\/psol50.org.br\/#\/schema\/person\/475dfa57d0b815993c714c2e96491fcd","name":"Comunica\u00e7\u00e3o PSOL","image":{"@type":"ImageObject","inLanguage":"pt-BR","@id":"https:\/\/psol50.org.br\/#\/schema\/person\/image\/","url":"https:\/\/secure.gravatar.com\/avatar\/b34fc4f4e468a4e51785917065a3db57b841f5c95dba6ad8c73aaf8f66f8f9bf?s=96&d=mm&r=g","contentUrl":"https:\/\/secure.gravatar.com\/avatar\/b34fc4f4e468a4e51785917065a3db57b841f5c95dba6ad8c73aaf8f66f8f9bf?s=96&d=mm&r=g","caption":"Comunica\u00e7\u00e3o PSOL"}}]}},"_links":{"self":[{"href":"https:\/\/psol50.org.br\/rest\/wp\/v2\/posts\/7576","targetHints":{"allow":["GET"]}}],"collection":[{"href":"https:\/\/psol50.org.br\/rest\/wp\/v2\/posts"}],"about":[{"href":"https:\/\/psol50.org.br\/rest\/wp\/v2\/types\/post"}],"author":[{"embeddable":true,"href":"https:\/\/psol50.org.br\/rest\/wp\/v2\/users\/2"}],"replies":[{"embeddable":true,"href":"https:\/\/psol50.org.br\/rest\/wp\/v2\/comments?post=7576"}],"version-history":[{"count":0,"href":"https:\/\/psol50.org.br\/rest\/wp\/v2\/posts\/7576\/revisions"}],"wp:attachment":[{"href":"https:\/\/psol50.org.br\/rest\/wp\/v2\/media?parent=7576"}],"wp:term":[{"taxonomy":"category","embeddable":true,"href":"https:\/\/psol50.org.br\/rest\/wp\/v2\/categories?post=7576"},{"taxonomy":"post_tag","embeddable":true,"href":"https:\/\/psol50.org.br\/rest\/wp\/v2\/tags?post=7576"}],"curies":[{"name":"wp","href":"https:\/\/api.w.org\/{rel}","templated":true}]}}