{"id":7579,"date":"2012-07-16T00:00:00","date_gmt":"2012-07-16T00:00:00","guid":{"rendered":"http:\/\/psol50.org.br\/arquivo\/2012\/07\/16\/nova-onda-de-calunias-contra-o-deputado-jean-wyllys-e-disseminada-pela-internet\/"},"modified":"2012-07-16T00:00:00","modified_gmt":"2012-07-16T00:00:00","slug":"nova-onda-de-calunias-contra-o-deputado-jean-wyllys-e-disseminada-pela-internet","status":"publish","type":"post","link":"https:\/\/psol50.org.br\/nova-onda-de-calunias-contra-o-deputado-jean-wyllys-e-disseminada-pela-internet\/","title":{"rendered":"Nova onda de cal\u00fanias contra o deputado Jean Wyllys \u00e9 disseminada pela internet"},"content":{"rendered":"<p>Circulam pela internet dois e-mails assinados por Jean Wyllys, dando a entender que foram enviados a partir do e-mail institucional da C\u00e2mara dos Deputados, contendo amea\u00e7as a um blogueiro em especial, al\u00e9m de declara\u00e7\u00f5es convenientes aos blogs e sites que prontamente as replicaram.<\/p>\n<p>Entre as declara\u00e7\u00f5es, uma delas chama em especial a aten\u00e7\u00e3o, servindo como um suposto \u201csalvo-conduto\u201d \u00e0 pedofilia, e que est\u00e1 sendo ecoada de forma irrespons\u00e1vel em diversas redes sociais: a inten\u00e7\u00e3o de legalizar rela\u00e7\u00f5es ditas \u201cconsensuais\u201d entre crian\u00e7as e adultos.<\/p>\n<p>Tais declara\u00e7\u00f5es s\u00e3o uma completa mentira, objeto de uma campanha caluniosa, cujo objetivo \u00e9 calar uma luta dentro do Legislativo. Servem como forma de desmoralizar um mandato que prima pela defesa dos direitos humanos, partindo de pessoas que se op\u00f5em \u00e0 defesa dos direitos de mulheres, portadores de defici\u00eancias, negros, LGBTs e crian\u00e7as carentes \u2013 bandeiras levantadas pelo deputado em sua participa\u00e7\u00e3o na CPI da Explora\u00e7\u00e3o Sexual de Crian\u00e7as e Adolescentes, Frente Parlamentar Mista pela Cidadania LGBT, Comiss\u00e3o de Direitos Humanos e Minorias, Comiss\u00e3o de Legisla\u00e7\u00e3o Participativa, Comiss\u00e3o de Educa\u00e7\u00e3o e Cultura, Frente Parlamentar pela Defesa da Cultura, Comiss\u00e3o Externa de Combate \u00e0 Corrup\u00e7\u00e3o, Subcomiss\u00e3o permanente de Assuntos Federativos, Frente pela Liberdade de Express\u00e3o, Parlamento Jovem Brasileiro e projeto \u201cA C\u00e2mara quer te ouvir\u201d, iniciativa da Ouvidoria da C\u00e2mara dos Deputados.<\/p>\n<p>Apesar de alguns destes caluniadores j\u00e1 terem reconhecido que a origem de tais e-mails \u00e9 falsa, continuam ocupados em propag\u00e1-los, uma atitude claramente contradit\u00f3ria. Estamos tomando as provid\u00eancias cab\u00edveis, responsabilizando cada envolvido neste desagrad\u00e1vel epis\u00f3dio, na correta medida de seu ato.<\/p>\n<p><em>Do Blogo do Jean Wyllys<\/em><br \/>\n<em>www.jeanwyllys.com.br<\/em><\/p>\n","protected":false},"excerpt":{"rendered":"<p>Circulam pela internet dois e-mails assinados por Jean Wyllys, dando a entender que foram enviados a partir do e-mail institucional da C\u00e2mara dos Deputados, contendo amea\u00e7as a um blogueiro em especial, al\u00e9m de declara\u00e7\u00f5es convenientes aos blogs e sites que prontamente as replicaram. Entre as declara\u00e7\u00f5es, uma delas chama em especial a aten\u00e7\u00e3o, servindo como [&hellip;]<\/p>\n","protected":false},"author":2,"featured_media":0,"comment_status":"open","ping_status":"open","sticky":false,"template":"","format":"standard","meta":{"_acf_changed":false,"footnotes":""},"categories":[10,4974],"tags":[4975],"class_list":{"0":"post-7579","1":"post","2":"type-post","3":"status-publish","4":"format-standard","6":"category-acao-parlamentares","7":"category-eleicoes-2012","8":"tag-eleicoes-2012"},"acf":[],"yoast_head":"<!-- This site is optimized with the Yoast SEO plugin v26.5 - https:\/\/yoast.com\/wordpress\/plugins\/seo\/ -->\n<title>Nova onda de cal\u00fanias contra o deputado Jean Wyllys \u00e9 disseminada pela internet - PSOL 50<\/title>\n<meta name=\"robots\" content=\"index, follow, max-snippet:-1, max-image-preview:large, max-video-preview:-1\" \/>\n<link rel=\"canonical\" href=\"https:\/\/psol50.org.br\/nova-onda-de-calunias-contra-o-deputado-jean-wyllys-e-disseminada-pela-internet\/\" \/>\n<meta property=\"og:locale\" content=\"pt_BR\" \/>\n<meta property=\"og:type\" content=\"article\" \/>\n<meta property=\"og:title\" content=\"Nova onda de cal\u00fanias contra o deputado Jean Wyllys \u00e9 disseminada pela internet - PSOL 50\" \/>\n<meta property=\"og:description\" content=\"Circulam pela internet dois e-mails assinados por Jean Wyllys, dando a entender que foram enviados a partir do e-mail institucional da C\u00e2mara dos Deputados, contendo amea\u00e7as a um blogueiro em especial, al\u00e9m de declara\u00e7\u00f5es convenientes aos blogs e sites que prontamente as replicaram. Entre as declara\u00e7\u00f5es, uma delas chama em especial a aten\u00e7\u00e3o, servindo como [&hellip;]\" \/>\n<meta property=\"og:url\" content=\"https:\/\/psol50.org.br\/nova-onda-de-calunias-contra-o-deputado-jean-wyllys-e-disseminada-pela-internet\/\" \/>\n<meta property=\"og:site_name\" content=\"PSOL 50\" \/>\n<meta property=\"article:publisher\" content=\"https:\/\/www.facebook.com\/psol50\" \/>\n<meta property=\"article:published_time\" content=\"2012-07-16T00:00:00+00:00\" \/>\n<meta property=\"og:image\" content=\"https:\/\/psol50.org.br\/inc\/uploads\/2018\/07\/capa.png\" \/>\n\t<meta property=\"og:image:width\" content=\"1350\" \/>\n\t<meta property=\"og:image:height\" content=\"900\" \/>\n\t<meta property=\"og:image:type\" content=\"image\/png\" \/>\n<meta name=\"author\" content=\"Comunica\u00e7\u00e3o PSOL\" \/>\n<meta name=\"twitter:card\" content=\"summary_large_image\" \/>\n<meta name=\"twitter:creator\" content=\"@psol50\" \/>\n<meta name=\"twitter:site\" content=\"@psol50\" \/>\n<meta name=\"twitter:label1\" content=\"Escrito por\" \/>\n\t<meta name=\"twitter:data1\" content=\"Comunica\u00e7\u00e3o PSOL\" \/>\n\t<meta name=\"twitter:label2\" content=\"Est. tempo de leitura\" \/>\n\t<meta name=\"twitter:data2\" content=\"1 minuto\" \/>\n<script type=\"application\/ld+json\" class=\"yoast-schema-graph\">{\"@context\":\"https:\/\/schema.org\",\"@graph\":[{\"@type\":\"Article\",\"@id\":\"https:\/\/psol50.org.br\/nova-onda-de-calunias-contra-o-deputado-jean-wyllys-e-disseminada-pela-internet\/#article\",\"isPartOf\":{\"@id\":\"https:\/\/psol50.org.br\/nova-onda-de-calunias-contra-o-deputado-jean-wyllys-e-disseminada-pela-internet\/\"},\"author\":{\"name\":\"Comunica\u00e7\u00e3o PSOL\",\"@id\":\"https:\/\/psol50.org.br\/#\/schema\/person\/475dfa57d0b815993c714c2e96491fcd\"},\"headline\":\"Nova onda de cal\u00fanias contra o deputado Jean Wyllys \u00e9 disseminada pela internet\",\"datePublished\":\"2012-07-16T00:00:00+00:00\",\"mainEntityOfPage\":{\"@id\":\"https:\/\/psol50.org.br\/nova-onda-de-calunias-contra-o-deputado-jean-wyllys-e-disseminada-pela-internet\/\"},\"wordCount\":306,\"commentCount\":0,\"publisher\":{\"@id\":\"https:\/\/psol50.org.br\/#organization\"},\"keywords\":[\"Elei\u00e7\u00f5es 2012\"],\"articleSection\":[\"A\u00e7\u00e3o Parlamentar\",\"ELEI\u00c7\u00d5ES 2012\"],\"inLanguage\":\"pt-BR\",\"potentialAction\":[{\"@type\":\"CommentAction\",\"name\":\"Comment\",\"target\":[\"https:\/\/psol50.org.br\/nova-onda-de-calunias-contra-o-deputado-jean-wyllys-e-disseminada-pela-internet\/#respond\"]}]},{\"@type\":\"WebPage\",\"@id\":\"https:\/\/psol50.org.br\/nova-onda-de-calunias-contra-o-deputado-jean-wyllys-e-disseminada-pela-internet\/\",\"url\":\"https:\/\/psol50.org.br\/nova-onda-de-calunias-contra-o-deputado-jean-wyllys-e-disseminada-pela-internet\/\",\"name\":\"Nova onda de cal\u00fanias contra o deputado Jean Wyllys \u00e9 disseminada pela internet - PSOL 50\",\"isPartOf\":{\"@id\":\"https:\/\/psol50.org.br\/#website\"},\"datePublished\":\"2012-07-16T00:00:00+00:00\",\"breadcrumb\":{\"@id\":\"https:\/\/psol50.org.br\/nova-onda-de-calunias-contra-o-deputado-jean-wyllys-e-disseminada-pela-internet\/#breadcrumb\"},\"inLanguage\":\"pt-BR\",\"potentialAction\":[{\"@type\":\"ReadAction\",\"target\":[\"https:\/\/psol50.org.br\/nova-onda-de-calunias-contra-o-deputado-jean-wyllys-e-disseminada-pela-internet\/\"]}]},{\"@type\":\"BreadcrumbList\",\"@id\":\"https:\/\/psol50.org.br\/nova-onda-de-calunias-contra-o-deputado-jean-wyllys-e-disseminada-pela-internet\/#breadcrumb\",\"itemListElement\":[{\"@type\":\"ListItem\",\"position\":1,\"name\":\"In\u00edcio\",\"item\":\"https:\/\/psol50.org.br\/\"},{\"@type\":\"ListItem\",\"position\":2,\"name\":\"Nova onda de cal\u00fanias contra o deputado Jean Wyllys \u00e9 disseminada pela internet\"}]},{\"@type\":\"WebSite\",\"@id\":\"https:\/\/psol50.org.br\/#website\",\"url\":\"https:\/\/psol50.org.br\/\",\"name\":\"PSOL 50\",\"description\":\"Site oficial do Partido Socialismo e Liberdade\",\"publisher\":{\"@id\":\"https:\/\/psol50.org.br\/#organization\"},\"alternateName\":\"PSOL50\",\"potentialAction\":[{\"@type\":\"SearchAction\",\"target\":{\"@type\":\"EntryPoint\",\"urlTemplate\":\"https:\/\/psol50.org.br\/?s={search_term_string}\"},\"query-input\":{\"@type\":\"PropertyValueSpecification\",\"valueRequired\":true,\"valueName\":\"search_term_string\"}}],\"inLanguage\":\"pt-BR\"},{\"@type\":\"Organization\",\"@id\":\"https:\/\/psol50.org.br\/#organization\",\"name\":\"PSOL 50\",\"alternateName\":\"PSOL 50\",\"url\":\"https:\/\/psol50.org.br\/\",\"logo\":{\"@type\":\"ImageObject\",\"inLanguage\":\"pt-BR\",\"@id\":\"https:\/\/psol50.org.br\/#\/schema\/logo\/image\/\",\"url\":\"https:\/\/psol50.org.br\/inc\/uploads\/2018\/07\/capa.png\",\"contentUrl\":\"https:\/\/psol50.org.br\/inc\/uploads\/2018\/07\/capa.png\",\"width\":1350,\"height\":900,\"caption\":\"PSOL 50\"},\"image\":{\"@id\":\"https:\/\/psol50.org.br\/#\/schema\/logo\/image\/\"},\"sameAs\":[\"https:\/\/www.facebook.com\/psol50\",\"https:\/\/x.com\/psol50\",\"https:\/\/www.instagram.com\/psol50\/\",\"https:\/\/www.youtube.com\/channel\/UC7SnJS5o1os7a6CaiNabzcg\"]},{\"@type\":\"Person\",\"@id\":\"https:\/\/psol50.org.br\/#\/schema\/person\/475dfa57d0b815993c714c2e96491fcd\",\"name\":\"Comunica\u00e7\u00e3o PSOL\",\"image\":{\"@type\":\"ImageObject\",\"inLanguage\":\"pt-BR\",\"@id\":\"https:\/\/psol50.org.br\/#\/schema\/person\/image\/\",\"url\":\"https:\/\/secure.gravatar.com\/avatar\/b34fc4f4e468a4e51785917065a3db57b841f5c95dba6ad8c73aaf8f66f8f9bf?s=96&d=mm&r=g\",\"contentUrl\":\"https:\/\/secure.gravatar.com\/avatar\/b34fc4f4e468a4e51785917065a3db57b841f5c95dba6ad8c73aaf8f66f8f9bf?s=96&d=mm&r=g\",\"caption\":\"Comunica\u00e7\u00e3o PSOL\"}}]}<\/script>\n<!-- \/ Yoast SEO plugin. -->","yoast_head_json":{"title":"Nova onda de cal\u00fanias contra o deputado Jean Wyllys \u00e9 disseminada pela internet - PSOL 50","robots":{"index":"index","follow":"follow","max-snippet":"max-snippet:-1","max-image-preview":"max-image-preview:large","max-video-preview":"max-video-preview:-1"},"canonical":"https:\/\/psol50.org.br\/nova-onda-de-calunias-contra-o-deputado-jean-wyllys-e-disseminada-pela-internet\/","og_locale":"pt_BR","og_type":"article","og_title":"Nova onda de cal\u00fanias contra o deputado Jean Wyllys \u00e9 disseminada pela internet - PSOL 50","og_description":"Circulam pela internet dois e-mails assinados por Jean Wyllys, dando a entender que foram enviados a partir do e-mail institucional da C\u00e2mara dos Deputados, contendo amea\u00e7as a um blogueiro em especial, al\u00e9m de declara\u00e7\u00f5es convenientes aos blogs e sites que prontamente as replicaram. Entre as declara\u00e7\u00f5es, uma delas chama em especial a aten\u00e7\u00e3o, servindo como [&hellip;]","og_url":"https:\/\/psol50.org.br\/nova-onda-de-calunias-contra-o-deputado-jean-wyllys-e-disseminada-pela-internet\/","og_site_name":"PSOL 50","article_publisher":"https:\/\/www.facebook.com\/psol50","article_published_time":"2012-07-16T00:00:00+00:00","og_image":[{"width":1350,"height":900,"url":"https:\/\/psol50.org.br\/inc\/uploads\/2018\/07\/capa.png","type":"image\/png"}],"author":"Comunica\u00e7\u00e3o PSOL","twitter_card":"summary_large_image","twitter_creator":"@psol50","twitter_site":"@psol50","twitter_misc":{"Escrito por":"Comunica\u00e7\u00e3o PSOL","Est. tempo de leitura":"1 minuto"},"schema":{"@context":"https:\/\/schema.org","@graph":[{"@type":"Article","@id":"https:\/\/psol50.org.br\/nova-onda-de-calunias-contra-o-deputado-jean-wyllys-e-disseminada-pela-internet\/#article","isPartOf":{"@id":"https:\/\/psol50.org.br\/nova-onda-de-calunias-contra-o-deputado-jean-wyllys-e-disseminada-pela-internet\/"},"author":{"name":"Comunica\u00e7\u00e3o PSOL","@id":"https:\/\/psol50.org.br\/#\/schema\/person\/475dfa57d0b815993c714c2e96491fcd"},"headline":"Nova onda de cal\u00fanias contra o deputado Jean Wyllys \u00e9 disseminada pela internet","datePublished":"2012-07-16T00:00:00+00:00","mainEntityOfPage":{"@id":"https:\/\/psol50.org.br\/nova-onda-de-calunias-contra-o-deputado-jean-wyllys-e-disseminada-pela-internet\/"},"wordCount":306,"commentCount":0,"publisher":{"@id":"https:\/\/psol50.org.br\/#organization"},"keywords":["Elei\u00e7\u00f5es 2012"],"articleSection":["A\u00e7\u00e3o Parlamentar","ELEI\u00c7\u00d5ES 2012"],"inLanguage":"pt-BR","potentialAction":[{"@type":"CommentAction","name":"Comment","target":["https:\/\/psol50.org.br\/nova-onda-de-calunias-contra-o-deputado-jean-wyllys-e-disseminada-pela-internet\/#respond"]}]},{"@type":"WebPage","@id":"https:\/\/psol50.org.br\/nova-onda-de-calunias-contra-o-deputado-jean-wyllys-e-disseminada-pela-internet\/","url":"https:\/\/psol50.org.br\/nova-onda-de-calunias-contra-o-deputado-jean-wyllys-e-disseminada-pela-internet\/","name":"Nova onda de cal\u00fanias contra o deputado Jean Wyllys \u00e9 disseminada pela internet - PSOL 50","isPartOf":{"@id":"https:\/\/psol50.org.br\/#website"},"datePublished":"2012-07-16T00:00:00+00:00","breadcrumb":{"@id":"https:\/\/psol50.org.br\/nova-onda-de-calunias-contra-o-deputado-jean-wyllys-e-disseminada-pela-internet\/#breadcrumb"},"inLanguage":"pt-BR","potentialAction":[{"@type":"ReadAction","target":["https:\/\/psol50.org.br\/nova-onda-de-calunias-contra-o-deputado-jean-wyllys-e-disseminada-pela-internet\/"]}]},{"@type":"BreadcrumbList","@id":"https:\/\/psol50.org.br\/nova-onda-de-calunias-contra-o-deputado-jean-wyllys-e-disseminada-pela-internet\/#breadcrumb","itemListElement":[{"@type":"ListItem","position":1,"name":"In\u00edcio","item":"https:\/\/psol50.org.br\/"},{"@type":"ListItem","position":2,"name":"Nova onda de cal\u00fanias contra o deputado Jean Wyllys \u00e9 disseminada pela internet"}]},{"@type":"WebSite","@id":"https:\/\/psol50.org.br\/#website","url":"https:\/\/psol50.org.br\/","name":"PSOL 50","description":"Site oficial do Partido Socialismo e Liberdade","publisher":{"@id":"https:\/\/psol50.org.br\/#organization"},"alternateName":"PSOL50","potentialAction":[{"@type":"SearchAction","target":{"@type":"EntryPoint","urlTemplate":"https:\/\/psol50.org.br\/?s={search_term_string}"},"query-input":{"@type":"PropertyValueSpecification","valueRequired":true,"valueName":"search_term_string"}}],"inLanguage":"pt-BR"},{"@type":"Organization","@id":"https:\/\/psol50.org.br\/#organization","name":"PSOL 50","alternateName":"PSOL 50","url":"https:\/\/psol50.org.br\/","logo":{"@type":"ImageObject","inLanguage":"pt-BR","@id":"https:\/\/psol50.org.br\/#\/schema\/logo\/image\/","url":"https:\/\/psol50.org.br\/inc\/uploads\/2018\/07\/capa.png","contentUrl":"https:\/\/psol50.org.br\/inc\/uploads\/2018\/07\/capa.png","width":1350,"height":900,"caption":"PSOL 50"},"image":{"@id":"https:\/\/psol50.org.br\/#\/schema\/logo\/image\/"},"sameAs":["https:\/\/www.facebook.com\/psol50","https:\/\/x.com\/psol50","https:\/\/www.instagram.com\/psol50\/","https:\/\/www.youtube.com\/channel\/UC7SnJS5o1os7a6CaiNabzcg"]},{"@type":"Person","@id":"https:\/\/psol50.org.br\/#\/schema\/person\/475dfa57d0b815993c714c2e96491fcd","name":"Comunica\u00e7\u00e3o PSOL","image":{"@type":"ImageObject","inLanguage":"pt-BR","@id":"https:\/\/psol50.org.br\/#\/schema\/person\/image\/","url":"https:\/\/secure.gravatar.com\/avatar\/b34fc4f4e468a4e51785917065a3db57b841f5c95dba6ad8c73aaf8f66f8f9bf?s=96&d=mm&r=g","contentUrl":"https:\/\/secure.gravatar.com\/avatar\/b34fc4f4e468a4e51785917065a3db57b841f5c95dba6ad8c73aaf8f66f8f9bf?s=96&d=mm&r=g","caption":"Comunica\u00e7\u00e3o PSOL"}}]}},"_links":{"self":[{"href":"https:\/\/psol50.org.br\/rest\/wp\/v2\/posts\/7579","targetHints":{"allow":["GET"]}}],"collection":[{"href":"https:\/\/psol50.org.br\/rest\/wp\/v2\/posts"}],"about":[{"href":"https:\/\/psol50.org.br\/rest\/wp\/v2\/types\/post"}],"author":[{"embeddable":true,"href":"https:\/\/psol50.org.br\/rest\/wp\/v2\/users\/2"}],"replies":[{"embeddable":true,"href":"https:\/\/psol50.org.br\/rest\/wp\/v2\/comments?post=7579"}],"version-history":[{"count":0,"href":"https:\/\/psol50.org.br\/rest\/wp\/v2\/posts\/7579\/revisions"}],"wp:attachment":[{"href":"https:\/\/psol50.org.br\/rest\/wp\/v2\/media?parent=7579"}],"wp:term":[{"taxonomy":"category","embeddable":true,"href":"https:\/\/psol50.org.br\/rest\/wp\/v2\/categories?post=7579"},{"taxonomy":"post_tag","embeddable":true,"href":"https:\/\/psol50.org.br\/rest\/wp\/v2\/tags?post=7579"}],"curies":[{"name":"wp","href":"https:\/\/api.w.org\/{rel}","templated":true}]}}