{"id":7582,"date":"2012-08-09T00:00:00","date_gmt":"2012-08-09T00:00:00","guid":{"rendered":"http:\/\/psol50.org.br\/arquivo\/2012\/08\/09\/conselho-de-etica-instaura-processos-contra-deputados-por-esquema-de-venda-de-emendas\/"},"modified":"2012-08-09T00:00:00","modified_gmt":"2012-08-09T00:00:00","slug":"conselho-de-etica-instaura-processos-contra-deputados-por-esquema-de-venda-de-emendas","status":"publish","type":"post","link":"https:\/\/psol50.org.br\/conselho-de-etica-instaura-processos-contra-deputados-por-esquema-de-venda-de-emendas\/","title":{"rendered":"Conselho de \u00c9tica instaura processos contra deputados por esquema de venda de emendas"},"content":{"rendered":"<p>O Conselho de \u00c9tica e Decoro Parlamentar instaurou, na ter\u00e7a-feira, 7, os processos para analisar as den\u00fancias do PSOL contra o deputado Jo\u00e3o Carlos Bacelar (PR\/BA) e o deputado licenciado Marcos Medrado (PDT\/BA). Com base em reportagem do jornal O Globo, o PSOL os acusa de participar de um esquema de compra e venda de emendas ao Or\u00e7amento da Uni\u00e3o.<\/p>\n<p>Procurado pela Ag\u00eancia C\u00e2mara, Bacelar disse que se trata de uma den\u00fancia requentada e irrespons\u00e1vel e que \u00e9 v\u00edtima de persegui\u00e7\u00e3o do jornalista Paulo Celso Pereira, antes na revista Veja e, agora, no jornal O Globo.<\/p>\n<p>O presidente do Conselho, deputado Jos\u00e9 Carlos Ara\u00fajo (PSD\/BA), vai anunciar amanh\u00e3 os nomes dos relatores dos dois processos. Nesta ter\u00e7a-feira, Ara\u00fajo sorteou os nomes de tr\u00eas deputados para cada processo. Os nomes dos relatores sair\u00e3o dessa lista tr\u00edplice.<\/p>\n<p>O relator do processo contra Marcos Medrado poder\u00e1 ser Onyx Lorenzoni (DEM\/RS), Ricardo Izar (PSD\/SP) ou Jorge Corte Real (PTB\/PE). Para o processo contra Jo\u00e3o Carlos Bacelar, poder\u00e1 ser escolhido o deputado Sib\u00e1 Machado (PT\/AC), Gonzaga Patriota (PSB\/PE) ou Evandro Milhomen (PcdoB\/PE).<\/p>\n<p>Com a defini\u00e7\u00e3o do relator, o prazo legal come\u00e7a a correr j\u00e1 a partir desta quarta-feira, dia 8. Os relatores ter\u00e3o at\u00e9 31 de agosto para apresentar os relat\u00f3rios preliminares, nos quais v\u00e3o dizer se acatam as den\u00fancias ou n\u00e3o. A vota\u00e7\u00e3o dos pareceres preliminares no Conselho de \u00c9tica ocorrer\u00e1 entre os dias 4 e 6 de setembro. Se os relatores considerarem admiss\u00edveis as den\u00fancias contra Marcos Medrado e Jo\u00e3o Carlos Bacelar, eles ser\u00e3o notificados e ter\u00e3o at\u00e9 o dia 10 de outubro para apresentar suas defesas.<\/p>\n<p>Do dia 10 de outubro at\u00e9 3 de dezembro, v\u00e3o ser realizadas reuni\u00f5es nas quais ser\u00e3o ouvidos os acusados e as testemunhas arroladas em cada caso. A vota\u00e7\u00e3o final dos pareceres vai ocorrer entre 3 e 18 de dezembro. O Congresso entra em recesso no dia 22 de dezembro.<\/p>\n<p>Para o l\u00edder do PSOL, deputado Chico Alencar (RJ), se a den\u00fancia for comprovada estar\u00e1 havendo uma deforma\u00e7\u00e3o do direito do parlamentar de apresentar emendas ao Or\u00e7amento da Uni\u00e3o.<\/p>\n<p>&#8220;A origem disso tudo \u00e9 o sistema de emendas individuais ao Or\u00e7amento, que permite que elas acabem se tornando moeda de troca eleitoral. A libera\u00e7\u00e3o de emendas tamb\u00e9m acaba virando moeda de troca para apoio a projetos do governo. O ideal \u00e9 que s\u00f3 houvesse emendas coletivas para programas de governo&#8221;, afirmou.<\/p>\n<p><strong>O esquema<\/strong><\/p>\n<p>De acordo com reportagem publicada pelo jornal O Globo, no dia 17 de junho, Bacelar \u00e9 o \u201ccomprador\u201d das emendas de outros parlamentares, e Sim\u00f5es \u00e9 apontado como um dos deputados que venderiam as emendas. A den\u00fancia foi feita pela ex-mulher de Bacelar, a empres\u00e1ria Isabela Suarez \u2013 filha e bra\u00e7o-direito do empreiteiro Carlos Suarez, fundador da OAS e um dos maiores empres\u00e1rios da constru\u00e7\u00e3o civil na Bahia. Ela detalha, em conversa com a irm\u00e3 de Bacelar, Lilian, o esquema entre os deputados. \u201cDesse cara do PT, com certeza ele [Bacelar] compra emenda. O nome dele \u00e9 Geraldo alguma coisa. Federal da Bahia. Se procurar, na hora voc\u00ea vai achar: Geraldo. Com certeza, com certeza. Eles operavam com o filho dele\u201d, diz Isabela. As grava\u00e7\u00f5es foram feitas por Lilian, sem conhecimento de Izabela. Lilian trava com o deputado uma briga na Justi\u00e7a por causa da heran\u00e7a do pai.<\/p>\n<p>Em mat\u00e9ria publicada dois dias depois (19), o deputado Marcos Medrado admite que negociou emenda no valor de R$ 2 milh\u00f5es a ser destinada para munic\u00edpio de Teofil\u00e2ndia, base eleitoral de Bacelar. Outros dois munic\u00edpios, Canarana e Ibipeba, tamb\u00e9m base de Bacelar, receberiam R$ 2 milh\u00f5es e R$ 2,5 milh\u00f5es, respectivamente, mas os recursos acabaram sendo destinados para a cidade de Paramirim.<\/p>\n<p>Al\u00e9m do balc\u00e3o de compra e venda de emendas, tamb\u00e9m foi denunciado um esquema de contrata\u00e7\u00e3o de empresas ligadas ao deputado Jo\u00e3o Bacelar, como a Embratec, a Construtora Xavante e a MAF Projetos e Obras, por prefeituras baianas, envolvendo milh\u00f5es de reais. H\u00e1 tamb\u00e9m ind\u00edcios de indica\u00e7\u00f5es pol\u00edticas de Jo\u00e3o Bacelar para que terceiros assumissem cargos p\u00fablicos com intuito de \u201ctomar dinheiro\u201d. Segundo a ex-mulher de Bacelar, Izabela Suarez, o ex-governador da Bahia, C\u00e9sar Borges, \u201ctolhia as indica\u00e7\u00f5es do Jo\u00e3o porque sabia que todo mundo que fosse indicado por Jo\u00e3o estava l\u00e1 para poder armar\u201d &#8211; mat\u00e9ria publicada pelo O Globo.<\/p>\n<p><strong>Escolhidos os relatores [atualizada em 08.08.2012]<\/strong><\/p>\n<p>O deputado Sib\u00e1 Machado (PT-AC) foi escolhido nesta quarta-feira (8) como relator do parecer preliminar sobre o caso do deputado Jo\u00e3o Carlos Bacelar (PR-BA) no Conselho de \u00c9tica e Decoro Parlamentar. J\u00e1 o parecer sobre o deputado licenciado Marcos Medrado (PDT-BA) ser\u00e1 relatado pelo deputado Ricardo Izar (PSD-SP). Os relatores foram anunciados em reuni\u00e3o do conselho pela manh\u00e3.<\/p>\n<p><em>Com informa\u00e7\u00f5es da Ag\u00eancia C\u00e2mara<\/em><\/p>\n","protected":false},"excerpt":{"rendered":"<p>O Conselho de \u00c9tica e Decoro Parlamentar instaurou, na ter\u00e7a-feira, 7, os processos para analisar as den\u00fancias do PSOL contra o deputado Jo\u00e3o Carlos Bacelar (PR\/BA) e o deputado licenciado Marcos Medrado (PDT\/BA). Com base em reportagem do jornal O Globo, o PSOL os acusa de participar de um esquema de compra e venda de [&hellip;]<\/p>\n","protected":false},"author":2,"featured_media":0,"comment_status":"open","ping_status":"open","sticky":false,"template":"","format":"standard","meta":{"_acf_changed":false,"footnotes":""},"categories":[4766],"tags":[],"class_list":{"0":"post-7582","1":"post","2":"type-post","3":"status-publish","4":"format-standard","6":"category-arquivo"},"acf":[],"yoast_head":"<!-- This site is optimized with the Yoast SEO plugin v26.5 - https:\/\/yoast.com\/wordpress\/plugins\/seo\/ -->\n<title>Conselho de \u00c9tica instaura processos contra deputados por esquema de venda de emendas - PSOL 50<\/title>\n<meta name=\"robots\" content=\"index, follow, max-snippet:-1, max-image-preview:large, max-video-preview:-1\" \/>\n<link rel=\"canonical\" href=\"https:\/\/psol50.org.br\/conselho-de-etica-instaura-processos-contra-deputados-por-esquema-de-venda-de-emendas\/\" \/>\n<meta property=\"og:locale\" content=\"pt_BR\" \/>\n<meta property=\"og:type\" content=\"article\" \/>\n<meta property=\"og:title\" content=\"Conselho de \u00c9tica instaura processos contra deputados por esquema de venda de emendas - PSOL 50\" \/>\n<meta property=\"og:description\" content=\"O Conselho de \u00c9tica e Decoro Parlamentar instaurou, na ter\u00e7a-feira, 7, os processos para analisar as den\u00fancias do PSOL contra o deputado Jo\u00e3o Carlos Bacelar (PR\/BA) e o deputado licenciado Marcos Medrado (PDT\/BA). Com base em reportagem do jornal O Globo, o PSOL os acusa de participar de um esquema de compra e venda de [&hellip;]\" \/>\n<meta property=\"og:url\" content=\"https:\/\/psol50.org.br\/conselho-de-etica-instaura-processos-contra-deputados-por-esquema-de-venda-de-emendas\/\" \/>\n<meta property=\"og:site_name\" content=\"PSOL 50\" \/>\n<meta property=\"article:publisher\" content=\"https:\/\/www.facebook.com\/psol50\" \/>\n<meta property=\"article:published_time\" content=\"2012-08-09T00:00:00+00:00\" \/>\n<meta property=\"og:image\" content=\"https:\/\/psol50.org.br\/inc\/uploads\/2018\/07\/capa.png\" \/>\n\t<meta property=\"og:image:width\" content=\"1350\" \/>\n\t<meta property=\"og:image:height\" content=\"900\" \/>\n\t<meta property=\"og:image:type\" content=\"image\/png\" \/>\n<meta name=\"author\" content=\"Comunica\u00e7\u00e3o PSOL\" \/>\n<meta name=\"twitter:card\" content=\"summary_large_image\" \/>\n<meta name=\"twitter:creator\" content=\"@psol50\" \/>\n<meta name=\"twitter:site\" content=\"@psol50\" \/>\n<meta name=\"twitter:label1\" content=\"Escrito por\" \/>\n\t<meta name=\"twitter:data1\" content=\"Comunica\u00e7\u00e3o PSOL\" \/>\n\t<meta name=\"twitter:label2\" content=\"Est. tempo de leitura\" \/>\n\t<meta name=\"twitter:data2\" content=\"4 minutos\" \/>\n<script type=\"application\/ld+json\" class=\"yoast-schema-graph\">{\"@context\":\"https:\/\/schema.org\",\"@graph\":[{\"@type\":\"Article\",\"@id\":\"https:\/\/psol50.org.br\/conselho-de-etica-instaura-processos-contra-deputados-por-esquema-de-venda-de-emendas\/#article\",\"isPartOf\":{\"@id\":\"https:\/\/psol50.org.br\/conselho-de-etica-instaura-processos-contra-deputados-por-esquema-de-venda-de-emendas\/\"},\"author\":{\"name\":\"Comunica\u00e7\u00e3o PSOL\",\"@id\":\"https:\/\/psol50.org.br\/#\/schema\/person\/475dfa57d0b815993c714c2e96491fcd\"},\"headline\":\"Conselho de \u00c9tica instaura processos contra deputados por esquema de venda de emendas\",\"datePublished\":\"2012-08-09T00:00:00+00:00\",\"mainEntityOfPage\":{\"@id\":\"https:\/\/psol50.org.br\/conselho-de-etica-instaura-processos-contra-deputados-por-esquema-de-venda-de-emendas\/\"},\"wordCount\":855,\"commentCount\":0,\"publisher\":{\"@id\":\"https:\/\/psol50.org.br\/#organization\"},\"articleSection\":[\"Arquivo\"],\"inLanguage\":\"pt-BR\",\"potentialAction\":[{\"@type\":\"CommentAction\",\"name\":\"Comment\",\"target\":[\"https:\/\/psol50.org.br\/conselho-de-etica-instaura-processos-contra-deputados-por-esquema-de-venda-de-emendas\/#respond\"]}]},{\"@type\":\"WebPage\",\"@id\":\"https:\/\/psol50.org.br\/conselho-de-etica-instaura-processos-contra-deputados-por-esquema-de-venda-de-emendas\/\",\"url\":\"https:\/\/psol50.org.br\/conselho-de-etica-instaura-processos-contra-deputados-por-esquema-de-venda-de-emendas\/\",\"name\":\"Conselho de \u00c9tica instaura processos contra deputados por esquema de venda de emendas - PSOL 50\",\"isPartOf\":{\"@id\":\"https:\/\/psol50.org.br\/#website\"},\"datePublished\":\"2012-08-09T00:00:00+00:00\",\"breadcrumb\":{\"@id\":\"https:\/\/psol50.org.br\/conselho-de-etica-instaura-processos-contra-deputados-por-esquema-de-venda-de-emendas\/#breadcrumb\"},\"inLanguage\":\"pt-BR\",\"potentialAction\":[{\"@type\":\"ReadAction\",\"target\":[\"https:\/\/psol50.org.br\/conselho-de-etica-instaura-processos-contra-deputados-por-esquema-de-venda-de-emendas\/\"]}]},{\"@type\":\"BreadcrumbList\",\"@id\":\"https:\/\/psol50.org.br\/conselho-de-etica-instaura-processos-contra-deputados-por-esquema-de-venda-de-emendas\/#breadcrumb\",\"itemListElement\":[{\"@type\":\"ListItem\",\"position\":1,\"name\":\"In\u00edcio\",\"item\":\"https:\/\/psol50.org.br\/\"},{\"@type\":\"ListItem\",\"position\":2,\"name\":\"Conselho de \u00c9tica instaura processos contra deputados por esquema de venda de emendas\"}]},{\"@type\":\"WebSite\",\"@id\":\"https:\/\/psol50.org.br\/#website\",\"url\":\"https:\/\/psol50.org.br\/\",\"name\":\"PSOL 50\",\"description\":\"Site oficial do Partido Socialismo e Liberdade\",\"publisher\":{\"@id\":\"https:\/\/psol50.org.br\/#organization\"},\"alternateName\":\"PSOL50\",\"potentialAction\":[{\"@type\":\"SearchAction\",\"target\":{\"@type\":\"EntryPoint\",\"urlTemplate\":\"https:\/\/psol50.org.br\/?s={search_term_string}\"},\"query-input\":{\"@type\":\"PropertyValueSpecification\",\"valueRequired\":true,\"valueName\":\"search_term_string\"}}],\"inLanguage\":\"pt-BR\"},{\"@type\":\"Organization\",\"@id\":\"https:\/\/psol50.org.br\/#organization\",\"name\":\"PSOL 50\",\"alternateName\":\"PSOL 50\",\"url\":\"https:\/\/psol50.org.br\/\",\"logo\":{\"@type\":\"ImageObject\",\"inLanguage\":\"pt-BR\",\"@id\":\"https:\/\/psol50.org.br\/#\/schema\/logo\/image\/\",\"url\":\"https:\/\/psol50.org.br\/inc\/uploads\/2018\/07\/capa.png\",\"contentUrl\":\"https:\/\/psol50.org.br\/inc\/uploads\/2018\/07\/capa.png\",\"width\":1350,\"height\":900,\"caption\":\"PSOL 50\"},\"image\":{\"@id\":\"https:\/\/psol50.org.br\/#\/schema\/logo\/image\/\"},\"sameAs\":[\"https:\/\/www.facebook.com\/psol50\",\"https:\/\/x.com\/psol50\",\"https:\/\/www.instagram.com\/psol50\/\",\"https:\/\/www.youtube.com\/channel\/UC7SnJS5o1os7a6CaiNabzcg\"]},{\"@type\":\"Person\",\"@id\":\"https:\/\/psol50.org.br\/#\/schema\/person\/475dfa57d0b815993c714c2e96491fcd\",\"name\":\"Comunica\u00e7\u00e3o PSOL\",\"image\":{\"@type\":\"ImageObject\",\"inLanguage\":\"pt-BR\",\"@id\":\"https:\/\/psol50.org.br\/#\/schema\/person\/image\/\",\"url\":\"https:\/\/secure.gravatar.com\/avatar\/b34fc4f4e468a4e51785917065a3db57b841f5c95dba6ad8c73aaf8f66f8f9bf?s=96&d=mm&r=g\",\"contentUrl\":\"https:\/\/secure.gravatar.com\/avatar\/b34fc4f4e468a4e51785917065a3db57b841f5c95dba6ad8c73aaf8f66f8f9bf?s=96&d=mm&r=g\",\"caption\":\"Comunica\u00e7\u00e3o PSOL\"}}]}<\/script>\n<!-- \/ Yoast SEO plugin. -->","yoast_head_json":{"title":"Conselho de \u00c9tica instaura processos contra deputados por esquema de venda de emendas - PSOL 50","robots":{"index":"index","follow":"follow","max-snippet":"max-snippet:-1","max-image-preview":"max-image-preview:large","max-video-preview":"max-video-preview:-1"},"canonical":"https:\/\/psol50.org.br\/conselho-de-etica-instaura-processos-contra-deputados-por-esquema-de-venda-de-emendas\/","og_locale":"pt_BR","og_type":"article","og_title":"Conselho de \u00c9tica instaura processos contra deputados por esquema de venda de emendas - PSOL 50","og_description":"O Conselho de \u00c9tica e Decoro Parlamentar instaurou, na ter\u00e7a-feira, 7, os processos para analisar as den\u00fancias do PSOL contra o deputado Jo\u00e3o Carlos Bacelar (PR\/BA) e o deputado licenciado Marcos Medrado (PDT\/BA). Com base em reportagem do jornal O Globo, o PSOL os acusa de participar de um esquema de compra e venda de [&hellip;]","og_url":"https:\/\/psol50.org.br\/conselho-de-etica-instaura-processos-contra-deputados-por-esquema-de-venda-de-emendas\/","og_site_name":"PSOL 50","article_publisher":"https:\/\/www.facebook.com\/psol50","article_published_time":"2012-08-09T00:00:00+00:00","og_image":[{"width":1350,"height":900,"url":"https:\/\/psol50.org.br\/inc\/uploads\/2018\/07\/capa.png","type":"image\/png"}],"author":"Comunica\u00e7\u00e3o PSOL","twitter_card":"summary_large_image","twitter_creator":"@psol50","twitter_site":"@psol50","twitter_misc":{"Escrito por":"Comunica\u00e7\u00e3o PSOL","Est. tempo de leitura":"4 minutos"},"schema":{"@context":"https:\/\/schema.org","@graph":[{"@type":"Article","@id":"https:\/\/psol50.org.br\/conselho-de-etica-instaura-processos-contra-deputados-por-esquema-de-venda-de-emendas\/#article","isPartOf":{"@id":"https:\/\/psol50.org.br\/conselho-de-etica-instaura-processos-contra-deputados-por-esquema-de-venda-de-emendas\/"},"author":{"name":"Comunica\u00e7\u00e3o PSOL","@id":"https:\/\/psol50.org.br\/#\/schema\/person\/475dfa57d0b815993c714c2e96491fcd"},"headline":"Conselho de \u00c9tica instaura processos contra deputados por esquema de venda de emendas","datePublished":"2012-08-09T00:00:00+00:00","mainEntityOfPage":{"@id":"https:\/\/psol50.org.br\/conselho-de-etica-instaura-processos-contra-deputados-por-esquema-de-venda-de-emendas\/"},"wordCount":855,"commentCount":0,"publisher":{"@id":"https:\/\/psol50.org.br\/#organization"},"articleSection":["Arquivo"],"inLanguage":"pt-BR","potentialAction":[{"@type":"CommentAction","name":"Comment","target":["https:\/\/psol50.org.br\/conselho-de-etica-instaura-processos-contra-deputados-por-esquema-de-venda-de-emendas\/#respond"]}]},{"@type":"WebPage","@id":"https:\/\/psol50.org.br\/conselho-de-etica-instaura-processos-contra-deputados-por-esquema-de-venda-de-emendas\/","url":"https:\/\/psol50.org.br\/conselho-de-etica-instaura-processos-contra-deputados-por-esquema-de-venda-de-emendas\/","name":"Conselho de \u00c9tica instaura processos contra deputados por esquema de venda de emendas - PSOL 50","isPartOf":{"@id":"https:\/\/psol50.org.br\/#website"},"datePublished":"2012-08-09T00:00:00+00:00","breadcrumb":{"@id":"https:\/\/psol50.org.br\/conselho-de-etica-instaura-processos-contra-deputados-por-esquema-de-venda-de-emendas\/#breadcrumb"},"inLanguage":"pt-BR","potentialAction":[{"@type":"ReadAction","target":["https:\/\/psol50.org.br\/conselho-de-etica-instaura-processos-contra-deputados-por-esquema-de-venda-de-emendas\/"]}]},{"@type":"BreadcrumbList","@id":"https:\/\/psol50.org.br\/conselho-de-etica-instaura-processos-contra-deputados-por-esquema-de-venda-de-emendas\/#breadcrumb","itemListElement":[{"@type":"ListItem","position":1,"name":"In\u00edcio","item":"https:\/\/psol50.org.br\/"},{"@type":"ListItem","position":2,"name":"Conselho de \u00c9tica instaura processos contra deputados por esquema de venda de emendas"}]},{"@type":"WebSite","@id":"https:\/\/psol50.org.br\/#website","url":"https:\/\/psol50.org.br\/","name":"PSOL 50","description":"Site oficial do Partido Socialismo e Liberdade","publisher":{"@id":"https:\/\/psol50.org.br\/#organization"},"alternateName":"PSOL50","potentialAction":[{"@type":"SearchAction","target":{"@type":"EntryPoint","urlTemplate":"https:\/\/psol50.org.br\/?s={search_term_string}"},"query-input":{"@type":"PropertyValueSpecification","valueRequired":true,"valueName":"search_term_string"}}],"inLanguage":"pt-BR"},{"@type":"Organization","@id":"https:\/\/psol50.org.br\/#organization","name":"PSOL 50","alternateName":"PSOL 50","url":"https:\/\/psol50.org.br\/","logo":{"@type":"ImageObject","inLanguage":"pt-BR","@id":"https:\/\/psol50.org.br\/#\/schema\/logo\/image\/","url":"https:\/\/psol50.org.br\/inc\/uploads\/2018\/07\/capa.png","contentUrl":"https:\/\/psol50.org.br\/inc\/uploads\/2018\/07\/capa.png","width":1350,"height":900,"caption":"PSOL 50"},"image":{"@id":"https:\/\/psol50.org.br\/#\/schema\/logo\/image\/"},"sameAs":["https:\/\/www.facebook.com\/psol50","https:\/\/x.com\/psol50","https:\/\/www.instagram.com\/psol50\/","https:\/\/www.youtube.com\/channel\/UC7SnJS5o1os7a6CaiNabzcg"]},{"@type":"Person","@id":"https:\/\/psol50.org.br\/#\/schema\/person\/475dfa57d0b815993c714c2e96491fcd","name":"Comunica\u00e7\u00e3o PSOL","image":{"@type":"ImageObject","inLanguage":"pt-BR","@id":"https:\/\/psol50.org.br\/#\/schema\/person\/image\/","url":"https:\/\/secure.gravatar.com\/avatar\/b34fc4f4e468a4e51785917065a3db57b841f5c95dba6ad8c73aaf8f66f8f9bf?s=96&d=mm&r=g","contentUrl":"https:\/\/secure.gravatar.com\/avatar\/b34fc4f4e468a4e51785917065a3db57b841f5c95dba6ad8c73aaf8f66f8f9bf?s=96&d=mm&r=g","caption":"Comunica\u00e7\u00e3o PSOL"}}]}},"_links":{"self":[{"href":"https:\/\/psol50.org.br\/rest\/wp\/v2\/posts\/7582","targetHints":{"allow":["GET"]}}],"collection":[{"href":"https:\/\/psol50.org.br\/rest\/wp\/v2\/posts"}],"about":[{"href":"https:\/\/psol50.org.br\/rest\/wp\/v2\/types\/post"}],"author":[{"embeddable":true,"href":"https:\/\/psol50.org.br\/rest\/wp\/v2\/users\/2"}],"replies":[{"embeddable":true,"href":"https:\/\/psol50.org.br\/rest\/wp\/v2\/comments?post=7582"}],"version-history":[{"count":0,"href":"https:\/\/psol50.org.br\/rest\/wp\/v2\/posts\/7582\/revisions"}],"wp:attachment":[{"href":"https:\/\/psol50.org.br\/rest\/wp\/v2\/media?parent=7582"}],"wp:term":[{"taxonomy":"category","embeddable":true,"href":"https:\/\/psol50.org.br\/rest\/wp\/v2\/categories?post=7582"},{"taxonomy":"post_tag","embeddable":true,"href":"https:\/\/psol50.org.br\/rest\/wp\/v2\/tags?post=7582"}],"curies":[{"name":"wp","href":"https:\/\/api.w.org\/{rel}","templated":true}]}}