{"id":7584,"date":"2012-08-10T00:00:00","date_gmt":"2012-08-10T00:00:00","guid":{"rendered":"http:\/\/psol50.org.br\/arquivo\/2012\/08\/10\/camara-vai-debater-entrada-da-venezuela-e-suspensao-do-paraguai-no-mercosul\/"},"modified":"2012-08-10T00:00:00","modified_gmt":"2012-08-10T00:00:00","slug":"camara-vai-debater-entrada-da-venezuela-e-suspensao-do-paraguai-no-mercosul","status":"publish","type":"post","link":"https:\/\/psol50.org.br\/camara-vai-debater-entrada-da-venezuela-e-suspensao-do-paraguai-no-mercosul\/","title":{"rendered":"C\u00e2mara vai debater entrada da Venezuela e suspens\u00e3o do Paraguai no Mercosul"},"content":{"rendered":"<p>A Comiss\u00e3o de Rela\u00e7\u00f5es Exteriores e Defesa Nacional aprovou, na \u00faltima quarta-feira, 8, requerimento para realiza\u00e7\u00e3o de audi\u00eancia para tratar sobre os epis\u00f3dios relativos \u00e0 suspens\u00e3o do Paraguai e a ades\u00e3o da Venezuela ao Mercosul. Ser\u00e1 convidado o ministro das Rela\u00e7\u00f5es Exteriores, Ant\u00f4nio Patriota.<\/p>\n<p>O deputado Ivan Valente destacou a import\u00e2ncia do debate e lembrou que o congresso paraguaio foi o \u00fanico que n\u00e3o votou a aprova\u00e7\u00e3o da entrada da Venezuela no bloco. \u201cOs mesmos que praticaram o golpe no Paraguai para deposi\u00e7\u00e3o de Fernando Lugo s\u00e3o os mesmos que boicotaram, n\u00e3o votando, a entrada da Venezuela no Mercosul\u201d.<\/p>\n<p>Para Ivan Valente, com a entrada da Venezuela no Mercosul ganha o Brasil e toda a Am\u00e9rica do Sul. O deputado defendeu ainda a ades\u00e3o do Equador e da Bol\u00edvia ao bloco. \u201cO Mercosul \u00e9 promissor pra todos os pa\u00edses do continente\u201d.<\/p>\n<p>A ades\u00e3o da Venezuela foi confirmada no final do m\u00eas passado pelos pa\u00edses membros. J\u00e1 o Paraguai continua suspenso devido ao golpe que mudou a presid\u00eancia do pa\u00eds.<br \/>\nProposta pelo deputado Ant\u00f4nio Mendes Thame, a audi\u00eancia p\u00fablica com o ministro Ant\u00f4nio Patriota ainda n\u00e3o est\u00e1 marcada, mas deve acontecer o mais r\u00e1pido poss\u00edvel.<\/p>\n<p><em>De www.liderancapsol.org.br<\/em><\/p>\n","protected":false},"excerpt":{"rendered":"<p>A Comiss\u00e3o de Rela\u00e7\u00f5es Exteriores e Defesa Nacional aprovou, na \u00faltima quarta-feira, 8, requerimento para realiza\u00e7\u00e3o de audi\u00eancia para tratar sobre os epis\u00f3dios relativos \u00e0 suspens\u00e3o do Paraguai e a ades\u00e3o da Venezuela ao Mercosul. Ser\u00e1 convidado o ministro das Rela\u00e7\u00f5es Exteriores, Ant\u00f4nio Patriota. O deputado Ivan Valente destacou a import\u00e2ncia do debate e lembrou [&hellip;]<\/p>\n","protected":false},"author":2,"featured_media":0,"comment_status":"open","ping_status":"open","sticky":false,"template":"","format":"standard","meta":{"_acf_changed":false,"footnotes":""},"categories":[4766],"tags":[],"class_list":{"0":"post-7584","1":"post","2":"type-post","3":"status-publish","4":"format-standard","6":"category-arquivo"},"acf":[],"yoast_head":"<!-- This site is optimized with the Yoast SEO plugin v26.5 - https:\/\/yoast.com\/wordpress\/plugins\/seo\/ -->\n<title>C\u00e2mara vai debater entrada da Venezuela e suspens\u00e3o do Paraguai no Mercosul - PSOL 50<\/title>\n<meta name=\"robots\" content=\"index, follow, max-snippet:-1, max-image-preview:large, max-video-preview:-1\" \/>\n<link rel=\"canonical\" href=\"https:\/\/psol50.org.br\/camara-vai-debater-entrada-da-venezuela-e-suspensao-do-paraguai-no-mercosul\/\" \/>\n<meta property=\"og:locale\" content=\"pt_BR\" \/>\n<meta property=\"og:type\" content=\"article\" \/>\n<meta property=\"og:title\" content=\"C\u00e2mara vai debater entrada da Venezuela e suspens\u00e3o do Paraguai no Mercosul - PSOL 50\" \/>\n<meta property=\"og:description\" content=\"A Comiss\u00e3o de Rela\u00e7\u00f5es Exteriores e Defesa Nacional aprovou, na \u00faltima quarta-feira, 8, requerimento para realiza\u00e7\u00e3o de audi\u00eancia para tratar sobre os epis\u00f3dios relativos \u00e0 suspens\u00e3o do Paraguai e a ades\u00e3o da Venezuela ao Mercosul. Ser\u00e1 convidado o ministro das Rela\u00e7\u00f5es Exteriores, Ant\u00f4nio Patriota. O deputado Ivan Valente destacou a import\u00e2ncia do debate e lembrou [&hellip;]\" \/>\n<meta property=\"og:url\" content=\"https:\/\/psol50.org.br\/camara-vai-debater-entrada-da-venezuela-e-suspensao-do-paraguai-no-mercosul\/\" \/>\n<meta property=\"og:site_name\" content=\"PSOL 50\" \/>\n<meta property=\"article:publisher\" content=\"https:\/\/www.facebook.com\/psol50\" \/>\n<meta property=\"article:published_time\" content=\"2012-08-10T00:00:00+00:00\" \/>\n<meta property=\"og:image\" content=\"https:\/\/psol50.org.br\/inc\/uploads\/2018\/07\/capa.png\" \/>\n\t<meta property=\"og:image:width\" content=\"1350\" \/>\n\t<meta property=\"og:image:height\" content=\"900\" \/>\n\t<meta property=\"og:image:type\" content=\"image\/png\" \/>\n<meta name=\"author\" content=\"Comunica\u00e7\u00e3o PSOL\" \/>\n<meta name=\"twitter:card\" content=\"summary_large_image\" \/>\n<meta name=\"twitter:creator\" content=\"@psol50\" \/>\n<meta name=\"twitter:site\" content=\"@psol50\" \/>\n<meta name=\"twitter:label1\" content=\"Escrito por\" \/>\n\t<meta name=\"twitter:data1\" content=\"Comunica\u00e7\u00e3o PSOL\" \/>\n\t<meta name=\"twitter:label2\" content=\"Est. tempo de leitura\" \/>\n\t<meta name=\"twitter:data2\" content=\"1 minuto\" \/>\n<script type=\"application\/ld+json\" class=\"yoast-schema-graph\">{\"@context\":\"https:\/\/schema.org\",\"@graph\":[{\"@type\":\"Article\",\"@id\":\"https:\/\/psol50.org.br\/camara-vai-debater-entrada-da-venezuela-e-suspensao-do-paraguai-no-mercosul\/#article\",\"isPartOf\":{\"@id\":\"https:\/\/psol50.org.br\/camara-vai-debater-entrada-da-venezuela-e-suspensao-do-paraguai-no-mercosul\/\"},\"author\":{\"name\":\"Comunica\u00e7\u00e3o PSOL\",\"@id\":\"https:\/\/psol50.org.br\/#\/schema\/person\/475dfa57d0b815993c714c2e96491fcd\"},\"headline\":\"C\u00e2mara vai debater entrada da Venezuela e suspens\u00e3o do Paraguai no Mercosul\",\"datePublished\":\"2012-08-10T00:00:00+00:00\",\"mainEntityOfPage\":{\"@id\":\"https:\/\/psol50.org.br\/camara-vai-debater-entrada-da-venezuela-e-suspensao-do-paraguai-no-mercosul\/\"},\"wordCount\":241,\"commentCount\":0,\"publisher\":{\"@id\":\"https:\/\/psol50.org.br\/#organization\"},\"articleSection\":[\"Arquivo\"],\"inLanguage\":\"pt-BR\",\"potentialAction\":[{\"@type\":\"CommentAction\",\"name\":\"Comment\",\"target\":[\"https:\/\/psol50.org.br\/camara-vai-debater-entrada-da-venezuela-e-suspensao-do-paraguai-no-mercosul\/#respond\"]}]},{\"@type\":\"WebPage\",\"@id\":\"https:\/\/psol50.org.br\/camara-vai-debater-entrada-da-venezuela-e-suspensao-do-paraguai-no-mercosul\/\",\"url\":\"https:\/\/psol50.org.br\/camara-vai-debater-entrada-da-venezuela-e-suspensao-do-paraguai-no-mercosul\/\",\"name\":\"C\u00e2mara vai debater entrada da Venezuela e suspens\u00e3o do Paraguai no Mercosul - PSOL 50\",\"isPartOf\":{\"@id\":\"https:\/\/psol50.org.br\/#website\"},\"datePublished\":\"2012-08-10T00:00:00+00:00\",\"breadcrumb\":{\"@id\":\"https:\/\/psol50.org.br\/camara-vai-debater-entrada-da-venezuela-e-suspensao-do-paraguai-no-mercosul\/#breadcrumb\"},\"inLanguage\":\"pt-BR\",\"potentialAction\":[{\"@type\":\"ReadAction\",\"target\":[\"https:\/\/psol50.org.br\/camara-vai-debater-entrada-da-venezuela-e-suspensao-do-paraguai-no-mercosul\/\"]}]},{\"@type\":\"BreadcrumbList\",\"@id\":\"https:\/\/psol50.org.br\/camara-vai-debater-entrada-da-venezuela-e-suspensao-do-paraguai-no-mercosul\/#breadcrumb\",\"itemListElement\":[{\"@type\":\"ListItem\",\"position\":1,\"name\":\"In\u00edcio\",\"item\":\"https:\/\/psol50.org.br\/\"},{\"@type\":\"ListItem\",\"position\":2,\"name\":\"C\u00e2mara vai debater entrada da Venezuela e suspens\u00e3o do Paraguai no Mercosul\"}]},{\"@type\":\"WebSite\",\"@id\":\"https:\/\/psol50.org.br\/#website\",\"url\":\"https:\/\/psol50.org.br\/\",\"name\":\"PSOL 50\",\"description\":\"Site oficial do Partido Socialismo e Liberdade\",\"publisher\":{\"@id\":\"https:\/\/psol50.org.br\/#organization\"},\"alternateName\":\"PSOL50\",\"potentialAction\":[{\"@type\":\"SearchAction\",\"target\":{\"@type\":\"EntryPoint\",\"urlTemplate\":\"https:\/\/psol50.org.br\/?s={search_term_string}\"},\"query-input\":{\"@type\":\"PropertyValueSpecification\",\"valueRequired\":true,\"valueName\":\"search_term_string\"}}],\"inLanguage\":\"pt-BR\"},{\"@type\":\"Organization\",\"@id\":\"https:\/\/psol50.org.br\/#organization\",\"name\":\"PSOL 50\",\"alternateName\":\"PSOL 50\",\"url\":\"https:\/\/psol50.org.br\/\",\"logo\":{\"@type\":\"ImageObject\",\"inLanguage\":\"pt-BR\",\"@id\":\"https:\/\/psol50.org.br\/#\/schema\/logo\/image\/\",\"url\":\"https:\/\/psol50.org.br\/inc\/uploads\/2018\/07\/capa.png\",\"contentUrl\":\"https:\/\/psol50.org.br\/inc\/uploads\/2018\/07\/capa.png\",\"width\":1350,\"height\":900,\"caption\":\"PSOL 50\"},\"image\":{\"@id\":\"https:\/\/psol50.org.br\/#\/schema\/logo\/image\/\"},\"sameAs\":[\"https:\/\/www.facebook.com\/psol50\",\"https:\/\/x.com\/psol50\",\"https:\/\/www.instagram.com\/psol50\/\",\"https:\/\/www.youtube.com\/channel\/UC7SnJS5o1os7a6CaiNabzcg\"]},{\"@type\":\"Person\",\"@id\":\"https:\/\/psol50.org.br\/#\/schema\/person\/475dfa57d0b815993c714c2e96491fcd\",\"name\":\"Comunica\u00e7\u00e3o PSOL\",\"image\":{\"@type\":\"ImageObject\",\"inLanguage\":\"pt-BR\",\"@id\":\"https:\/\/psol50.org.br\/#\/schema\/person\/image\/\",\"url\":\"https:\/\/secure.gravatar.com\/avatar\/b34fc4f4e468a4e51785917065a3db57b841f5c95dba6ad8c73aaf8f66f8f9bf?s=96&d=mm&r=g\",\"contentUrl\":\"https:\/\/secure.gravatar.com\/avatar\/b34fc4f4e468a4e51785917065a3db57b841f5c95dba6ad8c73aaf8f66f8f9bf?s=96&d=mm&r=g\",\"caption\":\"Comunica\u00e7\u00e3o PSOL\"}}]}<\/script>\n<!-- \/ Yoast SEO plugin. -->","yoast_head_json":{"title":"C\u00e2mara vai debater entrada da Venezuela e suspens\u00e3o do Paraguai no Mercosul - PSOL 50","robots":{"index":"index","follow":"follow","max-snippet":"max-snippet:-1","max-image-preview":"max-image-preview:large","max-video-preview":"max-video-preview:-1"},"canonical":"https:\/\/psol50.org.br\/camara-vai-debater-entrada-da-venezuela-e-suspensao-do-paraguai-no-mercosul\/","og_locale":"pt_BR","og_type":"article","og_title":"C\u00e2mara vai debater entrada da Venezuela e suspens\u00e3o do Paraguai no Mercosul - PSOL 50","og_description":"A Comiss\u00e3o de Rela\u00e7\u00f5es Exteriores e Defesa Nacional aprovou, na \u00faltima quarta-feira, 8, requerimento para realiza\u00e7\u00e3o de audi\u00eancia para tratar sobre os epis\u00f3dios relativos \u00e0 suspens\u00e3o do Paraguai e a ades\u00e3o da Venezuela ao Mercosul. Ser\u00e1 convidado o ministro das Rela\u00e7\u00f5es Exteriores, Ant\u00f4nio Patriota. O deputado Ivan Valente destacou a import\u00e2ncia do debate e lembrou [&hellip;]","og_url":"https:\/\/psol50.org.br\/camara-vai-debater-entrada-da-venezuela-e-suspensao-do-paraguai-no-mercosul\/","og_site_name":"PSOL 50","article_publisher":"https:\/\/www.facebook.com\/psol50","article_published_time":"2012-08-10T00:00:00+00:00","og_image":[{"width":1350,"height":900,"url":"https:\/\/psol50.org.br\/inc\/uploads\/2018\/07\/capa.png","type":"image\/png"}],"author":"Comunica\u00e7\u00e3o PSOL","twitter_card":"summary_large_image","twitter_creator":"@psol50","twitter_site":"@psol50","twitter_misc":{"Escrito por":"Comunica\u00e7\u00e3o PSOL","Est. tempo de leitura":"1 minuto"},"schema":{"@context":"https:\/\/schema.org","@graph":[{"@type":"Article","@id":"https:\/\/psol50.org.br\/camara-vai-debater-entrada-da-venezuela-e-suspensao-do-paraguai-no-mercosul\/#article","isPartOf":{"@id":"https:\/\/psol50.org.br\/camara-vai-debater-entrada-da-venezuela-e-suspensao-do-paraguai-no-mercosul\/"},"author":{"name":"Comunica\u00e7\u00e3o PSOL","@id":"https:\/\/psol50.org.br\/#\/schema\/person\/475dfa57d0b815993c714c2e96491fcd"},"headline":"C\u00e2mara vai debater entrada da Venezuela e suspens\u00e3o do Paraguai no Mercosul","datePublished":"2012-08-10T00:00:00+00:00","mainEntityOfPage":{"@id":"https:\/\/psol50.org.br\/camara-vai-debater-entrada-da-venezuela-e-suspensao-do-paraguai-no-mercosul\/"},"wordCount":241,"commentCount":0,"publisher":{"@id":"https:\/\/psol50.org.br\/#organization"},"articleSection":["Arquivo"],"inLanguage":"pt-BR","potentialAction":[{"@type":"CommentAction","name":"Comment","target":["https:\/\/psol50.org.br\/camara-vai-debater-entrada-da-venezuela-e-suspensao-do-paraguai-no-mercosul\/#respond"]}]},{"@type":"WebPage","@id":"https:\/\/psol50.org.br\/camara-vai-debater-entrada-da-venezuela-e-suspensao-do-paraguai-no-mercosul\/","url":"https:\/\/psol50.org.br\/camara-vai-debater-entrada-da-venezuela-e-suspensao-do-paraguai-no-mercosul\/","name":"C\u00e2mara vai debater entrada da Venezuela e suspens\u00e3o do Paraguai no Mercosul - PSOL 50","isPartOf":{"@id":"https:\/\/psol50.org.br\/#website"},"datePublished":"2012-08-10T00:00:00+00:00","breadcrumb":{"@id":"https:\/\/psol50.org.br\/camara-vai-debater-entrada-da-venezuela-e-suspensao-do-paraguai-no-mercosul\/#breadcrumb"},"inLanguage":"pt-BR","potentialAction":[{"@type":"ReadAction","target":["https:\/\/psol50.org.br\/camara-vai-debater-entrada-da-venezuela-e-suspensao-do-paraguai-no-mercosul\/"]}]},{"@type":"BreadcrumbList","@id":"https:\/\/psol50.org.br\/camara-vai-debater-entrada-da-venezuela-e-suspensao-do-paraguai-no-mercosul\/#breadcrumb","itemListElement":[{"@type":"ListItem","position":1,"name":"In\u00edcio","item":"https:\/\/psol50.org.br\/"},{"@type":"ListItem","position":2,"name":"C\u00e2mara vai debater entrada da Venezuela e suspens\u00e3o do Paraguai no Mercosul"}]},{"@type":"WebSite","@id":"https:\/\/psol50.org.br\/#website","url":"https:\/\/psol50.org.br\/","name":"PSOL 50","description":"Site oficial do Partido Socialismo e Liberdade","publisher":{"@id":"https:\/\/psol50.org.br\/#organization"},"alternateName":"PSOL50","potentialAction":[{"@type":"SearchAction","target":{"@type":"EntryPoint","urlTemplate":"https:\/\/psol50.org.br\/?s={search_term_string}"},"query-input":{"@type":"PropertyValueSpecification","valueRequired":true,"valueName":"search_term_string"}}],"inLanguage":"pt-BR"},{"@type":"Organization","@id":"https:\/\/psol50.org.br\/#organization","name":"PSOL 50","alternateName":"PSOL 50","url":"https:\/\/psol50.org.br\/","logo":{"@type":"ImageObject","inLanguage":"pt-BR","@id":"https:\/\/psol50.org.br\/#\/schema\/logo\/image\/","url":"https:\/\/psol50.org.br\/inc\/uploads\/2018\/07\/capa.png","contentUrl":"https:\/\/psol50.org.br\/inc\/uploads\/2018\/07\/capa.png","width":1350,"height":900,"caption":"PSOL 50"},"image":{"@id":"https:\/\/psol50.org.br\/#\/schema\/logo\/image\/"},"sameAs":["https:\/\/www.facebook.com\/psol50","https:\/\/x.com\/psol50","https:\/\/www.instagram.com\/psol50\/","https:\/\/www.youtube.com\/channel\/UC7SnJS5o1os7a6CaiNabzcg"]},{"@type":"Person","@id":"https:\/\/psol50.org.br\/#\/schema\/person\/475dfa57d0b815993c714c2e96491fcd","name":"Comunica\u00e7\u00e3o PSOL","image":{"@type":"ImageObject","inLanguage":"pt-BR","@id":"https:\/\/psol50.org.br\/#\/schema\/person\/image\/","url":"https:\/\/secure.gravatar.com\/avatar\/b34fc4f4e468a4e51785917065a3db57b841f5c95dba6ad8c73aaf8f66f8f9bf?s=96&d=mm&r=g","contentUrl":"https:\/\/secure.gravatar.com\/avatar\/b34fc4f4e468a4e51785917065a3db57b841f5c95dba6ad8c73aaf8f66f8f9bf?s=96&d=mm&r=g","caption":"Comunica\u00e7\u00e3o PSOL"}}]}},"_links":{"self":[{"href":"https:\/\/psol50.org.br\/rest\/wp\/v2\/posts\/7584","targetHints":{"allow":["GET"]}}],"collection":[{"href":"https:\/\/psol50.org.br\/rest\/wp\/v2\/posts"}],"about":[{"href":"https:\/\/psol50.org.br\/rest\/wp\/v2\/types\/post"}],"author":[{"embeddable":true,"href":"https:\/\/psol50.org.br\/rest\/wp\/v2\/users\/2"}],"replies":[{"embeddable":true,"href":"https:\/\/psol50.org.br\/rest\/wp\/v2\/comments?post=7584"}],"version-history":[{"count":0,"href":"https:\/\/psol50.org.br\/rest\/wp\/v2\/posts\/7584\/revisions"}],"wp:attachment":[{"href":"https:\/\/psol50.org.br\/rest\/wp\/v2\/media?parent=7584"}],"wp:term":[{"taxonomy":"category","embeddable":true,"href":"https:\/\/psol50.org.br\/rest\/wp\/v2\/categories?post=7584"},{"taxonomy":"post_tag","embeddable":true,"href":"https:\/\/psol50.org.br\/rest\/wp\/v2\/tags?post=7584"}],"curies":[{"name":"wp","href":"https:\/\/api.w.org\/{rel}","templated":true}]}}