{"id":7594,"date":"2012-08-22T00:00:00","date_gmt":"2012-08-22T00:00:00","guid":{"rendered":"http:\/\/psol50.org.br\/arquivo\/2012\/08\/22\/randolfe-pede-que-seja-sustado-o-decreto-de-dilma-contra-greves\/"},"modified":"2012-08-22T00:00:00","modified_gmt":"2012-08-22T00:00:00","slug":"randolfe-pede-que-seja-sustado-o-decreto-de-dilma-contra-greves","status":"publish","type":"post","link":"https:\/\/psol50.org.br\/randolfe-pede-que-seja-sustado-o-decreto-de-dilma-contra-greves\/","title":{"rendered":"Randolfe pede que seja sustado o decreto de Dilma contra greves"},"content":{"rendered":"<p>O Senador Randolfe Rodrigues (PSOL-AP) protocolou nesta ter\u00e7a-feira (21), na Secretaria Geral da Mesa do Senado, um Projeto de Decreto Legislativo (PDL) pedindo que seja sustado o Decreto 7.777 de 2012, que estabelece medidas a serem adotadas por \u00f3rg\u00e3os p\u00fablicos federais em caso de greves e paralisa\u00e7\u00f5es. O documento assinado pela presidenta autoriza a contrata\u00e7\u00e3o de servidores estaduais, municipais ou de empresas de terceiriza\u00e7\u00e3o para substituir os grevistas.<\/p>\n<p>\u201cEsse decreto \u00e9 uma afronta \u00e0 Constitui\u00e7\u00e3o e ao Estado Democr\u00e1tico de Direito. Sust\u00e1-lo \u00e9 um imperativo do parlamento diante da grave arbitrariedade\u201d, enfatizou Randolfe.<\/p>\n<p>A medida adotada por Dilma \u00e9 vista como uma forma de enfraquecer as diversas greves de servidores p\u00fablicos federais, que reivindicam principalmente o reajuste salarial. J\u00e1 s\u00e3o mais de 30 categorias que paralisaram suas atividades em todo o Brasil. No Amap\u00e1, os servidores federais tamb\u00e9m aderiram \u00e0 paralisa\u00e7\u00e3o nacional.<\/p>\n<p>Randolfe esclarece que o teor da proposta n\u00e3o se resume a emitir ju\u00edzo de valor sobre as reivindica\u00e7\u00f5es dos servidores, e sim deixar claro que n\u00e3o ser\u00e1 a ado\u00e7\u00e3o de um decreto inconstitucional e ilegal que substituir\u00e1 a incompet\u00eancia do poder executivo em negociar com os servidores.<\/p>\n<p>Irregularidades no Decreto &#8211; O projeto protocolado por Randolfe aponta irregularidades no Decreto Presidencial como a aus\u00eancia de uma lei regulamentada para a sua fiel execu\u00e7\u00e3o. \u201co decreto inovou no mundo jur\u00eddico e disp\u00f4s sobre temas que somente uma lei em sentido formal e material poderia ter tratado\u201d, argumenta o Senador.<\/p>\n<p>Tramita\u00e7\u00e3o &#8211; O PDL agora ser\u00e1 lido em plen\u00e1rio e depois encaminhado para as comiss\u00f5es de m\u00e9rito do Senado.<\/p>\n<p>ADI &#8211; O decreto tamb\u00e9m j\u00e1 foi questionado pelas entidades sindicais, que protocolaram uma A\u00e7\u00e3o Direta de Inconstitucionalidade (ADI), no Supremo Tribunal Federal (STF), pedindo sua revoga\u00e7\u00e3o. Em sua primeira decis\u00e3o, publicada no dia 13 de agosto, o relator da ADI, o ministro Dias Toffoli, definiu que \u201cem decorr\u00eancia da relev\u00e2ncia da mat\u00e9ria e seu significado, dever\u00e1 ser adotado procedimento breve para que a decis\u00e3o possa ser tomada em car\u00e1ter definitivo pelo plen\u00e1rio do STF\u201d. Para as entidades sindicais a decis\u00e3o \u00e9 positiva e reconhece a legitimidade das entidades autoras do pedido.<\/p>\n<p>Foto: Ag\u00eancia Senado<\/p>\n<p><a href=\"http:\/\/psol50.org.br\/files\/2012\/08\/PDL-susta-Decreto.pdf\" target=\"_blank\" rel=\"noopener\"><span style=\"text-decoration: underline\"><strong>Leia a \u00edntegra da proposta<\/strong><\/span><\/a><\/p>\n","protected":false},"excerpt":{"rendered":"<p>O Senador Randolfe Rodrigues (PSOL-AP) protocolou nesta ter\u00e7a-feira (21), na Secretaria Geral da Mesa do Senado, um Projeto de Decreto Legislativo (PDL) pedindo que seja sustado o Decreto 7.777 de 2012, que estabelece medidas a serem adotadas por \u00f3rg\u00e3os p\u00fablicos federais em caso de greves e paralisa\u00e7\u00f5es. O documento assinado pela presidenta autoriza a contrata\u00e7\u00e3o [&hellip;]<\/p>\n","protected":false},"author":2,"featured_media":0,"comment_status":"open","ping_status":"open","sticky":false,"template":"","format":"standard","meta":{"_acf_changed":false,"footnotes":""},"categories":[4766],"tags":[],"class_list":{"0":"post-7594","1":"post","2":"type-post","3":"status-publish","4":"format-standard","6":"category-arquivo"},"acf":[],"yoast_head":"<!-- This site is optimized with the Yoast SEO plugin v26.5 - https:\/\/yoast.com\/wordpress\/plugins\/seo\/ -->\n<title>Randolfe pede que seja sustado o decreto de Dilma contra greves - PSOL 50<\/title>\n<meta name=\"robots\" content=\"index, follow, max-snippet:-1, max-image-preview:large, max-video-preview:-1\" \/>\n<link rel=\"canonical\" href=\"https:\/\/psol50.org.br\/randolfe-pede-que-seja-sustado-o-decreto-de-dilma-contra-greves\/\" \/>\n<meta property=\"og:locale\" content=\"pt_BR\" \/>\n<meta property=\"og:type\" content=\"article\" \/>\n<meta property=\"og:title\" content=\"Randolfe pede que seja sustado o decreto de Dilma contra greves - PSOL 50\" \/>\n<meta property=\"og:description\" content=\"O Senador Randolfe Rodrigues (PSOL-AP) protocolou nesta ter\u00e7a-feira (21), na Secretaria Geral da Mesa do Senado, um Projeto de Decreto Legislativo (PDL) pedindo que seja sustado o Decreto 7.777 de 2012, que estabelece medidas a serem adotadas por \u00f3rg\u00e3os p\u00fablicos federais em caso de greves e paralisa\u00e7\u00f5es. O documento assinado pela presidenta autoriza a contrata\u00e7\u00e3o [&hellip;]\" \/>\n<meta property=\"og:url\" content=\"https:\/\/psol50.org.br\/randolfe-pede-que-seja-sustado-o-decreto-de-dilma-contra-greves\/\" \/>\n<meta property=\"og:site_name\" content=\"PSOL 50\" \/>\n<meta property=\"article:publisher\" content=\"https:\/\/www.facebook.com\/psol50\" \/>\n<meta property=\"article:published_time\" content=\"2012-08-22T00:00:00+00:00\" \/>\n<meta property=\"og:image\" content=\"https:\/\/psol50.org.br\/inc\/uploads\/2018\/07\/capa.png\" \/>\n\t<meta property=\"og:image:width\" content=\"1350\" \/>\n\t<meta property=\"og:image:height\" content=\"900\" \/>\n\t<meta property=\"og:image:type\" content=\"image\/png\" \/>\n<meta name=\"author\" content=\"Comunica\u00e7\u00e3o PSOL\" \/>\n<meta name=\"twitter:card\" content=\"summary_large_image\" \/>\n<meta name=\"twitter:creator\" content=\"@psol50\" \/>\n<meta name=\"twitter:site\" content=\"@psol50\" \/>\n<meta name=\"twitter:label1\" content=\"Escrito por\" \/>\n\t<meta name=\"twitter:data1\" content=\"Comunica\u00e7\u00e3o PSOL\" \/>\n\t<meta name=\"twitter:label2\" content=\"Est. tempo de leitura\" \/>\n\t<meta name=\"twitter:data2\" content=\"2 minutos\" \/>\n<script type=\"application\/ld+json\" class=\"yoast-schema-graph\">{\"@context\":\"https:\/\/schema.org\",\"@graph\":[{\"@type\":\"Article\",\"@id\":\"https:\/\/psol50.org.br\/randolfe-pede-que-seja-sustado-o-decreto-de-dilma-contra-greves\/#article\",\"isPartOf\":{\"@id\":\"https:\/\/psol50.org.br\/randolfe-pede-que-seja-sustado-o-decreto-de-dilma-contra-greves\/\"},\"author\":{\"name\":\"Comunica\u00e7\u00e3o PSOL\",\"@id\":\"https:\/\/psol50.org.br\/#\/schema\/person\/475dfa57d0b815993c714c2e96491fcd\"},\"headline\":\"Randolfe pede que seja sustado o decreto de Dilma contra greves\",\"datePublished\":\"2012-08-22T00:00:00+00:00\",\"mainEntityOfPage\":{\"@id\":\"https:\/\/psol50.org.br\/randolfe-pede-que-seja-sustado-o-decreto-de-dilma-contra-greves\/\"},\"wordCount\":398,\"commentCount\":0,\"publisher\":{\"@id\":\"https:\/\/psol50.org.br\/#organization\"},\"articleSection\":[\"Arquivo\"],\"inLanguage\":\"pt-BR\",\"potentialAction\":[{\"@type\":\"CommentAction\",\"name\":\"Comment\",\"target\":[\"https:\/\/psol50.org.br\/randolfe-pede-que-seja-sustado-o-decreto-de-dilma-contra-greves\/#respond\"]}]},{\"@type\":\"WebPage\",\"@id\":\"https:\/\/psol50.org.br\/randolfe-pede-que-seja-sustado-o-decreto-de-dilma-contra-greves\/\",\"url\":\"https:\/\/psol50.org.br\/randolfe-pede-que-seja-sustado-o-decreto-de-dilma-contra-greves\/\",\"name\":\"Randolfe pede que seja sustado o decreto de Dilma contra greves - PSOL 50\",\"isPartOf\":{\"@id\":\"https:\/\/psol50.org.br\/#website\"},\"datePublished\":\"2012-08-22T00:00:00+00:00\",\"breadcrumb\":{\"@id\":\"https:\/\/psol50.org.br\/randolfe-pede-que-seja-sustado-o-decreto-de-dilma-contra-greves\/#breadcrumb\"},\"inLanguage\":\"pt-BR\",\"potentialAction\":[{\"@type\":\"ReadAction\",\"target\":[\"https:\/\/psol50.org.br\/randolfe-pede-que-seja-sustado-o-decreto-de-dilma-contra-greves\/\"]}]},{\"@type\":\"BreadcrumbList\",\"@id\":\"https:\/\/psol50.org.br\/randolfe-pede-que-seja-sustado-o-decreto-de-dilma-contra-greves\/#breadcrumb\",\"itemListElement\":[{\"@type\":\"ListItem\",\"position\":1,\"name\":\"In\u00edcio\",\"item\":\"https:\/\/psol50.org.br\/\"},{\"@type\":\"ListItem\",\"position\":2,\"name\":\"Randolfe pede que seja sustado o decreto de Dilma contra greves\"}]},{\"@type\":\"WebSite\",\"@id\":\"https:\/\/psol50.org.br\/#website\",\"url\":\"https:\/\/psol50.org.br\/\",\"name\":\"PSOL 50\",\"description\":\"Site oficial do Partido Socialismo e Liberdade\",\"publisher\":{\"@id\":\"https:\/\/psol50.org.br\/#organization\"},\"alternateName\":\"PSOL50\",\"potentialAction\":[{\"@type\":\"SearchAction\",\"target\":{\"@type\":\"EntryPoint\",\"urlTemplate\":\"https:\/\/psol50.org.br\/?s={search_term_string}\"},\"query-input\":{\"@type\":\"PropertyValueSpecification\",\"valueRequired\":true,\"valueName\":\"search_term_string\"}}],\"inLanguage\":\"pt-BR\"},{\"@type\":\"Organization\",\"@id\":\"https:\/\/psol50.org.br\/#organization\",\"name\":\"PSOL 50\",\"alternateName\":\"PSOL 50\",\"url\":\"https:\/\/psol50.org.br\/\",\"logo\":{\"@type\":\"ImageObject\",\"inLanguage\":\"pt-BR\",\"@id\":\"https:\/\/psol50.org.br\/#\/schema\/logo\/image\/\",\"url\":\"https:\/\/psol50.org.br\/inc\/uploads\/2018\/07\/capa.png\",\"contentUrl\":\"https:\/\/psol50.org.br\/inc\/uploads\/2018\/07\/capa.png\",\"width\":1350,\"height\":900,\"caption\":\"PSOL 50\"},\"image\":{\"@id\":\"https:\/\/psol50.org.br\/#\/schema\/logo\/image\/\"},\"sameAs\":[\"https:\/\/www.facebook.com\/psol50\",\"https:\/\/x.com\/psol50\",\"https:\/\/www.instagram.com\/psol50\/\",\"https:\/\/www.youtube.com\/channel\/UC7SnJS5o1os7a6CaiNabzcg\"]},{\"@type\":\"Person\",\"@id\":\"https:\/\/psol50.org.br\/#\/schema\/person\/475dfa57d0b815993c714c2e96491fcd\",\"name\":\"Comunica\u00e7\u00e3o PSOL\",\"image\":{\"@type\":\"ImageObject\",\"inLanguage\":\"pt-BR\",\"@id\":\"https:\/\/psol50.org.br\/#\/schema\/person\/image\/\",\"url\":\"https:\/\/secure.gravatar.com\/avatar\/b34fc4f4e468a4e51785917065a3db57b841f5c95dba6ad8c73aaf8f66f8f9bf?s=96&d=mm&r=g\",\"contentUrl\":\"https:\/\/secure.gravatar.com\/avatar\/b34fc4f4e468a4e51785917065a3db57b841f5c95dba6ad8c73aaf8f66f8f9bf?s=96&d=mm&r=g\",\"caption\":\"Comunica\u00e7\u00e3o PSOL\"}}]}<\/script>\n<!-- \/ Yoast SEO plugin. -->","yoast_head_json":{"title":"Randolfe pede que seja sustado o decreto de Dilma contra greves - PSOL 50","robots":{"index":"index","follow":"follow","max-snippet":"max-snippet:-1","max-image-preview":"max-image-preview:large","max-video-preview":"max-video-preview:-1"},"canonical":"https:\/\/psol50.org.br\/randolfe-pede-que-seja-sustado-o-decreto-de-dilma-contra-greves\/","og_locale":"pt_BR","og_type":"article","og_title":"Randolfe pede que seja sustado o decreto de Dilma contra greves - PSOL 50","og_description":"O Senador Randolfe Rodrigues (PSOL-AP) protocolou nesta ter\u00e7a-feira (21), na Secretaria Geral da Mesa do Senado, um Projeto de Decreto Legislativo (PDL) pedindo que seja sustado o Decreto 7.777 de 2012, que estabelece medidas a serem adotadas por \u00f3rg\u00e3os p\u00fablicos federais em caso de greves e paralisa\u00e7\u00f5es. O documento assinado pela presidenta autoriza a contrata\u00e7\u00e3o [&hellip;]","og_url":"https:\/\/psol50.org.br\/randolfe-pede-que-seja-sustado-o-decreto-de-dilma-contra-greves\/","og_site_name":"PSOL 50","article_publisher":"https:\/\/www.facebook.com\/psol50","article_published_time":"2012-08-22T00:00:00+00:00","og_image":[{"width":1350,"height":900,"url":"https:\/\/psol50.org.br\/inc\/uploads\/2018\/07\/capa.png","type":"image\/png"}],"author":"Comunica\u00e7\u00e3o PSOL","twitter_card":"summary_large_image","twitter_creator":"@psol50","twitter_site":"@psol50","twitter_misc":{"Escrito por":"Comunica\u00e7\u00e3o PSOL","Est. tempo de leitura":"2 minutos"},"schema":{"@context":"https:\/\/schema.org","@graph":[{"@type":"Article","@id":"https:\/\/psol50.org.br\/randolfe-pede-que-seja-sustado-o-decreto-de-dilma-contra-greves\/#article","isPartOf":{"@id":"https:\/\/psol50.org.br\/randolfe-pede-que-seja-sustado-o-decreto-de-dilma-contra-greves\/"},"author":{"name":"Comunica\u00e7\u00e3o PSOL","@id":"https:\/\/psol50.org.br\/#\/schema\/person\/475dfa57d0b815993c714c2e96491fcd"},"headline":"Randolfe pede que seja sustado o decreto de Dilma contra greves","datePublished":"2012-08-22T00:00:00+00:00","mainEntityOfPage":{"@id":"https:\/\/psol50.org.br\/randolfe-pede-que-seja-sustado-o-decreto-de-dilma-contra-greves\/"},"wordCount":398,"commentCount":0,"publisher":{"@id":"https:\/\/psol50.org.br\/#organization"},"articleSection":["Arquivo"],"inLanguage":"pt-BR","potentialAction":[{"@type":"CommentAction","name":"Comment","target":["https:\/\/psol50.org.br\/randolfe-pede-que-seja-sustado-o-decreto-de-dilma-contra-greves\/#respond"]}]},{"@type":"WebPage","@id":"https:\/\/psol50.org.br\/randolfe-pede-que-seja-sustado-o-decreto-de-dilma-contra-greves\/","url":"https:\/\/psol50.org.br\/randolfe-pede-que-seja-sustado-o-decreto-de-dilma-contra-greves\/","name":"Randolfe pede que seja sustado o decreto de Dilma contra greves - PSOL 50","isPartOf":{"@id":"https:\/\/psol50.org.br\/#website"},"datePublished":"2012-08-22T00:00:00+00:00","breadcrumb":{"@id":"https:\/\/psol50.org.br\/randolfe-pede-que-seja-sustado-o-decreto-de-dilma-contra-greves\/#breadcrumb"},"inLanguage":"pt-BR","potentialAction":[{"@type":"ReadAction","target":["https:\/\/psol50.org.br\/randolfe-pede-que-seja-sustado-o-decreto-de-dilma-contra-greves\/"]}]},{"@type":"BreadcrumbList","@id":"https:\/\/psol50.org.br\/randolfe-pede-que-seja-sustado-o-decreto-de-dilma-contra-greves\/#breadcrumb","itemListElement":[{"@type":"ListItem","position":1,"name":"In\u00edcio","item":"https:\/\/psol50.org.br\/"},{"@type":"ListItem","position":2,"name":"Randolfe pede que seja sustado o decreto de Dilma contra greves"}]},{"@type":"WebSite","@id":"https:\/\/psol50.org.br\/#website","url":"https:\/\/psol50.org.br\/","name":"PSOL 50","description":"Site oficial do Partido Socialismo e Liberdade","publisher":{"@id":"https:\/\/psol50.org.br\/#organization"},"alternateName":"PSOL50","potentialAction":[{"@type":"SearchAction","target":{"@type":"EntryPoint","urlTemplate":"https:\/\/psol50.org.br\/?s={search_term_string}"},"query-input":{"@type":"PropertyValueSpecification","valueRequired":true,"valueName":"search_term_string"}}],"inLanguage":"pt-BR"},{"@type":"Organization","@id":"https:\/\/psol50.org.br\/#organization","name":"PSOL 50","alternateName":"PSOL 50","url":"https:\/\/psol50.org.br\/","logo":{"@type":"ImageObject","inLanguage":"pt-BR","@id":"https:\/\/psol50.org.br\/#\/schema\/logo\/image\/","url":"https:\/\/psol50.org.br\/inc\/uploads\/2018\/07\/capa.png","contentUrl":"https:\/\/psol50.org.br\/inc\/uploads\/2018\/07\/capa.png","width":1350,"height":900,"caption":"PSOL 50"},"image":{"@id":"https:\/\/psol50.org.br\/#\/schema\/logo\/image\/"},"sameAs":["https:\/\/www.facebook.com\/psol50","https:\/\/x.com\/psol50","https:\/\/www.instagram.com\/psol50\/","https:\/\/www.youtube.com\/channel\/UC7SnJS5o1os7a6CaiNabzcg"]},{"@type":"Person","@id":"https:\/\/psol50.org.br\/#\/schema\/person\/475dfa57d0b815993c714c2e96491fcd","name":"Comunica\u00e7\u00e3o PSOL","image":{"@type":"ImageObject","inLanguage":"pt-BR","@id":"https:\/\/psol50.org.br\/#\/schema\/person\/image\/","url":"https:\/\/secure.gravatar.com\/avatar\/b34fc4f4e468a4e51785917065a3db57b841f5c95dba6ad8c73aaf8f66f8f9bf?s=96&d=mm&r=g","contentUrl":"https:\/\/secure.gravatar.com\/avatar\/b34fc4f4e468a4e51785917065a3db57b841f5c95dba6ad8c73aaf8f66f8f9bf?s=96&d=mm&r=g","caption":"Comunica\u00e7\u00e3o PSOL"}}]}},"_links":{"self":[{"href":"https:\/\/psol50.org.br\/rest\/wp\/v2\/posts\/7594","targetHints":{"allow":["GET"]}}],"collection":[{"href":"https:\/\/psol50.org.br\/rest\/wp\/v2\/posts"}],"about":[{"href":"https:\/\/psol50.org.br\/rest\/wp\/v2\/types\/post"}],"author":[{"embeddable":true,"href":"https:\/\/psol50.org.br\/rest\/wp\/v2\/users\/2"}],"replies":[{"embeddable":true,"href":"https:\/\/psol50.org.br\/rest\/wp\/v2\/comments?post=7594"}],"version-history":[{"count":0,"href":"https:\/\/psol50.org.br\/rest\/wp\/v2\/posts\/7594\/revisions"}],"wp:attachment":[{"href":"https:\/\/psol50.org.br\/rest\/wp\/v2\/media?parent=7594"}],"wp:term":[{"taxonomy":"category","embeddable":true,"href":"https:\/\/psol50.org.br\/rest\/wp\/v2\/categories?post=7594"},{"taxonomy":"post_tag","embeddable":true,"href":"https:\/\/psol50.org.br\/rest\/wp\/v2\/tags?post=7594"}],"curies":[{"name":"wp","href":"https:\/\/api.w.org\/{rel}","templated":true}]}}