{"id":7595,"date":"2012-08-24T00:00:00","date_gmt":"2012-08-24T00:00:00","guid":{"rendered":"http:\/\/psol50.org.br\/arquivo\/2012\/08\/24\/chico-alencar-destaca-luta-dos-trabalhadores-do-campo-e-dos-servidores-em-greve\/"},"modified":"2012-08-24T00:00:00","modified_gmt":"2012-08-24T00:00:00","slug":"chico-alencar-destaca-luta-dos-trabalhadores-do-campo-e-dos-servidores-em-greve","status":"publish","type":"post","link":"https:\/\/psol50.org.br\/chico-alencar-destaca-luta-dos-trabalhadores-do-campo-e-dos-servidores-em-greve\/","title":{"rendered":"Chico Alencar destaca luta dos trabalhadores do campo e dos servidores em greve"},"content":{"rendered":"<p>Na quarta-feira, 22, em discurso no plen\u00e1rio da C\u00e2mara, o l\u00edder do PSOL, deputado Chico Alencar, falou sobre a greve de 33 categorias do funcionalismo p\u00fablico e cobrou do governo federal negociar realmente com os servidores.<\/p>\n<p>\u201cA folha de pagamento dos trabalhadores p\u00fablicos brasileiros equivale a 4,2% do Produto Interno Bruto. S\u00f3 que at\u00e9 o m\u00eas de agosto deste ano, portanto, este m\u00eas, j\u00e1 foram consumidos 52% do Or\u00e7amento de 2012 com o pagamento de juros, servi\u00e7os e amortiza\u00e7\u00e3o da d\u00edvida p\u00fablica, isto \u00e9 5 vezes mais do que o gasto com o funcionalismo, t\u00e3o fundamental sobretudo para a popula\u00e7\u00e3o mais desassistida\u201d, afirmou.<\/p>\n<p>Chico Alencar destacou tamb\u00e9m a luta de trabalhadoras e trabalhadores do campo \u2013 leia o pronunciamento e o documento a que o deputado se refere no menu Pronunciamentos.<br \/>\nO l\u00edder do PSOL criticou ainda os vetos da presidente Dilma Rousseff \u00e0 trechos da Lei de Diretrizes Or\u00e7ament\u00e1rias.<\/p>\n<p>\u201cSr. Presidente, Deputado Inoc\u00eancio Oliveira, em nome do Partido Socialismo e Liberdade quero louvar a realiza\u00e7\u00e3o de um encontro que, desde o dia 20, vivifica Bras\u00edlia, mostra a luta de trabalhadoras e trabalhadores, povos do campo, das nossas \u00e1guas, popula\u00e7\u00f5es ribeirinhas, litor\u00e2neas, pescadores, povos das florestas, t\u00e3o maltratados at\u00e9 hoje.<\/p>\n<p>Numa reuni\u00e3o, num encontro unificado, eles produziram a Declara\u00e7\u00e3o dos Povos dos Campos, das \u00c1guas e das Florestas, intitulada Por terra, territ\u00f3rio e dignidade, que fa\u00e7o quest\u00e3o de, junto com o apoio incondicional do PSOL, registrar aqui nos Anais da Casa.<br \/>\nTamb\u00e9m quero trazer aqui a esta tribuna outro clamor que se estende por meses, por semanas, por dias, que \u00e9 dos trabalhadores do servi\u00e7o p\u00fablico federal \u2014 Executivo, Judici\u00e1rio e Minist\u00e9rio P\u00fablico.<\/p>\n<p>A Empresa Brasil de Comunica\u00e7\u00e3o fez merit\u00f3rio quadro informativo sobre essas diferentes categorias, seus pleitos, os modos e meios que est\u00e3o desenvolvendo para que o Governo as escute, dialogue, negocie e reconhe\u00e7a a import\u00e2ncia dos servidores das ag\u00eancias reguladoras, dos docentes das universidades, dos servidores do INCRA, do IBGE, da Pol\u00edcia Federal, da Pol\u00edcia Rodovi\u00e1ria Federal. No total, 33 das mais diversas categorias, todas fundamentais para a frui\u00e7\u00e3o dos direitos da nossa popula\u00e7\u00e3o.<br \/>\nO quadro \u2014 tamb\u00e9m solicitarei seu registro nos Anais da Casa \u2014 revela inclusive as formas de luta \u2014 greves parciais, greve nacional, opera\u00e7\u00e3o padr\u00e3o \u2014 que essas categorias, numa situa\u00e7\u00e3o extrema e limite, est\u00e3o desenvolvendo a fim de que o Governo negocie, conhe\u00e7a os pleitos, que n\u00e3o \u00e9 o pleito do marajanato, que n\u00e3o \u00e9 o pleito de super-sal\u00e1rios, mas de est\u00edmulo \u00e0 carreira, de condi\u00e7\u00f5es dignas de trabalho e de reposi\u00e7\u00e3o de perdas salarias reais nos \u00faltimos anos.<\/p>\n<p>A ANDES, Sindicato Nacional dos Docentes, est\u00e1 protocolando e apresentando ao Minist\u00e9rio da Educa\u00e7\u00e3o e ao Minist\u00e9rio do Planejamento uma nova contraproposta ao Governo, inclusive dizendo que o eixo, o centro fundamental n\u00e3o \u00e9 aumento salarial, mas plano de cargos e sal\u00e1rios, progress\u00e3o de carreira mais equilibrada e justa do que a oferecida pelo Governo, aceita sem a devida avalia\u00e7\u00e3o por uma entidade que n\u00e3o tem legitimidade, tanto que a greve nas universidades continua. E \u00e9 isso que os docentes, com apoio de alunos e servidores das universidades, que tamb\u00e9m t\u00eam os seus pleitos, est\u00e3o apresentando.<\/p>\n<p>Quero destacar, Sr. Presidente, que \u00e9 uma quest\u00e3o de concep\u00e7\u00e3o. \u00c9 bom lembrar que o Brasil \u2014 e esses dados s\u00e3o muito importantes \u2014 j\u00e1 agregou a pagamento de servidores muito mais do que hoje agrega. No in\u00edcio da era Fernando Henrique Cardoso, o disp\u00eandio com os servidores p\u00fablicos em favor da popula\u00e7\u00e3o, a quem devemos todos servir, era de 56% da receita corrente l\u00edquida. Hoje est\u00e1 em 32%. \u00c9 o ajuste fiscal, o dogma do super\u00e1vit prim\u00e1rio.<\/p>\n<p>A folha de pagamento dos trabalhadores p\u00fablicos brasileiros equivale a 4,2% do Produto Interno Bruto. S\u00f3 que at\u00e9 o m\u00eas de agosto deste ano, portanto, este m\u00eas, j\u00e1 foram consumidos 52% do Or\u00e7amento de 2012 com o pagamento de juros, servi\u00e7os e amortiza\u00e7\u00e3o da d\u00edvida p\u00fablica, isto \u00e9 5 vezes mais do que o gasto com o funcionalismo, t\u00e3o fundamental sobretudo para a popula\u00e7\u00e3o mais desassistida.<\/p>\n<p>Concluo, Sr. Presidente, dizendo que os vetos da Presidente Dilma \u00e0 Lei de Diretrizes Or\u00e7ament\u00e1rias revela o esp\u00edrito antidemocr\u00e1tico e autorit\u00e1rio inclusive contra a mesa de negocia\u00e7\u00f5es dos benefici\u00e1rios da Previd\u00eancia, a fim de debater t\u00e3o somente possibilidade de redu\u00e7\u00e3o de suas perdas, reajustes acima do sal\u00e1rio m\u00ednimo, pois nem isso a Presidenta da Rep\u00fablica aceitou, al\u00e9m de destruir todo o nosso anexo de programas p\u00fablicos com a devida dota\u00e7\u00e3o or\u00e7ament\u00e1ria.<\/p>\n<p>Aquilo que o Deputado Silvio Costa falou aqui, de um or\u00e7amento impositivo e realista \u2014 n\u00e3o \u00e9 farra de emendas, sem nenhuma responsabilidade \u2014 \u00e9 algo que se imp\u00f5e. \u00c9 algo necess\u00e1rio para que evitemos essa situa\u00e7\u00e3o. At\u00e9 mesmo a Lei de Diretrizes Or\u00e7ament\u00e1rias foi objeto de vetos inaceit\u00e1veis, inclusive no que diz respeito \u00e0 transpar\u00eancia, por causa da Presidente Dilma.<\/p>\n<p>Em rela\u00e7\u00e3o aos servidores, continuamos clamando por negocia\u00e7\u00e3o e abertura.\u201d<\/p>\n","protected":false},"excerpt":{"rendered":"<p>Na quarta-feira, 22, em discurso no plen\u00e1rio da C\u00e2mara, o l\u00edder do PSOL, deputado Chico Alencar, falou sobre a greve de 33 categorias do funcionalismo p\u00fablico e cobrou do governo federal negociar realmente com os servidores. \u201cA folha de pagamento dos trabalhadores p\u00fablicos brasileiros equivale a 4,2% do Produto Interno Bruto. S\u00f3 que at\u00e9 o [&hellip;]<\/p>\n","protected":false},"author":2,"featured_media":0,"comment_status":"open","ping_status":"open","sticky":false,"template":"","format":"standard","meta":{"_acf_changed":false,"footnotes":""},"categories":[10,4766],"tags":[],"class_list":{"0":"post-7595","1":"post","2":"type-post","3":"status-publish","4":"format-standard","6":"category-acao-parlamentares","7":"category-arquivo"},"acf":[],"yoast_head":"<!-- This site is optimized with the Yoast SEO plugin v26.5 - https:\/\/yoast.com\/wordpress\/plugins\/seo\/ -->\n<title>Chico Alencar destaca luta dos trabalhadores do campo e dos servidores em greve - PSOL 50<\/title>\n<meta name=\"robots\" content=\"index, follow, max-snippet:-1, max-image-preview:large, max-video-preview:-1\" \/>\n<link rel=\"canonical\" href=\"https:\/\/psol50.org.br\/chico-alencar-destaca-luta-dos-trabalhadores-do-campo-e-dos-servidores-em-greve\/\" \/>\n<meta property=\"og:locale\" content=\"pt_BR\" \/>\n<meta property=\"og:type\" content=\"article\" \/>\n<meta property=\"og:title\" content=\"Chico Alencar destaca luta dos trabalhadores do campo e dos servidores em greve - PSOL 50\" \/>\n<meta property=\"og:description\" content=\"Na quarta-feira, 22, em discurso no plen\u00e1rio da C\u00e2mara, o l\u00edder do PSOL, deputado Chico Alencar, falou sobre a greve de 33 categorias do funcionalismo p\u00fablico e cobrou do governo federal negociar realmente com os servidores. \u201cA folha de pagamento dos trabalhadores p\u00fablicos brasileiros equivale a 4,2% do Produto Interno Bruto. S\u00f3 que at\u00e9 o [&hellip;]\" \/>\n<meta property=\"og:url\" content=\"https:\/\/psol50.org.br\/chico-alencar-destaca-luta-dos-trabalhadores-do-campo-e-dos-servidores-em-greve\/\" \/>\n<meta property=\"og:site_name\" content=\"PSOL 50\" \/>\n<meta property=\"article:publisher\" content=\"https:\/\/www.facebook.com\/psol50\" \/>\n<meta property=\"article:published_time\" content=\"2012-08-24T00:00:00+00:00\" \/>\n<meta property=\"og:image\" content=\"https:\/\/psol50.org.br\/inc\/uploads\/2018\/07\/capa.png\" \/>\n\t<meta property=\"og:image:width\" content=\"1350\" \/>\n\t<meta property=\"og:image:height\" content=\"900\" \/>\n\t<meta property=\"og:image:type\" content=\"image\/png\" \/>\n<meta name=\"author\" content=\"Comunica\u00e7\u00e3o PSOL\" \/>\n<meta name=\"twitter:card\" content=\"summary_large_image\" \/>\n<meta name=\"twitter:creator\" content=\"@psol50\" \/>\n<meta name=\"twitter:site\" content=\"@psol50\" \/>\n<meta name=\"twitter:label1\" content=\"Escrito por\" \/>\n\t<meta name=\"twitter:data1\" content=\"Comunica\u00e7\u00e3o PSOL\" \/>\n\t<meta name=\"twitter:label2\" content=\"Est. tempo de leitura\" \/>\n\t<meta name=\"twitter:data2\" content=\"4 minutos\" \/>\n<script type=\"application\/ld+json\" class=\"yoast-schema-graph\">{\"@context\":\"https:\/\/schema.org\",\"@graph\":[{\"@type\":\"Article\",\"@id\":\"https:\/\/psol50.org.br\/chico-alencar-destaca-luta-dos-trabalhadores-do-campo-e-dos-servidores-em-greve\/#article\",\"isPartOf\":{\"@id\":\"https:\/\/psol50.org.br\/chico-alencar-destaca-luta-dos-trabalhadores-do-campo-e-dos-servidores-em-greve\/\"},\"author\":{\"name\":\"Comunica\u00e7\u00e3o PSOL\",\"@id\":\"https:\/\/psol50.org.br\/#\/schema\/person\/475dfa57d0b815993c714c2e96491fcd\"},\"headline\":\"Chico Alencar destaca luta dos trabalhadores do campo e dos servidores em greve\",\"datePublished\":\"2012-08-24T00:00:00+00:00\",\"mainEntityOfPage\":{\"@id\":\"https:\/\/psol50.org.br\/chico-alencar-destaca-luta-dos-trabalhadores-do-campo-e-dos-servidores-em-greve\/\"},\"wordCount\":898,\"commentCount\":0,\"publisher\":{\"@id\":\"https:\/\/psol50.org.br\/#organization\"},\"articleSection\":[\"A\u00e7\u00e3o Parlamentar\",\"Arquivo\"],\"inLanguage\":\"pt-BR\",\"potentialAction\":[{\"@type\":\"CommentAction\",\"name\":\"Comment\",\"target\":[\"https:\/\/psol50.org.br\/chico-alencar-destaca-luta-dos-trabalhadores-do-campo-e-dos-servidores-em-greve\/#respond\"]}]},{\"@type\":\"WebPage\",\"@id\":\"https:\/\/psol50.org.br\/chico-alencar-destaca-luta-dos-trabalhadores-do-campo-e-dos-servidores-em-greve\/\",\"url\":\"https:\/\/psol50.org.br\/chico-alencar-destaca-luta-dos-trabalhadores-do-campo-e-dos-servidores-em-greve\/\",\"name\":\"Chico Alencar destaca luta dos trabalhadores do campo e dos servidores em greve - PSOL 50\",\"isPartOf\":{\"@id\":\"https:\/\/psol50.org.br\/#website\"},\"datePublished\":\"2012-08-24T00:00:00+00:00\",\"breadcrumb\":{\"@id\":\"https:\/\/psol50.org.br\/chico-alencar-destaca-luta-dos-trabalhadores-do-campo-e-dos-servidores-em-greve\/#breadcrumb\"},\"inLanguage\":\"pt-BR\",\"potentialAction\":[{\"@type\":\"ReadAction\",\"target\":[\"https:\/\/psol50.org.br\/chico-alencar-destaca-luta-dos-trabalhadores-do-campo-e-dos-servidores-em-greve\/\"]}]},{\"@type\":\"BreadcrumbList\",\"@id\":\"https:\/\/psol50.org.br\/chico-alencar-destaca-luta-dos-trabalhadores-do-campo-e-dos-servidores-em-greve\/#breadcrumb\",\"itemListElement\":[{\"@type\":\"ListItem\",\"position\":1,\"name\":\"In\u00edcio\",\"item\":\"https:\/\/psol50.org.br\/\"},{\"@type\":\"ListItem\",\"position\":2,\"name\":\"Chico Alencar destaca luta dos trabalhadores do campo e dos servidores em greve\"}]},{\"@type\":\"WebSite\",\"@id\":\"https:\/\/psol50.org.br\/#website\",\"url\":\"https:\/\/psol50.org.br\/\",\"name\":\"PSOL 50\",\"description\":\"Site oficial do Partido Socialismo e Liberdade\",\"publisher\":{\"@id\":\"https:\/\/psol50.org.br\/#organization\"},\"alternateName\":\"PSOL50\",\"potentialAction\":[{\"@type\":\"SearchAction\",\"target\":{\"@type\":\"EntryPoint\",\"urlTemplate\":\"https:\/\/psol50.org.br\/?s={search_term_string}\"},\"query-input\":{\"@type\":\"PropertyValueSpecification\",\"valueRequired\":true,\"valueName\":\"search_term_string\"}}],\"inLanguage\":\"pt-BR\"},{\"@type\":\"Organization\",\"@id\":\"https:\/\/psol50.org.br\/#organization\",\"name\":\"PSOL 50\",\"alternateName\":\"PSOL 50\",\"url\":\"https:\/\/psol50.org.br\/\",\"logo\":{\"@type\":\"ImageObject\",\"inLanguage\":\"pt-BR\",\"@id\":\"https:\/\/psol50.org.br\/#\/schema\/logo\/image\/\",\"url\":\"https:\/\/psol50.org.br\/inc\/uploads\/2018\/07\/capa.png\",\"contentUrl\":\"https:\/\/psol50.org.br\/inc\/uploads\/2018\/07\/capa.png\",\"width\":1350,\"height\":900,\"caption\":\"PSOL 50\"},\"image\":{\"@id\":\"https:\/\/psol50.org.br\/#\/schema\/logo\/image\/\"},\"sameAs\":[\"https:\/\/www.facebook.com\/psol50\",\"https:\/\/x.com\/psol50\",\"https:\/\/www.instagram.com\/psol50\/\",\"https:\/\/www.youtube.com\/channel\/UC7SnJS5o1os7a6CaiNabzcg\"]},{\"@type\":\"Person\",\"@id\":\"https:\/\/psol50.org.br\/#\/schema\/person\/475dfa57d0b815993c714c2e96491fcd\",\"name\":\"Comunica\u00e7\u00e3o PSOL\",\"image\":{\"@type\":\"ImageObject\",\"inLanguage\":\"pt-BR\",\"@id\":\"https:\/\/psol50.org.br\/#\/schema\/person\/image\/\",\"url\":\"https:\/\/secure.gravatar.com\/avatar\/b34fc4f4e468a4e51785917065a3db57b841f5c95dba6ad8c73aaf8f66f8f9bf?s=96&d=mm&r=g\",\"contentUrl\":\"https:\/\/secure.gravatar.com\/avatar\/b34fc4f4e468a4e51785917065a3db57b841f5c95dba6ad8c73aaf8f66f8f9bf?s=96&d=mm&r=g\",\"caption\":\"Comunica\u00e7\u00e3o PSOL\"}}]}<\/script>\n<!-- \/ Yoast SEO plugin. -->","yoast_head_json":{"title":"Chico Alencar destaca luta dos trabalhadores do campo e dos servidores em greve - PSOL 50","robots":{"index":"index","follow":"follow","max-snippet":"max-snippet:-1","max-image-preview":"max-image-preview:large","max-video-preview":"max-video-preview:-1"},"canonical":"https:\/\/psol50.org.br\/chico-alencar-destaca-luta-dos-trabalhadores-do-campo-e-dos-servidores-em-greve\/","og_locale":"pt_BR","og_type":"article","og_title":"Chico Alencar destaca luta dos trabalhadores do campo e dos servidores em greve - PSOL 50","og_description":"Na quarta-feira, 22, em discurso no plen\u00e1rio da C\u00e2mara, o l\u00edder do PSOL, deputado Chico Alencar, falou sobre a greve de 33 categorias do funcionalismo p\u00fablico e cobrou do governo federal negociar realmente com os servidores. \u201cA folha de pagamento dos trabalhadores p\u00fablicos brasileiros equivale a 4,2% do Produto Interno Bruto. S\u00f3 que at\u00e9 o [&hellip;]","og_url":"https:\/\/psol50.org.br\/chico-alencar-destaca-luta-dos-trabalhadores-do-campo-e-dos-servidores-em-greve\/","og_site_name":"PSOL 50","article_publisher":"https:\/\/www.facebook.com\/psol50","article_published_time":"2012-08-24T00:00:00+00:00","og_image":[{"width":1350,"height":900,"url":"https:\/\/psol50.org.br\/inc\/uploads\/2018\/07\/capa.png","type":"image\/png"}],"author":"Comunica\u00e7\u00e3o PSOL","twitter_card":"summary_large_image","twitter_creator":"@psol50","twitter_site":"@psol50","twitter_misc":{"Escrito por":"Comunica\u00e7\u00e3o PSOL","Est. tempo de leitura":"4 minutos"},"schema":{"@context":"https:\/\/schema.org","@graph":[{"@type":"Article","@id":"https:\/\/psol50.org.br\/chico-alencar-destaca-luta-dos-trabalhadores-do-campo-e-dos-servidores-em-greve\/#article","isPartOf":{"@id":"https:\/\/psol50.org.br\/chico-alencar-destaca-luta-dos-trabalhadores-do-campo-e-dos-servidores-em-greve\/"},"author":{"name":"Comunica\u00e7\u00e3o PSOL","@id":"https:\/\/psol50.org.br\/#\/schema\/person\/475dfa57d0b815993c714c2e96491fcd"},"headline":"Chico Alencar destaca luta dos trabalhadores do campo e dos servidores em greve","datePublished":"2012-08-24T00:00:00+00:00","mainEntityOfPage":{"@id":"https:\/\/psol50.org.br\/chico-alencar-destaca-luta-dos-trabalhadores-do-campo-e-dos-servidores-em-greve\/"},"wordCount":898,"commentCount":0,"publisher":{"@id":"https:\/\/psol50.org.br\/#organization"},"articleSection":["A\u00e7\u00e3o Parlamentar","Arquivo"],"inLanguage":"pt-BR","potentialAction":[{"@type":"CommentAction","name":"Comment","target":["https:\/\/psol50.org.br\/chico-alencar-destaca-luta-dos-trabalhadores-do-campo-e-dos-servidores-em-greve\/#respond"]}]},{"@type":"WebPage","@id":"https:\/\/psol50.org.br\/chico-alencar-destaca-luta-dos-trabalhadores-do-campo-e-dos-servidores-em-greve\/","url":"https:\/\/psol50.org.br\/chico-alencar-destaca-luta-dos-trabalhadores-do-campo-e-dos-servidores-em-greve\/","name":"Chico Alencar destaca luta dos trabalhadores do campo e dos servidores em greve - PSOL 50","isPartOf":{"@id":"https:\/\/psol50.org.br\/#website"},"datePublished":"2012-08-24T00:00:00+00:00","breadcrumb":{"@id":"https:\/\/psol50.org.br\/chico-alencar-destaca-luta-dos-trabalhadores-do-campo-e-dos-servidores-em-greve\/#breadcrumb"},"inLanguage":"pt-BR","potentialAction":[{"@type":"ReadAction","target":["https:\/\/psol50.org.br\/chico-alencar-destaca-luta-dos-trabalhadores-do-campo-e-dos-servidores-em-greve\/"]}]},{"@type":"BreadcrumbList","@id":"https:\/\/psol50.org.br\/chico-alencar-destaca-luta-dos-trabalhadores-do-campo-e-dos-servidores-em-greve\/#breadcrumb","itemListElement":[{"@type":"ListItem","position":1,"name":"In\u00edcio","item":"https:\/\/psol50.org.br\/"},{"@type":"ListItem","position":2,"name":"Chico Alencar destaca luta dos trabalhadores do campo e dos servidores em greve"}]},{"@type":"WebSite","@id":"https:\/\/psol50.org.br\/#website","url":"https:\/\/psol50.org.br\/","name":"PSOL 50","description":"Site oficial do Partido Socialismo e Liberdade","publisher":{"@id":"https:\/\/psol50.org.br\/#organization"},"alternateName":"PSOL50","potentialAction":[{"@type":"SearchAction","target":{"@type":"EntryPoint","urlTemplate":"https:\/\/psol50.org.br\/?s={search_term_string}"},"query-input":{"@type":"PropertyValueSpecification","valueRequired":true,"valueName":"search_term_string"}}],"inLanguage":"pt-BR"},{"@type":"Organization","@id":"https:\/\/psol50.org.br\/#organization","name":"PSOL 50","alternateName":"PSOL 50","url":"https:\/\/psol50.org.br\/","logo":{"@type":"ImageObject","inLanguage":"pt-BR","@id":"https:\/\/psol50.org.br\/#\/schema\/logo\/image\/","url":"https:\/\/psol50.org.br\/inc\/uploads\/2018\/07\/capa.png","contentUrl":"https:\/\/psol50.org.br\/inc\/uploads\/2018\/07\/capa.png","width":1350,"height":900,"caption":"PSOL 50"},"image":{"@id":"https:\/\/psol50.org.br\/#\/schema\/logo\/image\/"},"sameAs":["https:\/\/www.facebook.com\/psol50","https:\/\/x.com\/psol50","https:\/\/www.instagram.com\/psol50\/","https:\/\/www.youtube.com\/channel\/UC7SnJS5o1os7a6CaiNabzcg"]},{"@type":"Person","@id":"https:\/\/psol50.org.br\/#\/schema\/person\/475dfa57d0b815993c714c2e96491fcd","name":"Comunica\u00e7\u00e3o PSOL","image":{"@type":"ImageObject","inLanguage":"pt-BR","@id":"https:\/\/psol50.org.br\/#\/schema\/person\/image\/","url":"https:\/\/secure.gravatar.com\/avatar\/b34fc4f4e468a4e51785917065a3db57b841f5c95dba6ad8c73aaf8f66f8f9bf?s=96&d=mm&r=g","contentUrl":"https:\/\/secure.gravatar.com\/avatar\/b34fc4f4e468a4e51785917065a3db57b841f5c95dba6ad8c73aaf8f66f8f9bf?s=96&d=mm&r=g","caption":"Comunica\u00e7\u00e3o PSOL"}}]}},"_links":{"self":[{"href":"https:\/\/psol50.org.br\/rest\/wp\/v2\/posts\/7595","targetHints":{"allow":["GET"]}}],"collection":[{"href":"https:\/\/psol50.org.br\/rest\/wp\/v2\/posts"}],"about":[{"href":"https:\/\/psol50.org.br\/rest\/wp\/v2\/types\/post"}],"author":[{"embeddable":true,"href":"https:\/\/psol50.org.br\/rest\/wp\/v2\/users\/2"}],"replies":[{"embeddable":true,"href":"https:\/\/psol50.org.br\/rest\/wp\/v2\/comments?post=7595"}],"version-history":[{"count":0,"href":"https:\/\/psol50.org.br\/rest\/wp\/v2\/posts\/7595\/revisions"}],"wp:attachment":[{"href":"https:\/\/psol50.org.br\/rest\/wp\/v2\/media?parent=7595"}],"wp:term":[{"taxonomy":"category","embeddable":true,"href":"https:\/\/psol50.org.br\/rest\/wp\/v2\/categories?post=7595"},{"taxonomy":"post_tag","embeddable":true,"href":"https:\/\/psol50.org.br\/rest\/wp\/v2\/tags?post=7595"}],"curies":[{"name":"wp","href":"https:\/\/api.w.org\/{rel}","templated":true}]}}