{"id":7606,"date":"2012-09-07T00:00:00","date_gmt":"2012-09-07T00:00:00","guid":{"rendered":"http:\/\/psol50.org.br\/arquivo\/2012\/09\/07\/lider-do-psol-na-camara-critica-proposta-de-mais-um-codigo-florestal\/"},"modified":"2012-09-07T00:00:00","modified_gmt":"2012-09-07T00:00:00","slug":"lider-do-psol-na-camara-critica-proposta-de-mais-um-codigo-florestal","status":"publish","type":"post","link":"https:\/\/psol50.org.br\/lider-do-psol-na-camara-critica-proposta-de-mais-um-codigo-florestal\/","title":{"rendered":"L\u00edder do PSOL na C\u00e2mara critica proposta de mais um C\u00f3digo Florestal"},"content":{"rendered":"<p>Quero abordar neste tempo da Lideran\u00e7a do PSOL, em nome tamb\u00e9m dos companheiros Ivan Valente e Jean Wyllys, e tamb\u00e9m como somos um partido org\u00e2nico, pequeno, mas com voca\u00e7\u00e3o de grandeza e organizado, n\u00e3o s\u00f3 o tema, onde estamos aqui em alian\u00e7a conjuntural com a Presidenta Dilma. Entendemos que o projeto do C\u00f3digo com os vetos que ela ap\u00f4s e a medida provis\u00f3ria, na sua originalidade, que enviou \u00e0 Casa, s\u00e3o elementos fundamentais. \u00c9 o poss\u00edvel e \u00e9 o que queremos que esta Casa assuma, n\u00e3o com essas mudan\u00e7as que a Comiss\u00e3o Mista trouxe.<br \/>\nPortanto, nesse impasse, \u00e9 melhor n\u00e3o se votar.<br \/>\nPor outro lado, Sr. Presidente, quero registrar aqui na Casa a nota do PSOL quanto \u00e0 morte anunciada da CPI Cachoeira-Delta, com esse recesso que alguns L\u00edderes&#8230; Sequer fomos convidados para essa reuni\u00e3o, nem o titular da CPI, Senador Randolfe Rodrigues. Alguns L\u00edderes definiram que a CPI agora s\u00f3 se re\u00fane depois das elei\u00e7\u00f5es, no dia 9 de outubro, a 1 m\u00eas do t\u00e9rmino do seu prazo de funcionamento.<br \/>\nPor que isso? Porque, na verdade, os repasses robustos de algumas empresas laranjas de Cachoeira, sobretudo da empreiteira Delta, para essas empresas, seus financiamentos de campanha,iam incomodar muitas grandes figuras dos grandes partidos, sobretudo.<br \/>\nEnt\u00e3o, no m\u00eas que antecede as elei\u00e7\u00f5es municipais no Pa\u00eds, \u00e9 melhor que esses solavancos, essas revela\u00e7\u00f5es, essa exposi\u00e7\u00e3o dos mecanismos corrompidos de se fazerem maiorias pol\u00edticas, de se elegerem Parlamentares e executivos no Brasil, n\u00e3o venham \u00e0 luz. Da\u00ed, a CPI foi colocada na geladeira, para n\u00e3o incomodar gente que tem muita vincula\u00e7\u00e3o com esse esquema apodrecido Cachoeira\/Delta.<br \/>\nRegistro aqui, nos Anais da Casa, porque a hist\u00f3ria sempre cobra. O Deputado Rubens Bueno ontem j\u00e1 fez uma den\u00fancia contundente dessa paralisia interessada da CPI, n\u00e3o da parte de um pequeno grupo, como o Deputado Rubens Bueno, L\u00edder do PPS, o Senador Pedro Taques, o Deputado Miro Teixeira, o Senador Randolfe Rodrigues e alguns outros poucos. Aquela maioria que se formou l\u00e1 \u00e9 para a CPI terminar em pizza: n\u00e3o dar em nada e n\u00e3o revelar um esquema de corrup\u00e7\u00e3o important\u00edssimo na hist\u00f3ria deste Pa\u00eds, com os seus elos pol\u00edticos. Fica a nota oficial do PSOL aqui.<br \/>\nPor fim, Sr. Presidente, quando voltarmos a trabalhar a pleno vapor, com intensidade, teremos de examinar a lei mais importante que tramita nesta Casa, todo ano \u2014 a Lei Or\u00e7ament\u00e1ria Anual \u2014que no projeto enviado pelo Governo a esta Casa, ao Congresso Nacional, repete erros tradicionais \u2014 o PT repete os erros do PSDB. H\u00e1 uma esp\u00e9cie de continuidade na pol\u00edtica macroecon\u00f4mica e obviamente nos recursos para as pol\u00edticas p\u00fablicas e, por consequ\u00eancia, na proposta da Lei Or\u00e7amentaria Anual.<br \/>\nVemos que nada menos que 42% dos recursos or\u00e7ament\u00e1rios para 2013, quase metade, portanto, est\u00e3o reservados ao pagamento dos juros, de servi\u00e7os, da amortiza\u00e7\u00e3o da d\u00edvida p\u00fablica.<br \/>\nA feitura do super\u00e1vit prim\u00e1rio tamb\u00e9m virou um dogma que o PT tanto combatia. Vemos que os recursos de desonera\u00e7\u00e3o tribut\u00e1ria para as empresas do \u00faltimo pacote da Presidente Dilma Rousseff superam muito as demandas justas dos servidores de v\u00e1rias \u00e1reas, inclusive da educa\u00e7\u00e3o, que entraram em longa greve \u2014 recurso extremo \u2014, para tentar sensibilizar o Governo. Mas a sua op\u00e7\u00e3o, efetivamente, \u00e9 por aquilo que considera o pilar indispens\u00e1vel da economia brasileira, que n\u00e3o s\u00e3o os valores do trabalho, mas os interesses dos capitais financeiro e industrial.<br \/>\nPortanto, n\u00f3s vamos travar tamb\u00e9m a\u00ed uma batalha para tentar reorientar o Or\u00e7amento da Uni\u00e3o, no sentido da prioridade efetiva \u00e0quilo que \u00e9 de interesse p\u00fablico para que as pol\u00edticas sociais n\u00e3o care\u00e7am, como hoje, de tantos recursos.<br \/>\nDeixo aqui tamb\u00e9m, por escrito, o registro da posi\u00e7\u00e3o do PSOL em rela\u00e7\u00e3o \u00e0s emendas que faremos ao Or\u00e7amento da Uni\u00e3o, esperando que uma s\u00e9rie de categorias e setores, como educa\u00e7\u00e3o e sa\u00fade, voltem a ter prioridade absoluta.<\/p>\n<p>Fonte:\u00a0<a href=\"http:\/\/www.liderancapsol.org.br\/\">www.liderancapsol.org.br<\/a><\/p>\n","protected":false},"excerpt":{"rendered":"<p>Quero abordar neste tempo da Lideran\u00e7a do PSOL, em nome tamb\u00e9m dos companheiros Ivan Valente e Jean Wyllys, e tamb\u00e9m como somos um partido org\u00e2nico, pequeno, mas com voca\u00e7\u00e3o de grandeza e organizado, n\u00e3o s\u00f3 o tema, onde estamos aqui em alian\u00e7a conjuntural com a Presidenta Dilma. Entendemos que o projeto do C\u00f3digo com os [&hellip;]<\/p>\n","protected":false},"author":2,"featured_media":0,"comment_status":"open","ping_status":"open","sticky":false,"template":"","format":"standard","meta":{"_acf_changed":false,"footnotes":""},"categories":[4766],"tags":[22],"class_list":{"0":"post-7606","1":"post","2":"type-post","3":"status-publish","4":"format-standard","6":"category-arquivo","7":"tag-psol"},"acf":[],"yoast_head":"<!-- This site is optimized with the Yoast SEO plugin v26.5 - https:\/\/yoast.com\/wordpress\/plugins\/seo\/ -->\n<title>L\u00edder do PSOL na C\u00e2mara critica proposta de mais um C\u00f3digo Florestal - PSOL 50<\/title>\n<meta name=\"robots\" content=\"index, follow, max-snippet:-1, max-image-preview:large, max-video-preview:-1\" \/>\n<link rel=\"canonical\" href=\"https:\/\/psol50.org.br\/lider-do-psol-na-camara-critica-proposta-de-mais-um-codigo-florestal\/\" \/>\n<meta property=\"og:locale\" content=\"pt_BR\" \/>\n<meta property=\"og:type\" content=\"article\" \/>\n<meta property=\"og:title\" content=\"L\u00edder do PSOL na C\u00e2mara critica proposta de mais um C\u00f3digo Florestal - PSOL 50\" \/>\n<meta property=\"og:description\" content=\"Quero abordar neste tempo da Lideran\u00e7a do PSOL, em nome tamb\u00e9m dos companheiros Ivan Valente e Jean Wyllys, e tamb\u00e9m como somos um partido org\u00e2nico, pequeno, mas com voca\u00e7\u00e3o de grandeza e organizado, n\u00e3o s\u00f3 o tema, onde estamos aqui em alian\u00e7a conjuntural com a Presidenta Dilma. Entendemos que o projeto do C\u00f3digo com os [&hellip;]\" \/>\n<meta property=\"og:url\" content=\"https:\/\/psol50.org.br\/lider-do-psol-na-camara-critica-proposta-de-mais-um-codigo-florestal\/\" \/>\n<meta property=\"og:site_name\" content=\"PSOL 50\" \/>\n<meta property=\"article:publisher\" content=\"https:\/\/www.facebook.com\/psol50\" \/>\n<meta property=\"article:published_time\" content=\"2012-09-07T00:00:00+00:00\" \/>\n<meta property=\"og:image\" content=\"https:\/\/psol50.org.br\/inc\/uploads\/2018\/07\/capa.png\" \/>\n\t<meta property=\"og:image:width\" content=\"1350\" \/>\n\t<meta property=\"og:image:height\" content=\"900\" \/>\n\t<meta property=\"og:image:type\" content=\"image\/png\" \/>\n<meta name=\"author\" content=\"Comunica\u00e7\u00e3o PSOL\" \/>\n<meta name=\"twitter:card\" content=\"summary_large_image\" \/>\n<meta name=\"twitter:creator\" content=\"@psol50\" \/>\n<meta name=\"twitter:site\" content=\"@psol50\" \/>\n<meta name=\"twitter:label1\" content=\"Escrito por\" \/>\n\t<meta name=\"twitter:data1\" content=\"Comunica\u00e7\u00e3o PSOL\" \/>\n\t<meta name=\"twitter:label2\" content=\"Est. tempo de leitura\" \/>\n\t<meta name=\"twitter:data2\" content=\"4 minutos\" \/>\n<script type=\"application\/ld+json\" class=\"yoast-schema-graph\">{\"@context\":\"https:\/\/schema.org\",\"@graph\":[{\"@type\":\"Article\",\"@id\":\"https:\/\/psol50.org.br\/lider-do-psol-na-camara-critica-proposta-de-mais-um-codigo-florestal\/#article\",\"isPartOf\":{\"@id\":\"https:\/\/psol50.org.br\/lider-do-psol-na-camara-critica-proposta-de-mais-um-codigo-florestal\/\"},\"author\":{\"name\":\"Comunica\u00e7\u00e3o PSOL\",\"@id\":\"https:\/\/psol50.org.br\/#\/schema\/person\/475dfa57d0b815993c714c2e96491fcd\"},\"headline\":\"L\u00edder do PSOL na C\u00e2mara critica proposta de mais um C\u00f3digo Florestal\",\"datePublished\":\"2012-09-07T00:00:00+00:00\",\"mainEntityOfPage\":{\"@id\":\"https:\/\/psol50.org.br\/lider-do-psol-na-camara-critica-proposta-de-mais-um-codigo-florestal\/\"},\"wordCount\":724,\"commentCount\":0,\"publisher\":{\"@id\":\"https:\/\/psol50.org.br\/#organization\"},\"keywords\":[\"PSOL\"],\"articleSection\":[\"Arquivo\"],\"inLanguage\":\"pt-BR\",\"potentialAction\":[{\"@type\":\"CommentAction\",\"name\":\"Comment\",\"target\":[\"https:\/\/psol50.org.br\/lider-do-psol-na-camara-critica-proposta-de-mais-um-codigo-florestal\/#respond\"]}]},{\"@type\":\"WebPage\",\"@id\":\"https:\/\/psol50.org.br\/lider-do-psol-na-camara-critica-proposta-de-mais-um-codigo-florestal\/\",\"url\":\"https:\/\/psol50.org.br\/lider-do-psol-na-camara-critica-proposta-de-mais-um-codigo-florestal\/\",\"name\":\"L\u00edder do PSOL na C\u00e2mara critica proposta de mais um C\u00f3digo Florestal - PSOL 50\",\"isPartOf\":{\"@id\":\"https:\/\/psol50.org.br\/#website\"},\"datePublished\":\"2012-09-07T00:00:00+00:00\",\"breadcrumb\":{\"@id\":\"https:\/\/psol50.org.br\/lider-do-psol-na-camara-critica-proposta-de-mais-um-codigo-florestal\/#breadcrumb\"},\"inLanguage\":\"pt-BR\",\"potentialAction\":[{\"@type\":\"ReadAction\",\"target\":[\"https:\/\/psol50.org.br\/lider-do-psol-na-camara-critica-proposta-de-mais-um-codigo-florestal\/\"]}]},{\"@type\":\"BreadcrumbList\",\"@id\":\"https:\/\/psol50.org.br\/lider-do-psol-na-camara-critica-proposta-de-mais-um-codigo-florestal\/#breadcrumb\",\"itemListElement\":[{\"@type\":\"ListItem\",\"position\":1,\"name\":\"In\u00edcio\",\"item\":\"https:\/\/psol50.org.br\/\"},{\"@type\":\"ListItem\",\"position\":2,\"name\":\"L\u00edder do PSOL na C\u00e2mara critica proposta de mais um C\u00f3digo Florestal\"}]},{\"@type\":\"WebSite\",\"@id\":\"https:\/\/psol50.org.br\/#website\",\"url\":\"https:\/\/psol50.org.br\/\",\"name\":\"PSOL 50\",\"description\":\"Site oficial do Partido Socialismo e Liberdade\",\"publisher\":{\"@id\":\"https:\/\/psol50.org.br\/#organization\"},\"alternateName\":\"PSOL50\",\"potentialAction\":[{\"@type\":\"SearchAction\",\"target\":{\"@type\":\"EntryPoint\",\"urlTemplate\":\"https:\/\/psol50.org.br\/?s={search_term_string}\"},\"query-input\":{\"@type\":\"PropertyValueSpecification\",\"valueRequired\":true,\"valueName\":\"search_term_string\"}}],\"inLanguage\":\"pt-BR\"},{\"@type\":\"Organization\",\"@id\":\"https:\/\/psol50.org.br\/#organization\",\"name\":\"PSOL 50\",\"alternateName\":\"PSOL 50\",\"url\":\"https:\/\/psol50.org.br\/\",\"logo\":{\"@type\":\"ImageObject\",\"inLanguage\":\"pt-BR\",\"@id\":\"https:\/\/psol50.org.br\/#\/schema\/logo\/image\/\",\"url\":\"https:\/\/psol50.org.br\/inc\/uploads\/2018\/07\/capa.png\",\"contentUrl\":\"https:\/\/psol50.org.br\/inc\/uploads\/2018\/07\/capa.png\",\"width\":1350,\"height\":900,\"caption\":\"PSOL 50\"},\"image\":{\"@id\":\"https:\/\/psol50.org.br\/#\/schema\/logo\/image\/\"},\"sameAs\":[\"https:\/\/www.facebook.com\/psol50\",\"https:\/\/x.com\/psol50\",\"https:\/\/www.instagram.com\/psol50\/\",\"https:\/\/www.youtube.com\/channel\/UC7SnJS5o1os7a6CaiNabzcg\"]},{\"@type\":\"Person\",\"@id\":\"https:\/\/psol50.org.br\/#\/schema\/person\/475dfa57d0b815993c714c2e96491fcd\",\"name\":\"Comunica\u00e7\u00e3o PSOL\",\"image\":{\"@type\":\"ImageObject\",\"inLanguage\":\"pt-BR\",\"@id\":\"https:\/\/psol50.org.br\/#\/schema\/person\/image\/\",\"url\":\"https:\/\/secure.gravatar.com\/avatar\/b34fc4f4e468a4e51785917065a3db57b841f5c95dba6ad8c73aaf8f66f8f9bf?s=96&d=mm&r=g\",\"contentUrl\":\"https:\/\/secure.gravatar.com\/avatar\/b34fc4f4e468a4e51785917065a3db57b841f5c95dba6ad8c73aaf8f66f8f9bf?s=96&d=mm&r=g\",\"caption\":\"Comunica\u00e7\u00e3o PSOL\"}}]}<\/script>\n<!-- \/ Yoast SEO plugin. -->","yoast_head_json":{"title":"L\u00edder do PSOL na C\u00e2mara critica proposta de mais um C\u00f3digo Florestal - PSOL 50","robots":{"index":"index","follow":"follow","max-snippet":"max-snippet:-1","max-image-preview":"max-image-preview:large","max-video-preview":"max-video-preview:-1"},"canonical":"https:\/\/psol50.org.br\/lider-do-psol-na-camara-critica-proposta-de-mais-um-codigo-florestal\/","og_locale":"pt_BR","og_type":"article","og_title":"L\u00edder do PSOL na C\u00e2mara critica proposta de mais um C\u00f3digo Florestal - PSOL 50","og_description":"Quero abordar neste tempo da Lideran\u00e7a do PSOL, em nome tamb\u00e9m dos companheiros Ivan Valente e Jean Wyllys, e tamb\u00e9m como somos um partido org\u00e2nico, pequeno, mas com voca\u00e7\u00e3o de grandeza e organizado, n\u00e3o s\u00f3 o tema, onde estamos aqui em alian\u00e7a conjuntural com a Presidenta Dilma. Entendemos que o projeto do C\u00f3digo com os [&hellip;]","og_url":"https:\/\/psol50.org.br\/lider-do-psol-na-camara-critica-proposta-de-mais-um-codigo-florestal\/","og_site_name":"PSOL 50","article_publisher":"https:\/\/www.facebook.com\/psol50","article_published_time":"2012-09-07T00:00:00+00:00","og_image":[{"width":1350,"height":900,"url":"https:\/\/psol50.org.br\/inc\/uploads\/2018\/07\/capa.png","type":"image\/png"}],"author":"Comunica\u00e7\u00e3o PSOL","twitter_card":"summary_large_image","twitter_creator":"@psol50","twitter_site":"@psol50","twitter_misc":{"Escrito por":"Comunica\u00e7\u00e3o PSOL","Est. tempo de leitura":"4 minutos"},"schema":{"@context":"https:\/\/schema.org","@graph":[{"@type":"Article","@id":"https:\/\/psol50.org.br\/lider-do-psol-na-camara-critica-proposta-de-mais-um-codigo-florestal\/#article","isPartOf":{"@id":"https:\/\/psol50.org.br\/lider-do-psol-na-camara-critica-proposta-de-mais-um-codigo-florestal\/"},"author":{"name":"Comunica\u00e7\u00e3o PSOL","@id":"https:\/\/psol50.org.br\/#\/schema\/person\/475dfa57d0b815993c714c2e96491fcd"},"headline":"L\u00edder do PSOL na C\u00e2mara critica proposta de mais um C\u00f3digo Florestal","datePublished":"2012-09-07T00:00:00+00:00","mainEntityOfPage":{"@id":"https:\/\/psol50.org.br\/lider-do-psol-na-camara-critica-proposta-de-mais-um-codigo-florestal\/"},"wordCount":724,"commentCount":0,"publisher":{"@id":"https:\/\/psol50.org.br\/#organization"},"keywords":["PSOL"],"articleSection":["Arquivo"],"inLanguage":"pt-BR","potentialAction":[{"@type":"CommentAction","name":"Comment","target":["https:\/\/psol50.org.br\/lider-do-psol-na-camara-critica-proposta-de-mais-um-codigo-florestal\/#respond"]}]},{"@type":"WebPage","@id":"https:\/\/psol50.org.br\/lider-do-psol-na-camara-critica-proposta-de-mais-um-codigo-florestal\/","url":"https:\/\/psol50.org.br\/lider-do-psol-na-camara-critica-proposta-de-mais-um-codigo-florestal\/","name":"L\u00edder do PSOL na C\u00e2mara critica proposta de mais um C\u00f3digo Florestal - PSOL 50","isPartOf":{"@id":"https:\/\/psol50.org.br\/#website"},"datePublished":"2012-09-07T00:00:00+00:00","breadcrumb":{"@id":"https:\/\/psol50.org.br\/lider-do-psol-na-camara-critica-proposta-de-mais-um-codigo-florestal\/#breadcrumb"},"inLanguage":"pt-BR","potentialAction":[{"@type":"ReadAction","target":["https:\/\/psol50.org.br\/lider-do-psol-na-camara-critica-proposta-de-mais-um-codigo-florestal\/"]}]},{"@type":"BreadcrumbList","@id":"https:\/\/psol50.org.br\/lider-do-psol-na-camara-critica-proposta-de-mais-um-codigo-florestal\/#breadcrumb","itemListElement":[{"@type":"ListItem","position":1,"name":"In\u00edcio","item":"https:\/\/psol50.org.br\/"},{"@type":"ListItem","position":2,"name":"L\u00edder do PSOL na C\u00e2mara critica proposta de mais um C\u00f3digo Florestal"}]},{"@type":"WebSite","@id":"https:\/\/psol50.org.br\/#website","url":"https:\/\/psol50.org.br\/","name":"PSOL 50","description":"Site oficial do Partido Socialismo e Liberdade","publisher":{"@id":"https:\/\/psol50.org.br\/#organization"},"alternateName":"PSOL50","potentialAction":[{"@type":"SearchAction","target":{"@type":"EntryPoint","urlTemplate":"https:\/\/psol50.org.br\/?s={search_term_string}"},"query-input":{"@type":"PropertyValueSpecification","valueRequired":true,"valueName":"search_term_string"}}],"inLanguage":"pt-BR"},{"@type":"Organization","@id":"https:\/\/psol50.org.br\/#organization","name":"PSOL 50","alternateName":"PSOL 50","url":"https:\/\/psol50.org.br\/","logo":{"@type":"ImageObject","inLanguage":"pt-BR","@id":"https:\/\/psol50.org.br\/#\/schema\/logo\/image\/","url":"https:\/\/psol50.org.br\/inc\/uploads\/2018\/07\/capa.png","contentUrl":"https:\/\/psol50.org.br\/inc\/uploads\/2018\/07\/capa.png","width":1350,"height":900,"caption":"PSOL 50"},"image":{"@id":"https:\/\/psol50.org.br\/#\/schema\/logo\/image\/"},"sameAs":["https:\/\/www.facebook.com\/psol50","https:\/\/x.com\/psol50","https:\/\/www.instagram.com\/psol50\/","https:\/\/www.youtube.com\/channel\/UC7SnJS5o1os7a6CaiNabzcg"]},{"@type":"Person","@id":"https:\/\/psol50.org.br\/#\/schema\/person\/475dfa57d0b815993c714c2e96491fcd","name":"Comunica\u00e7\u00e3o PSOL","image":{"@type":"ImageObject","inLanguage":"pt-BR","@id":"https:\/\/psol50.org.br\/#\/schema\/person\/image\/","url":"https:\/\/secure.gravatar.com\/avatar\/b34fc4f4e468a4e51785917065a3db57b841f5c95dba6ad8c73aaf8f66f8f9bf?s=96&d=mm&r=g","contentUrl":"https:\/\/secure.gravatar.com\/avatar\/b34fc4f4e468a4e51785917065a3db57b841f5c95dba6ad8c73aaf8f66f8f9bf?s=96&d=mm&r=g","caption":"Comunica\u00e7\u00e3o PSOL"}}]}},"_links":{"self":[{"href":"https:\/\/psol50.org.br\/rest\/wp\/v2\/posts\/7606","targetHints":{"allow":["GET"]}}],"collection":[{"href":"https:\/\/psol50.org.br\/rest\/wp\/v2\/posts"}],"about":[{"href":"https:\/\/psol50.org.br\/rest\/wp\/v2\/types\/post"}],"author":[{"embeddable":true,"href":"https:\/\/psol50.org.br\/rest\/wp\/v2\/users\/2"}],"replies":[{"embeddable":true,"href":"https:\/\/psol50.org.br\/rest\/wp\/v2\/comments?post=7606"}],"version-history":[{"count":0,"href":"https:\/\/psol50.org.br\/rest\/wp\/v2\/posts\/7606\/revisions"}],"wp:attachment":[{"href":"https:\/\/psol50.org.br\/rest\/wp\/v2\/media?parent=7606"}],"wp:term":[{"taxonomy":"category","embeddable":true,"href":"https:\/\/psol50.org.br\/rest\/wp\/v2\/categories?post=7606"},{"taxonomy":"post_tag","embeddable":true,"href":"https:\/\/psol50.org.br\/rest\/wp\/v2\/tags?post=7606"}],"curies":[{"name":"wp","href":"https:\/\/api.w.org\/{rel}","templated":true}]}}