{"id":7610,"date":"2012-09-20T00:00:00","date_gmt":"2012-09-20T00:00:00","guid":{"rendered":"http:\/\/psol50.org.br\/arquivo\/2012\/09\/20\/psol-repudia-absolvicao-sumaria-de-deputados-do-esquema-de-compra-e-vendas-de-emendas\/"},"modified":"2012-09-20T00:00:00","modified_gmt":"2012-09-20T00:00:00","slug":"psol-repudia-absolvicao-sumaria-de-deputados-do-esquema-de-compra-e-vendas-de-emendas","status":"publish","type":"post","link":"https:\/\/psol50.org.br\/psol-repudia-absolvicao-sumaria-de-deputados-do-esquema-de-compra-e-vendas-de-emendas\/","title":{"rendered":"PSOL repudia absolvi\u00e7\u00e3o sum\u00e1ria de deputados do esquema de compra e vendas de emendas"},"content":{"rendered":"<p>A absolvi\u00e7\u00e3o dos deputados Jo\u00e3o Carlos Bacelar (PR\/BA) e Marcos Medrado (PDT\/BA), denunciados por criarem um esquema de compra e venda de emendas parlamentares, mostra o corporativismo que existe na C\u00e2mara dos Deputados. As representa\u00e7\u00f5es contra os dois parlamentares foram arquivadas em decis\u00e3o, dia 18, no Conselho de \u00c9tica e Decoro Parlamentar.<\/p>\n<p>O deputado Ricardo Izar (PSD\/SP), que relatou o processo contra Medrado, pediu a abertura da investiga\u00e7\u00e3o para apurar o comprometimento do parlamentar licenciado. J\u00e1 o deputado Sib\u00e1 Machado (PT\/AC), relator do processo contra Bacelar, pediu o arquivamento da den\u00fancia.<\/p>\n<p>O PSOL repudia a decis\u00e3o do Conselho de \u00c9tica, que sequer realizou oitivas e exames das graves den\u00fancias que utilizam as emendas parlamentares como moeda de barganha. Leia a nota do PSOL<\/p>\n<p><strong>\u201cAbsolvi\u00e7\u00e3o sum\u00e1ria<\/strong><\/p>\n<p>Com o quorum m\u00ednimo de 11 votantes, o Conselho de \u00c9tica e Decoro Parlamentar da C\u00e2mara dos Deputados praticou, por maioria, um RITO DE ABSOLVI\u00c7\u00c3O SUM\u00c1RIA. O simples exame de den\u00fancias graves \u2013 sobre barganha de emendas para benef\u00edcio de empresas vinculadas a parlamentares \u2013 foi descartado. A aprova\u00e7\u00e3o da &#8216;in\u00e9pcia&#8217; das representa\u00e7\u00f5es do PSOL, desprezando depoimentos esclarecedores, impede que os pr\u00f3prios deputados representados desmintam as acusa\u00e7\u00f5es \u2013 eles sequer ter\u00e3o que se explicar. Com a decis\u00e3o, o Conselho diz que os princ\u00edpios constitucionais da impessoalidade, da moralidade e da publicidade n\u00e3o merecem ser checados no \u00e2mbito do importante instrumento das emendas ao Or\u00e7amento. No momento em que o STF realiza um pedag\u00f3gico e democr\u00e1tico julgamento, a maioria do Conselho de \u00c9tica da C\u00e2mara d\u00e1 um p\u00e9ssimo exemplo, em acordo de &#8216;protecionismo&#8217; que pode sinalizar posturas futuras, na mesma dire\u00e7\u00e3o. O instituto das emendas parlamentares individuais cristaliza-se como um mecanismo sem controle p\u00fablico e crit\u00e9rio \u00e9tico, quase que de apropria\u00e7\u00e3o exclusivamente privada.<\/p>\n<p>19 de setembro de 2012<\/p>\n<p>Dep. Ivan Valente &#8211; presidente nacional do PSOL<\/p>\n<p>Dep. Chico Alencar &#8211; l\u00edder da bancada na CD<strong>\u201d<\/strong><\/p>\n","protected":false},"excerpt":{"rendered":"<p>A absolvi\u00e7\u00e3o dos deputados Jo\u00e3o Carlos Bacelar (PR\/BA) e Marcos Medrado (PDT\/BA), denunciados por criarem um esquema de compra e venda de emendas parlamentares, mostra o corporativismo que existe na C\u00e2mara dos Deputados. As representa\u00e7\u00f5es contra os dois parlamentares foram arquivadas em decis\u00e3o, dia 18, no Conselho de \u00c9tica e Decoro Parlamentar. O deputado Ricardo [&hellip;]<\/p>\n","protected":false},"author":2,"featured_media":0,"comment_status":"open","ping_status":"open","sticky":false,"template":"","format":"standard","meta":{"_acf_changed":false,"footnotes":""},"categories":[4766],"tags":[22],"class_list":{"0":"post-7610","1":"post","2":"type-post","3":"status-publish","4":"format-standard","6":"category-arquivo","7":"tag-psol"},"acf":[],"yoast_head":"<!-- This site is optimized with the Yoast SEO plugin v26.5 - https:\/\/yoast.com\/wordpress\/plugins\/seo\/ -->\n<title>PSOL repudia absolvi\u00e7\u00e3o sum\u00e1ria de deputados do esquema de compra e vendas de emendas - PSOL 50<\/title>\n<meta name=\"robots\" content=\"index, follow, max-snippet:-1, max-image-preview:large, max-video-preview:-1\" \/>\n<link rel=\"canonical\" href=\"https:\/\/psol50.org.br\/psol-repudia-absolvicao-sumaria-de-deputados-do-esquema-de-compra-e-vendas-de-emendas\/\" \/>\n<meta property=\"og:locale\" content=\"pt_BR\" \/>\n<meta property=\"og:type\" content=\"article\" \/>\n<meta property=\"og:title\" content=\"PSOL repudia absolvi\u00e7\u00e3o sum\u00e1ria de deputados do esquema de compra e vendas de emendas - PSOL 50\" \/>\n<meta property=\"og:description\" content=\"A absolvi\u00e7\u00e3o dos deputados Jo\u00e3o Carlos Bacelar (PR\/BA) e Marcos Medrado (PDT\/BA), denunciados por criarem um esquema de compra e venda de emendas parlamentares, mostra o corporativismo que existe na C\u00e2mara dos Deputados. As representa\u00e7\u00f5es contra os dois parlamentares foram arquivadas em decis\u00e3o, dia 18, no Conselho de \u00c9tica e Decoro Parlamentar. O deputado Ricardo [&hellip;]\" \/>\n<meta property=\"og:url\" content=\"https:\/\/psol50.org.br\/psol-repudia-absolvicao-sumaria-de-deputados-do-esquema-de-compra-e-vendas-de-emendas\/\" \/>\n<meta property=\"og:site_name\" content=\"PSOL 50\" \/>\n<meta property=\"article:publisher\" content=\"https:\/\/www.facebook.com\/psol50\" \/>\n<meta property=\"article:published_time\" content=\"2012-09-20T00:00:00+00:00\" \/>\n<meta property=\"og:image\" content=\"https:\/\/psol50.org.br\/inc\/uploads\/2018\/07\/capa.png\" \/>\n\t<meta property=\"og:image:width\" content=\"1350\" \/>\n\t<meta property=\"og:image:height\" content=\"900\" \/>\n\t<meta property=\"og:image:type\" content=\"image\/png\" \/>\n<meta name=\"author\" content=\"Comunica\u00e7\u00e3o PSOL\" \/>\n<meta name=\"twitter:card\" content=\"summary_large_image\" \/>\n<meta name=\"twitter:creator\" content=\"@psol50\" \/>\n<meta name=\"twitter:site\" content=\"@psol50\" \/>\n<meta name=\"twitter:label1\" content=\"Escrito por\" \/>\n\t<meta name=\"twitter:data1\" content=\"Comunica\u00e7\u00e3o PSOL\" \/>\n\t<meta name=\"twitter:label2\" content=\"Est. tempo de leitura\" \/>\n\t<meta name=\"twitter:data2\" content=\"2 minutos\" \/>\n<script type=\"application\/ld+json\" class=\"yoast-schema-graph\">{\"@context\":\"https:\/\/schema.org\",\"@graph\":[{\"@type\":\"Article\",\"@id\":\"https:\/\/psol50.org.br\/psol-repudia-absolvicao-sumaria-de-deputados-do-esquema-de-compra-e-vendas-de-emendas\/#article\",\"isPartOf\":{\"@id\":\"https:\/\/psol50.org.br\/psol-repudia-absolvicao-sumaria-de-deputados-do-esquema-de-compra-e-vendas-de-emendas\/\"},\"author\":{\"name\":\"Comunica\u00e7\u00e3o PSOL\",\"@id\":\"https:\/\/psol50.org.br\/#\/schema\/person\/475dfa57d0b815993c714c2e96491fcd\"},\"headline\":\"PSOL repudia absolvi\u00e7\u00e3o sum\u00e1ria de deputados do esquema de compra e vendas de emendas\",\"datePublished\":\"2012-09-20T00:00:00+00:00\",\"mainEntityOfPage\":{\"@id\":\"https:\/\/psol50.org.br\/psol-repudia-absolvicao-sumaria-de-deputados-do-esquema-de-compra-e-vendas-de-emendas\/\"},\"wordCount\":358,\"commentCount\":0,\"publisher\":{\"@id\":\"https:\/\/psol50.org.br\/#organization\"},\"keywords\":[\"PSOL\"],\"articleSection\":[\"Arquivo\"],\"inLanguage\":\"pt-BR\",\"potentialAction\":[{\"@type\":\"CommentAction\",\"name\":\"Comment\",\"target\":[\"https:\/\/psol50.org.br\/psol-repudia-absolvicao-sumaria-de-deputados-do-esquema-de-compra-e-vendas-de-emendas\/#respond\"]}]},{\"@type\":\"WebPage\",\"@id\":\"https:\/\/psol50.org.br\/psol-repudia-absolvicao-sumaria-de-deputados-do-esquema-de-compra-e-vendas-de-emendas\/\",\"url\":\"https:\/\/psol50.org.br\/psol-repudia-absolvicao-sumaria-de-deputados-do-esquema-de-compra-e-vendas-de-emendas\/\",\"name\":\"PSOL repudia absolvi\u00e7\u00e3o sum\u00e1ria de deputados do esquema de compra e vendas de emendas - PSOL 50\",\"isPartOf\":{\"@id\":\"https:\/\/psol50.org.br\/#website\"},\"datePublished\":\"2012-09-20T00:00:00+00:00\",\"breadcrumb\":{\"@id\":\"https:\/\/psol50.org.br\/psol-repudia-absolvicao-sumaria-de-deputados-do-esquema-de-compra-e-vendas-de-emendas\/#breadcrumb\"},\"inLanguage\":\"pt-BR\",\"potentialAction\":[{\"@type\":\"ReadAction\",\"target\":[\"https:\/\/psol50.org.br\/psol-repudia-absolvicao-sumaria-de-deputados-do-esquema-de-compra-e-vendas-de-emendas\/\"]}]},{\"@type\":\"BreadcrumbList\",\"@id\":\"https:\/\/psol50.org.br\/psol-repudia-absolvicao-sumaria-de-deputados-do-esquema-de-compra-e-vendas-de-emendas\/#breadcrumb\",\"itemListElement\":[{\"@type\":\"ListItem\",\"position\":1,\"name\":\"In\u00edcio\",\"item\":\"https:\/\/psol50.org.br\/\"},{\"@type\":\"ListItem\",\"position\":2,\"name\":\"PSOL repudia absolvi\u00e7\u00e3o sum\u00e1ria de deputados do esquema de compra e vendas de emendas\"}]},{\"@type\":\"WebSite\",\"@id\":\"https:\/\/psol50.org.br\/#website\",\"url\":\"https:\/\/psol50.org.br\/\",\"name\":\"PSOL 50\",\"description\":\"Site oficial do Partido Socialismo e Liberdade\",\"publisher\":{\"@id\":\"https:\/\/psol50.org.br\/#organization\"},\"alternateName\":\"PSOL50\",\"potentialAction\":[{\"@type\":\"SearchAction\",\"target\":{\"@type\":\"EntryPoint\",\"urlTemplate\":\"https:\/\/psol50.org.br\/?s={search_term_string}\"},\"query-input\":{\"@type\":\"PropertyValueSpecification\",\"valueRequired\":true,\"valueName\":\"search_term_string\"}}],\"inLanguage\":\"pt-BR\"},{\"@type\":\"Organization\",\"@id\":\"https:\/\/psol50.org.br\/#organization\",\"name\":\"PSOL 50\",\"alternateName\":\"PSOL 50\",\"url\":\"https:\/\/psol50.org.br\/\",\"logo\":{\"@type\":\"ImageObject\",\"inLanguage\":\"pt-BR\",\"@id\":\"https:\/\/psol50.org.br\/#\/schema\/logo\/image\/\",\"url\":\"https:\/\/psol50.org.br\/inc\/uploads\/2018\/07\/capa.png\",\"contentUrl\":\"https:\/\/psol50.org.br\/inc\/uploads\/2018\/07\/capa.png\",\"width\":1350,\"height\":900,\"caption\":\"PSOL 50\"},\"image\":{\"@id\":\"https:\/\/psol50.org.br\/#\/schema\/logo\/image\/\"},\"sameAs\":[\"https:\/\/www.facebook.com\/psol50\",\"https:\/\/x.com\/psol50\",\"https:\/\/www.instagram.com\/psol50\/\",\"https:\/\/www.youtube.com\/channel\/UC7SnJS5o1os7a6CaiNabzcg\"]},{\"@type\":\"Person\",\"@id\":\"https:\/\/psol50.org.br\/#\/schema\/person\/475dfa57d0b815993c714c2e96491fcd\",\"name\":\"Comunica\u00e7\u00e3o PSOL\",\"image\":{\"@type\":\"ImageObject\",\"inLanguage\":\"pt-BR\",\"@id\":\"https:\/\/psol50.org.br\/#\/schema\/person\/image\/\",\"url\":\"https:\/\/secure.gravatar.com\/avatar\/b34fc4f4e468a4e51785917065a3db57b841f5c95dba6ad8c73aaf8f66f8f9bf?s=96&d=mm&r=g\",\"contentUrl\":\"https:\/\/secure.gravatar.com\/avatar\/b34fc4f4e468a4e51785917065a3db57b841f5c95dba6ad8c73aaf8f66f8f9bf?s=96&d=mm&r=g\",\"caption\":\"Comunica\u00e7\u00e3o PSOL\"}}]}<\/script>\n<!-- \/ Yoast SEO plugin. -->","yoast_head_json":{"title":"PSOL repudia absolvi\u00e7\u00e3o sum\u00e1ria de deputados do esquema de compra e vendas de emendas - PSOL 50","robots":{"index":"index","follow":"follow","max-snippet":"max-snippet:-1","max-image-preview":"max-image-preview:large","max-video-preview":"max-video-preview:-1"},"canonical":"https:\/\/psol50.org.br\/psol-repudia-absolvicao-sumaria-de-deputados-do-esquema-de-compra-e-vendas-de-emendas\/","og_locale":"pt_BR","og_type":"article","og_title":"PSOL repudia absolvi\u00e7\u00e3o sum\u00e1ria de deputados do esquema de compra e vendas de emendas - PSOL 50","og_description":"A absolvi\u00e7\u00e3o dos deputados Jo\u00e3o Carlos Bacelar (PR\/BA) e Marcos Medrado (PDT\/BA), denunciados por criarem um esquema de compra e venda de emendas parlamentares, mostra o corporativismo que existe na C\u00e2mara dos Deputados. As representa\u00e7\u00f5es contra os dois parlamentares foram arquivadas em decis\u00e3o, dia 18, no Conselho de \u00c9tica e Decoro Parlamentar. O deputado Ricardo [&hellip;]","og_url":"https:\/\/psol50.org.br\/psol-repudia-absolvicao-sumaria-de-deputados-do-esquema-de-compra-e-vendas-de-emendas\/","og_site_name":"PSOL 50","article_publisher":"https:\/\/www.facebook.com\/psol50","article_published_time":"2012-09-20T00:00:00+00:00","og_image":[{"width":1350,"height":900,"url":"https:\/\/psol50.org.br\/inc\/uploads\/2018\/07\/capa.png","type":"image\/png"}],"author":"Comunica\u00e7\u00e3o PSOL","twitter_card":"summary_large_image","twitter_creator":"@psol50","twitter_site":"@psol50","twitter_misc":{"Escrito por":"Comunica\u00e7\u00e3o PSOL","Est. tempo de leitura":"2 minutos"},"schema":{"@context":"https:\/\/schema.org","@graph":[{"@type":"Article","@id":"https:\/\/psol50.org.br\/psol-repudia-absolvicao-sumaria-de-deputados-do-esquema-de-compra-e-vendas-de-emendas\/#article","isPartOf":{"@id":"https:\/\/psol50.org.br\/psol-repudia-absolvicao-sumaria-de-deputados-do-esquema-de-compra-e-vendas-de-emendas\/"},"author":{"name":"Comunica\u00e7\u00e3o PSOL","@id":"https:\/\/psol50.org.br\/#\/schema\/person\/475dfa57d0b815993c714c2e96491fcd"},"headline":"PSOL repudia absolvi\u00e7\u00e3o sum\u00e1ria de deputados do esquema de compra e vendas de emendas","datePublished":"2012-09-20T00:00:00+00:00","mainEntityOfPage":{"@id":"https:\/\/psol50.org.br\/psol-repudia-absolvicao-sumaria-de-deputados-do-esquema-de-compra-e-vendas-de-emendas\/"},"wordCount":358,"commentCount":0,"publisher":{"@id":"https:\/\/psol50.org.br\/#organization"},"keywords":["PSOL"],"articleSection":["Arquivo"],"inLanguage":"pt-BR","potentialAction":[{"@type":"CommentAction","name":"Comment","target":["https:\/\/psol50.org.br\/psol-repudia-absolvicao-sumaria-de-deputados-do-esquema-de-compra-e-vendas-de-emendas\/#respond"]}]},{"@type":"WebPage","@id":"https:\/\/psol50.org.br\/psol-repudia-absolvicao-sumaria-de-deputados-do-esquema-de-compra-e-vendas-de-emendas\/","url":"https:\/\/psol50.org.br\/psol-repudia-absolvicao-sumaria-de-deputados-do-esquema-de-compra-e-vendas-de-emendas\/","name":"PSOL repudia absolvi\u00e7\u00e3o sum\u00e1ria de deputados do esquema de compra e vendas de emendas - PSOL 50","isPartOf":{"@id":"https:\/\/psol50.org.br\/#website"},"datePublished":"2012-09-20T00:00:00+00:00","breadcrumb":{"@id":"https:\/\/psol50.org.br\/psol-repudia-absolvicao-sumaria-de-deputados-do-esquema-de-compra-e-vendas-de-emendas\/#breadcrumb"},"inLanguage":"pt-BR","potentialAction":[{"@type":"ReadAction","target":["https:\/\/psol50.org.br\/psol-repudia-absolvicao-sumaria-de-deputados-do-esquema-de-compra-e-vendas-de-emendas\/"]}]},{"@type":"BreadcrumbList","@id":"https:\/\/psol50.org.br\/psol-repudia-absolvicao-sumaria-de-deputados-do-esquema-de-compra-e-vendas-de-emendas\/#breadcrumb","itemListElement":[{"@type":"ListItem","position":1,"name":"In\u00edcio","item":"https:\/\/psol50.org.br\/"},{"@type":"ListItem","position":2,"name":"PSOL repudia absolvi\u00e7\u00e3o sum\u00e1ria de deputados do esquema de compra e vendas de emendas"}]},{"@type":"WebSite","@id":"https:\/\/psol50.org.br\/#website","url":"https:\/\/psol50.org.br\/","name":"PSOL 50","description":"Site oficial do Partido Socialismo e Liberdade","publisher":{"@id":"https:\/\/psol50.org.br\/#organization"},"alternateName":"PSOL50","potentialAction":[{"@type":"SearchAction","target":{"@type":"EntryPoint","urlTemplate":"https:\/\/psol50.org.br\/?s={search_term_string}"},"query-input":{"@type":"PropertyValueSpecification","valueRequired":true,"valueName":"search_term_string"}}],"inLanguage":"pt-BR"},{"@type":"Organization","@id":"https:\/\/psol50.org.br\/#organization","name":"PSOL 50","alternateName":"PSOL 50","url":"https:\/\/psol50.org.br\/","logo":{"@type":"ImageObject","inLanguage":"pt-BR","@id":"https:\/\/psol50.org.br\/#\/schema\/logo\/image\/","url":"https:\/\/psol50.org.br\/inc\/uploads\/2018\/07\/capa.png","contentUrl":"https:\/\/psol50.org.br\/inc\/uploads\/2018\/07\/capa.png","width":1350,"height":900,"caption":"PSOL 50"},"image":{"@id":"https:\/\/psol50.org.br\/#\/schema\/logo\/image\/"},"sameAs":["https:\/\/www.facebook.com\/psol50","https:\/\/x.com\/psol50","https:\/\/www.instagram.com\/psol50\/","https:\/\/www.youtube.com\/channel\/UC7SnJS5o1os7a6CaiNabzcg"]},{"@type":"Person","@id":"https:\/\/psol50.org.br\/#\/schema\/person\/475dfa57d0b815993c714c2e96491fcd","name":"Comunica\u00e7\u00e3o PSOL","image":{"@type":"ImageObject","inLanguage":"pt-BR","@id":"https:\/\/psol50.org.br\/#\/schema\/person\/image\/","url":"https:\/\/secure.gravatar.com\/avatar\/b34fc4f4e468a4e51785917065a3db57b841f5c95dba6ad8c73aaf8f66f8f9bf?s=96&d=mm&r=g","contentUrl":"https:\/\/secure.gravatar.com\/avatar\/b34fc4f4e468a4e51785917065a3db57b841f5c95dba6ad8c73aaf8f66f8f9bf?s=96&d=mm&r=g","caption":"Comunica\u00e7\u00e3o PSOL"}}]}},"_links":{"self":[{"href":"https:\/\/psol50.org.br\/rest\/wp\/v2\/posts\/7610","targetHints":{"allow":["GET"]}}],"collection":[{"href":"https:\/\/psol50.org.br\/rest\/wp\/v2\/posts"}],"about":[{"href":"https:\/\/psol50.org.br\/rest\/wp\/v2\/types\/post"}],"author":[{"embeddable":true,"href":"https:\/\/psol50.org.br\/rest\/wp\/v2\/users\/2"}],"replies":[{"embeddable":true,"href":"https:\/\/psol50.org.br\/rest\/wp\/v2\/comments?post=7610"}],"version-history":[{"count":0,"href":"https:\/\/psol50.org.br\/rest\/wp\/v2\/posts\/7610\/revisions"}],"wp:attachment":[{"href":"https:\/\/psol50.org.br\/rest\/wp\/v2\/media?parent=7610"}],"wp:term":[{"taxonomy":"category","embeddable":true,"href":"https:\/\/psol50.org.br\/rest\/wp\/v2\/categories?post=7610"},{"taxonomy":"post_tag","embeddable":true,"href":"https:\/\/psol50.org.br\/rest\/wp\/v2\/tags?post=7610"}],"curies":[{"name":"wp","href":"https:\/\/api.w.org\/{rel}","templated":true}]}}