{"id":7615,"date":"2012-10-10T00:00:00","date_gmt":"2012-10-10T00:00:00","guid":{"rendered":"http:\/\/psol50.org.br\/arquivo\/2012\/10\/10\/ivan-valente-assume-a-lideranca-do-psol-na-camara\/"},"modified":"2012-10-10T00:00:00","modified_gmt":"2012-10-10T00:00:00","slug":"ivan-valente-assume-a-lideranca-do-psol-na-camara","status":"publish","type":"post","link":"https:\/\/psol50.org.br\/ivan-valente-assume-a-lideranca-do-psol-na-camara\/","title":{"rendered":"Ivan Valente assume a lideran\u00e7a do PSOL na C\u00e2mara"},"content":{"rendered":"<p>O deputado Ivan Valente assume a lideran\u00e7a do PSOL na C\u00e2mara dos Deputados at\u00e9 dezembro deste ano em substitui\u00e7\u00e3o ao deputado Chico Alencar, que se recupera de uma cirurgia. Em discurso no plen\u00e1rio Ivan Valente destacou o julgamento do mensal\u00e3o no Supremo Tribunal Federal (STF), que considerou que houve compra de votos para aprova\u00e7\u00e3o de projetos de interesse do governo no Congresso Nacional.<br \/>\nPara o deputado, as vota\u00e7\u00f5es daquele per\u00edodo (entre 2003 e 2004) precisam ser revistas, entre elas a da reforma da Previd\u00eancia, aprovada por 326 deputados \u2013 eram necess\u00e1rios 308 votos no m\u00ednimo. O PSOL entrar\u00e1 com uma A\u00e7\u00e3o Direta de Inconstitucionalidade no STF para anular a reforma da Previd\u00eancia assim que for conclu\u00eddo o julgamento do mensal\u00e3o.<br \/>\nIvan Valente destacou tamb\u00e9m o crescimento do PSOL nas elei\u00e7\u00f5es municipais realizadas no \u00faltimo domingo. \u201cQuero cumprimentar e saudar o desempenho bastante satisfat\u00f3rio do Partido Socialismo e Liberdade em todo o Brasil, um partido que tem tr\u00eas Deputados nesta Casa e um Senador, Randolfe Rodrigues. Nossos Parlamentares s\u00e3o respons\u00e1veis por pequeno fundo partid\u00e1rio e pouco tempo em televis\u00e3o\u201d.<br \/>\nLeia o discurso do l\u00edder Ivan Valente.<\/p>\n<p><strong>Mensal\u00e3o e ADIN contra a reforma da Previd\u00eancia<\/strong><br \/>\n\u201cEm primeiro lugar, eu gostaria de me referir ao julgamento da A\u00e7\u00e3o Penal n\u00ba 470, chamada mensal\u00e3o, que ontem [9\/10] passou por uma fase decisiva, quando houve a condena\u00e7\u00e3o dos r\u00e9us Jos\u00e9 Dirceu, Genoino, Del\u00fabio Soares, al\u00e9m dos outros do n\u00facleo operacional e financeiro, etc.<br \/>\nO que chamou a aten\u00e7\u00e3o nesse julgamento, para al\u00e9m de todo o impacto pol\u00edtico que ele tem \u2014 e \u00e9 essa a aten\u00e7\u00e3o que quero chamar aqui agora \u2014, \u00e9 que se o Supremo Tribunal Federal decidir que houve compra de votos naquele momento para votar projetos do Congresso Nacional \u2014 eu quero aqui rever a reforma da Previd\u00eancia \u2014, se houve compra de votos, ent\u00e3o, aquelas vota\u00e7\u00f5es que foram feitas aqui no Governo Lula em determinado per\u00edodo devem ser anuladas, devem ser anuladas. E particularmente este Deputado, naquele momento, era do Partido dos Trabalhadores. V\u00e1rios Deputados foram punidos por isso, inclusive este Parlamentar, por ter votado contra a reforma da Previd\u00eancia do Governo Lula. Naquele momento, a vota\u00e7\u00e3o no painel eletr\u00f4nico conferiu 326 votos. A reforma da Previd\u00eancia precisava de 308 votos.<br \/>\nSe houve compra de votos, como assim est\u00e1 deliberando os Ministros do Supremo Tribunal Federal, ent\u00e3o, \u00e9 pass\u00edvel de anula\u00e7\u00e3o n\u00e3o s\u00f3 a reforma Previdenci\u00e1ria do Governo Lula como tamb\u00e9m v\u00e1rios outros projetos que passaram em determinado per\u00edodo.<br \/>\nEu j\u00e1 percebi que a grande imprensa j\u00e1 come\u00e7ou a se mobilizar para tentar evitar que a reforma da Previd\u00eancia seja anulada. Por qu\u00ea? Milhares de trabalhadores, particularmente do setor p\u00fabico, foram afetados. Foram-lhes tirados direitos sociais e pol\u00edticos. Eles foram prejudicados por essa medida.<br \/>\nQuero, desta tribuna, anunciar que o Partido Socialismo e Liberdade est\u00e1 preparando uma A\u00e7\u00e3o Direta de Inconstitucionalidade para anular a reforma da Previd\u00eancia, votada no ano de 2003, no primeiro ano do Governo Luiz In\u00e1cio Lula da Silva. Vamos mobilizar a sociedade para isso. Uma vez publicado o ac\u00f3rd\u00e3o do Supremo Tribunal Federal e confirmada a tese de que houve a compra de votos, precisa-se anular essa legisla\u00e7\u00e3o. Eu queria anunciar que o PSOL prepara uma ADIN para anular a reforma da Previd\u00eancia feita durante o Governo Lula.\u201d<\/p>\n<p><strong>Elei\u00e7\u00f5es 2012 e o crescimento do PSOL<\/strong><br \/>\n\u201cEm segundo lugar, quero anunciar, cumprimentar e saudar o desempenho bastante satisfat\u00f3rio do Partido Socialismo e Liberdade em todo o Brasil, um partido que tem tr\u00eas Deputados nesta Casa e um Senador, Randolfe Rodrigues, e nossos Parlamentares s\u00e3o respons\u00e1veis por pequeno fundo partid\u00e1rio e pouco tempo em televis\u00e3o.<br \/>\nQuero cumprimentar a todos pelo desempenho do Partido Socialismo e Liberdade, que sem recursos financeiros e com pouqu\u00edssimo tempo na televis\u00e3o conseguiu ter resultados bastante expressivos.<br \/>\nQuero me referir especialmente aos nossos candidatos em Bel\u00e9m do Par\u00e1, Edmilson Rodrigues, em primeiro lugar no segundo turno; e Cl\u00e9cio Lu\u00eds Vieira, em Macap\u00e1, Amap\u00e1, que ser\u00e3o possivelmente os futuros Prefeitos da entrada da Amaz\u00f4nia, um partido pequeno mas que tem inser\u00e7\u00e3o e tradi\u00e7\u00e3o pol\u00edtica.<br \/>\nQuero cumprimentar especialmente o companheiro Marcelo Freixo pelo excepcional desempenho do PSOL na cidade do Rio de Janeiro, com 28% dos votos tendo apenas 1 minuto de televis\u00e3o e pouqu\u00edssimos recursos, galvanizando a sociedade civil organizada e a juventude do Rio de Janeiro, elegendo uma bancada de quatro Vereadores que saudamos tamb\u00e9m naquela cidade.<br \/>\nCumprimento pelo desempenho em v\u00e1rias capitais deste Pa\u00eds, especialmente Florian\u00f3polis com 14% dos votos, Fortaleza com 12% e Boa Vista com 10%. O PSOL saiu do patamar pequeno para competir e se afirmar em v\u00e1rias capitais deste Pa\u00eds.<br \/>\nRefiro-me, mais uma vez, Deputado Jean Wyllys, a um substantivo aumento das bancadas de Vereadores, particularmente nas capitais dos Estados o PSOL conseguiu eleger 49 Vereadores se implantando de Norte a Sul, de Porto Alegre a Macap\u00e1.<br \/>\nO PSOL elegeu vereadores importantes. Elegeu seu primeiro vereador na cidade de S\u00e3o Paulo, nas imensas dificuldades que se tem; e com bancadas expressivas particularmente no Par\u00e1, mas tamb\u00e9m em Fortaleza, em Macei\u00f3, em Natal, onde n\u00f3s elegemos dois Vereadores. J\u00e1 falei do Rio de Janeiro, do Rio Grande do Sul, de Santa Catarina, em que elegemos o nosso ex-presidente Estadual do partido, o companheiro Afr\u00e2nio Boppr\u00e9, Vereador muito bem votado na capital, em que tivemos o desempenho de 14%. Tamb\u00e9m, em Goi\u00e2nia, elegemos um Vereador.<br \/>\nPor isso, Sr. Presidente, apesar de este Pa\u00eds n\u00e3o realizar uma reforma pol\u00edtica decente, no sentido de implantar o financiamento p\u00fablico exclusivo de campanha, que seria muito importante para o Brasil, para acabar com a corrup\u00e7\u00e3o que n\u00f3s vemos por a\u00ed, financiamento p\u00fablico e fim do financiamento privado, destaco que o desempenho do nosso partido em todo o Pa\u00eds, esse crescimento, se deve ao trabalho generoso, volunt\u00e1rio e consciente de milhares de militantes do PSOL em nosso Pa\u00eds. E, em nome da Presid\u00eancia do PSOL, quero saudar todos os ativistas, militantes, candidatos e os nossos concorrentes.<br \/>\nUm abra\u00e7o a todos os militantes do PSOL pela vit\u00f3ria em todo o Brasil!\u201d<\/p>\n","protected":false},"excerpt":{"rendered":"<p>O deputado Ivan Valente assume a lideran\u00e7a do PSOL na C\u00e2mara dos Deputados at\u00e9 dezembro deste ano em substitui\u00e7\u00e3o ao deputado Chico Alencar, que se recupera de uma cirurgia. Em discurso no plen\u00e1rio Ivan Valente destacou o julgamento do mensal\u00e3o no Supremo Tribunal Federal (STF), que considerou que houve compra de votos para aprova\u00e7\u00e3o de [&hellip;]<\/p>\n","protected":false},"author":2,"featured_media":0,"comment_status":"open","ping_status":"open","sticky":false,"template":"","format":"standard","meta":{"_acf_changed":false,"footnotes":""},"categories":[10,4766],"tags":[22],"class_list":{"0":"post-7615","1":"post","2":"type-post","3":"status-publish","4":"format-standard","6":"category-acao-parlamentares","7":"category-arquivo","8":"tag-psol"},"acf":[],"yoast_head":"<!-- This site is optimized with the Yoast SEO plugin v26.5 - https:\/\/yoast.com\/wordpress\/plugins\/seo\/ -->\n<title>Ivan Valente assume a lideran\u00e7a do PSOL na C\u00e2mara - PSOL 50<\/title>\n<meta name=\"robots\" content=\"index, follow, max-snippet:-1, max-image-preview:large, max-video-preview:-1\" \/>\n<link rel=\"canonical\" href=\"https:\/\/psol50.org.br\/ivan-valente-assume-a-lideranca-do-psol-na-camara\/\" \/>\n<meta property=\"og:locale\" content=\"pt_BR\" \/>\n<meta property=\"og:type\" content=\"article\" \/>\n<meta property=\"og:title\" content=\"Ivan Valente assume a lideran\u00e7a do PSOL na C\u00e2mara - PSOL 50\" \/>\n<meta property=\"og:description\" content=\"O deputado Ivan Valente assume a lideran\u00e7a do PSOL na C\u00e2mara dos Deputados at\u00e9 dezembro deste ano em substitui\u00e7\u00e3o ao deputado Chico Alencar, que se recupera de uma cirurgia. Em discurso no plen\u00e1rio Ivan Valente destacou o julgamento do mensal\u00e3o no Supremo Tribunal Federal (STF), que considerou que houve compra de votos para aprova\u00e7\u00e3o de [&hellip;]\" \/>\n<meta property=\"og:url\" content=\"https:\/\/psol50.org.br\/ivan-valente-assume-a-lideranca-do-psol-na-camara\/\" \/>\n<meta property=\"og:site_name\" content=\"PSOL 50\" \/>\n<meta property=\"article:publisher\" content=\"https:\/\/www.facebook.com\/psol50\" \/>\n<meta property=\"article:published_time\" content=\"2012-10-10T00:00:00+00:00\" \/>\n<meta property=\"og:image\" content=\"https:\/\/psol50.org.br\/inc\/uploads\/2018\/07\/capa.png\" \/>\n\t<meta property=\"og:image:width\" content=\"1350\" \/>\n\t<meta property=\"og:image:height\" content=\"900\" \/>\n\t<meta property=\"og:image:type\" content=\"image\/png\" \/>\n<meta name=\"author\" content=\"Comunica\u00e7\u00e3o PSOL\" \/>\n<meta name=\"twitter:card\" content=\"summary_large_image\" \/>\n<meta name=\"twitter:creator\" content=\"@psol50\" \/>\n<meta name=\"twitter:site\" content=\"@psol50\" \/>\n<meta name=\"twitter:label1\" content=\"Escrito por\" \/>\n\t<meta name=\"twitter:data1\" content=\"Comunica\u00e7\u00e3o PSOL\" \/>\n\t<meta name=\"twitter:label2\" content=\"Est. tempo de leitura\" \/>\n\t<meta name=\"twitter:data2\" content=\"5 minutos\" \/>\n<script type=\"application\/ld+json\" class=\"yoast-schema-graph\">{\"@context\":\"https:\/\/schema.org\",\"@graph\":[{\"@type\":\"Article\",\"@id\":\"https:\/\/psol50.org.br\/ivan-valente-assume-a-lideranca-do-psol-na-camara\/#article\",\"isPartOf\":{\"@id\":\"https:\/\/psol50.org.br\/ivan-valente-assume-a-lideranca-do-psol-na-camara\/\"},\"author\":{\"name\":\"Comunica\u00e7\u00e3o PSOL\",\"@id\":\"https:\/\/psol50.org.br\/#\/schema\/person\/475dfa57d0b815993c714c2e96491fcd\"},\"headline\":\"Ivan Valente assume a lideran\u00e7a do PSOL na C\u00e2mara\",\"datePublished\":\"2012-10-10T00:00:00+00:00\",\"mainEntityOfPage\":{\"@id\":\"https:\/\/psol50.org.br\/ivan-valente-assume-a-lideranca-do-psol-na-camara\/\"},\"wordCount\":1089,\"commentCount\":0,\"publisher\":{\"@id\":\"https:\/\/psol50.org.br\/#organization\"},\"keywords\":[\"PSOL\"],\"articleSection\":[\"A\u00e7\u00e3o Parlamentar\",\"Arquivo\"],\"inLanguage\":\"pt-BR\",\"potentialAction\":[{\"@type\":\"CommentAction\",\"name\":\"Comment\",\"target\":[\"https:\/\/psol50.org.br\/ivan-valente-assume-a-lideranca-do-psol-na-camara\/#respond\"]}]},{\"@type\":\"WebPage\",\"@id\":\"https:\/\/psol50.org.br\/ivan-valente-assume-a-lideranca-do-psol-na-camara\/\",\"url\":\"https:\/\/psol50.org.br\/ivan-valente-assume-a-lideranca-do-psol-na-camara\/\",\"name\":\"Ivan Valente assume a lideran\u00e7a do PSOL na C\u00e2mara - PSOL 50\",\"isPartOf\":{\"@id\":\"https:\/\/psol50.org.br\/#website\"},\"datePublished\":\"2012-10-10T00:00:00+00:00\",\"breadcrumb\":{\"@id\":\"https:\/\/psol50.org.br\/ivan-valente-assume-a-lideranca-do-psol-na-camara\/#breadcrumb\"},\"inLanguage\":\"pt-BR\",\"potentialAction\":[{\"@type\":\"ReadAction\",\"target\":[\"https:\/\/psol50.org.br\/ivan-valente-assume-a-lideranca-do-psol-na-camara\/\"]}]},{\"@type\":\"BreadcrumbList\",\"@id\":\"https:\/\/psol50.org.br\/ivan-valente-assume-a-lideranca-do-psol-na-camara\/#breadcrumb\",\"itemListElement\":[{\"@type\":\"ListItem\",\"position\":1,\"name\":\"In\u00edcio\",\"item\":\"https:\/\/psol50.org.br\/\"},{\"@type\":\"ListItem\",\"position\":2,\"name\":\"Ivan Valente assume a lideran\u00e7a do PSOL na C\u00e2mara\"}]},{\"@type\":\"WebSite\",\"@id\":\"https:\/\/psol50.org.br\/#website\",\"url\":\"https:\/\/psol50.org.br\/\",\"name\":\"PSOL 50\",\"description\":\"Site oficial do Partido Socialismo e Liberdade\",\"publisher\":{\"@id\":\"https:\/\/psol50.org.br\/#organization\"},\"alternateName\":\"PSOL50\",\"potentialAction\":[{\"@type\":\"SearchAction\",\"target\":{\"@type\":\"EntryPoint\",\"urlTemplate\":\"https:\/\/psol50.org.br\/?s={search_term_string}\"},\"query-input\":{\"@type\":\"PropertyValueSpecification\",\"valueRequired\":true,\"valueName\":\"search_term_string\"}}],\"inLanguage\":\"pt-BR\"},{\"@type\":\"Organization\",\"@id\":\"https:\/\/psol50.org.br\/#organization\",\"name\":\"PSOL 50\",\"alternateName\":\"PSOL 50\",\"url\":\"https:\/\/psol50.org.br\/\",\"logo\":{\"@type\":\"ImageObject\",\"inLanguage\":\"pt-BR\",\"@id\":\"https:\/\/psol50.org.br\/#\/schema\/logo\/image\/\",\"url\":\"https:\/\/psol50.org.br\/inc\/uploads\/2018\/07\/capa.png\",\"contentUrl\":\"https:\/\/psol50.org.br\/inc\/uploads\/2018\/07\/capa.png\",\"width\":1350,\"height\":900,\"caption\":\"PSOL 50\"},\"image\":{\"@id\":\"https:\/\/psol50.org.br\/#\/schema\/logo\/image\/\"},\"sameAs\":[\"https:\/\/www.facebook.com\/psol50\",\"https:\/\/x.com\/psol50\",\"https:\/\/www.instagram.com\/psol50\/\",\"https:\/\/www.youtube.com\/channel\/UC7SnJS5o1os7a6CaiNabzcg\"]},{\"@type\":\"Person\",\"@id\":\"https:\/\/psol50.org.br\/#\/schema\/person\/475dfa57d0b815993c714c2e96491fcd\",\"name\":\"Comunica\u00e7\u00e3o PSOL\",\"image\":{\"@type\":\"ImageObject\",\"inLanguage\":\"pt-BR\",\"@id\":\"https:\/\/psol50.org.br\/#\/schema\/person\/image\/\",\"url\":\"https:\/\/secure.gravatar.com\/avatar\/b34fc4f4e468a4e51785917065a3db57b841f5c95dba6ad8c73aaf8f66f8f9bf?s=96&d=mm&r=g\",\"contentUrl\":\"https:\/\/secure.gravatar.com\/avatar\/b34fc4f4e468a4e51785917065a3db57b841f5c95dba6ad8c73aaf8f66f8f9bf?s=96&d=mm&r=g\",\"caption\":\"Comunica\u00e7\u00e3o PSOL\"}}]}<\/script>\n<!-- \/ Yoast SEO plugin. -->","yoast_head_json":{"title":"Ivan Valente assume a lideran\u00e7a do PSOL na C\u00e2mara - PSOL 50","robots":{"index":"index","follow":"follow","max-snippet":"max-snippet:-1","max-image-preview":"max-image-preview:large","max-video-preview":"max-video-preview:-1"},"canonical":"https:\/\/psol50.org.br\/ivan-valente-assume-a-lideranca-do-psol-na-camara\/","og_locale":"pt_BR","og_type":"article","og_title":"Ivan Valente assume a lideran\u00e7a do PSOL na C\u00e2mara - PSOL 50","og_description":"O deputado Ivan Valente assume a lideran\u00e7a do PSOL na C\u00e2mara dos Deputados at\u00e9 dezembro deste ano em substitui\u00e7\u00e3o ao deputado Chico Alencar, que se recupera de uma cirurgia. Em discurso no plen\u00e1rio Ivan Valente destacou o julgamento do mensal\u00e3o no Supremo Tribunal Federal (STF), que considerou que houve compra de votos para aprova\u00e7\u00e3o de [&hellip;]","og_url":"https:\/\/psol50.org.br\/ivan-valente-assume-a-lideranca-do-psol-na-camara\/","og_site_name":"PSOL 50","article_publisher":"https:\/\/www.facebook.com\/psol50","article_published_time":"2012-10-10T00:00:00+00:00","og_image":[{"width":1350,"height":900,"url":"https:\/\/psol50.org.br\/inc\/uploads\/2018\/07\/capa.png","type":"image\/png"}],"author":"Comunica\u00e7\u00e3o PSOL","twitter_card":"summary_large_image","twitter_creator":"@psol50","twitter_site":"@psol50","twitter_misc":{"Escrito por":"Comunica\u00e7\u00e3o PSOL","Est. tempo de leitura":"5 minutos"},"schema":{"@context":"https:\/\/schema.org","@graph":[{"@type":"Article","@id":"https:\/\/psol50.org.br\/ivan-valente-assume-a-lideranca-do-psol-na-camara\/#article","isPartOf":{"@id":"https:\/\/psol50.org.br\/ivan-valente-assume-a-lideranca-do-psol-na-camara\/"},"author":{"name":"Comunica\u00e7\u00e3o PSOL","@id":"https:\/\/psol50.org.br\/#\/schema\/person\/475dfa57d0b815993c714c2e96491fcd"},"headline":"Ivan Valente assume a lideran\u00e7a do PSOL na C\u00e2mara","datePublished":"2012-10-10T00:00:00+00:00","mainEntityOfPage":{"@id":"https:\/\/psol50.org.br\/ivan-valente-assume-a-lideranca-do-psol-na-camara\/"},"wordCount":1089,"commentCount":0,"publisher":{"@id":"https:\/\/psol50.org.br\/#organization"},"keywords":["PSOL"],"articleSection":["A\u00e7\u00e3o Parlamentar","Arquivo"],"inLanguage":"pt-BR","potentialAction":[{"@type":"CommentAction","name":"Comment","target":["https:\/\/psol50.org.br\/ivan-valente-assume-a-lideranca-do-psol-na-camara\/#respond"]}]},{"@type":"WebPage","@id":"https:\/\/psol50.org.br\/ivan-valente-assume-a-lideranca-do-psol-na-camara\/","url":"https:\/\/psol50.org.br\/ivan-valente-assume-a-lideranca-do-psol-na-camara\/","name":"Ivan Valente assume a lideran\u00e7a do PSOL na C\u00e2mara - PSOL 50","isPartOf":{"@id":"https:\/\/psol50.org.br\/#website"},"datePublished":"2012-10-10T00:00:00+00:00","breadcrumb":{"@id":"https:\/\/psol50.org.br\/ivan-valente-assume-a-lideranca-do-psol-na-camara\/#breadcrumb"},"inLanguage":"pt-BR","potentialAction":[{"@type":"ReadAction","target":["https:\/\/psol50.org.br\/ivan-valente-assume-a-lideranca-do-psol-na-camara\/"]}]},{"@type":"BreadcrumbList","@id":"https:\/\/psol50.org.br\/ivan-valente-assume-a-lideranca-do-psol-na-camara\/#breadcrumb","itemListElement":[{"@type":"ListItem","position":1,"name":"In\u00edcio","item":"https:\/\/psol50.org.br\/"},{"@type":"ListItem","position":2,"name":"Ivan Valente assume a lideran\u00e7a do PSOL na C\u00e2mara"}]},{"@type":"WebSite","@id":"https:\/\/psol50.org.br\/#website","url":"https:\/\/psol50.org.br\/","name":"PSOL 50","description":"Site oficial do Partido Socialismo e Liberdade","publisher":{"@id":"https:\/\/psol50.org.br\/#organization"},"alternateName":"PSOL50","potentialAction":[{"@type":"SearchAction","target":{"@type":"EntryPoint","urlTemplate":"https:\/\/psol50.org.br\/?s={search_term_string}"},"query-input":{"@type":"PropertyValueSpecification","valueRequired":true,"valueName":"search_term_string"}}],"inLanguage":"pt-BR"},{"@type":"Organization","@id":"https:\/\/psol50.org.br\/#organization","name":"PSOL 50","alternateName":"PSOL 50","url":"https:\/\/psol50.org.br\/","logo":{"@type":"ImageObject","inLanguage":"pt-BR","@id":"https:\/\/psol50.org.br\/#\/schema\/logo\/image\/","url":"https:\/\/psol50.org.br\/inc\/uploads\/2018\/07\/capa.png","contentUrl":"https:\/\/psol50.org.br\/inc\/uploads\/2018\/07\/capa.png","width":1350,"height":900,"caption":"PSOL 50"},"image":{"@id":"https:\/\/psol50.org.br\/#\/schema\/logo\/image\/"},"sameAs":["https:\/\/www.facebook.com\/psol50","https:\/\/x.com\/psol50","https:\/\/www.instagram.com\/psol50\/","https:\/\/www.youtube.com\/channel\/UC7SnJS5o1os7a6CaiNabzcg"]},{"@type":"Person","@id":"https:\/\/psol50.org.br\/#\/schema\/person\/475dfa57d0b815993c714c2e96491fcd","name":"Comunica\u00e7\u00e3o PSOL","image":{"@type":"ImageObject","inLanguage":"pt-BR","@id":"https:\/\/psol50.org.br\/#\/schema\/person\/image\/","url":"https:\/\/secure.gravatar.com\/avatar\/b34fc4f4e468a4e51785917065a3db57b841f5c95dba6ad8c73aaf8f66f8f9bf?s=96&d=mm&r=g","contentUrl":"https:\/\/secure.gravatar.com\/avatar\/b34fc4f4e468a4e51785917065a3db57b841f5c95dba6ad8c73aaf8f66f8f9bf?s=96&d=mm&r=g","caption":"Comunica\u00e7\u00e3o PSOL"}}]}},"_links":{"self":[{"href":"https:\/\/psol50.org.br\/rest\/wp\/v2\/posts\/7615","targetHints":{"allow":["GET"]}}],"collection":[{"href":"https:\/\/psol50.org.br\/rest\/wp\/v2\/posts"}],"about":[{"href":"https:\/\/psol50.org.br\/rest\/wp\/v2\/types\/post"}],"author":[{"embeddable":true,"href":"https:\/\/psol50.org.br\/rest\/wp\/v2\/users\/2"}],"replies":[{"embeddable":true,"href":"https:\/\/psol50.org.br\/rest\/wp\/v2\/comments?post=7615"}],"version-history":[{"count":0,"href":"https:\/\/psol50.org.br\/rest\/wp\/v2\/posts\/7615\/revisions"}],"wp:attachment":[{"href":"https:\/\/psol50.org.br\/rest\/wp\/v2\/media?parent=7615"}],"wp:term":[{"taxonomy":"category","embeddable":true,"href":"https:\/\/psol50.org.br\/rest\/wp\/v2\/categories?post=7615"},{"taxonomy":"post_tag","embeddable":true,"href":"https:\/\/psol50.org.br\/rest\/wp\/v2\/tags?post=7615"}],"curies":[{"name":"wp","href":"https:\/\/api.w.org\/{rel}","templated":true}]}}