{"id":7623,"date":"2012-11-18T00:00:00","date_gmt":"2012-11-18T00:00:00","guid":{"rendered":"http:\/\/psol50.org.br\/arquivo\/2012\/11\/18\/premio-congresso-em-foco-parlamentares-do-psol-se-destacam\/"},"modified":"2012-11-18T00:00:00","modified_gmt":"2012-11-18T00:00:00","slug":"premio-congresso-em-foco-parlamentares-do-psol-se-destacam","status":"publish","type":"post","link":"https:\/\/psol50.org.br\/premio-congresso-em-foco-parlamentares-do-psol-se-destacam\/","title":{"rendered":"Pr\u00eamio Congresso em Foco: parlamentares do PSOL se destacam"},"content":{"rendered":"<p>Os parlamentares do PSOL se destacaram mais uma vez no Pr\u00eamio Congresso em Foco 2012, que foi entregue na noite da \u00faltima quinta-feira (08\/11), em Bras\u00edlia. Nesta s\u00e9tima edi\u00e7\u00e3o do pr\u00eamio, os deputados Ivan Valente, Chico Alencar e Jean Wyllys e o senador Randolfe Rodrigues foram escolhidos entre os que melhor representaram os interesses da popula\u00e7\u00e3o. A escolha oi feita por jornalistas que cobrem o Congresso Nacional e pelos internautas.<\/p>\n<p>O deputado Jean Wyllys foi escolhido pelos internautas como melhor deputado em 2012. Chico Alencar e Ivan Valente ficaram respectivamente na segunda e na quarta coloca\u00e7\u00e3o. A terceira colocada foi a deputada Luiza Erundina, de S\u00e3o Paulo. Chico Alencar n\u00e3o pode comparecer \u00e0 cerim\u00f4nia por estar em recupera\u00e7\u00e3o de cirurgia card\u00edaca e foi representado pelo deputado Ivan Valente, que leu uma mensagem de agradecimento.<\/p>\n<p>J\u00e1 o senador Randolfe Rodrigues foi escolhido como o parlamentar do futuro. Ele \u00e9 o mais jovem senador do pa\u00eds, eleito pelo estado do Amap\u00e1. Ranfolfe tamb\u00e9m recebeu os pr\u00eamios de destaque como defensor da seguran\u00e7a jur\u00eddica e na luta contra o crime organizado, apoiada pela Associa\u00e7\u00e3o Nacional dos Delegados da Pol\u00edcia Federal (ADPF).<\/p>\n<p>Ao todo, 51 parlamentares foram premiados na cerim\u00f4nia desta quinta-feira. Conforme a vota\u00e7\u00e3o da internet, eles receberam trof\u00e9us, placas e certificados, atestando o bom desempenho parlamentar, na avalia\u00e7\u00e3o dos jornalistas e do p\u00fablico. Um dos destaques da noite foi a canja dada pelo senador Eduardo Suplicy (PT\/SP) e pelo deputado Tiririca (PR\/SP), que cantaram juntos num inesperado dueto durante o show musical de encerramento da premia\u00e7\u00e3o.<\/p>\n<p><strong>Veja a ordem de classifica\u00e7\u00e3o dos deputados, de acordo com a vota\u00e7\u00e3o na internet:<\/strong><\/p>\n<p>Jean Wyllys<br \/>\nChico Alencar<br \/>\nLuiza Erundina<br \/>\nIvan Valente<br \/>\nManuela D\u2019\u00c1vila<br \/>\nTiririca<br \/>\nBenedita da Silva<br \/>\nVicentinho<br \/>\nAlessandro Molon<br \/>\nJandira Feghali<br \/>\nPaulo Teixeira<br \/>\nMiro Teixeira<br \/>\nDr. Rosinha<br \/>\nAntonio Carlos Magalh\u00e3es Neto<br \/>\nReguffe<br \/>\nLuiz Couto<br \/>\nHenrique Fontana<br \/>\nDomingos Dutra<br \/>\nAlfredo Sirkis<br \/>\nRonaldo Caiado<br \/>\nMara Gabrilli<br \/>\nCarlos Sampaio<br \/>\nAntonio Carlos Mendes Thame<br \/>\nBruno Ara\u00fajo<br \/>\nRebecca Garcia<\/p>\n<p><strong>Categoria Internet:<\/strong><br \/>\nArnaldo Faria de S\u00e1<\/p>\n","protected":false},"excerpt":{"rendered":"<p>Os parlamentares do PSOL se destacaram mais uma vez no Pr\u00eamio Congresso em Foco 2012, que foi entregue na noite da \u00faltima quinta-feira (08\/11), em Bras\u00edlia. Nesta s\u00e9tima edi\u00e7\u00e3o do pr\u00eamio, os deputados Ivan Valente, Chico Alencar e Jean Wyllys e o senador Randolfe Rodrigues foram escolhidos entre os que melhor representaram os interesses da [&hellip;]<\/p>\n","protected":false},"author":2,"featured_media":0,"comment_status":"open","ping_status":"open","sticky":false,"template":"","format":"standard","meta":{"_acf_changed":false,"footnotes":""},"categories":[4766],"tags":[22],"class_list":{"0":"post-7623","1":"post","2":"type-post","3":"status-publish","4":"format-standard","6":"category-arquivo","7":"tag-psol"},"acf":[],"yoast_head":"<!-- This site is optimized with the Yoast SEO plugin v26.5 - https:\/\/yoast.com\/wordpress\/plugins\/seo\/ -->\n<title>Pr\u00eamio Congresso em Foco: parlamentares do PSOL se destacam - PSOL 50<\/title>\n<meta name=\"robots\" content=\"index, follow, max-snippet:-1, max-image-preview:large, max-video-preview:-1\" \/>\n<link rel=\"canonical\" href=\"https:\/\/psol50.org.br\/premio-congresso-em-foco-parlamentares-do-psol-se-destacam\/\" \/>\n<meta property=\"og:locale\" content=\"pt_BR\" \/>\n<meta property=\"og:type\" content=\"article\" \/>\n<meta property=\"og:title\" content=\"Pr\u00eamio Congresso em Foco: parlamentares do PSOL se destacam - PSOL 50\" \/>\n<meta property=\"og:description\" content=\"Os parlamentares do PSOL se destacaram mais uma vez no Pr\u00eamio Congresso em Foco 2012, que foi entregue na noite da \u00faltima quinta-feira (08\/11), em Bras\u00edlia. Nesta s\u00e9tima edi\u00e7\u00e3o do pr\u00eamio, os deputados Ivan Valente, Chico Alencar e Jean Wyllys e o senador Randolfe Rodrigues foram escolhidos entre os que melhor representaram os interesses da [&hellip;]\" \/>\n<meta property=\"og:url\" content=\"https:\/\/psol50.org.br\/premio-congresso-em-foco-parlamentares-do-psol-se-destacam\/\" \/>\n<meta property=\"og:site_name\" content=\"PSOL 50\" \/>\n<meta property=\"article:publisher\" content=\"https:\/\/www.facebook.com\/psol50\" \/>\n<meta property=\"article:published_time\" content=\"2012-11-18T00:00:00+00:00\" \/>\n<meta property=\"og:image\" content=\"https:\/\/psol50.org.br\/inc\/uploads\/2018\/07\/capa.png\" \/>\n\t<meta property=\"og:image:width\" content=\"1350\" \/>\n\t<meta property=\"og:image:height\" content=\"900\" \/>\n\t<meta property=\"og:image:type\" content=\"image\/png\" \/>\n<meta name=\"author\" content=\"Comunica\u00e7\u00e3o PSOL\" \/>\n<meta name=\"twitter:card\" content=\"summary_large_image\" \/>\n<meta name=\"twitter:creator\" content=\"@psol50\" \/>\n<meta name=\"twitter:site\" content=\"@psol50\" \/>\n<meta name=\"twitter:label1\" content=\"Escrito por\" \/>\n\t<meta name=\"twitter:data1\" content=\"Comunica\u00e7\u00e3o PSOL\" \/>\n\t<meta name=\"twitter:label2\" content=\"Est. tempo de leitura\" \/>\n\t<meta name=\"twitter:data2\" content=\"2 minutos\" \/>\n<script type=\"application\/ld+json\" class=\"yoast-schema-graph\">{\"@context\":\"https:\/\/schema.org\",\"@graph\":[{\"@type\":\"Article\",\"@id\":\"https:\/\/psol50.org.br\/premio-congresso-em-foco-parlamentares-do-psol-se-destacam\/#article\",\"isPartOf\":{\"@id\":\"https:\/\/psol50.org.br\/premio-congresso-em-foco-parlamentares-do-psol-se-destacam\/\"},\"author\":{\"name\":\"Comunica\u00e7\u00e3o PSOL\",\"@id\":\"https:\/\/psol50.org.br\/#\/schema\/person\/475dfa57d0b815993c714c2e96491fcd\"},\"headline\":\"Pr\u00eamio Congresso em Foco: parlamentares do PSOL se destacam\",\"datePublished\":\"2012-11-18T00:00:00+00:00\",\"mainEntityOfPage\":{\"@id\":\"https:\/\/psol50.org.br\/premio-congresso-em-foco-parlamentares-do-psol-se-destacam\/\"},\"wordCount\":362,\"commentCount\":0,\"publisher\":{\"@id\":\"https:\/\/psol50.org.br\/#organization\"},\"keywords\":[\"PSOL\"],\"articleSection\":[\"Arquivo\"],\"inLanguage\":\"pt-BR\",\"potentialAction\":[{\"@type\":\"CommentAction\",\"name\":\"Comment\",\"target\":[\"https:\/\/psol50.org.br\/premio-congresso-em-foco-parlamentares-do-psol-se-destacam\/#respond\"]}]},{\"@type\":\"WebPage\",\"@id\":\"https:\/\/psol50.org.br\/premio-congresso-em-foco-parlamentares-do-psol-se-destacam\/\",\"url\":\"https:\/\/psol50.org.br\/premio-congresso-em-foco-parlamentares-do-psol-se-destacam\/\",\"name\":\"Pr\u00eamio Congresso em Foco: parlamentares do PSOL se destacam - PSOL 50\",\"isPartOf\":{\"@id\":\"https:\/\/psol50.org.br\/#website\"},\"datePublished\":\"2012-11-18T00:00:00+00:00\",\"breadcrumb\":{\"@id\":\"https:\/\/psol50.org.br\/premio-congresso-em-foco-parlamentares-do-psol-se-destacam\/#breadcrumb\"},\"inLanguage\":\"pt-BR\",\"potentialAction\":[{\"@type\":\"ReadAction\",\"target\":[\"https:\/\/psol50.org.br\/premio-congresso-em-foco-parlamentares-do-psol-se-destacam\/\"]}]},{\"@type\":\"BreadcrumbList\",\"@id\":\"https:\/\/psol50.org.br\/premio-congresso-em-foco-parlamentares-do-psol-se-destacam\/#breadcrumb\",\"itemListElement\":[{\"@type\":\"ListItem\",\"position\":1,\"name\":\"In\u00edcio\",\"item\":\"https:\/\/psol50.org.br\/\"},{\"@type\":\"ListItem\",\"position\":2,\"name\":\"Pr\u00eamio Congresso em Foco: parlamentares do PSOL se destacam\"}]},{\"@type\":\"WebSite\",\"@id\":\"https:\/\/psol50.org.br\/#website\",\"url\":\"https:\/\/psol50.org.br\/\",\"name\":\"PSOL 50\",\"description\":\"Site oficial do Partido Socialismo e Liberdade\",\"publisher\":{\"@id\":\"https:\/\/psol50.org.br\/#organization\"},\"alternateName\":\"PSOL50\",\"potentialAction\":[{\"@type\":\"SearchAction\",\"target\":{\"@type\":\"EntryPoint\",\"urlTemplate\":\"https:\/\/psol50.org.br\/?s={search_term_string}\"},\"query-input\":{\"@type\":\"PropertyValueSpecification\",\"valueRequired\":true,\"valueName\":\"search_term_string\"}}],\"inLanguage\":\"pt-BR\"},{\"@type\":\"Organization\",\"@id\":\"https:\/\/psol50.org.br\/#organization\",\"name\":\"PSOL 50\",\"alternateName\":\"PSOL 50\",\"url\":\"https:\/\/psol50.org.br\/\",\"logo\":{\"@type\":\"ImageObject\",\"inLanguage\":\"pt-BR\",\"@id\":\"https:\/\/psol50.org.br\/#\/schema\/logo\/image\/\",\"url\":\"https:\/\/psol50.org.br\/inc\/uploads\/2018\/07\/capa.png\",\"contentUrl\":\"https:\/\/psol50.org.br\/inc\/uploads\/2018\/07\/capa.png\",\"width\":1350,\"height\":900,\"caption\":\"PSOL 50\"},\"image\":{\"@id\":\"https:\/\/psol50.org.br\/#\/schema\/logo\/image\/\"},\"sameAs\":[\"https:\/\/www.facebook.com\/psol50\",\"https:\/\/x.com\/psol50\",\"https:\/\/www.instagram.com\/psol50\/\",\"https:\/\/www.youtube.com\/channel\/UC7SnJS5o1os7a6CaiNabzcg\"]},{\"@type\":\"Person\",\"@id\":\"https:\/\/psol50.org.br\/#\/schema\/person\/475dfa57d0b815993c714c2e96491fcd\",\"name\":\"Comunica\u00e7\u00e3o PSOL\",\"image\":{\"@type\":\"ImageObject\",\"inLanguage\":\"pt-BR\",\"@id\":\"https:\/\/psol50.org.br\/#\/schema\/person\/image\/\",\"url\":\"https:\/\/secure.gravatar.com\/avatar\/b34fc4f4e468a4e51785917065a3db57b841f5c95dba6ad8c73aaf8f66f8f9bf?s=96&d=mm&r=g\",\"contentUrl\":\"https:\/\/secure.gravatar.com\/avatar\/b34fc4f4e468a4e51785917065a3db57b841f5c95dba6ad8c73aaf8f66f8f9bf?s=96&d=mm&r=g\",\"caption\":\"Comunica\u00e7\u00e3o PSOL\"}}]}<\/script>\n<!-- \/ Yoast SEO plugin. -->","yoast_head_json":{"title":"Pr\u00eamio Congresso em Foco: parlamentares do PSOL se destacam - PSOL 50","robots":{"index":"index","follow":"follow","max-snippet":"max-snippet:-1","max-image-preview":"max-image-preview:large","max-video-preview":"max-video-preview:-1"},"canonical":"https:\/\/psol50.org.br\/premio-congresso-em-foco-parlamentares-do-psol-se-destacam\/","og_locale":"pt_BR","og_type":"article","og_title":"Pr\u00eamio Congresso em Foco: parlamentares do PSOL se destacam - PSOL 50","og_description":"Os parlamentares do PSOL se destacaram mais uma vez no Pr\u00eamio Congresso em Foco 2012, que foi entregue na noite da \u00faltima quinta-feira (08\/11), em Bras\u00edlia. Nesta s\u00e9tima edi\u00e7\u00e3o do pr\u00eamio, os deputados Ivan Valente, Chico Alencar e Jean Wyllys e o senador Randolfe Rodrigues foram escolhidos entre os que melhor representaram os interesses da [&hellip;]","og_url":"https:\/\/psol50.org.br\/premio-congresso-em-foco-parlamentares-do-psol-se-destacam\/","og_site_name":"PSOL 50","article_publisher":"https:\/\/www.facebook.com\/psol50","article_published_time":"2012-11-18T00:00:00+00:00","og_image":[{"width":1350,"height":900,"url":"https:\/\/psol50.org.br\/inc\/uploads\/2018\/07\/capa.png","type":"image\/png"}],"author":"Comunica\u00e7\u00e3o PSOL","twitter_card":"summary_large_image","twitter_creator":"@psol50","twitter_site":"@psol50","twitter_misc":{"Escrito por":"Comunica\u00e7\u00e3o PSOL","Est. tempo de leitura":"2 minutos"},"schema":{"@context":"https:\/\/schema.org","@graph":[{"@type":"Article","@id":"https:\/\/psol50.org.br\/premio-congresso-em-foco-parlamentares-do-psol-se-destacam\/#article","isPartOf":{"@id":"https:\/\/psol50.org.br\/premio-congresso-em-foco-parlamentares-do-psol-se-destacam\/"},"author":{"name":"Comunica\u00e7\u00e3o PSOL","@id":"https:\/\/psol50.org.br\/#\/schema\/person\/475dfa57d0b815993c714c2e96491fcd"},"headline":"Pr\u00eamio Congresso em Foco: parlamentares do PSOL se destacam","datePublished":"2012-11-18T00:00:00+00:00","mainEntityOfPage":{"@id":"https:\/\/psol50.org.br\/premio-congresso-em-foco-parlamentares-do-psol-se-destacam\/"},"wordCount":362,"commentCount":0,"publisher":{"@id":"https:\/\/psol50.org.br\/#organization"},"keywords":["PSOL"],"articleSection":["Arquivo"],"inLanguage":"pt-BR","potentialAction":[{"@type":"CommentAction","name":"Comment","target":["https:\/\/psol50.org.br\/premio-congresso-em-foco-parlamentares-do-psol-se-destacam\/#respond"]}]},{"@type":"WebPage","@id":"https:\/\/psol50.org.br\/premio-congresso-em-foco-parlamentares-do-psol-se-destacam\/","url":"https:\/\/psol50.org.br\/premio-congresso-em-foco-parlamentares-do-psol-se-destacam\/","name":"Pr\u00eamio Congresso em Foco: parlamentares do PSOL se destacam - PSOL 50","isPartOf":{"@id":"https:\/\/psol50.org.br\/#website"},"datePublished":"2012-11-18T00:00:00+00:00","breadcrumb":{"@id":"https:\/\/psol50.org.br\/premio-congresso-em-foco-parlamentares-do-psol-se-destacam\/#breadcrumb"},"inLanguage":"pt-BR","potentialAction":[{"@type":"ReadAction","target":["https:\/\/psol50.org.br\/premio-congresso-em-foco-parlamentares-do-psol-se-destacam\/"]}]},{"@type":"BreadcrumbList","@id":"https:\/\/psol50.org.br\/premio-congresso-em-foco-parlamentares-do-psol-se-destacam\/#breadcrumb","itemListElement":[{"@type":"ListItem","position":1,"name":"In\u00edcio","item":"https:\/\/psol50.org.br\/"},{"@type":"ListItem","position":2,"name":"Pr\u00eamio Congresso em Foco: parlamentares do PSOL se destacam"}]},{"@type":"WebSite","@id":"https:\/\/psol50.org.br\/#website","url":"https:\/\/psol50.org.br\/","name":"PSOL 50","description":"Site oficial do Partido Socialismo e Liberdade","publisher":{"@id":"https:\/\/psol50.org.br\/#organization"},"alternateName":"PSOL50","potentialAction":[{"@type":"SearchAction","target":{"@type":"EntryPoint","urlTemplate":"https:\/\/psol50.org.br\/?s={search_term_string}"},"query-input":{"@type":"PropertyValueSpecification","valueRequired":true,"valueName":"search_term_string"}}],"inLanguage":"pt-BR"},{"@type":"Organization","@id":"https:\/\/psol50.org.br\/#organization","name":"PSOL 50","alternateName":"PSOL 50","url":"https:\/\/psol50.org.br\/","logo":{"@type":"ImageObject","inLanguage":"pt-BR","@id":"https:\/\/psol50.org.br\/#\/schema\/logo\/image\/","url":"https:\/\/psol50.org.br\/inc\/uploads\/2018\/07\/capa.png","contentUrl":"https:\/\/psol50.org.br\/inc\/uploads\/2018\/07\/capa.png","width":1350,"height":900,"caption":"PSOL 50"},"image":{"@id":"https:\/\/psol50.org.br\/#\/schema\/logo\/image\/"},"sameAs":["https:\/\/www.facebook.com\/psol50","https:\/\/x.com\/psol50","https:\/\/www.instagram.com\/psol50\/","https:\/\/www.youtube.com\/channel\/UC7SnJS5o1os7a6CaiNabzcg"]},{"@type":"Person","@id":"https:\/\/psol50.org.br\/#\/schema\/person\/475dfa57d0b815993c714c2e96491fcd","name":"Comunica\u00e7\u00e3o PSOL","image":{"@type":"ImageObject","inLanguage":"pt-BR","@id":"https:\/\/psol50.org.br\/#\/schema\/person\/image\/","url":"https:\/\/secure.gravatar.com\/avatar\/b34fc4f4e468a4e51785917065a3db57b841f5c95dba6ad8c73aaf8f66f8f9bf?s=96&d=mm&r=g","contentUrl":"https:\/\/secure.gravatar.com\/avatar\/b34fc4f4e468a4e51785917065a3db57b841f5c95dba6ad8c73aaf8f66f8f9bf?s=96&d=mm&r=g","caption":"Comunica\u00e7\u00e3o PSOL"}}]}},"_links":{"self":[{"href":"https:\/\/psol50.org.br\/rest\/wp\/v2\/posts\/7623","targetHints":{"allow":["GET"]}}],"collection":[{"href":"https:\/\/psol50.org.br\/rest\/wp\/v2\/posts"}],"about":[{"href":"https:\/\/psol50.org.br\/rest\/wp\/v2\/types\/post"}],"author":[{"embeddable":true,"href":"https:\/\/psol50.org.br\/rest\/wp\/v2\/users\/2"}],"replies":[{"embeddable":true,"href":"https:\/\/psol50.org.br\/rest\/wp\/v2\/comments?post=7623"}],"version-history":[{"count":0,"href":"https:\/\/psol50.org.br\/rest\/wp\/v2\/posts\/7623\/revisions"}],"wp:attachment":[{"href":"https:\/\/psol50.org.br\/rest\/wp\/v2\/media?parent=7623"}],"wp:term":[{"taxonomy":"category","embeddable":true,"href":"https:\/\/psol50.org.br\/rest\/wp\/v2\/categories?post=7623"},{"taxonomy":"post_tag","embeddable":true,"href":"https:\/\/psol50.org.br\/rest\/wp\/v2\/tags?post=7623"}],"curies":[{"name":"wp","href":"https:\/\/api.w.org\/{rel}","templated":true}]}}