{"id":7631,"date":"2013-01-15T00:00:00","date_gmt":"2013-01-15T00:00:00","guid":{"rendered":"http:\/\/psol50.org.br\/arquivo\/2013\/01\/15\/randolfe-confirma-candidatura-a-presidencia-do-senado\/"},"modified":"2013-01-15T00:00:00","modified_gmt":"2013-01-15T00:00:00","slug":"randolfe-confirma-candidatura-a-presidencia-do-senado","status":"publish","type":"post","link":"https:\/\/psol50.org.br\/randolfe-confirma-candidatura-a-presidencia-do-senado\/","title":{"rendered":"Randolfe confirma candidatura \u00e0 presid\u00eancia do Senado"},"content":{"rendered":"<p><a href=\"http:\/\/psol50.org.br\/blog\/2012\/09\/04\/harry-potter-do-senado-o-voldemort-do-brasil-e-o-cavendish\/randolfe_senado\/\" rel=\"attachment wp-att-16147\"><img loading=\"lazy\" decoding=\"async\" alt=\"\" class=\"alignleft  wp-image-16147\" height=\"253\" src=\"http:\/\/psol50.org.br\/files\/2012\/09\/Randolfe_Senado.jpg\" width=\"366\" \/><\/a>Senador do PSOL disputar\u00e1 presid\u00eancia com Renan Calheiros (PMDB-AL). Iara Lemos Do G1, em Bras\u00edlia O l\u00edder do PSOL no Senado, Randolfe Rodrigues (AP), come\u00e7ou nesta ter\u00e7a-feira (15) sua campanha pela presid\u00eancia do Senado. Randolfe disputar\u00e1 o cargo com o l\u00edder do PMDB na Casa, Renan Calheiros (AL), que tem o apoio da bancada governista. A elei\u00e7\u00e3o da presid\u00eancia do Senado est\u00e1 marcada para o dia 1\u00ba de fevereiro. \u201cComecei hoje [ter\u00e7a-feira] a apresentar minha candidatura. Estou telefonando para todos os senadores para mostrar meu plano de trabalho. O que n\u00e3o pode \u00e9 o Renan ficar sem opositor\u201d, disse o senador. Randolfe lan\u00e7ou a candidatura com o apoio de um grupo de senadores independentes. Ainda nesta ter\u00e7a, Randolfe e o senador Cristovam Buarque (PDT-DF) come\u00e7am a distribuir um manifesto aos demais parlamentares em que pedem compromissos a serem cumpridos pelo novo presidente da Casa. Entre eles est\u00e1 a cria\u00e7\u00e3o de um comit\u00ea de acompanhamento e controle de gest\u00e3o, para que os parlamentares possam acompanhar as decis\u00f5es tomadas pela Mesa Diretora da Casa. \u201cFiz essa manifesto com o senador Cristovam. Queremos que o novo presidente tenha compromissos com a transpar\u00eancia\u201d, disse Randolfe. Renan Calheiros \u00e9 o nome mais cotado para presidir a Casa, no lugar do atual presidente, Jos\u00e9 Sarney (PMDB-AL). Os apoiadores do peemedebista calculam que tenham mais de 60 votos garantidos. Calheiros renunciou ao cargo de presidente da Casa em novembro de 2007, acuado por den\u00fancias de que uma grande construtora pagaria a pens\u00e3o de uma filha. Nas negocia\u00e7\u00f5es para voltar ao comando da Casa, ele tenta obter apoio das bancadas aliadas ao governo, que costuram h\u00e1 meses acordos em troca dos votos. Fonte: <a href=\"http:\/\/g1.globo.com\/politica\/noticia\/2013\/01\/randolfe-confirma-disputa-pela-presidencia-do-senado.html\">G1<\/a><\/p>\n","protected":false},"excerpt":{"rendered":"<p>Senador do PSOL disputar\u00e1 presid\u00eancia com Renan Calheiros (PMDB-AL). Iara Lemos Do G1, em Bras\u00edlia O l\u00edder do PSOL no Senado, Randolfe Rodrigues (AP), come\u00e7ou nesta ter\u00e7a-feira (15) sua campanha pela presid\u00eancia do Senado. Randolfe disputar\u00e1 o cargo com o l\u00edder do PMDB na Casa, Renan Calheiros (AL), que tem o apoio da bancada governista. <\/p>\n","protected":false},"author":2,"featured_media":0,"comment_status":"open","ping_status":"open","sticky":false,"template":"","format":"standard","meta":{"_acf_changed":false,"footnotes":""},"categories":[4766],"tags":[],"class_list":{"0":"post-7631","1":"post","2":"type-post","3":"status-publish","4":"format-standard","6":"category-arquivo"},"acf":[],"yoast_head":"<!-- This site is optimized with the Yoast SEO plugin v26.5 - https:\/\/yoast.com\/wordpress\/plugins\/seo\/ -->\n<title>Randolfe confirma candidatura \u00e0 presid\u00eancia do Senado - PSOL 50<\/title>\n<meta name=\"robots\" content=\"index, follow, max-snippet:-1, max-image-preview:large, max-video-preview:-1\" \/>\n<link rel=\"canonical\" href=\"https:\/\/psol50.org.br\/randolfe-confirma-candidatura-a-presidencia-do-senado\/\" \/>\n<meta property=\"og:locale\" content=\"pt_BR\" \/>\n<meta property=\"og:type\" content=\"article\" \/>\n<meta property=\"og:title\" content=\"Randolfe confirma candidatura \u00e0 presid\u00eancia do Senado - PSOL 50\" \/>\n<meta property=\"og:description\" content=\"Senador do PSOL disputar\u00e1 presid\u00eancia com Renan Calheiros (PMDB-AL). Iara Lemos Do G1, em Bras\u00edlia O l\u00edder do PSOL no Senado, Randolfe Rodrigues (AP), come\u00e7ou nesta ter\u00e7a-feira (15) sua campanha pela presid\u00eancia do Senado. Randolfe disputar\u00e1 o cargo com o l\u00edder do PMDB na Casa, Renan Calheiros (AL), que tem o apoio da bancada governista.\" \/>\n<meta property=\"og:url\" content=\"https:\/\/psol50.org.br\/randolfe-confirma-candidatura-a-presidencia-do-senado\/\" \/>\n<meta property=\"og:site_name\" content=\"PSOL 50\" \/>\n<meta property=\"article:publisher\" content=\"https:\/\/www.facebook.com\/psol50\" \/>\n<meta property=\"article:published_time\" content=\"2013-01-15T00:00:00+00:00\" \/>\n<meta property=\"og:image\" content=\"http:\/\/psol50.org.br\/files\/2012\/09\/Randolfe_Senado.jpg\" \/>\n<meta name=\"author\" content=\"Comunica\u00e7\u00e3o PSOL\" \/>\n<meta name=\"twitter:card\" content=\"summary_large_image\" \/>\n<meta name=\"twitter:creator\" content=\"@psol50\" \/>\n<meta name=\"twitter:site\" content=\"@psol50\" \/>\n<meta name=\"twitter:label1\" content=\"Escrito por\" \/>\n\t<meta name=\"twitter:data1\" content=\"Comunica\u00e7\u00e3o PSOL\" \/>\n\t<meta name=\"twitter:label2\" content=\"Est. tempo de leitura\" \/>\n\t<meta name=\"twitter:data2\" content=\"1 minuto\" \/>\n<script type=\"application\/ld+json\" class=\"yoast-schema-graph\">{\"@context\":\"https:\/\/schema.org\",\"@graph\":[{\"@type\":\"Article\",\"@id\":\"https:\/\/psol50.org.br\/randolfe-confirma-candidatura-a-presidencia-do-senado\/#article\",\"isPartOf\":{\"@id\":\"https:\/\/psol50.org.br\/randolfe-confirma-candidatura-a-presidencia-do-senado\/\"},\"author\":{\"name\":\"Comunica\u00e7\u00e3o PSOL\",\"@id\":\"https:\/\/psol50.org.br\/#\/schema\/person\/475dfa57d0b815993c714c2e96491fcd\"},\"headline\":\"Randolfe confirma candidatura \u00e0 presid\u00eancia do Senado\",\"datePublished\":\"2013-01-15T00:00:00+00:00\",\"mainEntityOfPage\":{\"@id\":\"https:\/\/psol50.org.br\/randolfe-confirma-candidatura-a-presidencia-do-senado\/\"},\"wordCount\":298,\"commentCount\":0,\"publisher\":{\"@id\":\"https:\/\/psol50.org.br\/#organization\"},\"image\":{\"@id\":\"https:\/\/psol50.org.br\/randolfe-confirma-candidatura-a-presidencia-do-senado\/#primaryimage\"},\"thumbnailUrl\":\"http:\/\/psol50.org.br\/files\/2012\/09\/Randolfe_Senado.jpg\",\"articleSection\":[\"Arquivo\"],\"inLanguage\":\"pt-BR\",\"potentialAction\":[{\"@type\":\"CommentAction\",\"name\":\"Comment\",\"target\":[\"https:\/\/psol50.org.br\/randolfe-confirma-candidatura-a-presidencia-do-senado\/#respond\"]}]},{\"@type\":\"WebPage\",\"@id\":\"https:\/\/psol50.org.br\/randolfe-confirma-candidatura-a-presidencia-do-senado\/\",\"url\":\"https:\/\/psol50.org.br\/randolfe-confirma-candidatura-a-presidencia-do-senado\/\",\"name\":\"Randolfe confirma candidatura \u00e0 presid\u00eancia do Senado - PSOL 50\",\"isPartOf\":{\"@id\":\"https:\/\/psol50.org.br\/#website\"},\"primaryImageOfPage\":{\"@id\":\"https:\/\/psol50.org.br\/randolfe-confirma-candidatura-a-presidencia-do-senado\/#primaryimage\"},\"image\":{\"@id\":\"https:\/\/psol50.org.br\/randolfe-confirma-candidatura-a-presidencia-do-senado\/#primaryimage\"},\"thumbnailUrl\":\"http:\/\/psol50.org.br\/files\/2012\/09\/Randolfe_Senado.jpg\",\"datePublished\":\"2013-01-15T00:00:00+00:00\",\"breadcrumb\":{\"@id\":\"https:\/\/psol50.org.br\/randolfe-confirma-candidatura-a-presidencia-do-senado\/#breadcrumb\"},\"inLanguage\":\"pt-BR\",\"potentialAction\":[{\"@type\":\"ReadAction\",\"target\":[\"https:\/\/psol50.org.br\/randolfe-confirma-candidatura-a-presidencia-do-senado\/\"]}]},{\"@type\":\"ImageObject\",\"inLanguage\":\"pt-BR\",\"@id\":\"https:\/\/psol50.org.br\/randolfe-confirma-candidatura-a-presidencia-do-senado\/#primaryimage\",\"url\":\"http:\/\/psol50.org.br\/files\/2012\/09\/Randolfe_Senado.jpg\",\"contentUrl\":\"http:\/\/psol50.org.br\/files\/2012\/09\/Randolfe_Senado.jpg\"},{\"@type\":\"BreadcrumbList\",\"@id\":\"https:\/\/psol50.org.br\/randolfe-confirma-candidatura-a-presidencia-do-senado\/#breadcrumb\",\"itemListElement\":[{\"@type\":\"ListItem\",\"position\":1,\"name\":\"In\u00edcio\",\"item\":\"https:\/\/psol50.org.br\/\"},{\"@type\":\"ListItem\",\"position\":2,\"name\":\"Randolfe confirma candidatura \u00e0 presid\u00eancia do Senado\"}]},{\"@type\":\"WebSite\",\"@id\":\"https:\/\/psol50.org.br\/#website\",\"url\":\"https:\/\/psol50.org.br\/\",\"name\":\"PSOL 50\",\"description\":\"Site oficial do Partido Socialismo e Liberdade\",\"publisher\":{\"@id\":\"https:\/\/psol50.org.br\/#organization\"},\"alternateName\":\"PSOL50\",\"potentialAction\":[{\"@type\":\"SearchAction\",\"target\":{\"@type\":\"EntryPoint\",\"urlTemplate\":\"https:\/\/psol50.org.br\/?s={search_term_string}\"},\"query-input\":{\"@type\":\"PropertyValueSpecification\",\"valueRequired\":true,\"valueName\":\"search_term_string\"}}],\"inLanguage\":\"pt-BR\"},{\"@type\":\"Organization\",\"@id\":\"https:\/\/psol50.org.br\/#organization\",\"name\":\"PSOL 50\",\"alternateName\":\"PSOL 50\",\"url\":\"https:\/\/psol50.org.br\/\",\"logo\":{\"@type\":\"ImageObject\",\"inLanguage\":\"pt-BR\",\"@id\":\"https:\/\/psol50.org.br\/#\/schema\/logo\/image\/\",\"url\":\"https:\/\/psol50.org.br\/inc\/uploads\/2018\/07\/capa.png\",\"contentUrl\":\"https:\/\/psol50.org.br\/inc\/uploads\/2018\/07\/capa.png\",\"width\":1350,\"height\":900,\"caption\":\"PSOL 50\"},\"image\":{\"@id\":\"https:\/\/psol50.org.br\/#\/schema\/logo\/image\/\"},\"sameAs\":[\"https:\/\/www.facebook.com\/psol50\",\"https:\/\/x.com\/psol50\",\"https:\/\/www.instagram.com\/psol50\/\",\"https:\/\/www.youtube.com\/channel\/UC7SnJS5o1os7a6CaiNabzcg\"]},{\"@type\":\"Person\",\"@id\":\"https:\/\/psol50.org.br\/#\/schema\/person\/475dfa57d0b815993c714c2e96491fcd\",\"name\":\"Comunica\u00e7\u00e3o PSOL\",\"image\":{\"@type\":\"ImageObject\",\"inLanguage\":\"pt-BR\",\"@id\":\"https:\/\/psol50.org.br\/#\/schema\/person\/image\/\",\"url\":\"https:\/\/secure.gravatar.com\/avatar\/b34fc4f4e468a4e51785917065a3db57b841f5c95dba6ad8c73aaf8f66f8f9bf?s=96&d=mm&r=g\",\"contentUrl\":\"https:\/\/secure.gravatar.com\/avatar\/b34fc4f4e468a4e51785917065a3db57b841f5c95dba6ad8c73aaf8f66f8f9bf?s=96&d=mm&r=g\",\"caption\":\"Comunica\u00e7\u00e3o PSOL\"}}]}<\/script>\n<!-- \/ Yoast SEO plugin. -->","yoast_head_json":{"title":"Randolfe confirma candidatura \u00e0 presid\u00eancia do Senado - PSOL 50","robots":{"index":"index","follow":"follow","max-snippet":"max-snippet:-1","max-image-preview":"max-image-preview:large","max-video-preview":"max-video-preview:-1"},"canonical":"https:\/\/psol50.org.br\/randolfe-confirma-candidatura-a-presidencia-do-senado\/","og_locale":"pt_BR","og_type":"article","og_title":"Randolfe confirma candidatura \u00e0 presid\u00eancia do Senado - PSOL 50","og_description":"Senador do PSOL disputar\u00e1 presid\u00eancia com Renan Calheiros (PMDB-AL). Iara Lemos Do G1, em Bras\u00edlia O l\u00edder do PSOL no Senado, Randolfe Rodrigues (AP), come\u00e7ou nesta ter\u00e7a-feira (15) sua campanha pela presid\u00eancia do Senado. Randolfe disputar\u00e1 o cargo com o l\u00edder do PMDB na Casa, Renan Calheiros (AL), que tem o apoio da bancada governista.","og_url":"https:\/\/psol50.org.br\/randolfe-confirma-candidatura-a-presidencia-do-senado\/","og_site_name":"PSOL 50","article_publisher":"https:\/\/www.facebook.com\/psol50","article_published_time":"2013-01-15T00:00:00+00:00","og_image":[{"url":"http:\/\/psol50.org.br\/files\/2012\/09\/Randolfe_Senado.jpg","type":"","width":"","height":""}],"author":"Comunica\u00e7\u00e3o PSOL","twitter_card":"summary_large_image","twitter_creator":"@psol50","twitter_site":"@psol50","twitter_misc":{"Escrito por":"Comunica\u00e7\u00e3o PSOL","Est. tempo de leitura":"1 minuto"},"schema":{"@context":"https:\/\/schema.org","@graph":[{"@type":"Article","@id":"https:\/\/psol50.org.br\/randolfe-confirma-candidatura-a-presidencia-do-senado\/#article","isPartOf":{"@id":"https:\/\/psol50.org.br\/randolfe-confirma-candidatura-a-presidencia-do-senado\/"},"author":{"name":"Comunica\u00e7\u00e3o PSOL","@id":"https:\/\/psol50.org.br\/#\/schema\/person\/475dfa57d0b815993c714c2e96491fcd"},"headline":"Randolfe confirma candidatura \u00e0 presid\u00eancia do Senado","datePublished":"2013-01-15T00:00:00+00:00","mainEntityOfPage":{"@id":"https:\/\/psol50.org.br\/randolfe-confirma-candidatura-a-presidencia-do-senado\/"},"wordCount":298,"commentCount":0,"publisher":{"@id":"https:\/\/psol50.org.br\/#organization"},"image":{"@id":"https:\/\/psol50.org.br\/randolfe-confirma-candidatura-a-presidencia-do-senado\/#primaryimage"},"thumbnailUrl":"http:\/\/psol50.org.br\/files\/2012\/09\/Randolfe_Senado.jpg","articleSection":["Arquivo"],"inLanguage":"pt-BR","potentialAction":[{"@type":"CommentAction","name":"Comment","target":["https:\/\/psol50.org.br\/randolfe-confirma-candidatura-a-presidencia-do-senado\/#respond"]}]},{"@type":"WebPage","@id":"https:\/\/psol50.org.br\/randolfe-confirma-candidatura-a-presidencia-do-senado\/","url":"https:\/\/psol50.org.br\/randolfe-confirma-candidatura-a-presidencia-do-senado\/","name":"Randolfe confirma candidatura \u00e0 presid\u00eancia do Senado - PSOL 50","isPartOf":{"@id":"https:\/\/psol50.org.br\/#website"},"primaryImageOfPage":{"@id":"https:\/\/psol50.org.br\/randolfe-confirma-candidatura-a-presidencia-do-senado\/#primaryimage"},"image":{"@id":"https:\/\/psol50.org.br\/randolfe-confirma-candidatura-a-presidencia-do-senado\/#primaryimage"},"thumbnailUrl":"http:\/\/psol50.org.br\/files\/2012\/09\/Randolfe_Senado.jpg","datePublished":"2013-01-15T00:00:00+00:00","breadcrumb":{"@id":"https:\/\/psol50.org.br\/randolfe-confirma-candidatura-a-presidencia-do-senado\/#breadcrumb"},"inLanguage":"pt-BR","potentialAction":[{"@type":"ReadAction","target":["https:\/\/psol50.org.br\/randolfe-confirma-candidatura-a-presidencia-do-senado\/"]}]},{"@type":"ImageObject","inLanguage":"pt-BR","@id":"https:\/\/psol50.org.br\/randolfe-confirma-candidatura-a-presidencia-do-senado\/#primaryimage","url":"http:\/\/psol50.org.br\/files\/2012\/09\/Randolfe_Senado.jpg","contentUrl":"http:\/\/psol50.org.br\/files\/2012\/09\/Randolfe_Senado.jpg"},{"@type":"BreadcrumbList","@id":"https:\/\/psol50.org.br\/randolfe-confirma-candidatura-a-presidencia-do-senado\/#breadcrumb","itemListElement":[{"@type":"ListItem","position":1,"name":"In\u00edcio","item":"https:\/\/psol50.org.br\/"},{"@type":"ListItem","position":2,"name":"Randolfe confirma candidatura \u00e0 presid\u00eancia do Senado"}]},{"@type":"WebSite","@id":"https:\/\/psol50.org.br\/#website","url":"https:\/\/psol50.org.br\/","name":"PSOL 50","description":"Site oficial do Partido Socialismo e Liberdade","publisher":{"@id":"https:\/\/psol50.org.br\/#organization"},"alternateName":"PSOL50","potentialAction":[{"@type":"SearchAction","target":{"@type":"EntryPoint","urlTemplate":"https:\/\/psol50.org.br\/?s={search_term_string}"},"query-input":{"@type":"PropertyValueSpecification","valueRequired":true,"valueName":"search_term_string"}}],"inLanguage":"pt-BR"},{"@type":"Organization","@id":"https:\/\/psol50.org.br\/#organization","name":"PSOL 50","alternateName":"PSOL 50","url":"https:\/\/psol50.org.br\/","logo":{"@type":"ImageObject","inLanguage":"pt-BR","@id":"https:\/\/psol50.org.br\/#\/schema\/logo\/image\/","url":"https:\/\/psol50.org.br\/inc\/uploads\/2018\/07\/capa.png","contentUrl":"https:\/\/psol50.org.br\/inc\/uploads\/2018\/07\/capa.png","width":1350,"height":900,"caption":"PSOL 50"},"image":{"@id":"https:\/\/psol50.org.br\/#\/schema\/logo\/image\/"},"sameAs":["https:\/\/www.facebook.com\/psol50","https:\/\/x.com\/psol50","https:\/\/www.instagram.com\/psol50\/","https:\/\/www.youtube.com\/channel\/UC7SnJS5o1os7a6CaiNabzcg"]},{"@type":"Person","@id":"https:\/\/psol50.org.br\/#\/schema\/person\/475dfa57d0b815993c714c2e96491fcd","name":"Comunica\u00e7\u00e3o PSOL","image":{"@type":"ImageObject","inLanguage":"pt-BR","@id":"https:\/\/psol50.org.br\/#\/schema\/person\/image\/","url":"https:\/\/secure.gravatar.com\/avatar\/b34fc4f4e468a4e51785917065a3db57b841f5c95dba6ad8c73aaf8f66f8f9bf?s=96&d=mm&r=g","contentUrl":"https:\/\/secure.gravatar.com\/avatar\/b34fc4f4e468a4e51785917065a3db57b841f5c95dba6ad8c73aaf8f66f8f9bf?s=96&d=mm&r=g","caption":"Comunica\u00e7\u00e3o PSOL"}}]}},"_links":{"self":[{"href":"https:\/\/psol50.org.br\/rest\/wp\/v2\/posts\/7631","targetHints":{"allow":["GET"]}}],"collection":[{"href":"https:\/\/psol50.org.br\/rest\/wp\/v2\/posts"}],"about":[{"href":"https:\/\/psol50.org.br\/rest\/wp\/v2\/types\/post"}],"author":[{"embeddable":true,"href":"https:\/\/psol50.org.br\/rest\/wp\/v2\/users\/2"}],"replies":[{"embeddable":true,"href":"https:\/\/psol50.org.br\/rest\/wp\/v2\/comments?post=7631"}],"version-history":[{"count":0,"href":"https:\/\/psol50.org.br\/rest\/wp\/v2\/posts\/7631\/revisions"}],"wp:attachment":[{"href":"https:\/\/psol50.org.br\/rest\/wp\/v2\/media?parent=7631"}],"wp:term":[{"taxonomy":"category","embeddable":true,"href":"https:\/\/psol50.org.br\/rest\/wp\/v2\/categories?post=7631"},{"taxonomy":"post_tag","embeddable":true,"href":"https:\/\/psol50.org.br\/rest\/wp\/v2\/tags?post=7631"}],"curies":[{"name":"wp","href":"https:\/\/api.w.org\/{rel}","templated":true}]}}