{"id":7645,"date":"2006-05-30T00:00:00","date_gmt":"2006-05-30T00:00:00","guid":{"rendered":"http:\/\/psol50.org.br\/arquivo\/2006\/05\/30\/conferencia-do-p-sol-apresenta-heloisa-helena-e-cesar-benjamin\/"},"modified":"2006-05-30T00:00:00","modified_gmt":"2006-05-30T00:00:00","slug":"conferencia-do-p-sol-apresenta-heloisa-helena-e-cesar-benjamin","status":"publish","type":"post","link":"https:\/\/psol50.org.br\/conferencia-do-p-sol-apresenta-heloisa-helena-e-cesar-benjamin\/","title":{"rendered":"Confer\u00eancia do P-SOL apresenta Helo\u00edsa Helena e C\u00e9sar Benjamin"},"content":{"rendered":"<p><img loading=\"lazy\" decoding=\"async\" width=\"60\" vspace=\"5\" hspace=\"5\" height=\"70\" border=\"0\" align=\"left\" src=\"images\/stories\/fotos\/060528hh.jpg\" alt=\"Helo\u00edsa Helena\" title=\"Helo\u00edsa Helena\" \/>Em meio a l\u00e1grimas e exaltada pela alegria da milit&acirc;ncia, a senadora Helo\u00edsa Helena subiu ao palco do Teatro Dulcina, em Bras\u00edlia, encerrando o \u00faltimo dia da Confer&ecirc;ncia Nacional do Partido Socialismo e Liberdade. Falando como pr\u00e9-candidata &agrave; presid&ecirc;ncia, a alagoana resumiu em poucas palavras qual ser\u00e1 a tarefa do P-SOL nas elei&ccedil;&otilde;es deste ano: &quot;Desmascarar a farsa pol\u00edtica e a fraude t\u00e9cnica do PSDB e do PT&quot;.<\/p>\n<p><!--more--><\/p>\n<p>Ao lado de Helo\u00edsa, al\u00e9m dos parlamentares do partido, o economista<br \/>\ncarioca C\u00e9sar Benjamin, apresentado ent&atilde;o, oficialmente, como candidato<br \/>\n&agrave; vice-presid&ecirc;ncia na chapa. Animado, ele lembrou Darcy Ribeiro e disse<br \/>\nque os conservadores nunca vencer&atilde;o o povo brasileiro: &quot;Tenho<br \/>\nesperan&ccedil;as em refundar o Brasil&quot;.<\/p>\n<p>\nO encontro, que reuniu as lideran&ccedil;as do partido entre os dias 26 e 28<br \/>\nde maio, definiu as diretrizes do programa eleitoral e os rumos da<br \/>\ncampanha do P-SOL. Durante a discuss&atilde;o de pol\u00edtica de alian&ccedil;as, foram<br \/>\nacatadas as condi&ccedil;&otilde;es colocadas pelo Partido Socialista dos<br \/>\nTrabalhadores Unificados (PSTU) para a composi&ccedil;&atilde;o de uma frente de esquerda,<br \/>\nao lado tamb\u00e9m do Partido Comunista Brasileiro (PCB).<\/p>\n<p>\nApesar algumas diverg&ecirc;ncias internas, os delegados indicaram que o P-SOL<br \/>\nabra m&atilde;o de disputar o senado nos estados de S&atilde;o Paulo, Rio de Janeiro<br \/>\ne Rio Grande do Sul, al\u00e9m do governo de Minas Gerais, para apoiar os<br \/>\ncandidatos do PSTU. &quot;O mais importante n&atilde;o s&atilde;o os cargos, mas a unidade<br \/>\ndo que sobrou da esquerda socialista&quot;, afirmou Helo\u00edsa.<\/p>\n<p>\nUm documento-base para a campanha e para a elabora&ccedil;&atilde;o do programa de<br \/>\ngoverno foi aprovado pelos militantes. Nele, o P-SOL reafirma a<br \/>\nnecessidade de reformular as pol\u00edticas p\u00fablicas e tratar de termas<br \/>\nfundamentais, como a quest&atilde;o da d\u00edvida p\u00fablica e sua auditoria; a<br \/>\npromo&ccedil;&atilde;o do crescimento econ&ocirc;mico com o combate &agrave; mis\u00e9ria e o<br \/>\ndesemprego; a luta em torno dos direitos b\u00e1sicos como educa&ccedil;&atilde;o, sa\u00fade,<br \/>\nmoradia, reforma agr\u00e1ria e cultura. Helo\u00edsa afirmou que sua campanha<br \/>\ntrabalhar\u00e1 pela reconstru&ccedil;&atilde;o da democracia com desenvolvimento<br \/>\necon&ocirc;mico sustent\u00e1vel e inclus&atilde;o social.<\/p>\n<p><\/p>\n<p><strong><br \/>\nVai ser dif\u00edcil<\/strong><\/p>\n<p>\nDurante a Confer&ecirc;ncia, decidiu-se que os recursos para a campanha do<br \/>\nP-SOL ser&atilde;o arrecadados apenas com a doa&ccedil;&atilde;o de pessoas f\u00edsicas. Heloisa<br \/>\nHelena ponderou o quanto ser\u00e1 dif\u00edcil trabalhar com t&atilde;o pouca verba,<br \/>\nmas n&atilde;o desanimou e lembrou: &quot;Eu estive no territ\u00f3rio da burguesia<br \/>\nbrasileira e n&atilde;o me vendi&quot;.<\/p>\n<p>\nO candidato &agrave; vice disse acreditar que a candidatura, assim que<br \/>\nlan&ccedil;ada, ganhar\u00e1 espa&ccedil;o na sociedade e principalmente na base dos<br \/>\nmovimentos sociais. &quot;O time ainda n&atilde;o entrou em campo&quot;, alertou ele,<br \/>\nque representa na chapa a principal figura de contato com setores<br \/>\nsociais, como o Movimento dos Trabalhadores Rurais Sem Terra (MST).<\/p>\n<p>\nPara a senadora, a candidatura do partido \u00e9 uma exig&ecirc;ncia hist\u00f3rica<br \/>\npara os que s&atilde;o socialistas e acreditam que o neoliberalismo n&atilde;o<br \/>\nimplementou o fim da hist\u00f3ria: &ldquo;O socialismo \u00e9 a mais bela declara&ccedil;&atilde;o<br \/>\nde amor &agrave; humanidade&quot;, disse Helo\u00edsa.<\/p>\n<p><\/p>\n<p><strong>Helo\u00edsa cresce e incomoda petistas e tucanos<\/strong><\/p>\n<p>A senadora Helo\u00edsa Helena (P-SOL\/AL) atrai votos &agrave; esquerda, de petistas desiludidos, e &agrave; direita, de eleitores que n&atilde;o v&ecirc;em Geraldo Alckmin (PSDB\/SP) como melhor alternativa. Antes mesmo da confirma&ccedil;&atilde;o de sua candidatura, aparece com inten&ccedil;&otilde;es de voto entre 6% e 8%.<\/p>\n<p>&quot;Ela \u00e9 uma candidata que chegar\u00e1 aos dois d\u00edgitos na prefer&ecirc;ncia do eleitorado&quot;, avisou Marcos Coimbra, do Vox Populi. &quot;A senadora recebe votos de quem se decepcionou com Lula e que n&atilde;o gosta do PSDB&quot;, avalia o presidente do Ibope, Carlos Augusto Montenegro. &quot;Ela est\u00e1 ganhando votos dos descontentes e vai morder, na verdade, votos de Lula&quot;, diz Ricardo Guedes, do Sensus.<\/p>\n<p>Isso n&atilde;o faz com que a senadora ficasse de salto alto. &ldquo;Sou p\u00e9 no ch&atilde;o e sei que as condi&ccedil;&otilde;es de uma vit\u00f3ria s&atilde;o m\u00ednimas&rdquo;, reconheceu. &quot;Mas me sinto preparada para governar o Pa\u00eds com um projeto de inclus&atilde;o social diferente do neoliberalismo&quot;.<\/p>\n","protected":false},"excerpt":{"rendered":"<p>Em meio a l\u00e1grimas e exaltada pela alegria da milit&acirc;ncia, a senadora Helo\u00edsa Helena subiu ao palco do Teatro Dulcina, em Bras\u00edlia, encerrando o \u00faltimo dia da Confer&ecirc;ncia Nacional do Partido Socialismo e Liberdade. Falando como pr\u00e9-candidata &agrave; presid&ecirc;ncia, a alagoana resumiu em poucas palavras qual ser\u00e1 a tarefa do P-SOL nas elei&ccedil;&otilde;es deste ano: [&hellip;]<\/p>\n","protected":false},"author":2,"featured_media":0,"comment_status":"open","ping_status":"open","sticky":false,"template":"","format":"standard","meta":{"_acf_changed":false,"footnotes":""},"categories":[1],"tags":[],"class_list":{"0":"post-7645","1":"post","2":"type-post","3":"status-publish","4":"format-standard","6":"category-sem-categoria"},"acf":[],"yoast_head":"<!-- This site is optimized with the Yoast SEO plugin v26.5 - https:\/\/yoast.com\/wordpress\/plugins\/seo\/ -->\n<title>Confer\u00eancia do P-SOL apresenta Helo\u00edsa Helena e C\u00e9sar Benjamin - PSOL 50<\/title>\n<meta name=\"robots\" content=\"index, follow, max-snippet:-1, max-image-preview:large, max-video-preview:-1\" \/>\n<link rel=\"canonical\" href=\"https:\/\/psol50.org.br\/conferencia-do-p-sol-apresenta-heloisa-helena-e-cesar-benjamin\/\" \/>\n<meta property=\"og:locale\" content=\"pt_BR\" \/>\n<meta property=\"og:type\" content=\"article\" \/>\n<meta property=\"og:title\" content=\"Confer\u00eancia do P-SOL apresenta Helo\u00edsa Helena e C\u00e9sar Benjamin - PSOL 50\" \/>\n<meta property=\"og:description\" content=\"Em meio a l\u00e1grimas e exaltada pela alegria da milit&acirc;ncia, a senadora Helo\u00edsa Helena subiu ao palco do Teatro Dulcina, em Bras\u00edlia, encerrando o \u00faltimo dia da Confer&ecirc;ncia Nacional do Partido Socialismo e Liberdade. Falando como pr\u00e9-candidata &agrave; presid&ecirc;ncia, a alagoana resumiu em poucas palavras qual ser\u00e1 a tarefa do P-SOL nas elei&ccedil;&otilde;es deste ano: [&hellip;]\" \/>\n<meta property=\"og:url\" content=\"https:\/\/psol50.org.br\/conferencia-do-p-sol-apresenta-heloisa-helena-e-cesar-benjamin\/\" \/>\n<meta property=\"og:site_name\" content=\"PSOL 50\" \/>\n<meta property=\"article:publisher\" content=\"https:\/\/www.facebook.com\/psol50\" \/>\n<meta property=\"article:published_time\" content=\"2006-05-30T00:00:00+00:00\" \/>\n<meta property=\"og:image\" content=\"http:\/\/images\/stories\/fotos\/060528hh.jpg\" \/>\n<meta name=\"author\" content=\"Comunica\u00e7\u00e3o PSOL\" \/>\n<meta name=\"twitter:card\" content=\"summary_large_image\" \/>\n<meta name=\"twitter:creator\" content=\"@psol50\" \/>\n<meta name=\"twitter:site\" content=\"@psol50\" \/>\n<meta name=\"twitter:label1\" content=\"Escrito por\" \/>\n\t<meta name=\"twitter:data1\" content=\"Comunica\u00e7\u00e3o PSOL\" \/>\n\t<meta name=\"twitter:label2\" content=\"Est. tempo de leitura\" \/>\n\t<meta name=\"twitter:data2\" content=\"4 minutos\" \/>\n<script type=\"application\/ld+json\" class=\"yoast-schema-graph\">{\"@context\":\"https:\/\/schema.org\",\"@graph\":[{\"@type\":\"Article\",\"@id\":\"https:\/\/psol50.org.br\/conferencia-do-p-sol-apresenta-heloisa-helena-e-cesar-benjamin\/#article\",\"isPartOf\":{\"@id\":\"https:\/\/psol50.org.br\/conferencia-do-p-sol-apresenta-heloisa-helena-e-cesar-benjamin\/\"},\"author\":{\"name\":\"Comunica\u00e7\u00e3o PSOL\",\"@id\":\"https:\/\/psol50.org.br\/#\/schema\/person\/475dfa57d0b815993c714c2e96491fcd\"},\"headline\":\"Confer\u00eancia do P-SOL apresenta Helo\u00edsa Helena e C\u00e9sar Benjamin\",\"datePublished\":\"2006-05-30T00:00:00+00:00\",\"mainEntityOfPage\":{\"@id\":\"https:\/\/psol50.org.br\/conferencia-do-p-sol-apresenta-heloisa-helena-e-cesar-benjamin\/\"},\"wordCount\":798,\"commentCount\":0,\"publisher\":{\"@id\":\"https:\/\/psol50.org.br\/#organization\"},\"inLanguage\":\"pt-BR\",\"potentialAction\":[{\"@type\":\"CommentAction\",\"name\":\"Comment\",\"target\":[\"https:\/\/psol50.org.br\/conferencia-do-p-sol-apresenta-heloisa-helena-e-cesar-benjamin\/#respond\"]}]},{\"@type\":\"WebPage\",\"@id\":\"https:\/\/psol50.org.br\/conferencia-do-p-sol-apresenta-heloisa-helena-e-cesar-benjamin\/\",\"url\":\"https:\/\/psol50.org.br\/conferencia-do-p-sol-apresenta-heloisa-helena-e-cesar-benjamin\/\",\"name\":\"Confer\u00eancia do P-SOL apresenta Helo\u00edsa Helena e C\u00e9sar Benjamin - PSOL 50\",\"isPartOf\":{\"@id\":\"https:\/\/psol50.org.br\/#website\"},\"datePublished\":\"2006-05-30T00:00:00+00:00\",\"breadcrumb\":{\"@id\":\"https:\/\/psol50.org.br\/conferencia-do-p-sol-apresenta-heloisa-helena-e-cesar-benjamin\/#breadcrumb\"},\"inLanguage\":\"pt-BR\",\"potentialAction\":[{\"@type\":\"ReadAction\",\"target\":[\"https:\/\/psol50.org.br\/conferencia-do-p-sol-apresenta-heloisa-helena-e-cesar-benjamin\/\"]}]},{\"@type\":\"BreadcrumbList\",\"@id\":\"https:\/\/psol50.org.br\/conferencia-do-p-sol-apresenta-heloisa-helena-e-cesar-benjamin\/#breadcrumb\",\"itemListElement\":[{\"@type\":\"ListItem\",\"position\":1,\"name\":\"In\u00edcio\",\"item\":\"https:\/\/psol50.org.br\/\"},{\"@type\":\"ListItem\",\"position\":2,\"name\":\"Confer\u00eancia do P-SOL apresenta Helo\u00edsa Helena e C\u00e9sar Benjamin\"}]},{\"@type\":\"WebSite\",\"@id\":\"https:\/\/psol50.org.br\/#website\",\"url\":\"https:\/\/psol50.org.br\/\",\"name\":\"PSOL 50\",\"description\":\"Site oficial do Partido Socialismo e Liberdade\",\"publisher\":{\"@id\":\"https:\/\/psol50.org.br\/#organization\"},\"alternateName\":\"PSOL50\",\"potentialAction\":[{\"@type\":\"SearchAction\",\"target\":{\"@type\":\"EntryPoint\",\"urlTemplate\":\"https:\/\/psol50.org.br\/?s={search_term_string}\"},\"query-input\":{\"@type\":\"PropertyValueSpecification\",\"valueRequired\":true,\"valueName\":\"search_term_string\"}}],\"inLanguage\":\"pt-BR\"},{\"@type\":\"Organization\",\"@id\":\"https:\/\/psol50.org.br\/#organization\",\"name\":\"PSOL 50\",\"alternateName\":\"PSOL 50\",\"url\":\"https:\/\/psol50.org.br\/\",\"logo\":{\"@type\":\"ImageObject\",\"inLanguage\":\"pt-BR\",\"@id\":\"https:\/\/psol50.org.br\/#\/schema\/logo\/image\/\",\"url\":\"https:\/\/psol50.org.br\/inc\/uploads\/2018\/07\/capa.png\",\"contentUrl\":\"https:\/\/psol50.org.br\/inc\/uploads\/2018\/07\/capa.png\",\"width\":1350,\"height\":900,\"caption\":\"PSOL 50\"},\"image\":{\"@id\":\"https:\/\/psol50.org.br\/#\/schema\/logo\/image\/\"},\"sameAs\":[\"https:\/\/www.facebook.com\/psol50\",\"https:\/\/x.com\/psol50\",\"https:\/\/www.instagram.com\/psol50\/\",\"https:\/\/www.youtube.com\/channel\/UC7SnJS5o1os7a6CaiNabzcg\"]},{\"@type\":\"Person\",\"@id\":\"https:\/\/psol50.org.br\/#\/schema\/person\/475dfa57d0b815993c714c2e96491fcd\",\"name\":\"Comunica\u00e7\u00e3o PSOL\",\"image\":{\"@type\":\"ImageObject\",\"inLanguage\":\"pt-BR\",\"@id\":\"https:\/\/psol50.org.br\/#\/schema\/person\/image\/\",\"url\":\"https:\/\/secure.gravatar.com\/avatar\/b34fc4f4e468a4e51785917065a3db57b841f5c95dba6ad8c73aaf8f66f8f9bf?s=96&d=mm&r=g\",\"contentUrl\":\"https:\/\/secure.gravatar.com\/avatar\/b34fc4f4e468a4e51785917065a3db57b841f5c95dba6ad8c73aaf8f66f8f9bf?s=96&d=mm&r=g\",\"caption\":\"Comunica\u00e7\u00e3o PSOL\"}}]}<\/script>\n<!-- \/ Yoast SEO plugin. -->","yoast_head_json":{"title":"Confer\u00eancia do P-SOL apresenta Helo\u00edsa Helena e C\u00e9sar Benjamin - PSOL 50","robots":{"index":"index","follow":"follow","max-snippet":"max-snippet:-1","max-image-preview":"max-image-preview:large","max-video-preview":"max-video-preview:-1"},"canonical":"https:\/\/psol50.org.br\/conferencia-do-p-sol-apresenta-heloisa-helena-e-cesar-benjamin\/","og_locale":"pt_BR","og_type":"article","og_title":"Confer\u00eancia do P-SOL apresenta Helo\u00edsa Helena e C\u00e9sar Benjamin - PSOL 50","og_description":"Em meio a l\u00e1grimas e exaltada pela alegria da milit&acirc;ncia, a senadora Helo\u00edsa Helena subiu ao palco do Teatro Dulcina, em Bras\u00edlia, encerrando o \u00faltimo dia da Confer&ecirc;ncia Nacional do Partido Socialismo e Liberdade. Falando como pr\u00e9-candidata &agrave; presid&ecirc;ncia, a alagoana resumiu em poucas palavras qual ser\u00e1 a tarefa do P-SOL nas elei&ccedil;&otilde;es deste ano: [&hellip;]","og_url":"https:\/\/psol50.org.br\/conferencia-do-p-sol-apresenta-heloisa-helena-e-cesar-benjamin\/","og_site_name":"PSOL 50","article_publisher":"https:\/\/www.facebook.com\/psol50","article_published_time":"2006-05-30T00:00:00+00:00","og_image":[{"url":"images\/stories\/fotos\/060528hh.jpg","type":"","width":"","height":""}],"author":"Comunica\u00e7\u00e3o PSOL","twitter_card":"summary_large_image","twitter_creator":"@psol50","twitter_site":"@psol50","twitter_misc":{"Escrito por":"Comunica\u00e7\u00e3o PSOL","Est. tempo de leitura":"4 minutos"},"schema":{"@context":"https:\/\/schema.org","@graph":[{"@type":"Article","@id":"https:\/\/psol50.org.br\/conferencia-do-p-sol-apresenta-heloisa-helena-e-cesar-benjamin\/#article","isPartOf":{"@id":"https:\/\/psol50.org.br\/conferencia-do-p-sol-apresenta-heloisa-helena-e-cesar-benjamin\/"},"author":{"name":"Comunica\u00e7\u00e3o PSOL","@id":"https:\/\/psol50.org.br\/#\/schema\/person\/475dfa57d0b815993c714c2e96491fcd"},"headline":"Confer\u00eancia do P-SOL apresenta Helo\u00edsa Helena e C\u00e9sar Benjamin","datePublished":"2006-05-30T00:00:00+00:00","mainEntityOfPage":{"@id":"https:\/\/psol50.org.br\/conferencia-do-p-sol-apresenta-heloisa-helena-e-cesar-benjamin\/"},"wordCount":798,"commentCount":0,"publisher":{"@id":"https:\/\/psol50.org.br\/#organization"},"inLanguage":"pt-BR","potentialAction":[{"@type":"CommentAction","name":"Comment","target":["https:\/\/psol50.org.br\/conferencia-do-p-sol-apresenta-heloisa-helena-e-cesar-benjamin\/#respond"]}]},{"@type":"WebPage","@id":"https:\/\/psol50.org.br\/conferencia-do-p-sol-apresenta-heloisa-helena-e-cesar-benjamin\/","url":"https:\/\/psol50.org.br\/conferencia-do-p-sol-apresenta-heloisa-helena-e-cesar-benjamin\/","name":"Confer\u00eancia do P-SOL apresenta Helo\u00edsa Helena e C\u00e9sar Benjamin - PSOL 50","isPartOf":{"@id":"https:\/\/psol50.org.br\/#website"},"datePublished":"2006-05-30T00:00:00+00:00","breadcrumb":{"@id":"https:\/\/psol50.org.br\/conferencia-do-p-sol-apresenta-heloisa-helena-e-cesar-benjamin\/#breadcrumb"},"inLanguage":"pt-BR","potentialAction":[{"@type":"ReadAction","target":["https:\/\/psol50.org.br\/conferencia-do-p-sol-apresenta-heloisa-helena-e-cesar-benjamin\/"]}]},{"@type":"BreadcrumbList","@id":"https:\/\/psol50.org.br\/conferencia-do-p-sol-apresenta-heloisa-helena-e-cesar-benjamin\/#breadcrumb","itemListElement":[{"@type":"ListItem","position":1,"name":"In\u00edcio","item":"https:\/\/psol50.org.br\/"},{"@type":"ListItem","position":2,"name":"Confer\u00eancia do P-SOL apresenta Helo\u00edsa Helena e C\u00e9sar Benjamin"}]},{"@type":"WebSite","@id":"https:\/\/psol50.org.br\/#website","url":"https:\/\/psol50.org.br\/","name":"PSOL 50","description":"Site oficial do Partido Socialismo e Liberdade","publisher":{"@id":"https:\/\/psol50.org.br\/#organization"},"alternateName":"PSOL50","potentialAction":[{"@type":"SearchAction","target":{"@type":"EntryPoint","urlTemplate":"https:\/\/psol50.org.br\/?s={search_term_string}"},"query-input":{"@type":"PropertyValueSpecification","valueRequired":true,"valueName":"search_term_string"}}],"inLanguage":"pt-BR"},{"@type":"Organization","@id":"https:\/\/psol50.org.br\/#organization","name":"PSOL 50","alternateName":"PSOL 50","url":"https:\/\/psol50.org.br\/","logo":{"@type":"ImageObject","inLanguage":"pt-BR","@id":"https:\/\/psol50.org.br\/#\/schema\/logo\/image\/","url":"https:\/\/psol50.org.br\/inc\/uploads\/2018\/07\/capa.png","contentUrl":"https:\/\/psol50.org.br\/inc\/uploads\/2018\/07\/capa.png","width":1350,"height":900,"caption":"PSOL 50"},"image":{"@id":"https:\/\/psol50.org.br\/#\/schema\/logo\/image\/"},"sameAs":["https:\/\/www.facebook.com\/psol50","https:\/\/x.com\/psol50","https:\/\/www.instagram.com\/psol50\/","https:\/\/www.youtube.com\/channel\/UC7SnJS5o1os7a6CaiNabzcg"]},{"@type":"Person","@id":"https:\/\/psol50.org.br\/#\/schema\/person\/475dfa57d0b815993c714c2e96491fcd","name":"Comunica\u00e7\u00e3o PSOL","image":{"@type":"ImageObject","inLanguage":"pt-BR","@id":"https:\/\/psol50.org.br\/#\/schema\/person\/image\/","url":"https:\/\/secure.gravatar.com\/avatar\/b34fc4f4e468a4e51785917065a3db57b841f5c95dba6ad8c73aaf8f66f8f9bf?s=96&d=mm&r=g","contentUrl":"https:\/\/secure.gravatar.com\/avatar\/b34fc4f4e468a4e51785917065a3db57b841f5c95dba6ad8c73aaf8f66f8f9bf?s=96&d=mm&r=g","caption":"Comunica\u00e7\u00e3o PSOL"}}]}},"_links":{"self":[{"href":"https:\/\/psol50.org.br\/rest\/wp\/v2\/posts\/7645","targetHints":{"allow":["GET"]}}],"collection":[{"href":"https:\/\/psol50.org.br\/rest\/wp\/v2\/posts"}],"about":[{"href":"https:\/\/psol50.org.br\/rest\/wp\/v2\/types\/post"}],"author":[{"embeddable":true,"href":"https:\/\/psol50.org.br\/rest\/wp\/v2\/users\/2"}],"replies":[{"embeddable":true,"href":"https:\/\/psol50.org.br\/rest\/wp\/v2\/comments?post=7645"}],"version-history":[{"count":0,"href":"https:\/\/psol50.org.br\/rest\/wp\/v2\/posts\/7645\/revisions"}],"wp:attachment":[{"href":"https:\/\/psol50.org.br\/rest\/wp\/v2\/media?parent=7645"}],"wp:term":[{"taxonomy":"category","embeddable":true,"href":"https:\/\/psol50.org.br\/rest\/wp\/v2\/categories?post=7645"},{"taxonomy":"post_tag","embeddable":true,"href":"https:\/\/psol50.org.br\/rest\/wp\/v2\/tags?post=7645"}],"curies":[{"name":"wp","href":"https:\/\/api.w.org\/{rel}","templated":true}]}}